{"id":3982,"date":"2017-09-22T18:39:32","date_gmt":"2017-09-22T16:39:32","guid":{"rendered":"http:\/\/www.gastonballiot.fr\/?p=3982"},"modified":"2017-09-22T18:39:32","modified_gmt":"2017-09-22T16:39:32","slug":"front-social-un-debat-passionne-au-stand-infocom-cgt-lors-de-la-fete-de-lhuma","status":"publish","type":"post","link":"https:\/\/www.gastonballiot.fr\/?p=3982","title":{"rendered":"Front Social &#8211; Un d\u00e9bat passionn\u00e9 au stand Info&rsquo;Com CGT lors de la f\u00eate de l&rsquo;Huma"},"content":{"rendered":"<p>Le lien ci-dessous, d\u00e9bat avec\u00a0Ga\u00eal Quirante, Sud PTT 92,\u00a0 Mickael Wamen : CGT GOODYEAR, Romain Altmann, Secr\u00e9taire g\u00e9n\u00e9ral d\u2019Info\u2019Com-CGT, D\u00e9bat anim\u00e9s par Jean Gersin<\/p>\n<h2 style=\"text-align: center;\"><a href=\"https:\/\/www.facebook.com\/infocomcgt\/videos\/969190599898573\/\" target=\"_blank\" rel=\"noopener\">https:\/\/www.facebook.com\/infocomcgt\/videos\/969190599898573\/<\/a><\/h2>\n<p>Quelques phrases entendues :<\/p>\n<p>Des protestations successives, s\u00e9par\u00e9es, or nous n&rsquo;avons pas d\u2019int\u00e9r\u00eats s\u00e9par\u00e9s !<br \/>\nPour un Front Social, pas seulement contre les ordonnances Macron, mais contre toutes les r\u00e9gressions.<br \/>\nMobiliser tout le monde, pas seulement les salari\u00e9s.<br \/>\nJeunesse, ch\u00f4mage, retraites, privatisations, protection sociale&#8230; nous avons tous le m\u00eame adversaire.<br \/>\nTous ensemble !<br \/>\nContre cette guerre de classe men\u00e9e par la finance il faut une bataille collective, de citoyens et citoyennes, syndicats, organisations politiques associations&#8230;<br \/>\nBut du Front Social : cr\u00e9er la convergence, seul moyen d&rsquo;obtenir la victoire.<\/p>\n<p style=\"text-align: center;\"><a href=\"http:\/\/www.gastonballiot.fr\/wp-content\/uploads\/2017\/09\/FrontSocial2017.pdf\" target=\"_blank\" rel=\"noopener\"><strong>Le Front Social c&rsquo;est quoi ?<\/strong><\/a><\/p>\n<p>&nbsp;<\/p>\n","protected":false},"excerpt":{"rendered":"<p>Le lien ci-dessous, d\u00e9bat avec\u00a0Ga\u00eal Quirante, Sud PTT 92,\u00a0 Mickael Wamen : CGT GOODYEAR, Romain Altmann, Secr\u00e9taire g\u00e9n\u00e9ral d\u2019Info\u2019Com-CGT, D\u00e9bat anim\u00e9s par Jean Gersin https:\/\/www.facebook.com\/infocomcgt\/videos\/969190599898573\/ Quelques phrases entendues : Des protestations successives, s\u00e9par\u00e9es, or nous n&rsquo;avons pas d\u2019int\u00e9r\u00eats s\u00e9par\u00e9s ! Pour un Front Social, pas seulement contre les ordonnances Macron, mais contre toutes les r\u00e9gressions. Mobiliser tout le monde, pas seulement les salari\u00e9s. Jeunesse, ch\u00f4mage, retraites, privatisations, protection sociale&#8230; nous avons tous le m\u00eame adversaire. Tous ensemble ! Contre cette guerre &#8230; <a title=\"Front Social &#8211; Un d\u00e9bat passionn\u00e9 au stand Info&rsquo;Com CGT lors de la f\u00eate de l&rsquo;Huma\" class=\"read-more\" href=\"https:\/\/www.gastonballiot.fr\/?p=3982\" aria-label=\"Plus sur Front Social &#8211; Un d\u00e9bat passionn\u00e9 au stand Info&rsquo;Com CGT lors de la f\u00eate de l&rsquo;Huma\">Lire la suite&#8230;<\/a><\/p>\n","protected":false},"author":1,"featured_media":3988,"comment_status":"open","ping_status":"open","sticky":false,"template":"","format":"standard","meta":{"ngg_post_thumbnail":0,"jetpack_post_was_ever_published":false,"_jetpack_newsletter_access":"","_jetpack_dont_email_post_to_subs":false,"_jetpack_newsletter_tier_id":0,"_jetpack_memberships_contains_paywalled_content":false,"_jetpack_memberships_contains_paid_content":false,"footnotes":"","jetpack_publicize_message":"","jetpack_publicize_feature_enabled":true,"jetpack_social_post_already_shared":true,"jetpack_social_options":{"image_generator_settings":{"template":"highway","enabled":false},"version":2}},"categories":[2,5,6,16],"tags":[329],"class_list":["post-3982","post","type-post","status-publish","format-standard","has-post-thumbnail","hentry","category-a-la-une","category-democratie","category-economie","category-social","tag-front-social","infinite-scroll-item","masonry-post","generate-columns","tablet-grid-50","mobile-grid-100","grid-parent","grid-33"],"jetpack_publicize_connections":[],"yoast_head":"<!-- This site is optimized with the Yoast SEO plugin v27.5 - https:\/\/yoast.com\/product\/yoast-seo-wordpress\/ -->\n<title>Front Social - Un d\u00e9bat passionn\u00e9 au stand Info&#039;Com CGT lors de la f\u00eate de l&#039;Huma - Le blog politique de Gaston<\/title>\n<meta name=\"robots\" content=\"index, follow, max-snippet:-1, max-image-preview:large, max-video-preview:-1\" \/>\n<link rel=\"canonical\" href=\"https:\/\/www.gastonballiot.fr\/?p=3982\" \/>\n<meta property=\"og:locale\" content=\"fr_FR\" \/>\n<meta property=\"og:type\" content=\"article\" \/>\n<meta property=\"og:title\" content=\"Front Social - Un d\u00e9bat passionn\u00e9 au stand Info&#039;Com CGT lors de la f\u00eate de l&#039;Huma - Le blog politique de Gaston\" \/>\n<meta property=\"og:description\" content=\"Le lien ci-dessous, d\u00e9bat avec\u00a0Ga\u00eal Quirante, Sud PTT 92,\u00a0 Mickael Wamen : CGT GOODYEAR, Romain Altmann, Secr\u00e9taire g\u00e9n\u00e9ral d\u2019Info\u2019Com-CGT, D\u00e9bat anim\u00e9s par Jean Gersin https:\/\/www.facebook.com\/infocomcgt\/videos\/969190599898573\/ Quelques phrases entendues : Des protestations successives, s\u00e9par\u00e9es, or nous n&rsquo;avons pas d\u2019int\u00e9r\u00eats s\u00e9par\u00e9s ! Pour un Front Social, pas seulement contre les ordonnances Macron, mais contre toutes les r\u00e9gressions. Mobiliser tout le monde, pas seulement les salari\u00e9s. Jeunesse, ch\u00f4mage, retraites, privatisations, protection sociale&#8230; nous avons tous le m\u00eame adversaire. Tous ensemble ! Contre cette guerre ... Lire la suite...\" \/>\n<meta property=\"og:url\" content=\"https:\/\/www.gastonballiot.fr\/?p=3982\" \/>\n<meta property=\"og:site_name\" content=\"Le blog politique de Gaston\" \/>\n<meta property=\"article:publisher\" content=\"https:\/\/www.facebook.com\/gaston.balliot\/\" \/>\n<meta property=\"article:author\" content=\"https:\/\/www.facebook.com\/gaston.balliot\/\" \/>\n<meta property=\"article:published_time\" content=\"2017-09-22T16:39:32+00:00\" \/>\n<meta property=\"og:image\" content=\"https:\/\/www.gastonballiot.fr\/wp-content\/uploads\/2017\/09\/FrontSocial.jpg\" \/>\n\t<meta property=\"og:image:width\" content=\"249\" \/>\n\t<meta property=\"og:image:height\" content=\"249\" \/>\n\t<meta property=\"og:image:type\" content=\"image\/jpeg\" \/>\n<meta name=\"author\" content=\"gb\" \/>\n<meta name=\"twitter:card\" content=\"summary_large_image\" \/>\n<meta name=\"twitter:label1\" content=\"\u00c9crit par\" \/>\n\t<meta name=\"twitter:data1\" content=\"gb\" \/>\n\t<meta name=\"twitter:label2\" content=\"Dur\u00e9e de lecture estim\u00e9e\" \/>\n\t<meta name=\"twitter:data2\" content=\"1 minute\" \/>\n<script type=\"application\/ld+json\" class=\"yoast-schema-graph\">{\"@context\":\"https:\\\/\\\/schema.org\",\"@graph\":[{\"@type\":\"Article\",\"@id\":\"https:\\\/\\\/www.gastonballiot.fr\\\/?p=3982#article\",\"isPartOf\":{\"@id\":\"https:\\\/\\\/www.gastonballiot.fr\\\/?p=3982\"},\"author\":{\"name\":\"gb\",\"@id\":\"https:\\\/\\\/www.gastonballiot.fr\\\/#\\\/schema\\\/person\\\/244a5e02696abd8a65c5b1bebdb948ca\"},\"headline\":\"Front Social &#8211; Un d\u00e9bat passionn\u00e9 au stand Info&rsquo;Com CGT lors de la f\u00eate de l&rsquo;Huma\",\"datePublished\":\"2017-09-22T16:39:32+00:00\",\"mainEntityOfPage\":{\"@id\":\"https:\\\/\\\/www.gastonballiot.fr\\\/?p=3982\"},\"wordCount\":164,\"commentCount\":0,\"publisher\":{\"@id\":\"https:\\\/\\\/www.gastonballiot.fr\\\/#\\\/schema\\\/person\\\/244a5e02696abd8a65c5b1bebdb948ca\"},\"image\":{\"@id\":\"https:\\\/\\\/www.gastonballiot.fr\\\/?p=3982#primaryimage\"},\"thumbnailUrl\":\"https:\\\/\\\/i0.wp.com\\\/www.gastonballiot.fr\\\/wp-content\\\/uploads\\\/2017\\\/09\\\/FrontSocial.jpg?fit=249%2C249&ssl=1\",\"keywords\":[\"Front Social\"],\"articleSection\":[\"A la une\",\"D\u00e9mocratie\",\"Economie\",\"Social\"],\"inLanguage\":\"fr-FR\",\"potentialAction\":[{\"@type\":\"CommentAction\",\"name\":\"Comment\",\"target\":[\"https:\\\/\\\/www.gastonballiot.fr\\\/?p=3982#respond\"]}]},{\"@type\":\"WebPage\",\"@id\":\"https:\\\/\\\/www.gastonballiot.fr\\\/?p=3982\",\"url\":\"https:\\\/\\\/www.gastonballiot.fr\\\/?p=3982\",\"name\":\"Front Social - Un d\u00e9bat passionn\u00e9 au stand Info'Com CGT lors de la f\u00eate de l'Huma - Le blog politique de Gaston\",\"isPartOf\":{\"@id\":\"https:\\\/\\\/www.gastonballiot.fr\\\/#website\"},\"primaryImageOfPage\":{\"@id\":\"https:\\\/\\\/www.gastonballiot.fr\\\/?p=3982#primaryimage\"},\"image\":{\"@id\":\"https:\\\/\\\/www.gastonballiot.fr\\\/?p=3982#primaryimage\"},\"thumbnailUrl\":\"https:\\\/\\\/i0.wp.com\\\/www.gastonballiot.fr\\\/wp-content\\\/uploads\\\/2017\\\/09\\\/FrontSocial.jpg?fit=249%2C249&ssl=1\",\"datePublished\":\"2017-09-22T16:39:32+00:00\",\"breadcrumb\":{\"@id\":\"https:\\\/\\\/www.gastonballiot.fr\\\/?p=3982#breadcrumb\"},\"inLanguage\":\"fr-FR\",\"potentialAction\":[{\"@type\":\"ReadAction\",\"target\":[\"https:\\\/\\\/www.gastonballiot.fr\\\/?p=3982\"]}]},{\"@type\":\"ImageObject\",\"inLanguage\":\"fr-FR\",\"@id\":\"https:\\\/\\\/www.gastonballiot.fr\\\/?p=3982#primaryimage\",\"url\":\"https:\\\/\\\/i0.wp.com\\\/www.gastonballiot.fr\\\/wp-content\\\/uploads\\\/2017\\\/09\\\/FrontSocial.jpg?fit=249%2C249&ssl=1\",\"contentUrl\":\"https:\\\/\\\/i0.wp.com\\\/www.gastonballiot.fr\\\/wp-content\\\/uploads\\\/2017\\\/09\\\/FrontSocial.jpg?fit=249%2C249&ssl=1\",\"width\":249,\"height\":249},{\"@type\":\"BreadcrumbList\",\"@id\":\"https:\\\/\\\/www.gastonballiot.fr\\\/?p=3982#breadcrumb\",\"itemListElement\":[{\"@type\":\"ListItem\",\"position\":1,\"name\":\"Accueil\",\"item\":\"https:\\\/\\\/www.gastonballiot.fr\\\/\"},{\"@type\":\"ListItem\",\"position\":2,\"name\":\"Front Social &#8211; Un d\u00e9bat passionn\u00e9 au stand Info&#8217;Com CGT lors de la f\u00eate de l&#8217;Huma\"}]},{\"@type\":\"WebSite\",\"@id\":\"https:\\\/\\\/www.gastonballiot.fr\\\/#website\",\"url\":\"https:\\\/\\\/www.gastonballiot.fr\\\/\",\"name\":\"Le blog politique de Gaston\",\"description\":\"L&#039;humain d&#039;abord, pas la finance !\",\"publisher\":{\"@id\":\"https:\\\/\\\/www.gastonballiot.fr\\\/#\\\/schema\\\/person\\\/244a5e02696abd8a65c5b1bebdb948ca\"},\"potentialAction\":[{\"@type\":\"SearchAction\",\"target\":{\"@type\":\"EntryPoint\",\"urlTemplate\":\"https:\\\/\\\/www.gastonballiot.fr\\\/?s={search_term_string}\"},\"query-input\":{\"@type\":\"PropertyValueSpecification\",\"valueRequired\":true,\"valueName\":\"search_term_string\"}}],\"inLanguage\":\"fr-FR\"},{\"@type\":[\"Person\",\"Organization\"],\"@id\":\"https:\\\/\\\/www.gastonballiot.fr\\\/#\\\/schema\\\/person\\\/244a5e02696abd8a65c5b1bebdb948ca\",\"name\":\"gb\",\"image\":{\"@type\":\"ImageObject\",\"inLanguage\":\"fr-FR\",\"@id\":\"https:\\\/\\\/i0.wp.com\\\/www.gastonballiot.fr\\\/wp-content\\\/uploads\\\/2017\\\/04\\\/cropped-Marianne-drapeau-rouge.gif?fit=512%2C512&ssl=1\",\"url\":\"https:\\\/\\\/i0.wp.com\\\/www.gastonballiot.fr\\\/wp-content\\\/uploads\\\/2017\\\/04\\\/cropped-Marianne-drapeau-rouge.gif?fit=512%2C512&ssl=1\",\"contentUrl\":\"https:\\\/\\\/i0.wp.com\\\/www.gastonballiot.fr\\\/wp-content\\\/uploads\\\/2017\\\/04\\\/cropped-Marianne-drapeau-rouge.gif?fit=512%2C512&ssl=1\",\"width\":512,\"height\":512,\"caption\":\"gb\"},\"logo\":{\"@id\":\"https:\\\/\\\/i0.wp.com\\\/www.gastonballiot.fr\\\/wp-content\\\/uploads\\\/2017\\\/04\\\/cropped-Marianne-drapeau-rouge.gif?fit=512%2C512&ssl=1\"},\"description\":\"Gaston Balliot, militant du Front de Gauche en pays bigouden - Pont L'Abb\u00e9 - Loctudy - Guilvinec - Penmarc'h - Ile Tudy - Combrit Ste Marine - Tr\u00e9meoc - Plon\u00e9our, p\u00eache tourisme\",\"sameAs\":[\"https:\\\/\\\/www.facebook.com\\\/gaston.balliot\\\/\"]}]}<\/script>\n<!-- \/ Yoast SEO plugin. -->","yoast_head_json":{"title":"Front Social - Un d\u00e9bat passionn\u00e9 au stand Info'Com CGT lors de la f\u00eate de l'Huma - Le blog politique de Gaston","robots":{"index":"index","follow":"follow","max-snippet":"max-snippet:-1","max-image-preview":"max-image-preview:large","max-video-preview":"max-video-preview:-1"},"canonical":"https:\/\/www.gastonballiot.fr\/?p=3982","og_locale":"fr_FR","og_type":"article","og_title":"Front Social - Un d\u00e9bat passionn\u00e9 au stand Info'Com CGT lors de la f\u00eate de l'Huma - Le blog politique de Gaston","og_description":"Le lien ci-dessous, d\u00e9bat avec\u00a0Ga\u00eal Quirante, Sud PTT 92,\u00a0 Mickael Wamen : CGT GOODYEAR, Romain Altmann, Secr\u00e9taire g\u00e9n\u00e9ral d\u2019Info\u2019Com-CGT, D\u00e9bat anim\u00e9s par Jean Gersin https:\/\/www.facebook.com\/infocomcgt\/videos\/969190599898573\/ Quelques phrases entendues : Des protestations successives, s\u00e9par\u00e9es, or nous n&rsquo;avons pas d\u2019int\u00e9r\u00eats s\u00e9par\u00e9s ! Pour un Front Social, pas seulement contre les ordonnances Macron, mais contre toutes les r\u00e9gressions. Mobiliser tout le monde, pas seulement les salari\u00e9s. Jeunesse, ch\u00f4mage, retraites, privatisations, protection sociale&#8230; nous avons tous le m\u00eame adversaire. Tous ensemble ! Contre cette guerre ... Lire la suite...","og_url":"https:\/\/www.gastonballiot.fr\/?p=3982","og_site_name":"Le blog politique de Gaston","article_publisher":"https:\/\/www.facebook.com\/gaston.balliot\/","article_author":"https:\/\/www.facebook.com\/gaston.balliot\/","article_published_time":"2017-09-22T16:39:32+00:00","og_image":[{"width":249,"height":249,"url":"https:\/\/www.gastonballiot.fr\/wp-content\/uploads\/2017\/09\/FrontSocial.jpg","type":"image\/jpeg"}],"author":"gb","twitter_card":"summary_large_image","twitter_misc":{"\u00c9crit par":"gb","Dur\u00e9e de lecture estim\u00e9e":"1 minute"},"schema":{"@context":"https:\/\/schema.org","@graph":[{"@type":"Article","@id":"https:\/\/www.gastonballiot.fr\/?p=3982#article","isPartOf":{"@id":"https:\/\/www.gastonballiot.fr\/?p=3982"},"author":{"name":"gb","@id":"https:\/\/www.gastonballiot.fr\/#\/schema\/person\/244a5e02696abd8a65c5b1bebdb948ca"},"headline":"Front Social &#8211; Un d\u00e9bat passionn\u00e9 au stand Info&rsquo;Com CGT lors de la f\u00eate de l&rsquo;Huma","datePublished":"2017-09-22T16:39:32+00:00","mainEntityOfPage":{"@id":"https:\/\/www.gastonballiot.fr\/?p=3982"},"wordCount":164,"commentCount":0,"publisher":{"@id":"https:\/\/www.gastonballiot.fr\/#\/schema\/person\/244a5e02696abd8a65c5b1bebdb948ca"},"image":{"@id":"https:\/\/www.gastonballiot.fr\/?p=3982#primaryimage"},"thumbnailUrl":"https:\/\/i0.wp.com\/www.gastonballiot.fr\/wp-content\/uploads\/2017\/09\/FrontSocial.jpg?fit=249%2C249&ssl=1","keywords":["Front Social"],"articleSection":["A la une","D\u00e9mocratie","Economie","Social"],"inLanguage":"fr-FR","potentialAction":[{"@type":"CommentAction","name":"Comment","target":["https:\/\/www.gastonballiot.fr\/?p=3982#respond"]}]},{"@type":"WebPage","@id":"https:\/\/www.gastonballiot.fr\/?p=3982","url":"https:\/\/www.gastonballiot.fr\/?p=3982","name":"Front Social - Un d\u00e9bat passionn\u00e9 au stand Info'Com CGT lors de la f\u00eate de l'Huma - Le blog politique de Gaston","isPartOf":{"@id":"https:\/\/www.gastonballiot.fr\/#website"},"primaryImageOfPage":{"@id":"https:\/\/www.gastonballiot.fr\/?p=3982#primaryimage"},"image":{"@id":"https:\/\/www.gastonballiot.fr\/?p=3982#primaryimage"},"thumbnailUrl":"https:\/\/i0.wp.com\/www.gastonballiot.fr\/wp-content\/uploads\/2017\/09\/FrontSocial.jpg?fit=249%2C249&ssl=1","datePublished":"2017-09-22T16:39:32+00:00","breadcrumb":{"@id":"https:\/\/www.gastonballiot.fr\/?p=3982#breadcrumb"},"inLanguage":"fr-FR","potentialAction":[{"@type":"ReadAction","target":["https:\/\/www.gastonballiot.fr\/?p=3982"]}]},{"@type":"ImageObject","inLanguage":"fr-FR","@id":"https:\/\/www.gastonballiot.fr\/?p=3982#primaryimage","url":"https:\/\/i0.wp.com\/www.gastonballiot.fr\/wp-content\/uploads\/2017\/09\/FrontSocial.jpg?fit=249%2C249&ssl=1","contentUrl":"https:\/\/i0.wp.com\/www.gastonballiot.fr\/wp-content\/uploads\/2017\/09\/FrontSocial.jpg?fit=249%2C249&ssl=1","width":249,"height":249},{"@type":"BreadcrumbList","@id":"https:\/\/www.gastonballiot.fr\/?p=3982#breadcrumb","itemListElement":[{"@type":"ListItem","position":1,"name":"Accueil","item":"https:\/\/www.gastonballiot.fr\/"},{"@type":"ListItem","position":2,"name":"Front Social &#8211; Un d\u00e9bat passionn\u00e9 au stand Info&#8217;Com CGT lors de la f\u00eate de l&#8217;Huma"}]},{"@type":"WebSite","@id":"https:\/\/www.gastonballiot.fr\/#website","url":"https:\/\/www.gastonballiot.fr\/","name":"Le blog politique de Gaston","description":"L&#039;humain d&#039;abord, pas la finance !","publisher":{"@id":"https:\/\/www.gastonballiot.fr\/#\/schema\/person\/244a5e02696abd8a65c5b1bebdb948ca"},"potentialAction":[{"@type":"SearchAction","target":{"@type":"EntryPoint","urlTemplate":"https:\/\/www.gastonballiot.fr\/?s={search_term_string}"},"query-input":{"@type":"PropertyValueSpecification","valueRequired":true,"valueName":"search_term_string"}}],"inLanguage":"fr-FR"},{"@type":["Person","Organization"],"@id":"https:\/\/www.gastonballiot.fr\/#\/schema\/person\/244a5e02696abd8a65c5b1bebdb948ca","name":"gb","image":{"@type":"ImageObject","inLanguage":"fr-FR","@id":"https:\/\/i0.wp.com\/www.gastonballiot.fr\/wp-content\/uploads\/2017\/04\/cropped-Marianne-drapeau-rouge.gif?fit=512%2C512&ssl=1","url":"https:\/\/i0.wp.com\/www.gastonballiot.fr\/wp-content\/uploads\/2017\/04\/cropped-Marianne-drapeau-rouge.gif?fit=512%2C512&ssl=1","contentUrl":"https:\/\/i0.wp.com\/www.gastonballiot.fr\/wp-content\/uploads\/2017\/04\/cropped-Marianne-drapeau-rouge.gif?fit=512%2C512&ssl=1","width":512,"height":512,"caption":"gb"},"logo":{"@id":"https:\/\/i0.wp.com\/www.gastonballiot.fr\/wp-content\/uploads\/2017\/04\/cropped-Marianne-drapeau-rouge.gif?fit=512%2C512&ssl=1"},"description":"Gaston Balliot, militant du Front de Gauche en pays bigouden - Pont L'Abb\u00e9 - Loctudy - Guilvinec - Penmarc'h - Ile Tudy - Combrit Ste Marine - Tr\u00e9meoc - Plon\u00e9our, p\u00eache tourisme","sameAs":["https:\/\/www.facebook.com\/gaston.balliot\/"]}]}},"jetpack_featured_media_url":"https:\/\/i0.wp.com\/www.gastonballiot.fr\/wp-content\/uploads\/2017\/09\/FrontSocial.jpg?fit=249%2C249&ssl=1","jetpack_shortlink":"https:\/\/wp.me\/p5UTaD-12e","jetpack-related-posts":[],"jetpack_likes_enabled":true,"jetpack_sharing_enabled":true,"_links":{"self":[{"href":"https:\/\/www.gastonballiot.fr\/index.php?rest_route=\/wp\/v2\/posts\/3982","targetHints":{"allow":["GET"]}}],"collection":[{"href":"https:\/\/www.gastonballiot.fr\/index.php?rest_route=\/wp\/v2\/posts"}],"about":[{"href":"https:\/\/www.gastonballiot.fr\/index.php?rest_route=\/wp\/v2\/types\/post"}],"author":[{"embeddable":true,"href":"https:\/\/www.gastonballiot.fr\/index.php?rest_route=\/wp\/v2\/users\/1"}],"replies":[{"embeddable":true,"href":"https:\/\/www.gastonballiot.fr\/index.php?rest_route=%2Fwp%2Fv2%2Fcomments&post=3982"}],"version-history":[{"count":0,"href":"https:\/\/www.gastonballiot.fr\/index.php?rest_route=\/wp\/v2\/posts\/3982\/revisions"}],"wp:featuredmedia":[{"embeddable":true,"href":"https:\/\/www.gastonballiot.fr\/index.php?rest_route=\/wp\/v2\/media\/3988"}],"wp:attachment":[{"href":"https:\/\/www.gastonballiot.fr\/index.php?rest_route=%2Fwp%2Fv2%2Fmedia&parent=3982"}],"wp:term":[{"taxonomy":"category","embeddable":true,"href":"https:\/\/www.gastonballiot.fr\/index.php?rest_route=%2Fwp%2Fv2%2Fcategories&post=3982"},{"taxonomy":"post_tag","embeddable":true,"href":"https:\/\/www.gastonballiot.fr\/index.php?rest_route=%2Fwp%2Fv2%2Ftags&post=3982"}],"curies":[{"name":"wp","href":"https:\/\/api.w.org\/{rel}","templated":true}]}}