{"id":4009,"date":"2017-10-02T17:11:45","date_gmt":"2017-10-02T15:11:45","guid":{"rendered":"http:\/\/www.gastonballiot.fr\/?p=4009"},"modified":"2017-11-05T19:59:21","modified_gmt":"2017-11-05T18:59:21","slug":"fin-de-la-cotisation-sociale-mort-de-la-securite-sociale-par-michel-etievent-historien-biographe-dambroise-croizat","status":"publish","type":"post","link":"https:\/\/www.gastonballiot.fr\/?p=4009","title":{"rendered":"La S\u00e9cu en danger ! Fin de la cotisation sociale, mort de la S\u00e9curit\u00e9 sociale&#8230; par Michel Eti\u00e9vent, historien, biographe d&rsquo;Ambroise Croizat"},"content":{"rendered":"<p>Les Fran\u00e7ais sont-ils conscients de ce qu&rsquo;ils sont en train de perdre avec les attaques contre la S\u00e9curit\u00e9 sociale ? Ce formidable projet de soci\u00e9t\u00e9 qui, selon Ambroise Croizat, devait \u00ab mettre fin \u00e0 l&rsquo;obsession de la mis\u00e8re \u00bb, est aujourd&rsquo;hui en passe de s&rsquo;effondrer sous les coups de boutoir du gouvernement contre ce qui fait son fondement : la cotisation sociale. D\u00e8s 1946, un continuum de plans de casse n&rsquo;a cess\u00e9 de mettre \u00e0 mal une institution devenue pierre angulaire de notre identit\u00e9 sociale.<\/p>\n<p>Aux oppositions de la droite, du patronat, des m\u00e9decins lib\u00e9raux, un moment tues par le rapport de forces de l&rsquo;\u00e9poque, se sont ajout\u00e9s une avalanche de r\u00e9formes, passant par les ordonnances de 1967 qui ont fait basculer sa gestion dans les mains du patronat, les plans Barre, Fabius, l&rsquo;imp\u00f4t CSG de Rocard. Viendront ensuite les mesures de Georgina Dufoix imposant des d\u00e9remboursements successifs, les lois Veil, Balladur allongeant la dur\u00e9e de cotisation, les plans Jupp\u00e9 puis Chirac, Raffarin attentant aux retraites, les lois Jospin de 2001 imposant les normes europ\u00e9ennes aux mutuelles.<\/p>\n<p>Sans oublier l&rsquo;ordonnance Douste-Blazy de 2004 qui videra les conseils d&rsquo;administration de leurs pouvoirs, l&rsquo;instauration de la tarification \u00e0 l&rsquo;acte, les lois Bachelot confiant le pilotage de la protection sociale aux \u00ab pr\u00e9fets sanitaires \u00bb des agences r\u00e9gionales de sant\u00e9. En imposant l&rsquo;obligation de la mutualit\u00e9 d&rsquo;entreprise, l&rsquo;ANI 2013 acc\u00e9l\u00e9rera la privatisation.<\/p>\n<p>Si la destruction affich\u00e9e de la cotisation sociale n&rsquo;est pas r\u00e9cente, elle est aujourd&rsquo;hui frontale. Le r\u00eave du patronat est devenu une arme de gouvernement. Il importe de rappeler la quadruple peine qu&rsquo;elle impose aux b\u00e9n\u00e9ficiaires.<\/p>\n<p>Elle est tout d&rsquo;abord une amputation directe du salaire dont la cotisation est partie int\u00e9grante. C&rsquo;est un \u00ab salaire socialis\u00e9 \u00bb, fond\u00e9 sur les richesses cr\u00e9\u00e9es dans l&rsquo;entreprise. La seule cr\u00e9ation de richesses qui va directement du cotisant vers le bien-\u00eatre des gens sans passer par la poche des actionnaires. Si le salaire net c&rsquo;est pour le quotidien du mois, le salaire brut c&rsquo;est pour la vie. La deuxi\u00e8me peine r\u00e9side dans la destination m\u00eame de cette \u00ab \u00e9conomie \u00bb patronale. Elle n&rsquo;ira ni vers l&#8217;emploi, ni vers l&rsquo;investissement, mais servira \u00e0 augmenter les marges patronales et \u00e0 nourrir les actionnaires. \u00c0 cette atteinte aux salaires, s&rsquo;ajoute la troisi\u00e8me peine : la hausse de la CSG qui alourdit la feuille d&rsquo;imp\u00f4t, fiscalise et \u00e9tatise un peu plus encore la S\u00e9curit\u00e9 sociale.<\/p>\n<p>Depuis 1995, la part de la fiscalisation dans le financement de la S\u00e9cu est pass\u00e9e de 4,9 % \u00e0 28 %, tandis que celle de la cotisation sociale tombe de 86,8 % \u00e0 67,3 %. Imagine-t-on ce que pourrait devenir une S\u00e9curit\u00e9 sociale abandonn\u00e9e aux mains de l&rsquo;\u00c9tat ? Une seule ordonnance, \u00e0 l&rsquo;image de ce qu&rsquo;a v\u00e9cue l&rsquo;Espagne, pourrait engendrer coupes drastiques ou, pire, privatisation imm\u00e9diate. La quatri\u00e8me peine est encore plus lourde. Par la fin du principe de solidarit\u00e9, la mort de la cotisation sociale n&rsquo;est rien d&rsquo;autre que celle de la S\u00e9cu. Une coquille vide livr\u00e9e au priv\u00e9, aux assurances sant\u00e9 in\u00e9galitaires et co\u00fbteuses. La fin du droit de vivre dignement.<\/p>\n<p style=\"text-align: right;\"><em>(tribune libre dans l&rsquo;Humanit\u00e9 du 14 septembre 2017)<\/em><\/p>\n<hr \/>\n<p style=\"text-align: center;\"><span style=\"font-size: 18pt;\"><strong>La S\u00e9cu en danger!<\/strong><\/span><br \/>\nPar Jean-Emmanuel Ducoin \u00a0dans l\u2019Humanit\u00e9 du 2 novembre 2017<\/p>\n<p><a href=\"https:\/\/i0.wp.com\/www.gastonballiot.fr\/wp-content\/uploads\/2017\/10\/Secu_1.jpg?ssl=1\"><img data-recalc-dims=\"1\" loading=\"lazy\" decoding=\"async\" data-attachment-id=\"4161\" data-permalink=\"https:\/\/www.gastonballiot.fr\/?attachment_id=4161#main\" data-orig-file=\"https:\/\/i0.wp.com\/www.gastonballiot.fr\/wp-content\/uploads\/2017\/10\/Secu_1.jpg?fit=552%2C780&amp;ssl=1\" data-orig-size=\"552,780\" data-comments-opened=\"1\" data-image-meta=\"{&quot;aperture&quot;:&quot;0&quot;,&quot;credit&quot;:&quot;&quot;,&quot;camera&quot;:&quot;&quot;,&quot;caption&quot;:&quot;&quot;,&quot;created_timestamp&quot;:&quot;0&quot;,&quot;copyright&quot;:&quot;&quot;,&quot;focal_length&quot;:&quot;0&quot;,&quot;iso&quot;:&quot;0&quot;,&quot;shutter_speed&quot;:&quot;0&quot;,&quot;title&quot;:&quot;&quot;,&quot;orientation&quot;:&quot;0&quot;}\" data-image-title=\"Secu_1\" data-image-description=\"\" data-image-caption=\"\" data-medium-file=\"https:\/\/i0.wp.com\/www.gastonballiot.fr\/wp-content\/uploads\/2017\/10\/Secu_1.jpg?fit=212%2C300&amp;ssl=1\" data-large-file=\"https:\/\/i0.wp.com\/www.gastonballiot.fr\/wp-content\/uploads\/2017\/10\/Secu_1.jpg?fit=552%2C780&amp;ssl=1\" class=\"size-full wp-image-4161 alignleft\" src=\"https:\/\/i0.wp.com\/www.gastonballiot.fr\/wp-content\/uploads\/2017\/10\/Secu_1.jpg?resize=552%2C780&#038;ssl=1\" alt=\"\" width=\"552\" height=\"780\" srcset=\"https:\/\/i0.wp.com\/www.gastonballiot.fr\/wp-content\/uploads\/2017\/10\/Secu_1.jpg?w=552&amp;ssl=1 552w, https:\/\/i0.wp.com\/www.gastonballiot.fr\/wp-content\/uploads\/2017\/10\/Secu_1.jpg?resize=212%2C300&amp;ssl=1 212w\" sizes=\"auto, (max-width: 552px) 100vw, 552px\" \/><\/a>Une question m\u00e9rite d&rsquo;\u00eatre pos\u00e9e assez brutalement : les Fran\u00e7ais ont-ils vraiment conscience de ce qui vient de se passer \u00e0 l&rsquo;Assembl\u00e9e nationale ? Avec l&rsquo;adoption en premi\u00e8re lecture du budget de la S\u00e9curit\u00e9 sociale, savent-ils ce qui les attend et ce qui, \u00e0 terme, pourrait jeter \u00e0 bas la protection sociale \u00e0 la fran\u00e7aise, dont les fondements universels plongent loin leurs origines dans l&rsquo;histoire des luttes populaires nationales ? Ont-ils la moindre id\u00e9e de ce qu&rsquo;ils risquent de perdre en se laissant d\u00e9poss\u00e9der de ce formidable projet de soci\u00e9t\u00e9, qui, selon l&rsquo;ouvrier communiste devenu ministre Ambroise Croizat, devait \u00ab mettre fin \u00e0 l&rsquo;obsession de la mis\u00e8re \u00bb et voulait que \u00ab chacun cotise selon ses moyens et re\u00e7oive selon ses besoins \u00bb ? Pour parvenir \u00e0 an\u00e9antir ce conquis de civilisation jalous\u00e9 dans le monde, Macron et son gouvernement viennent d&rsquo;enfoncer l&rsquo;un des fondements essentiels de notre solidarit\u00e9 : les cotisations sociales. Depuis soixante-dix ans, un continuum de plans de casse n&rsquo;a cess\u00e9 de mettre \u00e0 mal cette pierre angulaire de notre pacte social, qui s&rsquo;adosse \u00e0 un principe g\u00e9n\u00e9ral consistant \u00e0 ce que les prestations de S\u00e9curit\u00e9 sociale b\u00e9n\u00e9ficient \u00e0 toutes et tous, sans distinction de revenus, puisque ses recettes sont pr\u00e9cis\u00e9ment assises sur des cotisations calcul\u00e9es sur les revenus.<\/p>\n<p>Le r\u00eave du patronat se transforme en arme gouvernementale ! N&rsquo;\u00e9coutez pas les discours dominants. Supprimer les cotisations sociales, ce serait exon\u00e9rer le patronat de l&rsquo;augmentation des salaires \u00ad dont la cotisation est partie int\u00e9grante \u00ad et ainsi tarir la source permettant d&rsquo;assurer en commun la protection sociale, qui n&rsquo;est ni un co\u00fbt ni une d\u00e9pense, mais une production de sant\u00e9. D&rsquo;autant que la destination de cette \u00ab \u00e9conomie \u00bb patronale ne servira qu&rsquo;\u00e0 nourrir les actionnaires. \u00c0 cette atteinte aux salaires s&rsquo;ajoute une double peine, terrible elle aussi : la hausse de la CSG, qui va alourdir la feuille d&rsquo;imp\u00f4t en fiscalisant la protection sociale. Par la fin du m\u00e9canisme de solidarit\u00e9, la mort de la cotisation sociale signifierait celle de la S\u00e9cu, ni plus ni moins. Une coquille vide livr\u00e9e aux requins des assurances priv\u00e9es. La fin de l&rsquo;\u00e9galit\u00e9 et du droit de vivre dignement.<\/p>\n<h2><a href=\"https:\/\/i0.wp.com\/www.gastonballiot.fr\/wp-content\/uploads\/2017\/10\/Secu_Croizat.jpg?ssl=1\"><img data-recalc-dims=\"1\" loading=\"lazy\" decoding=\"async\" data-attachment-id=\"4151\" data-permalink=\"https:\/\/www.gastonballiot.fr\/?attachment_id=4151#main\" data-orig-file=\"https:\/\/i0.wp.com\/www.gastonballiot.fr\/wp-content\/uploads\/2017\/10\/Secu_Croizat.jpg?fit=953%2C923&amp;ssl=1\" data-orig-size=\"953,923\" data-comments-opened=\"1\" data-image-meta=\"{&quot;aperture&quot;:&quot;0&quot;,&quot;credit&quot;:&quot;&quot;,&quot;camera&quot;:&quot;&quot;,&quot;caption&quot;:&quot;&quot;,&quot;created_timestamp&quot;:&quot;0&quot;,&quot;copyright&quot;:&quot;&quot;,&quot;focal_length&quot;:&quot;0&quot;,&quot;iso&quot;:&quot;0&quot;,&quot;shutter_speed&quot;:&quot;0&quot;,&quot;title&quot;:&quot;&quot;,&quot;orientation&quot;:&quot;0&quot;}\" data-image-title=\"Secu_Croizat\" data-image-description=\"\" data-image-caption=\"\" data-medium-file=\"https:\/\/i0.wp.com\/www.gastonballiot.fr\/wp-content\/uploads\/2017\/10\/Secu_Croizat.jpg?fit=300%2C291&amp;ssl=1\" data-large-file=\"https:\/\/i0.wp.com\/www.gastonballiot.fr\/wp-content\/uploads\/2017\/10\/Secu_Croizat.jpg?fit=953%2C923&amp;ssl=1\" class=\"aligncenter wp-image-4151\" src=\"https:\/\/i0.wp.com\/www.gastonballiot.fr\/wp-content\/uploads\/2017\/10\/Secu_Croizat.jpg?resize=628%2C608&#038;ssl=1\" alt=\"\" width=\"628\" height=\"608\" srcset=\"https:\/\/i0.wp.com\/www.gastonballiot.fr\/wp-content\/uploads\/2017\/10\/Secu_Croizat.jpg?w=953&amp;ssl=1 953w, https:\/\/i0.wp.com\/www.gastonballiot.fr\/wp-content\/uploads\/2017\/10\/Secu_Croizat.jpg?resize=300%2C291&amp;ssl=1 300w, https:\/\/i0.wp.com\/www.gastonballiot.fr\/wp-content\/uploads\/2017\/10\/Secu_Croizat.jpg?resize=768%2C744&amp;ssl=1 768w\" sizes=\"auto, (max-width: 628px) 100vw, 628px\" \/><\/a><a href=\"https:\/\/www.gastonballiot.fr\/la-secu\/\" target=\"_blank\" rel=\"noopener\">Voir aussi le dossier de ce blog sur la S\u00e9cu<\/a><\/h2>\n","protected":false},"excerpt":{"rendered":"<p>Les Fran\u00e7ais sont-ils conscients de ce qu&rsquo;ils sont en train de perdre avec les attaques contre la S\u00e9curit\u00e9 sociale ? Ce formidable projet de soci\u00e9t\u00e9 qui, selon Ambroise Croizat, devait \u00ab mettre fin \u00e0 l&rsquo;obsession de la mis\u00e8re \u00bb, est aujourd&rsquo;hui en passe de s&rsquo;effondrer sous les coups de boutoir du gouvernement contre ce qui fait son fondement : la cotisation sociale. D\u00e8s 1946, un continuum de plans de casse n&rsquo;a cess\u00e9 de mettre \u00e0 mal une institution devenue pierre angulaire &#8230; <a title=\"La S\u00e9cu en danger ! Fin de la cotisation sociale, mort de la S\u00e9curit\u00e9 sociale&#8230; par Michel Eti\u00e9vent, historien, biographe d&rsquo;Ambroise Croizat\" class=\"read-more\" href=\"https:\/\/www.gastonballiot.fr\/?p=4009\" aria-label=\"Plus sur La S\u00e9cu en danger ! Fin de la cotisation sociale, mort de la S\u00e9curit\u00e9 sociale&#8230; par Michel Eti\u00e9vent, historien, biographe d&rsquo;Ambroise Croizat\">Lire la suite&#8230;<\/a><\/p>\n","protected":false},"author":1,"featured_media":4160,"comment_status":"open","ping_status":"open","sticky":false,"template":"","format":"standard","meta":{"ngg_post_thumbnail":0,"jetpack_post_was_ever_published":false,"_jetpack_newsletter_access":"","_jetpack_dont_email_post_to_subs":false,"_jetpack_newsletter_tier_id":0,"_jetpack_memberships_contains_paywalled_content":false,"_jetpack_memberships_contains_paid_content":false,"footnotes":"","jetpack_publicize_message":"","jetpack_publicize_feature_enabled":true,"jetpack_social_post_already_shared":true,"jetpack_social_options":{"image_generator_settings":{"template":"highway","enabled":false},"version":2}},"categories":[2,6,16],"tags":[332,333,123],"class_list":["post-4009","post","type-post","status-publish","format-standard","has-post-thumbnail","hentry","category-a-la-une","category-economie","category-social","tag-csg","tag-etievent","tag-securite-sociale","infinite-scroll-item","masonry-post","generate-columns","tablet-grid-50","mobile-grid-100","grid-parent","grid-33"],"jetpack_publicize_connections":[],"yoast_head":"<!-- This site is optimized with the Yoast SEO plugin v27.5 - https:\/\/yoast.com\/product\/yoast-seo-wordpress\/ -->\n<title>La S\u00e9cu en danger ! Fin de la cotisation sociale, mort de la S\u00e9curit\u00e9 sociale... par Michel Eti\u00e9vent, historien, biographe d&#039;Ambroise Croizat - Le blog politique de Gaston<\/title>\n<meta name=\"robots\" content=\"index, follow, max-snippet:-1, max-image-preview:large, max-video-preview:-1\" \/>\n<link rel=\"canonical\" href=\"https:\/\/www.gastonballiot.fr\/?p=4009\" \/>\n<meta property=\"og:locale\" content=\"fr_FR\" \/>\n<meta property=\"og:type\" content=\"article\" \/>\n<meta property=\"og:title\" content=\"La S\u00e9cu en danger ! Fin de la cotisation sociale, mort de la S\u00e9curit\u00e9 sociale... par Michel Eti\u00e9vent, historien, biographe d&#039;Ambroise Croizat - Le blog politique de Gaston\" \/>\n<meta property=\"og:description\" content=\"Les Fran\u00e7ais sont-ils conscients de ce qu&rsquo;ils sont en train de perdre avec les attaques contre la S\u00e9curit\u00e9 sociale ? Ce formidable projet de soci\u00e9t\u00e9 qui, selon Ambroise Croizat, devait \u00ab mettre fin \u00e0 l&rsquo;obsession de la mis\u00e8re \u00bb, est aujourd&rsquo;hui en passe de s&rsquo;effondrer sous les coups de boutoir du gouvernement contre ce qui fait son fondement : la cotisation sociale. D\u00e8s 1946, un continuum de plans de casse n&rsquo;a cess\u00e9 de mettre \u00e0 mal une institution devenue pierre angulaire ... Lire la suite...\" \/>\n<meta property=\"og:url\" content=\"https:\/\/www.gastonballiot.fr\/?p=4009\" \/>\n<meta property=\"og:site_name\" content=\"Le blog politique de Gaston\" \/>\n<meta property=\"article:publisher\" content=\"https:\/\/www.facebook.com\/gaston.balliot\/\" \/>\n<meta property=\"article:author\" content=\"https:\/\/www.facebook.com\/gaston.balliot\/\" \/>\n<meta property=\"article:published_time\" content=\"2017-10-02T15:11:45+00:00\" \/>\n<meta property=\"article:modified_time\" content=\"2017-11-05T18:59:21+00:00\" \/>\n<meta property=\"og:image\" content=\"https:\/\/www.gastonballiot.fr\/wp-content\/uploads\/2017\/10\/Secu_2.jpg\" \/>\n\t<meta property=\"og:image:width\" content=\"339\" \/>\n\t<meta property=\"og:image:height\" content=\"330\" \/>\n\t<meta property=\"og:image:type\" content=\"image\/jpeg\" \/>\n<meta name=\"author\" content=\"gb\" \/>\n<meta name=\"twitter:card\" content=\"summary_large_image\" \/>\n<meta name=\"twitter:label1\" content=\"\u00c9crit par\" \/>\n\t<meta name=\"twitter:data1\" content=\"gb\" \/>\n\t<meta name=\"twitter:label2\" content=\"Dur\u00e9e de lecture estim\u00e9e\" \/>\n\t<meta name=\"twitter:data2\" content=\"5 minutes\" \/>\n<script type=\"application\/ld+json\" class=\"yoast-schema-graph\">{\"@context\":\"https:\\\/\\\/schema.org\",\"@graph\":[{\"@type\":\"Article\",\"@id\":\"https:\\\/\\\/www.gastonballiot.fr\\\/?p=4009#article\",\"isPartOf\":{\"@id\":\"https:\\\/\\\/www.gastonballiot.fr\\\/?p=4009\"},\"author\":{\"name\":\"gb\",\"@id\":\"https:\\\/\\\/www.gastonballiot.fr\\\/#\\\/schema\\\/person\\\/244a5e02696abd8a65c5b1bebdb948ca\"},\"headline\":\"La S\u00e9cu en danger ! Fin de la cotisation sociale, mort de la S\u00e9curit\u00e9 sociale&#8230; par Michel Eti\u00e9vent, historien, biographe d&rsquo;Ambroise Croizat\",\"datePublished\":\"2017-10-02T15:11:45+00:00\",\"dateModified\":\"2017-11-05T18:59:21+00:00\",\"mainEntityOfPage\":{\"@id\":\"https:\\\/\\\/www.gastonballiot.fr\\\/?p=4009\"},\"wordCount\":991,\"commentCount\":1,\"publisher\":{\"@id\":\"https:\\\/\\\/www.gastonballiot.fr\\\/#\\\/schema\\\/person\\\/244a5e02696abd8a65c5b1bebdb948ca\"},\"image\":{\"@id\":\"https:\\\/\\\/www.gastonballiot.fr\\\/?p=4009#primaryimage\"},\"thumbnailUrl\":\"https:\\\/\\\/i0.wp.com\\\/www.gastonballiot.fr\\\/wp-content\\\/uploads\\\/2017\\\/10\\\/Secu_2.jpg?fit=339%2C330&ssl=1\",\"keywords\":[\"CSG\",\"Eti\u00e9vent\",\"s\u00e9curit\u00e9 sociale\"],\"articleSection\":[\"A la une\",\"Economie\",\"Social\"],\"inLanguage\":\"fr-FR\",\"potentialAction\":[{\"@type\":\"CommentAction\",\"name\":\"Comment\",\"target\":[\"https:\\\/\\\/www.gastonballiot.fr\\\/?p=4009#respond\"]}]},{\"@type\":\"WebPage\",\"@id\":\"https:\\\/\\\/www.gastonballiot.fr\\\/?p=4009\",\"url\":\"https:\\\/\\\/www.gastonballiot.fr\\\/?p=4009\",\"name\":\"La S\u00e9cu en danger ! Fin de la cotisation sociale, mort de la S\u00e9curit\u00e9 sociale... par Michel Eti\u00e9vent, historien, biographe d'Ambroise Croizat - Le blog politique de Gaston\",\"isPartOf\":{\"@id\":\"https:\\\/\\\/www.gastonballiot.fr\\\/#website\"},\"primaryImageOfPage\":{\"@id\":\"https:\\\/\\\/www.gastonballiot.fr\\\/?p=4009#primaryimage\"},\"image\":{\"@id\":\"https:\\\/\\\/www.gastonballiot.fr\\\/?p=4009#primaryimage\"},\"thumbnailUrl\":\"https:\\\/\\\/i0.wp.com\\\/www.gastonballiot.fr\\\/wp-content\\\/uploads\\\/2017\\\/10\\\/Secu_2.jpg?fit=339%2C330&ssl=1\",\"datePublished\":\"2017-10-02T15:11:45+00:00\",\"dateModified\":\"2017-11-05T18:59:21+00:00\",\"breadcrumb\":{\"@id\":\"https:\\\/\\\/www.gastonballiot.fr\\\/?p=4009#breadcrumb\"},\"inLanguage\":\"fr-FR\",\"potentialAction\":[{\"@type\":\"ReadAction\",\"target\":[\"https:\\\/\\\/www.gastonballiot.fr\\\/?p=4009\"]}]},{\"@type\":\"ImageObject\",\"inLanguage\":\"fr-FR\",\"@id\":\"https:\\\/\\\/www.gastonballiot.fr\\\/?p=4009#primaryimage\",\"url\":\"https:\\\/\\\/i0.wp.com\\\/www.gastonballiot.fr\\\/wp-content\\\/uploads\\\/2017\\\/10\\\/Secu_2.jpg?fit=339%2C330&ssl=1\",\"contentUrl\":\"https:\\\/\\\/i0.wp.com\\\/www.gastonballiot.fr\\\/wp-content\\\/uploads\\\/2017\\\/10\\\/Secu_2.jpg?fit=339%2C330&ssl=1\",\"width\":339,\"height\":330},{\"@type\":\"BreadcrumbList\",\"@id\":\"https:\\\/\\\/www.gastonballiot.fr\\\/?p=4009#breadcrumb\",\"itemListElement\":[{\"@type\":\"ListItem\",\"position\":1,\"name\":\"Accueil\",\"item\":\"https:\\\/\\\/www.gastonballiot.fr\\\/\"},{\"@type\":\"ListItem\",\"position\":2,\"name\":\"La S\u00e9cu en danger ! Fin de la cotisation sociale, mort de la S\u00e9curit\u00e9 sociale&#8230; par Michel Eti\u00e9vent, historien, biographe d&#8217;Ambroise Croizat\"}]},{\"@type\":\"WebSite\",\"@id\":\"https:\\\/\\\/www.gastonballiot.fr\\\/#website\",\"url\":\"https:\\\/\\\/www.gastonballiot.fr\\\/\",\"name\":\"Le blog politique de Gaston\",\"description\":\"L&#039;humain d&#039;abord, pas la finance !\",\"publisher\":{\"@id\":\"https:\\\/\\\/www.gastonballiot.fr\\\/#\\\/schema\\\/person\\\/244a5e02696abd8a65c5b1bebdb948ca\"},\"potentialAction\":[{\"@type\":\"SearchAction\",\"target\":{\"@type\":\"EntryPoint\",\"urlTemplate\":\"https:\\\/\\\/www.gastonballiot.fr\\\/?s={search_term_string}\"},\"query-input\":{\"@type\":\"PropertyValueSpecification\",\"valueRequired\":true,\"valueName\":\"search_term_string\"}}],\"inLanguage\":\"fr-FR\"},{\"@type\":[\"Person\",\"Organization\"],\"@id\":\"https:\\\/\\\/www.gastonballiot.fr\\\/#\\\/schema\\\/person\\\/244a5e02696abd8a65c5b1bebdb948ca\",\"name\":\"gb\",\"image\":{\"@type\":\"ImageObject\",\"inLanguage\":\"fr-FR\",\"@id\":\"https:\\\/\\\/i0.wp.com\\\/www.gastonballiot.fr\\\/wp-content\\\/uploads\\\/2017\\\/04\\\/cropped-Marianne-drapeau-rouge.gif?fit=512%2C512&ssl=1\",\"url\":\"https:\\\/\\\/i0.wp.com\\\/www.gastonballiot.fr\\\/wp-content\\\/uploads\\\/2017\\\/04\\\/cropped-Marianne-drapeau-rouge.gif?fit=512%2C512&ssl=1\",\"contentUrl\":\"https:\\\/\\\/i0.wp.com\\\/www.gastonballiot.fr\\\/wp-content\\\/uploads\\\/2017\\\/04\\\/cropped-Marianne-drapeau-rouge.gif?fit=512%2C512&ssl=1\",\"width\":512,\"height\":512,\"caption\":\"gb\"},\"logo\":{\"@id\":\"https:\\\/\\\/i0.wp.com\\\/www.gastonballiot.fr\\\/wp-content\\\/uploads\\\/2017\\\/04\\\/cropped-Marianne-drapeau-rouge.gif?fit=512%2C512&ssl=1\"},\"description\":\"Gaston Balliot, militant du Front de Gauche en pays bigouden - Pont L'Abb\u00e9 - Loctudy - Guilvinec - Penmarc'h - Ile Tudy - Combrit Ste Marine - Tr\u00e9meoc - Plon\u00e9our, p\u00eache tourisme\",\"sameAs\":[\"https:\\\/\\\/www.facebook.com\\\/gaston.balliot\\\/\"]}]}<\/script>\n<!-- \/ Yoast SEO plugin. -->","yoast_head_json":{"title":"La S\u00e9cu en danger ! Fin de la cotisation sociale, mort de la S\u00e9curit\u00e9 sociale... par Michel Eti\u00e9vent, historien, biographe d'Ambroise Croizat - Le blog politique de Gaston","robots":{"index":"index","follow":"follow","max-snippet":"max-snippet:-1","max-image-preview":"max-image-preview:large","max-video-preview":"max-video-preview:-1"},"canonical":"https:\/\/www.gastonballiot.fr\/?p=4009","og_locale":"fr_FR","og_type":"article","og_title":"La S\u00e9cu en danger ! Fin de la cotisation sociale, mort de la S\u00e9curit\u00e9 sociale... par Michel Eti\u00e9vent, historien, biographe d'Ambroise Croizat - Le blog politique de Gaston","og_description":"Les Fran\u00e7ais sont-ils conscients de ce qu&rsquo;ils sont en train de perdre avec les attaques contre la S\u00e9curit\u00e9 sociale ? Ce formidable projet de soci\u00e9t\u00e9 qui, selon Ambroise Croizat, devait \u00ab mettre fin \u00e0 l&rsquo;obsession de la mis\u00e8re \u00bb, est aujourd&rsquo;hui en passe de s&rsquo;effondrer sous les coups de boutoir du gouvernement contre ce qui fait son fondement : la cotisation sociale. D\u00e8s 1946, un continuum de plans de casse n&rsquo;a cess\u00e9 de mettre \u00e0 mal une institution devenue pierre angulaire ... Lire la suite...","og_url":"https:\/\/www.gastonballiot.fr\/?p=4009","og_site_name":"Le blog politique de Gaston","article_publisher":"https:\/\/www.facebook.com\/gaston.balliot\/","article_author":"https:\/\/www.facebook.com\/gaston.balliot\/","article_published_time":"2017-10-02T15:11:45+00:00","article_modified_time":"2017-11-05T18:59:21+00:00","og_image":[{"width":339,"height":330,"url":"https:\/\/www.gastonballiot.fr\/wp-content\/uploads\/2017\/10\/Secu_2.jpg","type":"image\/jpeg"}],"author":"gb","twitter_card":"summary_large_image","twitter_misc":{"\u00c9crit par":"gb","Dur\u00e9e de lecture estim\u00e9e":"5 minutes"},"schema":{"@context":"https:\/\/schema.org","@graph":[{"@type":"Article","@id":"https:\/\/www.gastonballiot.fr\/?p=4009#article","isPartOf":{"@id":"https:\/\/www.gastonballiot.fr\/?p=4009"},"author":{"name":"gb","@id":"https:\/\/www.gastonballiot.fr\/#\/schema\/person\/244a5e02696abd8a65c5b1bebdb948ca"},"headline":"La S\u00e9cu en danger ! Fin de la cotisation sociale, mort de la S\u00e9curit\u00e9 sociale&#8230; par Michel Eti\u00e9vent, historien, biographe d&rsquo;Ambroise Croizat","datePublished":"2017-10-02T15:11:45+00:00","dateModified":"2017-11-05T18:59:21+00:00","mainEntityOfPage":{"@id":"https:\/\/www.gastonballiot.fr\/?p=4009"},"wordCount":991,"commentCount":1,"publisher":{"@id":"https:\/\/www.gastonballiot.fr\/#\/schema\/person\/244a5e02696abd8a65c5b1bebdb948ca"},"image":{"@id":"https:\/\/www.gastonballiot.fr\/?p=4009#primaryimage"},"thumbnailUrl":"https:\/\/i0.wp.com\/www.gastonballiot.fr\/wp-content\/uploads\/2017\/10\/Secu_2.jpg?fit=339%2C330&ssl=1","keywords":["CSG","Eti\u00e9vent","s\u00e9curit\u00e9 sociale"],"articleSection":["A la une","Economie","Social"],"inLanguage":"fr-FR","potentialAction":[{"@type":"CommentAction","name":"Comment","target":["https:\/\/www.gastonballiot.fr\/?p=4009#respond"]}]},{"@type":"WebPage","@id":"https:\/\/www.gastonballiot.fr\/?p=4009","url":"https:\/\/www.gastonballiot.fr\/?p=4009","name":"La S\u00e9cu en danger ! Fin de la cotisation sociale, mort de la S\u00e9curit\u00e9 sociale... par Michel Eti\u00e9vent, historien, biographe d'Ambroise Croizat - Le blog politique de Gaston","isPartOf":{"@id":"https:\/\/www.gastonballiot.fr\/#website"},"primaryImageOfPage":{"@id":"https:\/\/www.gastonballiot.fr\/?p=4009#primaryimage"},"image":{"@id":"https:\/\/www.gastonballiot.fr\/?p=4009#primaryimage"},"thumbnailUrl":"https:\/\/i0.wp.com\/www.gastonballiot.fr\/wp-content\/uploads\/2017\/10\/Secu_2.jpg?fit=339%2C330&ssl=1","datePublished":"2017-10-02T15:11:45+00:00","dateModified":"2017-11-05T18:59:21+00:00","breadcrumb":{"@id":"https:\/\/www.gastonballiot.fr\/?p=4009#breadcrumb"},"inLanguage":"fr-FR","potentialAction":[{"@type":"ReadAction","target":["https:\/\/www.gastonballiot.fr\/?p=4009"]}]},{"@type":"ImageObject","inLanguage":"fr-FR","@id":"https:\/\/www.gastonballiot.fr\/?p=4009#primaryimage","url":"https:\/\/i0.wp.com\/www.gastonballiot.fr\/wp-content\/uploads\/2017\/10\/Secu_2.jpg?fit=339%2C330&ssl=1","contentUrl":"https:\/\/i0.wp.com\/www.gastonballiot.fr\/wp-content\/uploads\/2017\/10\/Secu_2.jpg?fit=339%2C330&ssl=1","width":339,"height":330},{"@type":"BreadcrumbList","@id":"https:\/\/www.gastonballiot.fr\/?p=4009#breadcrumb","itemListElement":[{"@type":"ListItem","position":1,"name":"Accueil","item":"https:\/\/www.gastonballiot.fr\/"},{"@type":"ListItem","position":2,"name":"La S\u00e9cu en danger ! Fin de la cotisation sociale, mort de la S\u00e9curit\u00e9 sociale&#8230; par Michel Eti\u00e9vent, historien, biographe d&#8217;Ambroise Croizat"}]},{"@type":"WebSite","@id":"https:\/\/www.gastonballiot.fr\/#website","url":"https:\/\/www.gastonballiot.fr\/","name":"Le blog politique de Gaston","description":"L&#039;humain d&#039;abord, pas la finance !","publisher":{"@id":"https:\/\/www.gastonballiot.fr\/#\/schema\/person\/244a5e02696abd8a65c5b1bebdb948ca"},"potentialAction":[{"@type":"SearchAction","target":{"@type":"EntryPoint","urlTemplate":"https:\/\/www.gastonballiot.fr\/?s={search_term_string}"},"query-input":{"@type":"PropertyValueSpecification","valueRequired":true,"valueName":"search_term_string"}}],"inLanguage":"fr-FR"},{"@type":["Person","Organization"],"@id":"https:\/\/www.gastonballiot.fr\/#\/schema\/person\/244a5e02696abd8a65c5b1bebdb948ca","name":"gb","image":{"@type":"ImageObject","inLanguage":"fr-FR","@id":"https:\/\/i0.wp.com\/www.gastonballiot.fr\/wp-content\/uploads\/2017\/04\/cropped-Marianne-drapeau-rouge.gif?fit=512%2C512&ssl=1","url":"https:\/\/i0.wp.com\/www.gastonballiot.fr\/wp-content\/uploads\/2017\/04\/cropped-Marianne-drapeau-rouge.gif?fit=512%2C512&ssl=1","contentUrl":"https:\/\/i0.wp.com\/www.gastonballiot.fr\/wp-content\/uploads\/2017\/04\/cropped-Marianne-drapeau-rouge.gif?fit=512%2C512&ssl=1","width":512,"height":512,"caption":"gb"},"logo":{"@id":"https:\/\/i0.wp.com\/www.gastonballiot.fr\/wp-content\/uploads\/2017\/04\/cropped-Marianne-drapeau-rouge.gif?fit=512%2C512&ssl=1"},"description":"Gaston Balliot, militant du Front de Gauche en pays bigouden - Pont L'Abb\u00e9 - Loctudy - Guilvinec - Penmarc'h - Ile Tudy - Combrit Ste Marine - Tr\u00e9meoc - Plon\u00e9our, p\u00eache tourisme","sameAs":["https:\/\/www.facebook.com\/gaston.balliot\/"]}]}},"jetpack_featured_media_url":"https:\/\/i0.wp.com\/www.gastonballiot.fr\/wp-content\/uploads\/2017\/10\/Secu_2.jpg?fit=339%2C330&ssl=1","jetpack_shortlink":"https:\/\/wp.me\/p5UTaD-12F","jetpack-related-posts":[],"jetpack_likes_enabled":true,"jetpack_sharing_enabled":true,"_links":{"self":[{"href":"https:\/\/www.gastonballiot.fr\/index.php?rest_route=\/wp\/v2\/posts\/4009","targetHints":{"allow":["GET"]}}],"collection":[{"href":"https:\/\/www.gastonballiot.fr\/index.php?rest_route=\/wp\/v2\/posts"}],"about":[{"href":"https:\/\/www.gastonballiot.fr\/index.php?rest_route=\/wp\/v2\/types\/post"}],"author":[{"embeddable":true,"href":"https:\/\/www.gastonballiot.fr\/index.php?rest_route=\/wp\/v2\/users\/1"}],"replies":[{"embeddable":true,"href":"https:\/\/www.gastonballiot.fr\/index.php?rest_route=%2Fwp%2Fv2%2Fcomments&post=4009"}],"version-history":[{"count":0,"href":"https:\/\/www.gastonballiot.fr\/index.php?rest_route=\/wp\/v2\/posts\/4009\/revisions"}],"wp:featuredmedia":[{"embeddable":true,"href":"https:\/\/www.gastonballiot.fr\/index.php?rest_route=\/wp\/v2\/media\/4160"}],"wp:attachment":[{"href":"https:\/\/www.gastonballiot.fr\/index.php?rest_route=%2Fwp%2Fv2%2Fmedia&parent=4009"}],"wp:term":[{"taxonomy":"category","embeddable":true,"href":"https:\/\/www.gastonballiot.fr\/index.php?rest_route=%2Fwp%2Fv2%2Fcategories&post=4009"},{"taxonomy":"post_tag","embeddable":true,"href":"https:\/\/www.gastonballiot.fr\/index.php?rest_route=%2Fwp%2Fv2%2Ftags&post=4009"}],"curies":[{"name":"wp","href":"https:\/\/api.w.org\/{rel}","templated":true}]}}