{"id":4253,"date":"2018-01-07T08:13:35","date_gmt":"2018-01-07T07:13:35","guid":{"rendered":"https:\/\/www.gastonballiot.fr\/?p=4253"},"modified":"2018-01-21T17:17:31","modified_gmt":"2018-01-21T16:17:31","slug":"comment-se-peut-il-que-beaucoup-ignorent-encore-comment-quand-et-par-qui-sest-creee-la-securite-sociale-mais-quest-elle-devenue-interview-a-lire-jusquau-bout","status":"publish","type":"post","link":"https:\/\/www.gastonballiot.fr\/?p=4253","title":{"rendered":"Comment se peut-il que beaucoup ignorent encore comment, quand et par qui, s&rsquo;est cr\u00e9\u00e9e la S\u00e9curit\u00e9 Sociale ??? Mais&#8230;. Qu&rsquo;est-elle devenue ?"},"content":{"rendered":"<p>Interview \u00e0 lire jusqu&rsquo;au bout sur le site histoire et soci\u00e9t\u00e9 :<\/p>\n<h4><a href=\"https:\/\/histoireetsociete.wordpress.com\/2018\/01\/04\/la-secu-a-ete-entierement-batie-dans-un-pays-ruine-grace-a-la-seule-volonte-militante\/#comment-28118\" target=\"_blank\" rel=\"noopener\"><strong>https:\/\/histoireetsociete.wordpress.com\/2018\/01\/04\/la-secu-a-ete-entierement-batie-dans-un-pays-ruine-grace-a-la-seule-volonte-militante\/#comment-28118<\/strong><\/a><\/h4>\n<h3 style=\"text-align: center;\"><a href=\"https:\/\/www.gastonballiot.fr\/la-secu\/\" target=\"_blank\" rel=\"noopener\"><strong>voir \u00e9galement mon dossier sur La S\u00e9cu sur ce blog<\/strong><\/a><\/h3>\n<hr \/>\n<div class=\"divTitreArticle\">\n<h4 style=\"text-align: center;\">Augmentation de la CSG: le mauvais tour de passe-passe (Pierric Marrisal, L&rsquo;Humanit\u00e9)<\/h4>\n<\/div>\n<div class=\"contenuArticle\">\n<div class=\"ob-sections\">\n<div class=\"ob-section ob-section-html\">\n<p><b>Non seulement les Fran\u00e7ais subiront les hausses d&rsquo;imp\u00f4ts, notamment de la CSG, de plein fouet, mais cette r\u00e9forme fiscale fragilise le financement de la protection sociale.<\/b><\/p>\n<p>La contribution sociale g\u00e9n\u00e9ralis\u00e9e (CSG) a augment\u00e9 de 1,7 point, \u00e0 9,2 %, le 1er janvier. Presque tout le monde est touch\u00e9, puisque l&rsquo;assiette de cet imp\u00f4t s&rsquo;applique \u00e0 tous les types de revenus : salaires du priv\u00e9, du public, retraites, \u00e9pargne et dans une moindre mesure, aux revenus du capital et des jeux&#8230; Le taux de la CSG appliqu\u00e9 aux allocations ch\u00f4mage et aux indemnit\u00e9s journali\u00e8res reste, lui, fix\u00e9 \u00e0 6,2 %. Cette hausse, qui doit rapporter 22,5 milliards d&rsquo;euros \u00e0 l&rsquo;\u00c9tat cette ann\u00e9e \u2013 selon l&rsquo;\u00e9tude d&rsquo;impact r\u00e9alis\u00e9e par l&rsquo;Assembl\u00e9e nationale \u2013, doit compenser, si l&rsquo;on en croit la communication gouvernementale, la baisse progressive des cotisations ch\u00f4mage et maladie pour les salari\u00e9s du priv\u00e9. Mais on est loin d&rsquo;\u00eatre dans un jeu \u00e0 somme nulle. La baisse est en effet estim\u00e9e \u00e0 14,2 milliards d&rsquo;euros, dont 4,8 milliards pour la suppression de la cotisation salariale maladie et 9,4 milliards pour la fin de la contribution salariale d&rsquo;assurance-ch\u00f4mage. Rappelons que seuls les salari\u00e9s du priv\u00e9 verront les effets de cette baisse sur leur fiche de paye, alors que tout le monde va subir la hausse.\u00a0<strong>Les retrait\u00e9s subiront la hausse de la CSG sans aucune compensation<\/strong>, tandis que les fonctionnaires toucheront une prime diff\u00e9renci\u00e9e et b\u00e9n\u00e9ficieront de la suppression de la cotisation exceptionnelle de solidarit\u00e9.<\/p>\n<p><em><b>1 POINT D\u2019AUGMENTATION DE LA CSG POUR LES REVENUS DU CAPITAL ET DES JEUX, ALORS QUE LA HAUSSE EST DE 1,7 POINT POUR LES SALAIRES ET LES RETRAITES.<\/b><\/em><\/p>\n<p>Intox sur le pouvoir d&rsquo;achat. Ainsi, le gain net pour le budget de l&rsquo;\u00c9tat devrait s&rsquo;\u00e9lever \u00e0 5,3 milliards d&rsquo;euros, dont le gros sera ponctionn\u00e9 directement sur le pouvoir d&rsquo;achat des Fran\u00e7ais. Un tour de passe-passe qui repose essentiellement sur le fait que la hausse de la CSG se ressentira sur les fiches de paye d\u00e8s ce mois de janvier, alors que la totalit\u00e9 des baisses de cotisations promises ne sera effective qu&rsquo;en octobre prochain. Ce gouvernement semble particuli\u00e8rement affectionner les manipulations du calendrier fiscal. Comme l&rsquo;a montr\u00e9 l&rsquo;Insee dans ses pr\u00e9visions pour la France en 2018, les mesures d\u00e9favorables au pouvoir d&rsquo;achat (hausse de la CSG, de la fiscalit\u00e9 sur le tabac et les produits p\u00e9troliers) seront en effet concentr\u00e9es sur le d\u00e9but d&rsquo;ann\u00e9e, tandis que les mesures dites \u00ab favorables \u00bb,\u00a0<b>comme la r\u00e9duction de la taxe d&rsquo;habitation<\/b>, interviendront en fin d&rsquo;ann\u00e9e. Au total, \u00ab la combinaison de ces hausses et de ces baisses augmenterait les pr\u00e9l\u00e8vements obligatoires de 4,5 milliards d&rsquo;euros \u00bb pour les familles cette ann\u00e9e, avance l&rsquo;Insee. \u00c0 noter que l&rsquo;institut a inclus dans les baisses la suppression de l&rsquo;ISF :\u00a0<strong>le poids \u00e0 payer pour les classes moyennes et modestes avoisine donc plut\u00f4t les 9 milliards d&rsquo;euros&#8230;<\/strong><\/p>\n<p>Outre cette intox sur le pouvoir d&rsquo;achat savamment entretenue par la communication gouvernementale,\u00a0<b>cette hausse de la CSG pour \u00ab compenser \u00bb des baisses de cotisations fait peser une menace de fond sur le financement de la protection sociale<\/b>.\u00a0Il y a une diff\u00e9rence de logique entre la cotisation, forme de salaire diff\u00e9r\u00e9 et socialis\u00e9, et l&rsquo;imp\u00f4t pay\u00e9 par tous et qui pis est, non progressif. \u00ab\u00a0<b><i>Avec cette r\u00e9forme du financement, la porte serait ouverte pour que les assurances sociales deviennent des prestations universelles d&rsquo;un montant uniforme et relativement faible\u00a0<\/i><\/b>\u00bb, estime l&rsquo;\u00c9conomiste atterr\u00e9 Henri Sterdyniak dans le rapport \u00ab\u00a0<b><i>2018: un budget de classe<\/i><\/b>\u00a0\u00bb qu&rsquo;il a co-r\u00e9dig\u00e9. Ce pourquoi les trois groupes de gauche (PCF, FI et Nouvelle Gauche) \u00e0 l&rsquo;Assembl\u00e9e nationale ont saisi, en d\u00e9cembre, le Conseil constitutionnel, au motif notamment que la hausse de la CSG contrevient \u00ab\u00a0<b><i>au principe d&rsquo;\u00e9galit\u00e9 devant les charges publiques<\/i><\/b>\u00a0\u00bb, ajoutant que \u00ab\u00a0<b><i>la complexit\u00e9 de cet article contrevient par ailleurs au principe de clart\u00e9 et \u00e0 l&rsquo;objectif d&rsquo;intelligibilit\u00e9 des lois\u00a0<\/i><\/b>\u00bb.<\/p>\n<p><b><i>PIERRIC MARISSAL (Journal L\u2019Humanit\u00e9)<\/i><\/b><\/p>\n<\/div>\n<\/div>\n<\/div>\n","protected":false},"excerpt":{"rendered":"<p>Interview \u00e0 lire jusqu&rsquo;au bout sur le site histoire et soci\u00e9t\u00e9 : https:\/\/histoireetsociete.wordpress.com\/2018\/01\/04\/la-secu-a-ete-entierement-batie-dans-un-pays-ruine-grace-a-la-seule-volonte-militante\/#comment-28118 voir \u00e9galement mon dossier sur La S\u00e9cu sur ce blog Augmentation de la CSG: le mauvais tour de passe-passe (Pierric Marrisal, L&rsquo;Humanit\u00e9) Non seulement les Fran\u00e7ais subiront les hausses d&rsquo;imp\u00f4ts, notamment de la CSG, de plein fouet, mais cette r\u00e9forme fiscale fragilise le financement de la protection sociale. La contribution sociale g\u00e9n\u00e9ralis\u00e9e (CSG) a augment\u00e9 de 1,7 point, \u00e0 9,2 %, le 1er janvier. Presque tout le monde &#8230; <a title=\"Comment se peut-il que beaucoup ignorent encore comment, quand et par qui, s&rsquo;est cr\u00e9\u00e9e la S\u00e9curit\u00e9 Sociale ??? Mais&#8230;. Qu&rsquo;est-elle devenue ?\" class=\"read-more\" href=\"https:\/\/www.gastonballiot.fr\/?p=4253\" aria-label=\"Plus sur Comment se peut-il que beaucoup ignorent encore comment, quand et par qui, s&rsquo;est cr\u00e9\u00e9e la S\u00e9curit\u00e9 Sociale ??? Mais&#8230;. Qu&rsquo;est-elle devenue ?\">Lire la suite&#8230;<\/a><\/p>\n","protected":false},"author":1,"featured_media":4254,"comment_status":"open","ping_status":"open","sticky":false,"template":"","format":"standard","meta":{"ngg_post_thumbnail":0,"jetpack_post_was_ever_published":false,"_jetpack_newsletter_access":"","_jetpack_dont_email_post_to_subs":false,"_jetpack_newsletter_tier_id":0,"_jetpack_memberships_contains_paywalled_content":false,"_jetpack_memberships_contains_paid_content":false,"footnotes":"","jetpack_publicize_message":"","jetpack_publicize_feature_enabled":true,"jetpack_social_post_already_shared":true,"jetpack_social_options":{"image_generator_settings":{"template":"highway","enabled":false},"version":2}},"categories":[6,16],"tags":[300,332,123],"class_list":["post-4253","post","type-post","status-publish","format-standard","has-post-thumbnail","hentry","category-economie","category-social","tag-croizat","tag-csg","tag-securite-sociale","infinite-scroll-item","masonry-post","generate-columns","tablet-grid-50","mobile-grid-100","grid-parent","grid-33"],"jetpack_publicize_connections":[],"yoast_head":"<!-- This site is optimized with the Yoast SEO plugin v27.5 - https:\/\/yoast.com\/product\/yoast-seo-wordpress\/ -->\n<title>Comment se peut-il que beaucoup ignorent encore comment, quand et par qui, s&#039;est cr\u00e9\u00e9e la S\u00e9curit\u00e9 Sociale ??? Mais.... Qu&#039;est-elle devenue ? - Le blog politique de Gaston<\/title>\n<meta name=\"robots\" content=\"index, follow, max-snippet:-1, max-image-preview:large, max-video-preview:-1\" \/>\n<link rel=\"canonical\" href=\"https:\/\/www.gastonballiot.fr\/?p=4253\" \/>\n<meta property=\"og:locale\" content=\"fr_FR\" \/>\n<meta property=\"og:type\" content=\"article\" \/>\n<meta property=\"og:title\" content=\"Comment se peut-il que beaucoup ignorent encore comment, quand et par qui, s&#039;est cr\u00e9\u00e9e la S\u00e9curit\u00e9 Sociale ??? Mais.... Qu&#039;est-elle devenue ? - Le blog politique de Gaston\" \/>\n<meta property=\"og:description\" content=\"Interview \u00e0 lire jusqu&rsquo;au bout sur le site histoire et soci\u00e9t\u00e9 : https:\/\/histoireetsociete.wordpress.com\/2018\/01\/04\/la-secu-a-ete-entierement-batie-dans-un-pays-ruine-grace-a-la-seule-volonte-militante\/#comment-28118 voir \u00e9galement mon dossier sur La S\u00e9cu sur ce blog Augmentation de la CSG: le mauvais tour de passe-passe (Pierric Marrisal, L&rsquo;Humanit\u00e9) Non seulement les Fran\u00e7ais subiront les hausses d&rsquo;imp\u00f4ts, notamment de la CSG, de plein fouet, mais cette r\u00e9forme fiscale fragilise le financement de la protection sociale. La contribution sociale g\u00e9n\u00e9ralis\u00e9e (CSG) a augment\u00e9 de 1,7 point, \u00e0 9,2 %, le 1er janvier. Presque tout le monde ... Lire la suite...\" \/>\n<meta property=\"og:url\" content=\"https:\/\/www.gastonballiot.fr\/?p=4253\" \/>\n<meta property=\"og:site_name\" content=\"Le blog politique de Gaston\" \/>\n<meta property=\"article:publisher\" content=\"https:\/\/www.facebook.com\/gaston.balliot\/\" \/>\n<meta property=\"article:author\" content=\"https:\/\/www.facebook.com\/gaston.balliot\/\" \/>\n<meta property=\"article:published_time\" content=\"2018-01-07T07:13:35+00:00\" \/>\n<meta property=\"article:modified_time\" content=\"2018-01-21T16:17:31+00:00\" \/>\n<meta property=\"og:image\" content=\"https:\/\/www.gastonballiot.fr\/wp-content\/uploads\/2018\/01\/Croizar_\u00e9quipe.jpg\" \/>\n\t<meta property=\"og:image:width\" content=\"1024\" \/>\n\t<meta property=\"og:image:height\" content=\"570\" \/>\n\t<meta property=\"og:image:type\" content=\"image\/jpeg\" \/>\n<meta name=\"author\" content=\"gb\" \/>\n<meta name=\"twitter:card\" content=\"summary_large_image\" \/>\n<meta name=\"twitter:label1\" content=\"\u00c9crit par\" \/>\n\t<meta name=\"twitter:data1\" content=\"gb\" \/>\n\t<meta name=\"twitter:label2\" content=\"Dur\u00e9e de lecture estim\u00e9e\" \/>\n\t<meta name=\"twitter:data2\" content=\"4 minutes\" \/>\n<script type=\"application\/ld+json\" class=\"yoast-schema-graph\">{\"@context\":\"https:\\\/\\\/schema.org\",\"@graph\":[{\"@type\":\"Article\",\"@id\":\"https:\\\/\\\/www.gastonballiot.fr\\\/?p=4253#article\",\"isPartOf\":{\"@id\":\"https:\\\/\\\/www.gastonballiot.fr\\\/?p=4253\"},\"author\":{\"name\":\"gb\",\"@id\":\"https:\\\/\\\/www.gastonballiot.fr\\\/#\\\/schema\\\/person\\\/244a5e02696abd8a65c5b1bebdb948ca\"},\"headline\":\"Comment se peut-il que beaucoup ignorent encore comment, quand et par qui, s&rsquo;est cr\u00e9\u00e9e la S\u00e9curit\u00e9 Sociale ??? Mais&#8230;. Qu&rsquo;est-elle devenue ?\",\"datePublished\":\"2018-01-07T07:13:35+00:00\",\"dateModified\":\"2018-01-21T16:17:31+00:00\",\"mainEntityOfPage\":{\"@id\":\"https:\\\/\\\/www.gastonballiot.fr\\\/?p=4253\"},\"wordCount\":757,\"commentCount\":0,\"publisher\":{\"@id\":\"https:\\\/\\\/www.gastonballiot.fr\\\/#\\\/schema\\\/person\\\/244a5e02696abd8a65c5b1bebdb948ca\"},\"image\":{\"@id\":\"https:\\\/\\\/www.gastonballiot.fr\\\/?p=4253#primaryimage\"},\"thumbnailUrl\":\"https:\\\/\\\/i0.wp.com\\\/www.gastonballiot.fr\\\/wp-content\\\/uploads\\\/2018\\\/01\\\/Croizar_%C3%A9quipe.jpg?fit=1024%2C570&ssl=1\",\"keywords\":[\"Croizat\",\"CSG\",\"s\u00e9curit\u00e9 sociale\"],\"articleSection\":[\"Economie\",\"Social\"],\"inLanguage\":\"fr-FR\",\"potentialAction\":[{\"@type\":\"CommentAction\",\"name\":\"Comment\",\"target\":[\"https:\\\/\\\/www.gastonballiot.fr\\\/?p=4253#respond\"]}]},{\"@type\":\"WebPage\",\"@id\":\"https:\\\/\\\/www.gastonballiot.fr\\\/?p=4253\",\"url\":\"https:\\\/\\\/www.gastonballiot.fr\\\/?p=4253\",\"name\":\"Comment se peut-il que beaucoup ignorent encore comment, quand et par qui, s'est cr\u00e9\u00e9e la S\u00e9curit\u00e9 Sociale ??? Mais.... Qu'est-elle devenue ? - Le blog politique de Gaston\",\"isPartOf\":{\"@id\":\"https:\\\/\\\/www.gastonballiot.fr\\\/#website\"},\"primaryImageOfPage\":{\"@id\":\"https:\\\/\\\/www.gastonballiot.fr\\\/?p=4253#primaryimage\"},\"image\":{\"@id\":\"https:\\\/\\\/www.gastonballiot.fr\\\/?p=4253#primaryimage\"},\"thumbnailUrl\":\"https:\\\/\\\/i0.wp.com\\\/www.gastonballiot.fr\\\/wp-content\\\/uploads\\\/2018\\\/01\\\/Croizar_%C3%A9quipe.jpg?fit=1024%2C570&ssl=1\",\"datePublished\":\"2018-01-07T07:13:35+00:00\",\"dateModified\":\"2018-01-21T16:17:31+00:00\",\"breadcrumb\":{\"@id\":\"https:\\\/\\\/www.gastonballiot.fr\\\/?p=4253#breadcrumb\"},\"inLanguage\":\"fr-FR\",\"potentialAction\":[{\"@type\":\"ReadAction\",\"target\":[\"https:\\\/\\\/www.gastonballiot.fr\\\/?p=4253\"]}]},{\"@type\":\"ImageObject\",\"inLanguage\":\"fr-FR\",\"@id\":\"https:\\\/\\\/www.gastonballiot.fr\\\/?p=4253#primaryimage\",\"url\":\"https:\\\/\\\/i0.wp.com\\\/www.gastonballiot.fr\\\/wp-content\\\/uploads\\\/2018\\\/01\\\/Croizar_%C3%A9quipe.jpg?fit=1024%2C570&ssl=1\",\"contentUrl\":\"https:\\\/\\\/i0.wp.com\\\/www.gastonballiot.fr\\\/wp-content\\\/uploads\\\/2018\\\/01\\\/Croizar_%C3%A9quipe.jpg?fit=1024%2C570&ssl=1\",\"width\":1024,\"height\":570},{\"@type\":\"BreadcrumbList\",\"@id\":\"https:\\\/\\\/www.gastonballiot.fr\\\/?p=4253#breadcrumb\",\"itemListElement\":[{\"@type\":\"ListItem\",\"position\":1,\"name\":\"Accueil\",\"item\":\"https:\\\/\\\/www.gastonballiot.fr\\\/\"},{\"@type\":\"ListItem\",\"position\":2,\"name\":\"Comment se peut-il que beaucoup ignorent encore comment, quand et par qui, s&#8217;est cr\u00e9\u00e9e la S\u00e9curit\u00e9 Sociale ??? Mais&#8230;. Qu&#8217;est-elle devenue ?\"}]},{\"@type\":\"WebSite\",\"@id\":\"https:\\\/\\\/www.gastonballiot.fr\\\/#website\",\"url\":\"https:\\\/\\\/www.gastonballiot.fr\\\/\",\"name\":\"Le blog politique de Gaston\",\"description\":\"L&#039;humain d&#039;abord, pas la finance !\",\"publisher\":{\"@id\":\"https:\\\/\\\/www.gastonballiot.fr\\\/#\\\/schema\\\/person\\\/244a5e02696abd8a65c5b1bebdb948ca\"},\"potentialAction\":[{\"@type\":\"SearchAction\",\"target\":{\"@type\":\"EntryPoint\",\"urlTemplate\":\"https:\\\/\\\/www.gastonballiot.fr\\\/?s={search_term_string}\"},\"query-input\":{\"@type\":\"PropertyValueSpecification\",\"valueRequired\":true,\"valueName\":\"search_term_string\"}}],\"inLanguage\":\"fr-FR\"},{\"@type\":[\"Person\",\"Organization\"],\"@id\":\"https:\\\/\\\/www.gastonballiot.fr\\\/#\\\/schema\\\/person\\\/244a5e02696abd8a65c5b1bebdb948ca\",\"name\":\"gb\",\"image\":{\"@type\":\"ImageObject\",\"inLanguage\":\"fr-FR\",\"@id\":\"https:\\\/\\\/i0.wp.com\\\/www.gastonballiot.fr\\\/wp-content\\\/uploads\\\/2017\\\/04\\\/cropped-Marianne-drapeau-rouge.gif?fit=512%2C512&ssl=1\",\"url\":\"https:\\\/\\\/i0.wp.com\\\/www.gastonballiot.fr\\\/wp-content\\\/uploads\\\/2017\\\/04\\\/cropped-Marianne-drapeau-rouge.gif?fit=512%2C512&ssl=1\",\"contentUrl\":\"https:\\\/\\\/i0.wp.com\\\/www.gastonballiot.fr\\\/wp-content\\\/uploads\\\/2017\\\/04\\\/cropped-Marianne-drapeau-rouge.gif?fit=512%2C512&ssl=1\",\"width\":512,\"height\":512,\"caption\":\"gb\"},\"logo\":{\"@id\":\"https:\\\/\\\/i0.wp.com\\\/www.gastonballiot.fr\\\/wp-content\\\/uploads\\\/2017\\\/04\\\/cropped-Marianne-drapeau-rouge.gif?fit=512%2C512&ssl=1\"},\"description\":\"Gaston Balliot, militant du Front de Gauche en pays bigouden - Pont L'Abb\u00e9 - Loctudy - Guilvinec - Penmarc'h - Ile Tudy - Combrit Ste Marine - Tr\u00e9meoc - Plon\u00e9our, p\u00eache tourisme\",\"sameAs\":[\"https:\\\/\\\/www.facebook.com\\\/gaston.balliot\\\/\"]}]}<\/script>\n<!-- \/ Yoast SEO plugin. -->","yoast_head_json":{"title":"Comment se peut-il que beaucoup ignorent encore comment, quand et par qui, s'est cr\u00e9\u00e9e la S\u00e9curit\u00e9 Sociale ??? Mais.... Qu'est-elle devenue ? - Le blog politique de Gaston","robots":{"index":"index","follow":"follow","max-snippet":"max-snippet:-1","max-image-preview":"max-image-preview:large","max-video-preview":"max-video-preview:-1"},"canonical":"https:\/\/www.gastonballiot.fr\/?p=4253","og_locale":"fr_FR","og_type":"article","og_title":"Comment se peut-il que beaucoup ignorent encore comment, quand et par qui, s'est cr\u00e9\u00e9e la S\u00e9curit\u00e9 Sociale ??? Mais.... Qu'est-elle devenue ? - Le blog politique de Gaston","og_description":"Interview \u00e0 lire jusqu&rsquo;au bout sur le site histoire et soci\u00e9t\u00e9 : https:\/\/histoireetsociete.wordpress.com\/2018\/01\/04\/la-secu-a-ete-entierement-batie-dans-un-pays-ruine-grace-a-la-seule-volonte-militante\/#comment-28118 voir \u00e9galement mon dossier sur La S\u00e9cu sur ce blog Augmentation de la CSG: le mauvais tour de passe-passe (Pierric Marrisal, L&rsquo;Humanit\u00e9) Non seulement les Fran\u00e7ais subiront les hausses d&rsquo;imp\u00f4ts, notamment de la CSG, de plein fouet, mais cette r\u00e9forme fiscale fragilise le financement de la protection sociale. La contribution sociale g\u00e9n\u00e9ralis\u00e9e (CSG) a augment\u00e9 de 1,7 point, \u00e0 9,2 %, le 1er janvier. Presque tout le monde ... Lire la suite...","og_url":"https:\/\/www.gastonballiot.fr\/?p=4253","og_site_name":"Le blog politique de Gaston","article_publisher":"https:\/\/www.facebook.com\/gaston.balliot\/","article_author":"https:\/\/www.facebook.com\/gaston.balliot\/","article_published_time":"2018-01-07T07:13:35+00:00","article_modified_time":"2018-01-21T16:17:31+00:00","og_image":[{"width":1024,"height":570,"url":"https:\/\/www.gastonballiot.fr\/wp-content\/uploads\/2018\/01\/Croizar_\u00e9quipe.jpg","type":"image\/jpeg"}],"author":"gb","twitter_card":"summary_large_image","twitter_misc":{"\u00c9crit par":"gb","Dur\u00e9e de lecture estim\u00e9e":"4 minutes"},"schema":{"@context":"https:\/\/schema.org","@graph":[{"@type":"Article","@id":"https:\/\/www.gastonballiot.fr\/?p=4253#article","isPartOf":{"@id":"https:\/\/www.gastonballiot.fr\/?p=4253"},"author":{"name":"gb","@id":"https:\/\/www.gastonballiot.fr\/#\/schema\/person\/244a5e02696abd8a65c5b1bebdb948ca"},"headline":"Comment se peut-il que beaucoup ignorent encore comment, quand et par qui, s&rsquo;est cr\u00e9\u00e9e la S\u00e9curit\u00e9 Sociale ??? Mais&#8230;. Qu&rsquo;est-elle devenue ?","datePublished":"2018-01-07T07:13:35+00:00","dateModified":"2018-01-21T16:17:31+00:00","mainEntityOfPage":{"@id":"https:\/\/www.gastonballiot.fr\/?p=4253"},"wordCount":757,"commentCount":0,"publisher":{"@id":"https:\/\/www.gastonballiot.fr\/#\/schema\/person\/244a5e02696abd8a65c5b1bebdb948ca"},"image":{"@id":"https:\/\/www.gastonballiot.fr\/?p=4253#primaryimage"},"thumbnailUrl":"https:\/\/i0.wp.com\/www.gastonballiot.fr\/wp-content\/uploads\/2018\/01\/Croizar_%C3%A9quipe.jpg?fit=1024%2C570&ssl=1","keywords":["Croizat","CSG","s\u00e9curit\u00e9 sociale"],"articleSection":["Economie","Social"],"inLanguage":"fr-FR","potentialAction":[{"@type":"CommentAction","name":"Comment","target":["https:\/\/www.gastonballiot.fr\/?p=4253#respond"]}]},{"@type":"WebPage","@id":"https:\/\/www.gastonballiot.fr\/?p=4253","url":"https:\/\/www.gastonballiot.fr\/?p=4253","name":"Comment se peut-il que beaucoup ignorent encore comment, quand et par qui, s'est cr\u00e9\u00e9e la S\u00e9curit\u00e9 Sociale ??? Mais.... Qu'est-elle devenue ? - Le blog politique de Gaston","isPartOf":{"@id":"https:\/\/www.gastonballiot.fr\/#website"},"primaryImageOfPage":{"@id":"https:\/\/www.gastonballiot.fr\/?p=4253#primaryimage"},"image":{"@id":"https:\/\/www.gastonballiot.fr\/?p=4253#primaryimage"},"thumbnailUrl":"https:\/\/i0.wp.com\/www.gastonballiot.fr\/wp-content\/uploads\/2018\/01\/Croizar_%C3%A9quipe.jpg?fit=1024%2C570&ssl=1","datePublished":"2018-01-07T07:13:35+00:00","dateModified":"2018-01-21T16:17:31+00:00","breadcrumb":{"@id":"https:\/\/www.gastonballiot.fr\/?p=4253#breadcrumb"},"inLanguage":"fr-FR","potentialAction":[{"@type":"ReadAction","target":["https:\/\/www.gastonballiot.fr\/?p=4253"]}]},{"@type":"ImageObject","inLanguage":"fr-FR","@id":"https:\/\/www.gastonballiot.fr\/?p=4253#primaryimage","url":"https:\/\/i0.wp.com\/www.gastonballiot.fr\/wp-content\/uploads\/2018\/01\/Croizar_%C3%A9quipe.jpg?fit=1024%2C570&ssl=1","contentUrl":"https:\/\/i0.wp.com\/www.gastonballiot.fr\/wp-content\/uploads\/2018\/01\/Croizar_%C3%A9quipe.jpg?fit=1024%2C570&ssl=1","width":1024,"height":570},{"@type":"BreadcrumbList","@id":"https:\/\/www.gastonballiot.fr\/?p=4253#breadcrumb","itemListElement":[{"@type":"ListItem","position":1,"name":"Accueil","item":"https:\/\/www.gastonballiot.fr\/"},{"@type":"ListItem","position":2,"name":"Comment se peut-il que beaucoup ignorent encore comment, quand et par qui, s&#8217;est cr\u00e9\u00e9e la S\u00e9curit\u00e9 Sociale ??? Mais&#8230;. Qu&#8217;est-elle devenue ?"}]},{"@type":"WebSite","@id":"https:\/\/www.gastonballiot.fr\/#website","url":"https:\/\/www.gastonballiot.fr\/","name":"Le blog politique de Gaston","description":"L&#039;humain d&#039;abord, pas la finance !","publisher":{"@id":"https:\/\/www.gastonballiot.fr\/#\/schema\/person\/244a5e02696abd8a65c5b1bebdb948ca"},"potentialAction":[{"@type":"SearchAction","target":{"@type":"EntryPoint","urlTemplate":"https:\/\/www.gastonballiot.fr\/?s={search_term_string}"},"query-input":{"@type":"PropertyValueSpecification","valueRequired":true,"valueName":"search_term_string"}}],"inLanguage":"fr-FR"},{"@type":["Person","Organization"],"@id":"https:\/\/www.gastonballiot.fr\/#\/schema\/person\/244a5e02696abd8a65c5b1bebdb948ca","name":"gb","image":{"@type":"ImageObject","inLanguage":"fr-FR","@id":"https:\/\/i0.wp.com\/www.gastonballiot.fr\/wp-content\/uploads\/2017\/04\/cropped-Marianne-drapeau-rouge.gif?fit=512%2C512&ssl=1","url":"https:\/\/i0.wp.com\/www.gastonballiot.fr\/wp-content\/uploads\/2017\/04\/cropped-Marianne-drapeau-rouge.gif?fit=512%2C512&ssl=1","contentUrl":"https:\/\/i0.wp.com\/www.gastonballiot.fr\/wp-content\/uploads\/2017\/04\/cropped-Marianne-drapeau-rouge.gif?fit=512%2C512&ssl=1","width":512,"height":512,"caption":"gb"},"logo":{"@id":"https:\/\/i0.wp.com\/www.gastonballiot.fr\/wp-content\/uploads\/2017\/04\/cropped-Marianne-drapeau-rouge.gif?fit=512%2C512&ssl=1"},"description":"Gaston Balliot, militant du Front de Gauche en pays bigouden - Pont L'Abb\u00e9 - Loctudy - Guilvinec - Penmarc'h - Ile Tudy - Combrit Ste Marine - Tr\u00e9meoc - Plon\u00e9our, p\u00eache tourisme","sameAs":["https:\/\/www.facebook.com\/gaston.balliot\/"]}]}},"jetpack_featured_media_url":"https:\/\/i0.wp.com\/www.gastonballiot.fr\/wp-content\/uploads\/2018\/01\/Croizar_%C3%A9quipe.jpg?fit=1024%2C570&ssl=1","jetpack_shortlink":"https:\/\/wp.me\/p5UTaD-16B","jetpack-related-posts":[],"jetpack_likes_enabled":true,"jetpack_sharing_enabled":true,"_links":{"self":[{"href":"https:\/\/www.gastonballiot.fr\/index.php?rest_route=\/wp\/v2\/posts\/4253","targetHints":{"allow":["GET"]}}],"collection":[{"href":"https:\/\/www.gastonballiot.fr\/index.php?rest_route=\/wp\/v2\/posts"}],"about":[{"href":"https:\/\/www.gastonballiot.fr\/index.php?rest_route=\/wp\/v2\/types\/post"}],"author":[{"embeddable":true,"href":"https:\/\/www.gastonballiot.fr\/index.php?rest_route=\/wp\/v2\/users\/1"}],"replies":[{"embeddable":true,"href":"https:\/\/www.gastonballiot.fr\/index.php?rest_route=%2Fwp%2Fv2%2Fcomments&post=4253"}],"version-history":[{"count":0,"href":"https:\/\/www.gastonballiot.fr\/index.php?rest_route=\/wp\/v2\/posts\/4253\/revisions"}],"wp:featuredmedia":[{"embeddable":true,"href":"https:\/\/www.gastonballiot.fr\/index.php?rest_route=\/wp\/v2\/media\/4254"}],"wp:attachment":[{"href":"https:\/\/www.gastonballiot.fr\/index.php?rest_route=%2Fwp%2Fv2%2Fmedia&parent=4253"}],"wp:term":[{"taxonomy":"category","embeddable":true,"href":"https:\/\/www.gastonballiot.fr\/index.php?rest_route=%2Fwp%2Fv2%2Fcategories&post=4253"},{"taxonomy":"post_tag","embeddable":true,"href":"https:\/\/www.gastonballiot.fr\/index.php?rest_route=%2Fwp%2Fv2%2Ftags&post=4253"}],"curies":[{"name":"wp","href":"https:\/\/api.w.org\/{rel}","templated":true}]}}