{"id":4606,"date":"2018-04-18T15:31:39","date_gmt":"2018-04-18T13:31:39","guid":{"rendered":"https:\/\/www.gastonballiot.fr\/?p=4606"},"modified":"2018-04-18T15:41:39","modified_gmt":"2018-04-18T13:41:39","slug":"jean-ziegler-loptimisme-de-la-volonte-documentaire-disponible-jusquau-3-mai-sur-arte-tv","status":"publish","type":"post","link":"https:\/\/www.gastonballiot.fr\/?p=4606","title":{"rendered":"Jean Ziegler, l&rsquo;optimisme de la volont\u00e9. Documentaire disponible jusqu&rsquo;au 3 mai sur Arte.tv"},"content":{"rendered":"<h3><a href=\"https:\/\/www.arte.tv\/fr\/videos\/065353-000-A\/jean-ziegler-l-optimisme-de-la-volonte\/\" target=\"_blank\" rel=\"noopener\">https:\/\/www.arte.tv\/fr\/videos\/065353-000-A\/jean-ziegler-l-optimisme-de-la-volonte\/<\/a><\/h3>\n<p>Cin\u00e9ma. <strong>Un bout de chemin avec un intellectuel engag\u00e9<\/strong><br \/>\nLaurent Etre,\u00a0\u00a0 Mardi, 17 Avril, 2018,\u00a0\u00a0 L&rsquo;Humanit\u00e9<br \/>\n<strong>Un film qui laisse au spectateur la possibilit\u00e9 de se forger sa propre opinion sur Jean Ziegler.<\/strong><\/p>\n<p>Jean Ziegler, l\u2019optimisme de la volont\u00e9 Documentaire (France\/Suisse), 1\u2009h\u200933<br \/>\nDisponible jusqu\u2019au 3 mai, en version courte, sur le site Arte.tv, un documentaire consacr\u00e9 \u00e0 Jean Ziegler sort demain en salles. \u00c0 ne pas manquer.<br \/>\nAvec un titre en clin d\u2019\u0153il \u00e0 la fameuse invitation du th\u00e9oricien communiste italien Gramsci \u00e0 marier \u00ab\u2009le pessimisme de l\u2019intelligence\u2009\u00bb et \u00ab\u2009l\u2019optimisme de la volont\u00e9\u2009\u00bb, ce documentaire de Nicolas Wadimoff donne \u00e0 voir toutes les asp\u00e9rit\u00e9s de l\u2019intellectuel altermondialiste Jean Ziegler. Les \u00e9changes entre les deux hommes (le r\u00e9alisateur intervient en voix off) laissent entrevoir \u00e0 la fois une complicit\u00e9 certaine sur les combats fondamentaux et une absence totale de complaisance quand les d\u00e9saccords ou les diff\u00e9rences de sensibilit\u00e9 \u00e9mergent. \u00ab\u2009Je ne voulais pas d\u00e9rouler le tapis rouge \u00e0 Jean \u00adZiegler. Pour autant, j\u2019ai une vraie sympathie pour le personnage et une proximit\u00e9 politique, bien qu\u2019il soit, lui, marxiste, et moi plut\u00f4t de culture anarchiste\u2009\u00bb, explique Nicolas Wadimoff.<\/p>\n<p>Une d\u00e9marche qui ouvre aux spectateurs l\u2019espace n\u00e9cessaire \u00e0 la formation de leur propre opinion sur les strat\u00e9gies les plus \u00e0 m\u00eame de nous lib\u00e9rer de ce que Jean Ziegler nomme \u00ab\u2009la dictature mondiale des oligarchies du capital financier globalis\u00e9\u2009\u00bb.<\/p>\n<p>Car tel est bien le sujet central de ce film, qui se d\u00e9roule en grande partie \u00e0 Cuba. \u00c0 travers la personnalit\u00e9 de ce fervent soutien de la r\u00e9volution cubaine, qui c\u00f4toya de pr\u00e8s Che Guevara, s\u2019expriment \u00e0 la fois la confiance en une \u00ab\u2009soci\u00e9t\u00e9 civile plan\u00e9taire\u2009\u00bb et une attirance pour l\u2019action politique centralis\u00e9e, s\u2019exer\u00e7ant de haut en bas.<\/p>\n<p>On d\u00e9couvre un Ziegler id\u00e9aliste, qui m\u00e9dite sur sa \u00ab\u2009mission de vie\u2009\u00bb, voit en la conscience humaine \u00ab\u2009la plus grande force historique\u2009\u00bb ou invoque \u00ab\u2009l\u2019humanisation de l\u2019homme\u2009\u00bb avec des accents volontiers jaur\u00e9siens. Mais un Ziegler qui fait aussi sienne et sans nuance la phrase de L\u00e9nine affich\u00e9e \u00e0 l\u2019entr\u00e9e d\u2019une coop\u00e9rative agricole\u2009: \u00ab\u2009La confiance, c\u2019est bien. Le contr\u00f4le, c\u2019est mieux.\u2009\u00bb<\/p>\n<p>\u00ab\u2009Jean Ziegler est un homme d\u2019une tr\u00e8s grande humanit\u00e9, qui \u00e9coute et aime les gens. C\u2019est aussi un animal politique, capable d\u2019encaisser les coups, comme on l\u2019a vu avec tous les proc\u00e8s que lui ont intent\u00e9s les financiers helv\u00e9tiques, \u00e0 la suite de ses remises en cause du secret bancaire. Et, en m\u00eame temps, il a, \u00e0 mon sens, une coupable fascination pour les appareils de pouvoir\u2009\u00bb, analyse Nicolas Wadimoff.<\/p>\n<p>Tr\u00e8s instructif sur les rapports de forces g\u00e9opolitiques<br \/>\nQuoi qu\u2019il en soit, Jean Ziegler, aujourd\u2019hui vice-pr\u00e9sident du comit\u00e9 consultatif du Conseil des droits de l\u2019homme de l\u2019ONU, est, \u00e0 sa fa\u00e7on, un combattant. Les s\u00e9quences tourn\u00e9es \u00e0 Gen\u00e8ve, o\u00f9 il tente d\u2019arracher un accord pour interdire les hedges funds (fonds vautours, en fran\u00e7ais), sont par ailleurs tr\u00e8s instructives quant aux derni\u00e8res \u00e9volutions des rapports de forces g\u00e9opolitiques\u2026<\/p>\n<p>\u00c0 d\u2019autres moments, loin de l\u2019ambiance feutr\u00e9e des grandes institutions, les discussions s\u2019engagent \u00e0 b\u00e2tons rompus avec Nicolas Wadimoff, ce qui donne quelques r\u00e9pliques savoureuses. Comme par exemple, lorsque, fatigu\u00e9 de se d\u00e9battre sur la question de la libert\u00e9 de la presse \u00e0 Cuba, Jean Ziegler lance \u00e0 son contradicteur\u2009: \u00ab\u2009La presse, on s\u2019en fout\u2009! T\u2019as besoin, pour vivre, de la Tribune de Gen\u00e8ve\u2009?\u2009\u00bb Rire g\u00e9n\u00e9ral, fin de la joute.<\/p>\n<p>Et cependant, par-del\u00e0 l\u2019outrance de tels propos, l\u2019essentiel a \u00e9t\u00e9 pos\u00e9 sur la table\u2009: comment faire avancer de front tous les droits humains\u2009? Est-ce m\u00eame possible\u2009?<\/p>\n<p>Ainsi, ce documentaire-portrait, sans clich\u00e9s ni raccourcis, s\u2019av\u00e8re de nature \u00e0 enrichir la r\u00e9flexion de celles et ceux qui aspirent \u00e0 un monde de justice et de solidarit\u00e9.<\/p>\n<h3 style=\"text-align: center;\"><a href=\"https:\/\/www.gastonballiot.fr\/?s=Ziegler\" target=\"_blank\" rel=\"noopener\"><strong>Autres articles sur mon blog citant Jean Ziegler<\/strong><\/a><\/h3>\n<p>&nbsp;<\/p>\n","protected":false},"excerpt":{"rendered":"<p>https:\/\/www.arte.tv\/fr\/videos\/065353-000-A\/jean-ziegler-l-optimisme-de-la-volonte\/ Cin\u00e9ma. Un bout de chemin avec un intellectuel engag\u00e9 Laurent Etre,\u00a0\u00a0 Mardi, 17 Avril, 2018,\u00a0\u00a0 L&rsquo;Humanit\u00e9 Un film qui laisse au spectateur la possibilit\u00e9 de se forger sa propre opinion sur Jean Ziegler. Jean Ziegler, l\u2019optimisme de la volont\u00e9 Documentaire (France\/Suisse), 1\u2009h\u200933 Disponible jusqu\u2019au 3 mai, en version courte, sur le site Arte.tv, un documentaire consacr\u00e9 \u00e0 Jean Ziegler sort demain en salles. \u00c0 ne pas manquer. Avec un titre en clin d\u2019\u0153il \u00e0 la fameuse invitation du th\u00e9oricien communiste &#8230; <a title=\"Jean Ziegler, l&rsquo;optimisme de la volont\u00e9. Documentaire disponible jusqu&rsquo;au 3 mai sur Arte.tv\" class=\"read-more\" href=\"https:\/\/www.gastonballiot.fr\/?p=4606\" aria-label=\"Plus sur Jean Ziegler, l&rsquo;optimisme de la volont\u00e9. Documentaire disponible jusqu&rsquo;au 3 mai sur Arte.tv\">Lire la suite&#8230;<\/a><\/p>\n","protected":false},"author":1,"featured_media":0,"comment_status":"open","ping_status":"open","sticky":false,"template":"","format":"standard","meta":{"ngg_post_thumbnail":0,"jetpack_post_was_ever_published":false,"_jetpack_newsletter_access":"","_jetpack_dont_email_post_to_subs":false,"_jetpack_newsletter_tier_id":0,"_jetpack_memberships_contains_paywalled_content":false,"_jetpack_memberships_contains_paid_content":false,"footnotes":"","jetpack_publicize_message":"","jetpack_publicize_feature_enabled":true,"jetpack_social_post_already_shared":true,"jetpack_social_options":{"image_generator_settings":{"template":"highway","enabled":false},"version":2}},"categories":[2,5,7,12],"tags":[222],"class_list":["post-4606","post","type-post","status-publish","format-standard","hentry","category-a-la-une","category-democratie","category-environnement","category-paix-desarmement","tag-ziegler","infinite-scroll-item","masonry-post","generate-columns","tablet-grid-50","mobile-grid-100","grid-parent","grid-33"],"jetpack_publicize_connections":[],"yoast_head":"<!-- This site is optimized with the Yoast SEO plugin v27.5 - https:\/\/yoast.com\/product\/yoast-seo-wordpress\/ -->\n<title>Jean Ziegler, l&#039;optimisme de la volont\u00e9. Documentaire disponible jusqu&#039;au 3 mai sur Arte.tv - Le blog politique de Gaston<\/title>\n<meta name=\"robots\" content=\"index, follow, max-snippet:-1, max-image-preview:large, max-video-preview:-1\" \/>\n<link rel=\"canonical\" href=\"https:\/\/www.gastonballiot.fr\/?p=4606\" \/>\n<meta property=\"og:locale\" content=\"fr_FR\" \/>\n<meta property=\"og:type\" content=\"article\" \/>\n<meta property=\"og:title\" content=\"Jean Ziegler, l&#039;optimisme de la volont\u00e9. Documentaire disponible jusqu&#039;au 3 mai sur Arte.tv - Le blog politique de Gaston\" \/>\n<meta property=\"og:description\" content=\"https:\/\/www.arte.tv\/fr\/videos\/065353-000-A\/jean-ziegler-l-optimisme-de-la-volonte\/ Cin\u00e9ma. Un bout de chemin avec un intellectuel engag\u00e9 Laurent Etre,\u00a0\u00a0 Mardi, 17 Avril, 2018,\u00a0\u00a0 L&rsquo;Humanit\u00e9 Un film qui laisse au spectateur la possibilit\u00e9 de se forger sa propre opinion sur Jean Ziegler. Jean Ziegler, l\u2019optimisme de la volont\u00e9 Documentaire (France\/Suisse), 1\u2009h\u200933 Disponible jusqu\u2019au 3 mai, en version courte, sur le site Arte.tv, un documentaire consacr\u00e9 \u00e0 Jean Ziegler sort demain en salles. \u00c0 ne pas manquer. Avec un titre en clin d\u2019\u0153il \u00e0 la fameuse invitation du th\u00e9oricien communiste ... Lire la suite...\" \/>\n<meta property=\"og:url\" content=\"https:\/\/www.gastonballiot.fr\/?p=4606\" \/>\n<meta property=\"og:site_name\" content=\"Le blog politique de Gaston\" \/>\n<meta property=\"article:publisher\" content=\"https:\/\/www.facebook.com\/gaston.balliot\/\" \/>\n<meta property=\"article:author\" content=\"https:\/\/www.facebook.com\/gaston.balliot\/\" \/>\n<meta property=\"article:published_time\" content=\"2018-04-18T13:31:39+00:00\" \/>\n<meta property=\"article:modified_time\" content=\"2018-04-18T13:41:39+00:00\" \/>\n<meta name=\"author\" content=\"gb\" \/>\n<meta name=\"twitter:card\" content=\"summary_large_image\" \/>\n<meta name=\"twitter:label1\" content=\"\u00c9crit par\" \/>\n\t<meta name=\"twitter:data1\" content=\"gb\" \/>\n\t<meta name=\"twitter:label2\" content=\"Dur\u00e9e de lecture estim\u00e9e\" \/>\n\t<meta name=\"twitter:data2\" content=\"3 minutes\" \/>\n<script type=\"application\/ld+json\" class=\"yoast-schema-graph\">{\"@context\":\"https:\\\/\\\/schema.org\",\"@graph\":[{\"@type\":\"Article\",\"@id\":\"https:\\\/\\\/www.gastonballiot.fr\\\/?p=4606#article\",\"isPartOf\":{\"@id\":\"https:\\\/\\\/www.gastonballiot.fr\\\/?p=4606\"},\"author\":{\"name\":\"gb\",\"@id\":\"https:\\\/\\\/www.gastonballiot.fr\\\/#\\\/schema\\\/person\\\/244a5e02696abd8a65c5b1bebdb948ca\"},\"headline\":\"Jean Ziegler, l&rsquo;optimisme de la volont\u00e9. Documentaire disponible jusqu&rsquo;au 3 mai sur Arte.tv\",\"datePublished\":\"2018-04-18T13:31:39+00:00\",\"dateModified\":\"2018-04-18T13:41:39+00:00\",\"mainEntityOfPage\":{\"@id\":\"https:\\\/\\\/www.gastonballiot.fr\\\/?p=4606\"},\"wordCount\":709,\"commentCount\":0,\"publisher\":{\"@id\":\"https:\\\/\\\/www.gastonballiot.fr\\\/#\\\/schema\\\/person\\\/244a5e02696abd8a65c5b1bebdb948ca\"},\"keywords\":[\"Ziegler\"],\"articleSection\":[\"A la une\",\"D\u00e9mocratie\",\"Environnement\",\"Paix-D\u00e9sarmement\"],\"inLanguage\":\"fr-FR\",\"potentialAction\":[{\"@type\":\"CommentAction\",\"name\":\"Comment\",\"target\":[\"https:\\\/\\\/www.gastonballiot.fr\\\/?p=4606#respond\"]}]},{\"@type\":\"WebPage\",\"@id\":\"https:\\\/\\\/www.gastonballiot.fr\\\/?p=4606\",\"url\":\"https:\\\/\\\/www.gastonballiot.fr\\\/?p=4606\",\"name\":\"Jean Ziegler, l'optimisme de la volont\u00e9. Documentaire disponible jusqu'au 3 mai sur Arte.tv - Le blog politique de Gaston\",\"isPartOf\":{\"@id\":\"https:\\\/\\\/www.gastonballiot.fr\\\/#website\"},\"datePublished\":\"2018-04-18T13:31:39+00:00\",\"dateModified\":\"2018-04-18T13:41:39+00:00\",\"breadcrumb\":{\"@id\":\"https:\\\/\\\/www.gastonballiot.fr\\\/?p=4606#breadcrumb\"},\"inLanguage\":\"fr-FR\",\"potentialAction\":[{\"@type\":\"ReadAction\",\"target\":[\"https:\\\/\\\/www.gastonballiot.fr\\\/?p=4606\"]}]},{\"@type\":\"BreadcrumbList\",\"@id\":\"https:\\\/\\\/www.gastonballiot.fr\\\/?p=4606#breadcrumb\",\"itemListElement\":[{\"@type\":\"ListItem\",\"position\":1,\"name\":\"Accueil\",\"item\":\"https:\\\/\\\/www.gastonballiot.fr\\\/\"},{\"@type\":\"ListItem\",\"position\":2,\"name\":\"Jean Ziegler, l&#8217;optimisme de la volont\u00e9. Documentaire disponible jusqu&#8217;au 3 mai sur Arte.tv\"}]},{\"@type\":\"WebSite\",\"@id\":\"https:\\\/\\\/www.gastonballiot.fr\\\/#website\",\"url\":\"https:\\\/\\\/www.gastonballiot.fr\\\/\",\"name\":\"Le blog politique de Gaston\",\"description\":\"L&#039;humain d&#039;abord, pas la finance !\",\"publisher\":{\"@id\":\"https:\\\/\\\/www.gastonballiot.fr\\\/#\\\/schema\\\/person\\\/244a5e02696abd8a65c5b1bebdb948ca\"},\"potentialAction\":[{\"@type\":\"SearchAction\",\"target\":{\"@type\":\"EntryPoint\",\"urlTemplate\":\"https:\\\/\\\/www.gastonballiot.fr\\\/?s={search_term_string}\"},\"query-input\":{\"@type\":\"PropertyValueSpecification\",\"valueRequired\":true,\"valueName\":\"search_term_string\"}}],\"inLanguage\":\"fr-FR\"},{\"@type\":[\"Person\",\"Organization\"],\"@id\":\"https:\\\/\\\/www.gastonballiot.fr\\\/#\\\/schema\\\/person\\\/244a5e02696abd8a65c5b1bebdb948ca\",\"name\":\"gb\",\"image\":{\"@type\":\"ImageObject\",\"inLanguage\":\"fr-FR\",\"@id\":\"https:\\\/\\\/i0.wp.com\\\/www.gastonballiot.fr\\\/wp-content\\\/uploads\\\/2017\\\/04\\\/cropped-Marianne-drapeau-rouge.gif?fit=512%2C512&ssl=1\",\"url\":\"https:\\\/\\\/i0.wp.com\\\/www.gastonballiot.fr\\\/wp-content\\\/uploads\\\/2017\\\/04\\\/cropped-Marianne-drapeau-rouge.gif?fit=512%2C512&ssl=1\",\"contentUrl\":\"https:\\\/\\\/i0.wp.com\\\/www.gastonballiot.fr\\\/wp-content\\\/uploads\\\/2017\\\/04\\\/cropped-Marianne-drapeau-rouge.gif?fit=512%2C512&ssl=1\",\"width\":512,\"height\":512,\"caption\":\"gb\"},\"logo\":{\"@id\":\"https:\\\/\\\/i0.wp.com\\\/www.gastonballiot.fr\\\/wp-content\\\/uploads\\\/2017\\\/04\\\/cropped-Marianne-drapeau-rouge.gif?fit=512%2C512&ssl=1\"},\"description\":\"Gaston Balliot, militant du Front de Gauche en pays bigouden - Pont L'Abb\u00e9 - Loctudy - Guilvinec - Penmarc'h - Ile Tudy - Combrit Ste Marine - Tr\u00e9meoc - Plon\u00e9our, p\u00eache tourisme\",\"sameAs\":[\"https:\\\/\\\/www.facebook.com\\\/gaston.balliot\\\/\"]}]}<\/script>\n<!-- \/ Yoast SEO plugin. -->","yoast_head_json":{"title":"Jean Ziegler, l'optimisme de la volont\u00e9. Documentaire disponible jusqu'au 3 mai sur Arte.tv - Le blog politique de Gaston","robots":{"index":"index","follow":"follow","max-snippet":"max-snippet:-1","max-image-preview":"max-image-preview:large","max-video-preview":"max-video-preview:-1"},"canonical":"https:\/\/www.gastonballiot.fr\/?p=4606","og_locale":"fr_FR","og_type":"article","og_title":"Jean Ziegler, l'optimisme de la volont\u00e9. Documentaire disponible jusqu'au 3 mai sur Arte.tv - Le blog politique de Gaston","og_description":"https:\/\/www.arte.tv\/fr\/videos\/065353-000-A\/jean-ziegler-l-optimisme-de-la-volonte\/ Cin\u00e9ma. Un bout de chemin avec un intellectuel engag\u00e9 Laurent Etre,\u00a0\u00a0 Mardi, 17 Avril, 2018,\u00a0\u00a0 L&rsquo;Humanit\u00e9 Un film qui laisse au spectateur la possibilit\u00e9 de se forger sa propre opinion sur Jean Ziegler. Jean Ziegler, l\u2019optimisme de la volont\u00e9 Documentaire (France\/Suisse), 1\u2009h\u200933 Disponible jusqu\u2019au 3 mai, en version courte, sur le site Arte.tv, un documentaire consacr\u00e9 \u00e0 Jean Ziegler sort demain en salles. \u00c0 ne pas manquer. Avec un titre en clin d\u2019\u0153il \u00e0 la fameuse invitation du th\u00e9oricien communiste ... Lire la suite...","og_url":"https:\/\/www.gastonballiot.fr\/?p=4606","og_site_name":"Le blog politique de Gaston","article_publisher":"https:\/\/www.facebook.com\/gaston.balliot\/","article_author":"https:\/\/www.facebook.com\/gaston.balliot\/","article_published_time":"2018-04-18T13:31:39+00:00","article_modified_time":"2018-04-18T13:41:39+00:00","author":"gb","twitter_card":"summary_large_image","twitter_misc":{"\u00c9crit par":"gb","Dur\u00e9e de lecture estim\u00e9e":"3 minutes"},"schema":{"@context":"https:\/\/schema.org","@graph":[{"@type":"Article","@id":"https:\/\/www.gastonballiot.fr\/?p=4606#article","isPartOf":{"@id":"https:\/\/www.gastonballiot.fr\/?p=4606"},"author":{"name":"gb","@id":"https:\/\/www.gastonballiot.fr\/#\/schema\/person\/244a5e02696abd8a65c5b1bebdb948ca"},"headline":"Jean Ziegler, l&rsquo;optimisme de la volont\u00e9. Documentaire disponible jusqu&rsquo;au 3 mai sur Arte.tv","datePublished":"2018-04-18T13:31:39+00:00","dateModified":"2018-04-18T13:41:39+00:00","mainEntityOfPage":{"@id":"https:\/\/www.gastonballiot.fr\/?p=4606"},"wordCount":709,"commentCount":0,"publisher":{"@id":"https:\/\/www.gastonballiot.fr\/#\/schema\/person\/244a5e02696abd8a65c5b1bebdb948ca"},"keywords":["Ziegler"],"articleSection":["A la une","D\u00e9mocratie","Environnement","Paix-D\u00e9sarmement"],"inLanguage":"fr-FR","potentialAction":[{"@type":"CommentAction","name":"Comment","target":["https:\/\/www.gastonballiot.fr\/?p=4606#respond"]}]},{"@type":"WebPage","@id":"https:\/\/www.gastonballiot.fr\/?p=4606","url":"https:\/\/www.gastonballiot.fr\/?p=4606","name":"Jean Ziegler, l'optimisme de la volont\u00e9. Documentaire disponible jusqu'au 3 mai sur Arte.tv - Le blog politique de Gaston","isPartOf":{"@id":"https:\/\/www.gastonballiot.fr\/#website"},"datePublished":"2018-04-18T13:31:39+00:00","dateModified":"2018-04-18T13:41:39+00:00","breadcrumb":{"@id":"https:\/\/www.gastonballiot.fr\/?p=4606#breadcrumb"},"inLanguage":"fr-FR","potentialAction":[{"@type":"ReadAction","target":["https:\/\/www.gastonballiot.fr\/?p=4606"]}]},{"@type":"BreadcrumbList","@id":"https:\/\/www.gastonballiot.fr\/?p=4606#breadcrumb","itemListElement":[{"@type":"ListItem","position":1,"name":"Accueil","item":"https:\/\/www.gastonballiot.fr\/"},{"@type":"ListItem","position":2,"name":"Jean Ziegler, l&#8217;optimisme de la volont\u00e9. Documentaire disponible jusqu&#8217;au 3 mai sur Arte.tv"}]},{"@type":"WebSite","@id":"https:\/\/www.gastonballiot.fr\/#website","url":"https:\/\/www.gastonballiot.fr\/","name":"Le blog politique de Gaston","description":"L&#039;humain d&#039;abord, pas la finance !","publisher":{"@id":"https:\/\/www.gastonballiot.fr\/#\/schema\/person\/244a5e02696abd8a65c5b1bebdb948ca"},"potentialAction":[{"@type":"SearchAction","target":{"@type":"EntryPoint","urlTemplate":"https:\/\/www.gastonballiot.fr\/?s={search_term_string}"},"query-input":{"@type":"PropertyValueSpecification","valueRequired":true,"valueName":"search_term_string"}}],"inLanguage":"fr-FR"},{"@type":["Person","Organization"],"@id":"https:\/\/www.gastonballiot.fr\/#\/schema\/person\/244a5e02696abd8a65c5b1bebdb948ca","name":"gb","image":{"@type":"ImageObject","inLanguage":"fr-FR","@id":"https:\/\/i0.wp.com\/www.gastonballiot.fr\/wp-content\/uploads\/2017\/04\/cropped-Marianne-drapeau-rouge.gif?fit=512%2C512&ssl=1","url":"https:\/\/i0.wp.com\/www.gastonballiot.fr\/wp-content\/uploads\/2017\/04\/cropped-Marianne-drapeau-rouge.gif?fit=512%2C512&ssl=1","contentUrl":"https:\/\/i0.wp.com\/www.gastonballiot.fr\/wp-content\/uploads\/2017\/04\/cropped-Marianne-drapeau-rouge.gif?fit=512%2C512&ssl=1","width":512,"height":512,"caption":"gb"},"logo":{"@id":"https:\/\/i0.wp.com\/www.gastonballiot.fr\/wp-content\/uploads\/2017\/04\/cropped-Marianne-drapeau-rouge.gif?fit=512%2C512&ssl=1"},"description":"Gaston Balliot, militant du Front de Gauche en pays bigouden - Pont L'Abb\u00e9 - Loctudy - Guilvinec - Penmarc'h - Ile Tudy - Combrit Ste Marine - Tr\u00e9meoc - Plon\u00e9our, p\u00eache tourisme","sameAs":["https:\/\/www.facebook.com\/gaston.balliot\/"]}]}},"jetpack_featured_media_url":"","jetpack_shortlink":"https:\/\/wp.me\/p5UTaD-1ci","jetpack-related-posts":[],"jetpack_likes_enabled":true,"jetpack_sharing_enabled":true,"_links":{"self":[{"href":"https:\/\/www.gastonballiot.fr\/index.php?rest_route=\/wp\/v2\/posts\/4606","targetHints":{"allow":["GET"]}}],"collection":[{"href":"https:\/\/www.gastonballiot.fr\/index.php?rest_route=\/wp\/v2\/posts"}],"about":[{"href":"https:\/\/www.gastonballiot.fr\/index.php?rest_route=\/wp\/v2\/types\/post"}],"author":[{"embeddable":true,"href":"https:\/\/www.gastonballiot.fr\/index.php?rest_route=\/wp\/v2\/users\/1"}],"replies":[{"embeddable":true,"href":"https:\/\/www.gastonballiot.fr\/index.php?rest_route=%2Fwp%2Fv2%2Fcomments&post=4606"}],"version-history":[{"count":0,"href":"https:\/\/www.gastonballiot.fr\/index.php?rest_route=\/wp\/v2\/posts\/4606\/revisions"}],"wp:attachment":[{"href":"https:\/\/www.gastonballiot.fr\/index.php?rest_route=%2Fwp%2Fv2%2Fmedia&parent=4606"}],"wp:term":[{"taxonomy":"category","embeddable":true,"href":"https:\/\/www.gastonballiot.fr\/index.php?rest_route=%2Fwp%2Fv2%2Fcategories&post=4606"},{"taxonomy":"post_tag","embeddable":true,"href":"https:\/\/www.gastonballiot.fr\/index.php?rest_route=%2Fwp%2Fv2%2Ftags&post=4606"}],"curies":[{"name":"wp","href":"https:\/\/api.w.org\/{rel}","templated":true}]}}