{"id":5420,"date":"2018-06-24T12:46:23","date_gmt":"2018-06-24T10:46:23","guid":{"rendered":"https:\/\/www.gastonballiot.fr\/?p=5420"},"modified":"2018-06-24T12:46:23","modified_gmt":"2018-06-24T10:46:23","slug":"la-victoire-detape-des-cheminots-par-claude-mazauric-historien","status":"publish","type":"post","link":"https:\/\/www.gastonballiot.fr\/?p=5420","title":{"rendered":"La victoire d\u2019\u00e9tape des cheminots, par Claude Mazauric, historien"},"content":{"rendered":"<div class=\"field field-name-title field-type-ds field-label-hidden\">\n<div class=\"field-items\">\n<div class=\"field-item even\">\n<h1>La victoire d\u2019\u00e9tape des cheminots<\/h1>\n<\/div>\n<\/div>\n<\/div>\n<div class=\"group-ft-auteur-date-media field-group-div\">\n<div class=\"field field-name-field-news-date-publication field-type-datetime field-label-hidden\">\n<div class=\"field-items\">\n<div class=\"field-item even\"><span class=\"date-display-single\">Humanit\u00e9&nbsp; Vendredi, 22 Juin, 2018<\/span><\/div>\n<\/div>\n<\/div>\n<div class=\"field field-name-field-news-auteur field-type-node-reference field-label-hidden\">\n<div class=\"field-items\">\n<div class=\"field-item even\"><a href=\"https:\/\/www.humanite.fr\/auteurs\/paul-antoine-luciani-657196\">Paul-Antoine Luciani<\/a><\/div>\n<\/div>\n<\/div>\n<\/div>\n<div class=\"group-texte-long field-group-div\">\n<div class=\"field field-name-field-news-chapo field-type-text-long field-label-hidden\">\n<div class=\"field-items\">\n<div class=\"field-item even\">\n<p>Les le\u00e7ons de l\u2019histoire.&nbsp; Par Claude Mazauric<\/p>\n<\/div>\n<\/div>\n<\/div>\n<div class=\"field field-name-field-news-text field-type-text-long field-label-hidden\">\n<div class=\"field-items\">\n<div class=\"field-item even\">\n<p class=\"TX\">Contrairement au discours officiel, je consid\u00e8re que les cheminots de la SNCF ont gagn\u00e9 la premi\u00e8re manche dans l\u2019incroyable combat qui les oppose aux forces de r\u00e9action. On nous bassine avec le fait qu\u2019un Parlement aux ordres a vot\u00e9 \u00ab\u2009majoritairement\u2009\u00bb une \u00ab\u2009loi\u2009\u00bb qui vise \u00e0 d\u00e9manteler le service public du transport ferroviaire. Mais la r\u00e9alit\u00e9 profonde est tout autre.<\/p>\n<p class=\"TX\">D\u2019abord parce qu\u2019une mauvaise loi peut toujours \u00eatre remplac\u00e9e par une bonne loi\u2009: ce que, par exemple, esp\u00e8rent les Britanniques qui subissent les effets d\u2019une privatisation de leur chemin de fer public. Mais, surtout, en admettant qu\u2019on veuille en France appliquer ladite loi vot\u00e9e il y a peu, quelle foire d\u2019empoigne en perspective\u2009! Il faudra plus ou moins vite \u00ab\u2009expliquer\u2009\u00bb aux habitants d\u2019Abbeville ou de Langogne, d\u2019Albi, du sud de l\u2019Is\u00e8re ou de Moulins, etc. qu\u2019il ne leur restera pour se mouvoir d\u2019une ville \u00e0 l\u2019autre que les bus Macron au bilan carbone catastrophique, circulant sur des routes \u00e0 deux voies surcharg\u00e9es, en doublant le temps de leur voyage\u2009! Sacr\u00e9 bilan en perspective. En outre, on aura d\u00fb passer par les voies d\u2019une \u00ab\u2009privatisation\u2009\u00bb tortueuse pour rendre attractive aux capitaux priv\u00e9s une r\u00e9organisation du restant d\u2019un r\u00e9seau ferroviaire, contre l\u2019immense majorit\u00e9 du personnel ci-devant SNCF\u2009! Bonjour pour l\u2019attractivit\u00e9 du march\u00e9\u2026 Enfin, il faudra faire tout cela (et le reste) en composant avec les usagers (pardon les \u00ab\u2009clients\u2009\u00bb\u2009!) qui r\u00e9clameront vite la renationalisation. Le visage de cire de la ministre pr\u00e9pos\u00e9e nous laisse deviner tout cela, comme par anticipation\u2009!<\/p>\n<p class=\"TX\">Macron, Pepy, et tout ce beau monde, ont tent\u00e9 de faire croire, par m\u00e9dias aux ordres, que les r\u00e9formes dont ils s\u2019inspirent et r\u00e9alis\u00e9es en Europe ont \u00ab\u2009bien march\u00e9\u2009\u00bb\u2009! Ils n\u2019ont rien d\u00e9montr\u00e9 de convaincant, s\u2019agissant de l\u2019Allemagne, de l\u2019Italie ou de la Grande-Bretagne\u2009: du coup, leur propagande a cess\u00e9. Mieux, leurs pr\u00e9tendues d\u00e9monstrations ont r\u00e9v\u00e9l\u00e9 le contraire\u2009: abandon de lignes, surco\u00fbts, in\u00e9galit\u00e9s r\u00e9gionales renforc\u00e9es, ins\u00e9curit\u00e9, concentration des moyens sur la part du r\u00e9seau qui convient aux mieux lotis de la soci\u00e9t\u00e9\u2009! Par contre, ce qui appara\u00eet est que le chemin de fer en tant qu\u2019entreprise publique est ce qui assure, \u00e0 conditions variables, le meilleur transport collectif des habitants des pays concern\u00e9s\u2009: exemples, les pays scandinaves, la Suisse (avec son ferroutage syst\u00e9matique), le Japon\u2026 Et m\u00eame, hors d\u2019\u00e9chelle commune, la Russie\u2009!<\/p>\n<p class=\"TX\">D\u2019ici peu, les citoyens mesureront vite que la grande bourgeoisie, vous savez bien, cette vieille chose r\u00e9actionnaire dont les anc\u00eatres r\u00eavaient de crever les yeux des communards en mai 1871, ce \u00ab\u2009milieu\u2009\u00bb dont les pilotes ne se sont pas rendus en nombre \u00e0 Londres, de 1941 \u00e0 1944, s\u2019est montr\u00e9e une fois de plus dispos\u00e9e \u00e0 liquider, apr\u00e8s l\u2019avoir affaibli et d\u00e9garni, un \u00e9quipement national remarquable qui ne lui devait pratiquement rien depuis 1841\u2009! Un r\u00e9seau devenu l\u2019un des meilleurs r\u00e9seaux ferr\u00e9s du monde, tout cela pour faire du bl\u00e9 et attirer dans ses coffres num\u00e9riques les survaleurs en d\u00e9sh\u00e9rence mondiale. De quoi, je conclus que la premi\u00e8re et formidable victoire des cheminots, au terme de la premi\u00e8re phase de leur lutte, sera d\u2019avoir r\u00e9habilit\u00e9 la r\u00e9sistance \u00e0 un mauvais coup pr\u00e9par\u00e9 de loin. Souvenons-nous\u2009: Sartre rendait hommage \u00e0 Henri Alleg, tortur\u00e9, meurtri, menac\u00e9 de mort et apparemment isol\u00e9 par des officiers f\u00e9lons. Il concluait par ce mot admiratif\u2009: \u00ab\u2009Le vainqueur, c\u2019est lui\u2009!\u2009\u00bb Aujourd\u2019hui, dans un tout autre combat, moins tragique mais \u00e0 sa fa\u00e7on plein d\u2019avenir, ceux qui l\u2019emportent, ce sont les cheminots en lutte. Accompagnons-les avec ferveur dans leur combat prolong\u00e9.<\/p>\n<div class=\"CO\">\n<p class=\"TX\">Claude Mazauric<\/p>\n<\/div>\n<div class=\"E2\">\n<p class=\"TX\">Historien<\/p>\n<\/div>\n<\/div>\n<\/div>\n<\/div>\n<\/div>\n","protected":false},"excerpt":{"rendered":"<p>La victoire d\u2019\u00e9tape des cheminots Humanit\u00e9&nbsp; Vendredi, 22 Juin, 2018 Paul-Antoine Luciani Les le\u00e7ons de l\u2019histoire.&nbsp; Par Claude Mazauric Contrairement au discours officiel, je consid\u00e8re que les cheminots de la SNCF ont gagn\u00e9 la premi\u00e8re manche dans l\u2019incroyable combat qui les oppose aux forces de r\u00e9action. On nous bassine avec le fait qu\u2019un Parlement aux ordres a vot\u00e9 \u00ab\u2009majoritairement\u2009\u00bb une \u00ab\u2009loi\u2009\u00bb qui vise \u00e0 d\u00e9manteler le service public du transport ferroviaire. Mais la r\u00e9alit\u00e9 profonde est tout autre. D\u2019abord parce qu\u2019une &#8230; <a title=\"La victoire d\u2019\u00e9tape des cheminots, par Claude Mazauric, historien\" class=\"read-more\" href=\"https:\/\/www.gastonballiot.fr\/?p=5420\" aria-label=\"Plus sur La victoire d\u2019\u00e9tape des cheminots, par Claude Mazauric, historien\">Lire la suite&#8230;<\/a><\/p>\n","protected":false},"author":1,"featured_media":0,"comment_status":"open","ping_status":"open","sticky":false,"template":"","format":"standard","meta":{"ngg_post_thumbnail":0,"jetpack_post_was_ever_published":false,"_jetpack_newsletter_access":"","_jetpack_dont_email_post_to_subs":false,"_jetpack_newsletter_tier_id":0,"_jetpack_memberships_contains_paywalled_content":false,"_jetpack_memberships_contains_paid_content":false,"footnotes":"","jetpack_publicize_message":"","jetpack_publicize_feature_enabled":true,"jetpack_social_post_already_shared":true,"jetpack_social_options":{"image_generator_settings":{"template":"highway","enabled":false},"version":2}},"categories":[2,15,16,360],"tags":[201],"class_list":["post-5420","post","type-post","status-publish","format-standard","hentry","category-a-la-une","category-services-publics","category-social","category-transports","tag-sncf","infinite-scroll-item","masonry-post","generate-columns","tablet-grid-50","mobile-grid-100","grid-parent","grid-33"],"jetpack_publicize_connections":[],"yoast_head":"<!-- This site is optimized with the Yoast SEO plugin v27.5 - https:\/\/yoast.com\/product\/yoast-seo-wordpress\/ -->\n<title>La victoire d\u2019\u00e9tape des cheminots, par Claude Mazauric, historien - Le blog politique de Gaston<\/title>\n<meta name=\"robots\" content=\"index, follow, max-snippet:-1, max-image-preview:large, max-video-preview:-1\" \/>\n<link rel=\"canonical\" href=\"https:\/\/www.gastonballiot.fr\/?p=5420\" \/>\n<meta property=\"og:locale\" content=\"fr_FR\" \/>\n<meta property=\"og:type\" content=\"article\" \/>\n<meta property=\"og:title\" content=\"La victoire d\u2019\u00e9tape des cheminots, par Claude Mazauric, historien - Le blog politique de Gaston\" \/>\n<meta property=\"og:description\" content=\"La victoire d\u2019\u00e9tape des cheminots Humanit\u00e9&nbsp; Vendredi, 22 Juin, 2018 Paul-Antoine Luciani Les le\u00e7ons de l\u2019histoire.&nbsp; Par Claude Mazauric Contrairement au discours officiel, je consid\u00e8re que les cheminots de la SNCF ont gagn\u00e9 la premi\u00e8re manche dans l\u2019incroyable combat qui les oppose aux forces de r\u00e9action. On nous bassine avec le fait qu\u2019un Parlement aux ordres a vot\u00e9 \u00ab\u2009majoritairement\u2009\u00bb une \u00ab\u2009loi\u2009\u00bb qui vise \u00e0 d\u00e9manteler le service public du transport ferroviaire. Mais la r\u00e9alit\u00e9 profonde est tout autre. D\u2019abord parce qu\u2019une ... Lire la suite...\" \/>\n<meta property=\"og:url\" content=\"https:\/\/www.gastonballiot.fr\/?p=5420\" \/>\n<meta property=\"og:site_name\" content=\"Le blog politique de Gaston\" \/>\n<meta property=\"article:publisher\" content=\"https:\/\/www.facebook.com\/gaston.balliot\/\" \/>\n<meta property=\"article:author\" content=\"https:\/\/www.facebook.com\/gaston.balliot\/\" \/>\n<meta property=\"article:published_time\" content=\"2018-06-24T10:46:23+00:00\" \/>\n<meta name=\"author\" content=\"gb\" \/>\n<meta name=\"twitter:card\" content=\"summary_large_image\" \/>\n<meta name=\"twitter:label1\" content=\"\u00c9crit par\" \/>\n\t<meta name=\"twitter:data1\" content=\"gb\" \/>\n\t<meta name=\"twitter:label2\" content=\"Dur\u00e9e de lecture estim\u00e9e\" \/>\n\t<meta name=\"twitter:data2\" content=\"3 minutes\" \/>\n<script type=\"application\/ld+json\" class=\"yoast-schema-graph\">{\"@context\":\"https:\\\/\\\/schema.org\",\"@graph\":[{\"@type\":\"Article\",\"@id\":\"https:\\\/\\\/www.gastonballiot.fr\\\/?p=5420#article\",\"isPartOf\":{\"@id\":\"https:\\\/\\\/www.gastonballiot.fr\\\/?p=5420\"},\"author\":{\"name\":\"gb\",\"@id\":\"https:\\\/\\\/www.gastonballiot.fr\\\/#\\\/schema\\\/person\\\/244a5e02696abd8a65c5b1bebdb948ca\"},\"headline\":\"La victoire d\u2019\u00e9tape des cheminots, par Claude Mazauric, historien\",\"datePublished\":\"2018-06-24T10:46:23+00:00\",\"mainEntityOfPage\":{\"@id\":\"https:\\\/\\\/www.gastonballiot.fr\\\/?p=5420\"},\"wordCount\":683,\"commentCount\":0,\"publisher\":{\"@id\":\"https:\\\/\\\/www.gastonballiot.fr\\\/#\\\/schema\\\/person\\\/244a5e02696abd8a65c5b1bebdb948ca\"},\"keywords\":[\"SNCF\"],\"articleSection\":[\"A la une\",\"Services Publics\",\"Social\",\"Transports\"],\"inLanguage\":\"fr-FR\",\"potentialAction\":[{\"@type\":\"CommentAction\",\"name\":\"Comment\",\"target\":[\"https:\\\/\\\/www.gastonballiot.fr\\\/?p=5420#respond\"]}]},{\"@type\":\"WebPage\",\"@id\":\"https:\\\/\\\/www.gastonballiot.fr\\\/?p=5420\",\"url\":\"https:\\\/\\\/www.gastonballiot.fr\\\/?p=5420\",\"name\":\"La victoire d\u2019\u00e9tape des cheminots, par Claude Mazauric, historien - Le blog politique de Gaston\",\"isPartOf\":{\"@id\":\"https:\\\/\\\/www.gastonballiot.fr\\\/#website\"},\"datePublished\":\"2018-06-24T10:46:23+00:00\",\"breadcrumb\":{\"@id\":\"https:\\\/\\\/www.gastonballiot.fr\\\/?p=5420#breadcrumb\"},\"inLanguage\":\"fr-FR\",\"potentialAction\":[{\"@type\":\"ReadAction\",\"target\":[\"https:\\\/\\\/www.gastonballiot.fr\\\/?p=5420\"]}]},{\"@type\":\"BreadcrumbList\",\"@id\":\"https:\\\/\\\/www.gastonballiot.fr\\\/?p=5420#breadcrumb\",\"itemListElement\":[{\"@type\":\"ListItem\",\"position\":1,\"name\":\"Accueil\",\"item\":\"https:\\\/\\\/www.gastonballiot.fr\\\/\"},{\"@type\":\"ListItem\",\"position\":2,\"name\":\"La victoire d\u2019\u00e9tape des cheminots, par Claude Mazauric, historien\"}]},{\"@type\":\"WebSite\",\"@id\":\"https:\\\/\\\/www.gastonballiot.fr\\\/#website\",\"url\":\"https:\\\/\\\/www.gastonballiot.fr\\\/\",\"name\":\"Le blog politique de Gaston\",\"description\":\"L&#039;humain d&#039;abord, pas la finance !\",\"publisher\":{\"@id\":\"https:\\\/\\\/www.gastonballiot.fr\\\/#\\\/schema\\\/person\\\/244a5e02696abd8a65c5b1bebdb948ca\"},\"potentialAction\":[{\"@type\":\"SearchAction\",\"target\":{\"@type\":\"EntryPoint\",\"urlTemplate\":\"https:\\\/\\\/www.gastonballiot.fr\\\/?s={search_term_string}\"},\"query-input\":{\"@type\":\"PropertyValueSpecification\",\"valueRequired\":true,\"valueName\":\"search_term_string\"}}],\"inLanguage\":\"fr-FR\"},{\"@type\":[\"Person\",\"Organization\"],\"@id\":\"https:\\\/\\\/www.gastonballiot.fr\\\/#\\\/schema\\\/person\\\/244a5e02696abd8a65c5b1bebdb948ca\",\"name\":\"gb\",\"image\":{\"@type\":\"ImageObject\",\"inLanguage\":\"fr-FR\",\"@id\":\"https:\\\/\\\/i0.wp.com\\\/www.gastonballiot.fr\\\/wp-content\\\/uploads\\\/2017\\\/04\\\/cropped-Marianne-drapeau-rouge.gif?fit=512%2C512&ssl=1\",\"url\":\"https:\\\/\\\/i0.wp.com\\\/www.gastonballiot.fr\\\/wp-content\\\/uploads\\\/2017\\\/04\\\/cropped-Marianne-drapeau-rouge.gif?fit=512%2C512&ssl=1\",\"contentUrl\":\"https:\\\/\\\/i0.wp.com\\\/www.gastonballiot.fr\\\/wp-content\\\/uploads\\\/2017\\\/04\\\/cropped-Marianne-drapeau-rouge.gif?fit=512%2C512&ssl=1\",\"width\":512,\"height\":512,\"caption\":\"gb\"},\"logo\":{\"@id\":\"https:\\\/\\\/i0.wp.com\\\/www.gastonballiot.fr\\\/wp-content\\\/uploads\\\/2017\\\/04\\\/cropped-Marianne-drapeau-rouge.gif?fit=512%2C512&ssl=1\"},\"description\":\"Gaston Balliot, militant du Front de Gauche en pays bigouden - Pont L'Abb\u00e9 - Loctudy - Guilvinec - Penmarc'h - Ile Tudy - Combrit Ste Marine - Tr\u00e9meoc - Plon\u00e9our, p\u00eache tourisme\",\"sameAs\":[\"https:\\\/\\\/www.facebook.com\\\/gaston.balliot\\\/\"]}]}<\/script>\n<!-- \/ Yoast SEO plugin. -->","yoast_head_json":{"title":"La victoire d\u2019\u00e9tape des cheminots, par Claude Mazauric, historien - Le blog politique de Gaston","robots":{"index":"index","follow":"follow","max-snippet":"max-snippet:-1","max-image-preview":"max-image-preview:large","max-video-preview":"max-video-preview:-1"},"canonical":"https:\/\/www.gastonballiot.fr\/?p=5420","og_locale":"fr_FR","og_type":"article","og_title":"La victoire d\u2019\u00e9tape des cheminots, par Claude Mazauric, historien - Le blog politique de Gaston","og_description":"La victoire d\u2019\u00e9tape des cheminots Humanit\u00e9&nbsp; Vendredi, 22 Juin, 2018 Paul-Antoine Luciani Les le\u00e7ons de l\u2019histoire.&nbsp; Par Claude Mazauric Contrairement au discours officiel, je consid\u00e8re que les cheminots de la SNCF ont gagn\u00e9 la premi\u00e8re manche dans l\u2019incroyable combat qui les oppose aux forces de r\u00e9action. On nous bassine avec le fait qu\u2019un Parlement aux ordres a vot\u00e9 \u00ab\u2009majoritairement\u2009\u00bb une \u00ab\u2009loi\u2009\u00bb qui vise \u00e0 d\u00e9manteler le service public du transport ferroviaire. Mais la r\u00e9alit\u00e9 profonde est tout autre. D\u2019abord parce qu\u2019une ... Lire la suite...","og_url":"https:\/\/www.gastonballiot.fr\/?p=5420","og_site_name":"Le blog politique de Gaston","article_publisher":"https:\/\/www.facebook.com\/gaston.balliot\/","article_author":"https:\/\/www.facebook.com\/gaston.balliot\/","article_published_time":"2018-06-24T10:46:23+00:00","author":"gb","twitter_card":"summary_large_image","twitter_misc":{"\u00c9crit par":"gb","Dur\u00e9e de lecture estim\u00e9e":"3 minutes"},"schema":{"@context":"https:\/\/schema.org","@graph":[{"@type":"Article","@id":"https:\/\/www.gastonballiot.fr\/?p=5420#article","isPartOf":{"@id":"https:\/\/www.gastonballiot.fr\/?p=5420"},"author":{"name":"gb","@id":"https:\/\/www.gastonballiot.fr\/#\/schema\/person\/244a5e02696abd8a65c5b1bebdb948ca"},"headline":"La victoire d\u2019\u00e9tape des cheminots, par Claude Mazauric, historien","datePublished":"2018-06-24T10:46:23+00:00","mainEntityOfPage":{"@id":"https:\/\/www.gastonballiot.fr\/?p=5420"},"wordCount":683,"commentCount":0,"publisher":{"@id":"https:\/\/www.gastonballiot.fr\/#\/schema\/person\/244a5e02696abd8a65c5b1bebdb948ca"},"keywords":["SNCF"],"articleSection":["A la une","Services Publics","Social","Transports"],"inLanguage":"fr-FR","potentialAction":[{"@type":"CommentAction","name":"Comment","target":["https:\/\/www.gastonballiot.fr\/?p=5420#respond"]}]},{"@type":"WebPage","@id":"https:\/\/www.gastonballiot.fr\/?p=5420","url":"https:\/\/www.gastonballiot.fr\/?p=5420","name":"La victoire d\u2019\u00e9tape des cheminots, par Claude Mazauric, historien - Le blog politique de Gaston","isPartOf":{"@id":"https:\/\/www.gastonballiot.fr\/#website"},"datePublished":"2018-06-24T10:46:23+00:00","breadcrumb":{"@id":"https:\/\/www.gastonballiot.fr\/?p=5420#breadcrumb"},"inLanguage":"fr-FR","potentialAction":[{"@type":"ReadAction","target":["https:\/\/www.gastonballiot.fr\/?p=5420"]}]},{"@type":"BreadcrumbList","@id":"https:\/\/www.gastonballiot.fr\/?p=5420#breadcrumb","itemListElement":[{"@type":"ListItem","position":1,"name":"Accueil","item":"https:\/\/www.gastonballiot.fr\/"},{"@type":"ListItem","position":2,"name":"La victoire d\u2019\u00e9tape des cheminots, par Claude Mazauric, historien"}]},{"@type":"WebSite","@id":"https:\/\/www.gastonballiot.fr\/#website","url":"https:\/\/www.gastonballiot.fr\/","name":"Le blog politique de Gaston","description":"L&#039;humain d&#039;abord, pas la finance !","publisher":{"@id":"https:\/\/www.gastonballiot.fr\/#\/schema\/person\/244a5e02696abd8a65c5b1bebdb948ca"},"potentialAction":[{"@type":"SearchAction","target":{"@type":"EntryPoint","urlTemplate":"https:\/\/www.gastonballiot.fr\/?s={search_term_string}"},"query-input":{"@type":"PropertyValueSpecification","valueRequired":true,"valueName":"search_term_string"}}],"inLanguage":"fr-FR"},{"@type":["Person","Organization"],"@id":"https:\/\/www.gastonballiot.fr\/#\/schema\/person\/244a5e02696abd8a65c5b1bebdb948ca","name":"gb","image":{"@type":"ImageObject","inLanguage":"fr-FR","@id":"https:\/\/i0.wp.com\/www.gastonballiot.fr\/wp-content\/uploads\/2017\/04\/cropped-Marianne-drapeau-rouge.gif?fit=512%2C512&ssl=1","url":"https:\/\/i0.wp.com\/www.gastonballiot.fr\/wp-content\/uploads\/2017\/04\/cropped-Marianne-drapeau-rouge.gif?fit=512%2C512&ssl=1","contentUrl":"https:\/\/i0.wp.com\/www.gastonballiot.fr\/wp-content\/uploads\/2017\/04\/cropped-Marianne-drapeau-rouge.gif?fit=512%2C512&ssl=1","width":512,"height":512,"caption":"gb"},"logo":{"@id":"https:\/\/i0.wp.com\/www.gastonballiot.fr\/wp-content\/uploads\/2017\/04\/cropped-Marianne-drapeau-rouge.gif?fit=512%2C512&ssl=1"},"description":"Gaston Balliot, militant du Front de Gauche en pays bigouden - Pont L'Abb\u00e9 - Loctudy - Guilvinec - Penmarc'h - Ile Tudy - Combrit Ste Marine - Tr\u00e9meoc - Plon\u00e9our, p\u00eache tourisme","sameAs":["https:\/\/www.facebook.com\/gaston.balliot\/"]}]}},"jetpack_featured_media_url":"","jetpack_shortlink":"https:\/\/wp.me\/p5UTaD-1pq","jetpack-related-posts":[],"jetpack_likes_enabled":true,"jetpack_sharing_enabled":true,"_links":{"self":[{"href":"https:\/\/www.gastonballiot.fr\/index.php?rest_route=\/wp\/v2\/posts\/5420","targetHints":{"allow":["GET"]}}],"collection":[{"href":"https:\/\/www.gastonballiot.fr\/index.php?rest_route=\/wp\/v2\/posts"}],"about":[{"href":"https:\/\/www.gastonballiot.fr\/index.php?rest_route=\/wp\/v2\/types\/post"}],"author":[{"embeddable":true,"href":"https:\/\/www.gastonballiot.fr\/index.php?rest_route=\/wp\/v2\/users\/1"}],"replies":[{"embeddable":true,"href":"https:\/\/www.gastonballiot.fr\/index.php?rest_route=%2Fwp%2Fv2%2Fcomments&post=5420"}],"version-history":[{"count":0,"href":"https:\/\/www.gastonballiot.fr\/index.php?rest_route=\/wp\/v2\/posts\/5420\/revisions"}],"wp:attachment":[{"href":"https:\/\/www.gastonballiot.fr\/index.php?rest_route=%2Fwp%2Fv2%2Fmedia&parent=5420"}],"wp:term":[{"taxonomy":"category","embeddable":true,"href":"https:\/\/www.gastonballiot.fr\/index.php?rest_route=%2Fwp%2Fv2%2Fcategories&post=5420"},{"taxonomy":"post_tag","embeddable":true,"href":"https:\/\/www.gastonballiot.fr\/index.php?rest_route=%2Fwp%2Fv2%2Ftags&post=5420"}],"curies":[{"name":"wp","href":"https:\/\/api.w.org\/{rel}","templated":true}]}}