{"id":5427,"date":"2018-06-28T21:46:57","date_gmt":"2018-06-28T19:46:57","guid":{"rendered":"https:\/\/www.gastonballiot.fr\/?p=5427"},"modified":"2018-06-28T22:16:45","modified_gmt":"2018-06-28T20:16:45","slug":"energie-la-liberalisation-du-marche-aboutit-a-une-jungle-liberale-les-salaries-du-secteur-reclament-un-retour-au-public","status":"publish","type":"post","link":"https:\/\/www.gastonballiot.fr\/?p=5427","title":{"rendered":"\u00c9NERGIE : la lib\u00e9ralisation du march\u00e9 aboutit \u00e0 une jungle lib\u00e9rale. Les salari\u00e9s du secteur r\u00e9clament un retour au public."},"content":{"rendered":"<h3>vid\u00e9o explicative de la FNME-CGT : <a href=\"https:\/\/www.facebook.com\/FNMECGT\/videos\/10157385421767506\/\" target=\"_blank\" rel=\"noopener\">https:\/\/www.facebook.com\/FNMECGT\/videos\/10157385421767506\/<\/a>&nbsp;&nbsp;&nbsp;&nbsp;<\/h3>\n<h3 style=\"text-align: center;\"><a href=\"https:\/\/www.gastonballiot.fr\/wp-content\/uploads\/2018\/06\/PrivatisationEnergie_Huma27juin18.pdf\" target=\"_blank\" rel=\"noopener\"><strong>Privatisation de l&rsquo;\u00e9nergie : ceux qui se partagent le g\u00e2teau (lire en pdf)<\/strong> <\/a><\/h3>\n<h1>Privatisation. Ceux qui se partagent le g\u00e2teau de l\u2019\u00e9nergie<\/h1>\n<p>Mercredi, 27 Juin, 2018 &nbsp;&nbsp;&nbsp;&nbsp;&nbsp;&nbsp;&nbsp;&nbsp; Marie-No\u00eblle Bertrand<\/p>\n<p><strong><em>L\u2019ouverture \u00e0 la concurrence du march\u00e9 de l\u2019\u00e9nergie promettait de meilleures offres pour les particuliers. Onze ans apr\u00e8s, les consommateurs doutent, les salari\u00e9s de l\u2019\u00e9nergie s\u2019alarment de la casse de leur m\u00e9tier et les op\u00e9rateurs priv\u00e9s se bousculent pour se partager les morceaux d\u2019EDF et d\u2019Engie<\/em><\/strong>.<\/p>\n<p>Permettre aux usagers de choisir entre le producteur-fournisseur historique qu\u2019\u00e9tait EDF-GDF et de nouveaux prestataires dits alternatifs\u2009: telle \u00e9tait l\u2019ambition affich\u00e9e en 2007, \u00e0 l\u2019heure de finaliser l\u2019ouverture du march\u00e9 de l\u2019\u00e9nergie \u00e0 la concurrence. \u00c0 la cl\u00e9, la promesse faite aux particuliers de profiter d\u2019offres plus avantageuses. Le fait est, surtout, que le \u00ab\u2009budget \u00e9nergie\u2009\u00bb de ces derniers int\u00e9ressait plus d\u2019un op\u00e9rateur. Onze ans apr\u00e8s la cons\u00e9cration de la vente \u00e0 la d\u00e9coupe d\u2019EDF et de GDF, les repreneurs sont l\u00e9gion \u00e0 se partager les morceaux. Tour d\u2019horizon.<\/p>\n<h2>1 Des concurrents, mais combien\u2009?<\/h2>\n<p>C\u00f4t\u00e9 producteurs, EDF et Engie (ex-GDF-Suez) restent les leaders du gaz et de l\u2019\u00e9lectricit\u00e9. L\u2019allemand E.ON se place imm\u00e9diatement en troisi\u00e8me position, entre autres gr\u00e2ce \u00e0 l\u2019acquisition, en 2008, de la Soci\u00e9t\u00e9 nationale d\u2019\u00e9lectricit\u00e9 et de thermique (Snet). \u00c0 eux trois, ces groupes assurent 95 % de la production \u00e9nerg\u00e9tique fran\u00e7aise. Les 5 % restants se disputent le g\u00e2teau des \u00e9nergies renouvelables \u2013&nbsp;Total et le canadien Boralex sur l\u2019\u00e9olien, le groupe Neoen sur le solaire ou encore Unite sur l\u2019hydraulique comptent parmi les principaux acteurs. Alors que l\u2019on annonce la mise en vente de 150 barrages hydrauliques fran\u00e7ais, d\u2019autres sont \u00e0 l\u2019aff\u00fbt, parmi lesquels l\u2019allemand Vattenfall, l\u2019espagnol Iberdrola, ou encore le norv\u00e9gien Statkraft.<\/p>\n<p>Mais l\u2019ouverture \u00e0 la concurrence est surtout visible du c\u00f4t\u00e9 des fournisseurs, c\u2019est-\u00e0-dire des entreprises qui ach\u00e8tent l\u2019\u00e9nergie en gros afin de la revendre au d\u00e9tail aux particuliers. Elles sont pr\u00e8s d\u2019une trentaine \u00e0 se disputer les faveurs des consommateurs. L\u00e0 encore, EDF (publique \u00e0 84 %) et Engie (priv\u00e9e \u00e0 75 %), seules \u00e0 pouvoir proposer des tarifs r\u00e9glement\u00e9s, continue de dominer le secteur. Cela dit, elles-m\u00eames ont mu\u00e9 en entreprises alternatives, EDF se m\u00ealant d\u00e9sormais de fournir du gaz, Engie de l\u2019\u00e9lectricit\u00e9.<\/p>\n<p>Leur premi\u00e8re concurrente n\u2019est autre que Total. Le p\u00e9trolier fran\u00e7ais aura mis moins de trois ans \u00e0 se hisser sur le podium, en rachetant le producteur belge Lampiris, en cr\u00e9ant sa propre offre d\u2019\u00e9lectricit\u00e9 verte, baptis\u00e9e Total Spring, puis en mettant la main sur le fournisseur Direct \u00e9nergie, d\u00e9tenteur de plus de 5 % des parts du march\u00e9 de l\u2019\u00e9lectricit\u00e9. Tous les autres fournisseurs en d\u00e9tiennent quant \u00e0 eux moins de 1 % (moins de 0,4 % en ce qui concerne le gaz).<\/p>\n<h2>2 De la rentabilit\u00e9, mais pour qui\u2009?<\/h2>\n<p>Bas tarifs, offres concurrentielles\u2026 si certains op\u00e9rateurs priv\u00e9s parviennent \u00e0 proposer des prix avantageux, ce n\u2019est pas que leur \u00e9nergie co\u00fbte moins cher que les autres, mais qu\u2019ils profitent d\u2019un cadre construit \u00e0 la mesure de leurs ambitions. Cr\u00e9\u00e9 en 2010 dans le cadre de la loi Nome, l\u2019acc\u00e8s r\u00e9gul\u00e9 \u00e0 l\u2019\u00e9lectricit\u00e9 nucl\u00e9aire historique impose ainsi \u00e0 EDF de revendre \u00e0 prix r\u00e9glement\u00e9s un quart de sa production \u00e9lectrique d\u2019origine nucl\u00e9aire \u00e0 ses concurrents, et ce afin de \u00ab\u2009compenser son avantage comp\u00e9titif\u2009\u00bb. Pour le reste, les principaux fournisseurs s\u2019approvisionnent sur les march\u00e9s spots europ\u00e9ens, lesquels proposent des achats imm\u00e9diats \u00e0 prix tr\u00e8s volatils. Ils revendiquent \u00e9galement des structures all\u00e9g\u00e9es \u2013&nbsp;centre d\u2019appels et pr\u00e9sence renforc\u00e9e sur Internet plut\u00f4t que boutiques physiques.<\/p>\n<p>Leurs clients ne sont pas toujours gagnants pour autant. En avril dernier, l\u2019association de consommateurs CLCV assignait ainsi en justice Cdiscount (Casino), Total Spring et Engie pour pratiques commerciales trompeuses. Plus globalement, le prix de l\u2019\u00e9lectricit\u00e9 s\u2019affiche en augmentation constante depuis 2007.<\/p>\n<h2>3 De l\u2019\u00e9nergie verte, mais jusqu\u2019o\u00f9\u2009?<\/h2>\n<p>Objectifs de transition aidant, beaucoup de fournisseurs mettent en avant des offres d\u2019\u00e9nergie renouvelable. C\u2019est le cas de Direct \u00e9nergie et de Total Spring, lesquelles proposent des offres 100 % vertes. Reste \u00e0 les nuancer. Inject\u00e9e dans le r\u00e9seau, l\u2019\u00e9lectricit\u00e9 renouvelable se m\u00e9lange \u00e0 l\u2019\u00e9lectricit\u00e9 classique, et s\u2019av\u00e8re donc impossible \u00e0 tracer.<\/p>\n<p>Au final, l\u2019offre d\u2019\u00e9lectricit\u00e9 verte fonctionne sur un principe d\u2019\u00e9quivalence, obligeant le fournisseur \u00e0 garantir qu\u2019une quantit\u00e9 \u00e9quivalente d\u2019\u00e9lectricit\u00e9 a \u00e9t\u00e9 produite quelque part en Europe \u00e0 partir d\u2019un moyen de production d\u2019\u00e9lectricit\u00e9 renouvelable (\u00e9olien, hydraulique, etc.). Beaucoup d\u2019entre eux, en outre, n\u2019h\u00e9sitent pas \u00e0 manger \u00e0 tous les r\u00e2teliers, proposant des offres vertes sous une marque et d\u2019autres plus conventionnelles sous d\u2019autres \u2013&nbsp;c\u2019est le cas de Casino, qui accole son nom \u00e0 sa filiale Greenyellow, 100 % verte, tout en proposant, bien plus anonymement, une \u00e9lectricit\u00e9 low cost des plus classique via sa filiale Cdiscount. Certaines, enfin, d\u00e9fendent le gaz comme \u00e9nergie compl\u00e9mentaire aux \u00e9nergies solaire ou \u00e9olienne \u2013&nbsp;Direct \u00e9nergie a ainsi r\u00e9cemment investi dans deux centrales combin\u00e9 gaz. Un gaz qui n\u2019en reste pas moins une \u00e9nergie fossile, avec tout ce que cela induit pour le r\u00e9chauffement climatique.<\/p>\n<p>&nbsp;<\/p>\n<h2 style=\"text-align: center;\">C\u00e9dric Liechti \u00ab\u2009La privatisation entra\u00eene une r\u00e9elle augmentation des risques\u2009\u00bb<\/h2>\n<p style=\"text-align: center;\"><strong>La privatisation totale d\u2019Engie a redoubl\u00e9 la mobilisation des \u00e9nerg\u00e9ticiens. Entretien avec C\u00e9dric Liechti, de la CGT \u00e9nergie Paris.<\/strong><\/p>\n<p><strong>Quelle place prend l\u2019opposition \u00e0 la privatisation dans la mobilisation des \u00e9nerg\u00e9ticiens\u2009?<\/strong><\/p>\n<p><strong>C\u00e9dric Liechti<\/strong> Elle est omnipr\u00e9sente directement ou indirectement. Il y a plus de 240 sites Enedis et GRDF occup\u00e9s ou en gr\u00e8ve, et sur chacun d\u2019entre eux les banderoles \u00e9voquent les d\u00e9g\u00e2ts de la privatisation ou appellent \u00e0 la renationalisation et \u00e0 la cr\u00e9ation d\u2019un grand service public de l\u2019\u00e9nergie. Tout ce que l\u2019on propose lors de ces journ\u00e9es de mobilisation du 26 et du 28 juin s\u2019inscrit en opposition totale aux projets de vente au priv\u00e9 avec toutes les cons\u00e9quences que cela implique pour les usagers.<\/p>\n<p><strong>Justement, quelles sont ces cons\u00e9quences\u2009?<\/strong><\/p>\n<p><strong>C\u00e9dric Liechti<\/strong> Ce qui saute aux yeux est l\u2019augmentation des tarifs, depuis l\u2019ouverture \u00e0 la concurrence\u2009: de plus de 30 % pour les prix de l\u2019\u00e9lectricit\u00e9 et de 70 % pour le gaz, avec des cons\u00e9quences \u00e9videntes sur la pr\u00e9carit\u00e9 \u00e9nerg\u00e9tique. Ce ph\u00e9nom\u00e8ne n\u2019existait quasiment pas avant. Il touche aujourd\u2019hui 13 millions de personnes\u2009: des familles qui vivent l\u2019hiver dans des logements \u00e0 12 degr\u00e9s, des enfants qui d\u00e9veloppent des probl\u00e8mes respiratoires\u2026<\/p>\n<p>La privatisation s\u2019est aussi traduite par la fermeture de tous les accueils physiques EDF sur le territoire. Encore une fois, ce sont les populations les plus fragiles, celles qui rencontrent des probl\u00e8mes de facture ou qui ma\u00eetrisent mal l\u2019outil informatique, qui en souffrent le plus. De nombreuses agences locales ont \u00e9galement ferm\u00e9. Concr\u00e8tement, alors qu\u2019avant il \u00e9tait possible de garantir une intervention en moins de 30&nbsp;minutes sur des fuites de gaz \u2013 et l\u2019on sait \u00e0 quel point cela peut \u00eatre dangereux \u2013, il faut d\u00e9sormais parfois plus d\u2019une heure pour pouvoir agir. Le pire est que, dans les cas graves, cela retarde aussi les pompiers, lesquels ont besoin que l\u2019on coupe le gaz en amont pour intervenir. L\u2019installation des compteurs Linky, enfin, pose \u00e9galement question. Nous sommes contre l\u2019installation de tels mouchards chez les gens. Mais, au-del\u00e0 de cela, tout est d\u00e9sormais sous-trait\u00e9. Moins bien form\u00e9s et sous pression de rendement permanente, les intervenants ne v\u00e9rifient plus les installations \u00e9lectriques des particuliers, ce qui entra\u00eene une recrudescence des explosions. Le service public \u00e9quivalait \u00e0 une pr\u00e9sence humaine disponible, donc \u00e0 une pr\u00e9vention efficace. La privatisation, dans les faits, entra\u00eene une r\u00e9elle augmentation des risques.<\/p>\n<p><strong>Privatiser vous semble-t-il compatible avec la transition \u00e9nerg\u00e9tique\u2009?<\/strong><\/p>\n<p><strong>C\u00e9dric Liechti<\/strong> Le capitalisme ne peut pas faire bon m\u00e9nage avec l\u2019\u00e9cologie. Tout ce que l\u2019on pourrait entreprendre pour \u00e9viter le gaspillage et \u00e9conomiser de l\u2019\u00e9nergie est antinomique avec l\u2019objectif num\u00e9ro 1 du priv\u00e9 qui est la rentabilit\u00e9, donc la consommation. La privatisation pose \u00e9galement de vrais probl\u00e8mes de coh\u00e9rence, dans la mesure o\u00f9 diff\u00e9rentes entreprises g\u00e8rent d\u00e9sormais la production, la distribution, le transport et la commercialisation de l\u2019\u00e9nergie. Par exemple, l\u2019on vend \u00e0 la d\u00e9coupe nos barrages hydrauliques. Ils sont compl\u00e9mentaires \u00e0 la production essentiellement bas\u00e9e sur le nucl\u00e9aire, puisqu\u2019ils permettent de g\u00e9rer les pics de consommation. Demain, quand les Bouygues ou Veolia propri\u00e9taires de ces barrages feront payer ces kilowattheures, les prix risquent de flamber l\u2019hiver. Quant aux \u00e9nergies renouvelables, nous ne sommes pas contre. Mais pour l\u2019instant, elles ne sont produites que par le priv\u00e9, largement subventionn\u00e9 par des fonds publics. Pourquoi nos entreprises n\u2019investissent-elles pas dans ces \u00e9nergies propres, sous contr\u00f4le public\u2009?<\/p>\n<p>L&rsquo;Humanit\u00e9 Mercredi, 27 Juin, 2018, entretien r\u00e9alis\u00e9 par Pierric Marissal<\/p>\n<p>&nbsp;<\/p>\n<p style=\"text-align: center;\"><strong><em>Les \u00e9nerg\u00e9ticiens occupent leurs lieux de travail et battent le pav\u00e9<\/em><\/strong><\/p>\n<p style=\"padding-left: 30px;\"><em>La mobilisation cro\u00eet et la mayonnaise prend. \u00ab\u2009J\u2019ai vingt ans de bo\u00eete, c\u2019est la premi\u00e8re fois que je vois un mouvement ascendant en plein mois de juin, porteur en plus d\u2019un vrai message de fond\u2009\u00bb, assure C\u00e9dric Liechti, de la CGT \u00e9nergie Paris. Depuis avril, la FNME CGT se mobilise. Pour un service public de l\u2019\u00e9nergie, en soutien aux cheminots, contre la fermeture des derniers points d\u2019accueil au public d\u2019EDF\u2026 Ce 26 juin \u00e9tait d\u00e9di\u00e9 \u00e0 l\u2019avenir du gaz en France. Demain, les \u00e9nerg\u00e9ticiens r\u00e9pondront, dans la rue comme sur leurs lieux de travail, \u00e0 l\u2019appel interprofessionnel de la CGT, de FO et des organisations de jeunesse.<\/em><\/p>\n<p>&nbsp;<\/p>\n","protected":false},"excerpt":{"rendered":"<p>vid\u00e9o explicative de la FNME-CGT : https:\/\/www.facebook.com\/FNMECGT\/videos\/10157385421767506\/&nbsp;&nbsp;&nbsp;&nbsp; Privatisation de l&rsquo;\u00e9nergie : ceux qui se partagent le g\u00e2teau (lire en pdf) Privatisation. Ceux qui se partagent le g\u00e2teau de l\u2019\u00e9nergie Mercredi, 27 Juin, 2018 &nbsp;&nbsp;&nbsp;&nbsp;&nbsp;&nbsp;&nbsp;&nbsp; Marie-No\u00eblle Bertrand L\u2019ouverture \u00e0 la concurrence du march\u00e9 de l\u2019\u00e9nergie promettait de meilleures offres pour les particuliers. Onze ans apr\u00e8s, les consommateurs doutent, les salari\u00e9s de l\u2019\u00e9nergie s\u2019alarment de la casse de leur m\u00e9tier et les op\u00e9rateurs priv\u00e9s se bousculent pour se partager les morceaux d\u2019EDF et &#8230; <a title=\"\u00c9NERGIE : la lib\u00e9ralisation du march\u00e9 aboutit \u00e0 une jungle lib\u00e9rale. Les salari\u00e9s du secteur r\u00e9clament un retour au public.\" class=\"read-more\" href=\"https:\/\/www.gastonballiot.fr\/?p=5427\" aria-label=\"Plus sur \u00c9NERGIE : la lib\u00e9ralisation du march\u00e9 aboutit \u00e0 une jungle lib\u00e9rale. Les salari\u00e9s du secteur r\u00e9clament un retour au public.\">Lire la suite&#8230;<\/a><\/p>\n","protected":false},"author":1,"featured_media":0,"comment_status":"open","ping_status":"open","sticky":false,"template":"","format":"standard","meta":{"ngg_post_thumbnail":0,"jetpack_post_was_ever_published":false,"_jetpack_newsletter_access":"","_jetpack_dont_email_post_to_subs":false,"_jetpack_newsletter_tier_id":0,"_jetpack_memberships_contains_paywalled_content":false,"_jetpack_memberships_contains_paid_content":false,"footnotes":"","jetpack_publicize_message":"","jetpack_publicize_feature_enabled":true,"jetpack_social_post_already_shared":true,"jetpack_social_options":{"image_generator_settings":{"template":"highway","enabled":false},"version":2}},"categories":[2,6,361,15],"tags":[22,251,366,367,83],"class_list":["post-5427","post","type-post","status-publish","format-standard","hentry","category-a-la-une","category-economie","category-energie","category-services-publics","tag-actionnaires","tag-edf","tag-energie","tag-gaz","tag-liberalisme","infinite-scroll-item","masonry-post","generate-columns","tablet-grid-50","mobile-grid-100","grid-parent","grid-33"],"jetpack_publicize_connections":[],"yoast_head":"<!-- This site is optimized with the Yoast SEO plugin v27.5 - https:\/\/yoast.com\/product\/yoast-seo-wordpress\/ -->\n<title>\u00c9NERGIE : la lib\u00e9ralisation du march\u00e9 aboutit \u00e0 une jungle lib\u00e9rale. Les salari\u00e9s du secteur r\u00e9clament un retour au public. - Le blog politique de Gaston<\/title>\n<meta name=\"robots\" content=\"index, follow, max-snippet:-1, max-image-preview:large, max-video-preview:-1\" \/>\n<link rel=\"canonical\" href=\"https:\/\/www.gastonballiot.fr\/?p=5427\" \/>\n<meta property=\"og:locale\" content=\"fr_FR\" \/>\n<meta property=\"og:type\" content=\"article\" \/>\n<meta property=\"og:title\" content=\"\u00c9NERGIE : la lib\u00e9ralisation du march\u00e9 aboutit \u00e0 une jungle lib\u00e9rale. Les salari\u00e9s du secteur r\u00e9clament un retour au public. - Le blog politique de Gaston\" \/>\n<meta property=\"og:description\" content=\"vid\u00e9o explicative de la FNME-CGT : https:\/\/www.facebook.com\/FNMECGT\/videos\/10157385421767506\/&nbsp;&nbsp;&nbsp;&nbsp; Privatisation de l&rsquo;\u00e9nergie : ceux qui se partagent le g\u00e2teau (lire en pdf) Privatisation. Ceux qui se partagent le g\u00e2teau de l\u2019\u00e9nergie Mercredi, 27 Juin, 2018 &nbsp;&nbsp;&nbsp;&nbsp;&nbsp;&nbsp;&nbsp;&nbsp; Marie-No\u00eblle Bertrand L\u2019ouverture \u00e0 la concurrence du march\u00e9 de l\u2019\u00e9nergie promettait de meilleures offres pour les particuliers. Onze ans apr\u00e8s, les consommateurs doutent, les salari\u00e9s de l\u2019\u00e9nergie s\u2019alarment de la casse de leur m\u00e9tier et les op\u00e9rateurs priv\u00e9s se bousculent pour se partager les morceaux d\u2019EDF et ... Lire la suite...\" \/>\n<meta property=\"og:url\" content=\"https:\/\/www.gastonballiot.fr\/?p=5427\" \/>\n<meta property=\"og:site_name\" content=\"Le blog politique de Gaston\" \/>\n<meta property=\"article:publisher\" content=\"https:\/\/www.facebook.com\/gaston.balliot\/\" \/>\n<meta property=\"article:author\" content=\"https:\/\/www.facebook.com\/gaston.balliot\/\" \/>\n<meta property=\"article:published_time\" content=\"2018-06-28T19:46:57+00:00\" \/>\n<meta property=\"article:modified_time\" content=\"2018-06-28T20:16:45+00:00\" \/>\n<meta name=\"author\" content=\"gb\" \/>\n<meta name=\"twitter:card\" content=\"summary_large_image\" \/>\n<meta name=\"twitter:label1\" content=\"\u00c9crit par\" \/>\n\t<meta name=\"twitter:data1\" content=\"gb\" \/>\n\t<meta name=\"twitter:label2\" content=\"Dur\u00e9e de lecture estim\u00e9e\" \/>\n\t<meta name=\"twitter:data2\" content=\"8 minutes\" \/>\n<script type=\"application\/ld+json\" class=\"yoast-schema-graph\">{\"@context\":\"https:\\\/\\\/schema.org\",\"@graph\":[{\"@type\":\"Article\",\"@id\":\"https:\\\/\\\/www.gastonballiot.fr\\\/?p=5427#article\",\"isPartOf\":{\"@id\":\"https:\\\/\\\/www.gastonballiot.fr\\\/?p=5427\"},\"author\":{\"name\":\"gb\",\"@id\":\"https:\\\/\\\/www.gastonballiot.fr\\\/#\\\/schema\\\/person\\\/244a5e02696abd8a65c5b1bebdb948ca\"},\"headline\":\"\u00c9NERGIE : la lib\u00e9ralisation du march\u00e9 aboutit \u00e0 une jungle lib\u00e9rale. Les salari\u00e9s du secteur r\u00e9clament un retour au public.\",\"datePublished\":\"2018-06-28T19:46:57+00:00\",\"dateModified\":\"2018-06-28T20:16:45+00:00\",\"mainEntityOfPage\":{\"@id\":\"https:\\\/\\\/www.gastonballiot.fr\\\/?p=5427\"},\"wordCount\":1717,\"commentCount\":0,\"publisher\":{\"@id\":\"https:\\\/\\\/www.gastonballiot.fr\\\/#\\\/schema\\\/person\\\/244a5e02696abd8a65c5b1bebdb948ca\"},\"keywords\":[\"actionnaires\",\"EDF\",\"\u00e9nergie\",\"gaz\",\"lib\u00e9ralisme\"],\"articleSection\":[\"A la une\",\"Economie\",\"Energie\",\"Services Publics\"],\"inLanguage\":\"fr-FR\",\"potentialAction\":[{\"@type\":\"CommentAction\",\"name\":\"Comment\",\"target\":[\"https:\\\/\\\/www.gastonballiot.fr\\\/?p=5427#respond\"]}]},{\"@type\":\"WebPage\",\"@id\":\"https:\\\/\\\/www.gastonballiot.fr\\\/?p=5427\",\"url\":\"https:\\\/\\\/www.gastonballiot.fr\\\/?p=5427\",\"name\":\"\u00c9NERGIE : la lib\u00e9ralisation du march\u00e9 aboutit \u00e0 une jungle lib\u00e9rale. Les salari\u00e9s du secteur r\u00e9clament un retour au public. - Le blog politique de Gaston\",\"isPartOf\":{\"@id\":\"https:\\\/\\\/www.gastonballiot.fr\\\/#website\"},\"datePublished\":\"2018-06-28T19:46:57+00:00\",\"dateModified\":\"2018-06-28T20:16:45+00:00\",\"breadcrumb\":{\"@id\":\"https:\\\/\\\/www.gastonballiot.fr\\\/?p=5427#breadcrumb\"},\"inLanguage\":\"fr-FR\",\"potentialAction\":[{\"@type\":\"ReadAction\",\"target\":[\"https:\\\/\\\/www.gastonballiot.fr\\\/?p=5427\"]}]},{\"@type\":\"BreadcrumbList\",\"@id\":\"https:\\\/\\\/www.gastonballiot.fr\\\/?p=5427#breadcrumb\",\"itemListElement\":[{\"@type\":\"ListItem\",\"position\":1,\"name\":\"Accueil\",\"item\":\"https:\\\/\\\/www.gastonballiot.fr\\\/\"},{\"@type\":\"ListItem\",\"position\":2,\"name\":\"\u00c9NERGIE : la lib\u00e9ralisation du march\u00e9 aboutit \u00e0 une jungle lib\u00e9rale. Les salari\u00e9s du secteur r\u00e9clament un retour au public.\"}]},{\"@type\":\"WebSite\",\"@id\":\"https:\\\/\\\/www.gastonballiot.fr\\\/#website\",\"url\":\"https:\\\/\\\/www.gastonballiot.fr\\\/\",\"name\":\"Le blog politique de Gaston\",\"description\":\"L&#039;humain d&#039;abord, pas la finance !\",\"publisher\":{\"@id\":\"https:\\\/\\\/www.gastonballiot.fr\\\/#\\\/schema\\\/person\\\/244a5e02696abd8a65c5b1bebdb948ca\"},\"potentialAction\":[{\"@type\":\"SearchAction\",\"target\":{\"@type\":\"EntryPoint\",\"urlTemplate\":\"https:\\\/\\\/www.gastonballiot.fr\\\/?s={search_term_string}\"},\"query-input\":{\"@type\":\"PropertyValueSpecification\",\"valueRequired\":true,\"valueName\":\"search_term_string\"}}],\"inLanguage\":\"fr-FR\"},{\"@type\":[\"Person\",\"Organization\"],\"@id\":\"https:\\\/\\\/www.gastonballiot.fr\\\/#\\\/schema\\\/person\\\/244a5e02696abd8a65c5b1bebdb948ca\",\"name\":\"gb\",\"image\":{\"@type\":\"ImageObject\",\"inLanguage\":\"fr-FR\",\"@id\":\"https:\\\/\\\/i0.wp.com\\\/www.gastonballiot.fr\\\/wp-content\\\/uploads\\\/2017\\\/04\\\/cropped-Marianne-drapeau-rouge.gif?fit=512%2C512&ssl=1\",\"url\":\"https:\\\/\\\/i0.wp.com\\\/www.gastonballiot.fr\\\/wp-content\\\/uploads\\\/2017\\\/04\\\/cropped-Marianne-drapeau-rouge.gif?fit=512%2C512&ssl=1\",\"contentUrl\":\"https:\\\/\\\/i0.wp.com\\\/www.gastonballiot.fr\\\/wp-content\\\/uploads\\\/2017\\\/04\\\/cropped-Marianne-drapeau-rouge.gif?fit=512%2C512&ssl=1\",\"width\":512,\"height\":512,\"caption\":\"gb\"},\"logo\":{\"@id\":\"https:\\\/\\\/i0.wp.com\\\/www.gastonballiot.fr\\\/wp-content\\\/uploads\\\/2017\\\/04\\\/cropped-Marianne-drapeau-rouge.gif?fit=512%2C512&ssl=1\"},\"description\":\"Gaston Balliot, militant du Front de Gauche en pays bigouden - Pont L'Abb\u00e9 - Loctudy - Guilvinec - Penmarc'h - Ile Tudy - Combrit Ste Marine - Tr\u00e9meoc - Plon\u00e9our, p\u00eache tourisme\",\"sameAs\":[\"https:\\\/\\\/www.facebook.com\\\/gaston.balliot\\\/\"]}]}<\/script>\n<!-- \/ Yoast SEO plugin. -->","yoast_head_json":{"title":"\u00c9NERGIE : la lib\u00e9ralisation du march\u00e9 aboutit \u00e0 une jungle lib\u00e9rale. Les salari\u00e9s du secteur r\u00e9clament un retour au public. - Le blog politique de Gaston","robots":{"index":"index","follow":"follow","max-snippet":"max-snippet:-1","max-image-preview":"max-image-preview:large","max-video-preview":"max-video-preview:-1"},"canonical":"https:\/\/www.gastonballiot.fr\/?p=5427","og_locale":"fr_FR","og_type":"article","og_title":"\u00c9NERGIE : la lib\u00e9ralisation du march\u00e9 aboutit \u00e0 une jungle lib\u00e9rale. Les salari\u00e9s du secteur r\u00e9clament un retour au public. - Le blog politique de Gaston","og_description":"vid\u00e9o explicative de la FNME-CGT : https:\/\/www.facebook.com\/FNMECGT\/videos\/10157385421767506\/&nbsp;&nbsp;&nbsp;&nbsp; Privatisation de l&rsquo;\u00e9nergie : ceux qui se partagent le g\u00e2teau (lire en pdf) Privatisation. Ceux qui se partagent le g\u00e2teau de l\u2019\u00e9nergie Mercredi, 27 Juin, 2018 &nbsp;&nbsp;&nbsp;&nbsp;&nbsp;&nbsp;&nbsp;&nbsp; Marie-No\u00eblle Bertrand L\u2019ouverture \u00e0 la concurrence du march\u00e9 de l\u2019\u00e9nergie promettait de meilleures offres pour les particuliers. Onze ans apr\u00e8s, les consommateurs doutent, les salari\u00e9s de l\u2019\u00e9nergie s\u2019alarment de la casse de leur m\u00e9tier et les op\u00e9rateurs priv\u00e9s se bousculent pour se partager les morceaux d\u2019EDF et ... Lire la suite...","og_url":"https:\/\/www.gastonballiot.fr\/?p=5427","og_site_name":"Le blog politique de Gaston","article_publisher":"https:\/\/www.facebook.com\/gaston.balliot\/","article_author":"https:\/\/www.facebook.com\/gaston.balliot\/","article_published_time":"2018-06-28T19:46:57+00:00","article_modified_time":"2018-06-28T20:16:45+00:00","author":"gb","twitter_card":"summary_large_image","twitter_misc":{"\u00c9crit par":"gb","Dur\u00e9e de lecture estim\u00e9e":"8 minutes"},"schema":{"@context":"https:\/\/schema.org","@graph":[{"@type":"Article","@id":"https:\/\/www.gastonballiot.fr\/?p=5427#article","isPartOf":{"@id":"https:\/\/www.gastonballiot.fr\/?p=5427"},"author":{"name":"gb","@id":"https:\/\/www.gastonballiot.fr\/#\/schema\/person\/244a5e02696abd8a65c5b1bebdb948ca"},"headline":"\u00c9NERGIE : la lib\u00e9ralisation du march\u00e9 aboutit \u00e0 une jungle lib\u00e9rale. Les salari\u00e9s du secteur r\u00e9clament un retour au public.","datePublished":"2018-06-28T19:46:57+00:00","dateModified":"2018-06-28T20:16:45+00:00","mainEntityOfPage":{"@id":"https:\/\/www.gastonballiot.fr\/?p=5427"},"wordCount":1717,"commentCount":0,"publisher":{"@id":"https:\/\/www.gastonballiot.fr\/#\/schema\/person\/244a5e02696abd8a65c5b1bebdb948ca"},"keywords":["actionnaires","EDF","\u00e9nergie","gaz","lib\u00e9ralisme"],"articleSection":["A la une","Economie","Energie","Services Publics"],"inLanguage":"fr-FR","potentialAction":[{"@type":"CommentAction","name":"Comment","target":["https:\/\/www.gastonballiot.fr\/?p=5427#respond"]}]},{"@type":"WebPage","@id":"https:\/\/www.gastonballiot.fr\/?p=5427","url":"https:\/\/www.gastonballiot.fr\/?p=5427","name":"\u00c9NERGIE : la lib\u00e9ralisation du march\u00e9 aboutit \u00e0 une jungle lib\u00e9rale. Les salari\u00e9s du secteur r\u00e9clament un retour au public. - Le blog politique de Gaston","isPartOf":{"@id":"https:\/\/www.gastonballiot.fr\/#website"},"datePublished":"2018-06-28T19:46:57+00:00","dateModified":"2018-06-28T20:16:45+00:00","breadcrumb":{"@id":"https:\/\/www.gastonballiot.fr\/?p=5427#breadcrumb"},"inLanguage":"fr-FR","potentialAction":[{"@type":"ReadAction","target":["https:\/\/www.gastonballiot.fr\/?p=5427"]}]},{"@type":"BreadcrumbList","@id":"https:\/\/www.gastonballiot.fr\/?p=5427#breadcrumb","itemListElement":[{"@type":"ListItem","position":1,"name":"Accueil","item":"https:\/\/www.gastonballiot.fr\/"},{"@type":"ListItem","position":2,"name":"\u00c9NERGIE : la lib\u00e9ralisation du march\u00e9 aboutit \u00e0 une jungle lib\u00e9rale. Les salari\u00e9s du secteur r\u00e9clament un retour au public."}]},{"@type":"WebSite","@id":"https:\/\/www.gastonballiot.fr\/#website","url":"https:\/\/www.gastonballiot.fr\/","name":"Le blog politique de Gaston","description":"L&#039;humain d&#039;abord, pas la finance !","publisher":{"@id":"https:\/\/www.gastonballiot.fr\/#\/schema\/person\/244a5e02696abd8a65c5b1bebdb948ca"},"potentialAction":[{"@type":"SearchAction","target":{"@type":"EntryPoint","urlTemplate":"https:\/\/www.gastonballiot.fr\/?s={search_term_string}"},"query-input":{"@type":"PropertyValueSpecification","valueRequired":true,"valueName":"search_term_string"}}],"inLanguage":"fr-FR"},{"@type":["Person","Organization"],"@id":"https:\/\/www.gastonballiot.fr\/#\/schema\/person\/244a5e02696abd8a65c5b1bebdb948ca","name":"gb","image":{"@type":"ImageObject","inLanguage":"fr-FR","@id":"https:\/\/i0.wp.com\/www.gastonballiot.fr\/wp-content\/uploads\/2017\/04\/cropped-Marianne-drapeau-rouge.gif?fit=512%2C512&ssl=1","url":"https:\/\/i0.wp.com\/www.gastonballiot.fr\/wp-content\/uploads\/2017\/04\/cropped-Marianne-drapeau-rouge.gif?fit=512%2C512&ssl=1","contentUrl":"https:\/\/i0.wp.com\/www.gastonballiot.fr\/wp-content\/uploads\/2017\/04\/cropped-Marianne-drapeau-rouge.gif?fit=512%2C512&ssl=1","width":512,"height":512,"caption":"gb"},"logo":{"@id":"https:\/\/i0.wp.com\/www.gastonballiot.fr\/wp-content\/uploads\/2017\/04\/cropped-Marianne-drapeau-rouge.gif?fit=512%2C512&ssl=1"},"description":"Gaston Balliot, militant du Front de Gauche en pays bigouden - Pont L'Abb\u00e9 - Loctudy - Guilvinec - Penmarc'h - Ile Tudy - Combrit Ste Marine - Tr\u00e9meoc - Plon\u00e9our, p\u00eache tourisme","sameAs":["https:\/\/www.facebook.com\/gaston.balliot\/"]}]}},"jetpack_featured_media_url":"","jetpack_shortlink":"https:\/\/wp.me\/p5UTaD-1px","jetpack-related-posts":[],"jetpack_likes_enabled":true,"jetpack_sharing_enabled":true,"_links":{"self":[{"href":"https:\/\/www.gastonballiot.fr\/index.php?rest_route=\/wp\/v2\/posts\/5427","targetHints":{"allow":["GET"]}}],"collection":[{"href":"https:\/\/www.gastonballiot.fr\/index.php?rest_route=\/wp\/v2\/posts"}],"about":[{"href":"https:\/\/www.gastonballiot.fr\/index.php?rest_route=\/wp\/v2\/types\/post"}],"author":[{"embeddable":true,"href":"https:\/\/www.gastonballiot.fr\/index.php?rest_route=\/wp\/v2\/users\/1"}],"replies":[{"embeddable":true,"href":"https:\/\/www.gastonballiot.fr\/index.php?rest_route=%2Fwp%2Fv2%2Fcomments&post=5427"}],"version-history":[{"count":0,"href":"https:\/\/www.gastonballiot.fr\/index.php?rest_route=\/wp\/v2\/posts\/5427\/revisions"}],"wp:attachment":[{"href":"https:\/\/www.gastonballiot.fr\/index.php?rest_route=%2Fwp%2Fv2%2Fmedia&parent=5427"}],"wp:term":[{"taxonomy":"category","embeddable":true,"href":"https:\/\/www.gastonballiot.fr\/index.php?rest_route=%2Fwp%2Fv2%2Fcategories&post=5427"},{"taxonomy":"post_tag","embeddable":true,"href":"https:\/\/www.gastonballiot.fr\/index.php?rest_route=%2Fwp%2Fv2%2Ftags&post=5427"}],"curies":[{"name":"wp","href":"https:\/\/api.w.org\/{rel}","templated":true}]}}