{"id":5617,"date":"2018-10-10T09:34:38","date_gmt":"2018-10-10T07:34:38","guid":{"rendered":"https:\/\/www.gastonballiot.fr\/?p=5617"},"modified":"2018-10-10T20:57:59","modified_gmt":"2018-10-10T18:57:59","slug":"mieux-comprendre-les-migrations","status":"publish","type":"post","link":"https:\/\/www.gastonballiot.fr\/?p=5617","title":{"rendered":"Mieux comprendre les migrations"},"content":{"rendered":"<p style=\"text-align: center;\"><strong>Amin, le film &#8211; Histoires d&rsquo;une nation, le documentaire &#8211; Asylum, la page Facebook &#8211; Migrations et racisme, le dossier<\/strong><\/p>\n<p>Un film actuellement en salle<a href=\"https:\/\/i0.wp.com\/www.gastonballiot.fr\/wp-content\/uploads\/2018\/10\/Amin.jpg?ssl=1\"><img data-recalc-dims=\"1\" loading=\"lazy\" decoding=\"async\" data-attachment-id=\"5618\" data-permalink=\"https:\/\/www.gastonballiot.fr\/?attachment_id=5618#main\" data-orig-file=\"https:\/\/i0.wp.com\/www.gastonballiot.fr\/wp-content\/uploads\/2018\/10\/Amin.jpg?fit=680%2C960&amp;ssl=1\" data-orig-size=\"680,960\" data-comments-opened=\"1\" data-image-meta=\"{&quot;aperture&quot;:&quot;0&quot;,&quot;credit&quot;:&quot;&quot;,&quot;camera&quot;:&quot;&quot;,&quot;caption&quot;:&quot;&quot;,&quot;created_timestamp&quot;:&quot;0&quot;,&quot;copyright&quot;:&quot;&quot;,&quot;focal_length&quot;:&quot;0&quot;,&quot;iso&quot;:&quot;0&quot;,&quot;shutter_speed&quot;:&quot;0&quot;,&quot;title&quot;:&quot;&quot;,&quot;orientation&quot;:&quot;0&quot;}\" data-image-title=\"Amin\" data-image-description=\"\" data-image-caption=\"\" data-medium-file=\"https:\/\/i0.wp.com\/www.gastonballiot.fr\/wp-content\/uploads\/2018\/10\/Amin.jpg?fit=213%2C300&amp;ssl=1\" data-large-file=\"https:\/\/i0.wp.com\/www.gastonballiot.fr\/wp-content\/uploads\/2018\/10\/Amin.jpg?fit=680%2C960&amp;ssl=1\" class=\"aligncenter wp-image-5618\" src=\"https:\/\/i0.wp.com\/www.gastonballiot.fr\/wp-content\/uploads\/2018\/10\/Amin.jpg?resize=546%2C771&#038;ssl=1\" alt=\"\" width=\"546\" height=\"771\" srcset=\"https:\/\/i0.wp.com\/www.gastonballiot.fr\/wp-content\/uploads\/2018\/10\/Amin.jpg?w=680&amp;ssl=1 680w, https:\/\/i0.wp.com\/www.gastonballiot.fr\/wp-content\/uploads\/2018\/10\/Amin.jpg?resize=213%2C300&amp;ssl=1 213w, https:\/\/i0.wp.com\/www.gastonballiot.fr\/wp-content\/uploads\/2018\/10\/Amin.jpg?resize=600%2C847&amp;ssl=1 600w\" sizes=\"auto, (max-width: 546px) 100vw, 546px\" \/><\/a>En salles : \u00ab\u00a0Amin\u00a0\u00bb de Philippe Faucon. Tr\u00e8s belles interpr\u00e9tations du trio d&rsquo;acteurs-actrices compos\u00e9 d&rsquo;Emmanuelle Devos, de Moustapha Mbengue et Mar\u00e8me N&rsquo;Diaye<span class=\"text_exposed_show\">.<\/span><\/p>\n<div class=\"text_exposed_show\">\n<p>Un sujet fort sur la double identit\u00e9 de l&rsquo;\u00e9migrant-immigrant qui rappelle les analyses du sociologue Abdelmayek Sayad dans son livre \u00ab\u00a0La Double absence. Des illusions de l&rsquo;\u00e9migr\u00e9 aux souffrances de l&rsquo;immigr\u00e9\u00a0\u00bb. Asylum en avait publi\u00e9 de longs extraits lors de l&rsquo;\u00e9t\u00e9 2017.<\/p>\n<p>Entretien avec le r\u00e9alisateur et filmographie :<br \/>\n<a href=\"https:\/\/drive.google.com\/file\/d\/18XCKDuVVfNEG9Lf5KsRtTNQREmw3bXaB\/view?usp=sharing\" target=\"_blank\" rel=\"noopener nofollow\" data-ft=\"{&quot;tn&quot;:&quot;-U&quot;}\" data-lynx-mode=\"async\" data-lynx-uri=\"https:\/\/l.facebook.com\/l.php?u=https%3A%2F%2Fdrive.google.com%2Ffile%2Fd%2F18XCKDuVVfNEG9Lf5KsRtTNQREmw3bXaB%2Fview%3Fusp%3Dsharing&amp;h=AT0WK50fF3wQEKsj69VKOfQr5Lkl1yBK-xo-bWShMgGpBVhoF3LdrM3TIpv24r-iCBiFvBjG2EcKn-7mR2H93YEBtA18lY-hYgCyGpUR1X4XJFyJlPXQFOFq8cmLN5A9mzy2qiaHHO9V-1wvsFGIzYXJfqU5W-hGBUyL9aP5TsV80w9uUtAdoEn5EzcNfSw1CZ5da1-tlLc0L9n4WgEaSMuaGwy7qTTeYRmQAm3czyzJpkKb-bHp6X9ki7Vj6wLn84dbq4zcZEhC4_JxmzLjEIUrENUiK2Ecu5M_QP0vlosURV0nzrB2b10LfMuxB0SpqVEpGa0poDwewgGy_IoWdIpXc3NuXRBTRB7FuUrfkUKRfh5QFNIluZz3cghjHFNxkfz5GrbTON_oARErQv5uhNFkUlurUWaOxjg\">https:\/\/drive.google.com\/\u2026\/18XCKDuVVfNEG9Lf5KsRtTNQRE\u2026\/view\u2026<\/a><br \/>\n<a href=\"https:\/\/l.facebook.com\/l.php?u=https%3A%2F%2Fdrive.google.com%2Ffile%2Fd%2F1XfMQOcnQbqsBkX-gp_w1ruW0BGuH-Sa3%2Fview%3Fusp%3Dsharing&amp;h=AT0SXIprS0OCJGyrPK5ATjgACgZbnv24tIEwoXWbjjE7GmQif_o6JBTgJNb3EjyXkYLJQ7CumZQmuX9bZDU0oEYGd12CKnabHUtVqkqAWbEF89fMKl0H2UrFbau8xyfEcCRh1EUsf-0iRWwlXDdS1HbUY0yRF700gmEYxXVWS9MqSSPSLIA34c2h96ErgQSrcxs-05ALl2sOU6IVmKsTbS3xAVuHnv1tVtsStrHpB-qQRkQpacwMXNYJSzu6LAwH5J9aYPPMGaagKkVpzga26jYHyz5_ASmSdAI4bEAw-Yeqp-tFE-cLGoMvl2m4tGUvFV4Zx1sQKi1gxAYVhwS-ddSGurFUbN6ALGQquwmlvwPONKwBl_CvP9cV8kOwX1kqo9VHAOG-9AHUbYSkEPLVOdywyuFfFjxNzFo\" target=\"_blank\" rel=\"noopener nofollow\" data-ft=\"{&quot;tn&quot;:&quot;-U&quot;}\" data-lynx-mode=\"async\">https:\/\/drive.google.com\/\u2026\/1XfMQOcnQbqsBkX-gp_w1ruW0B\u2026\/view\u2026<\/a><br \/>\n<a href=\"https:\/\/drive.google.com\/file\/d\/183q5MCWZpwOucFuOwMrTNIMT5F87zCbZ\/view?usp=sharing\" target=\"_blank\" rel=\"noopener nofollow\" data-ft=\"{&quot;tn&quot;:&quot;-U&quot;}\" data-lynx-mode=\"async\" data-lynx-uri=\"https:\/\/l.facebook.com\/l.php?u=https%3A%2F%2Fdrive.google.com%2Ffile%2Fd%2F183q5MCWZpwOucFuOwMrTNIMT5F87zCbZ%2Fview%3Fusp%3Dsharing&amp;h=AT2J4rLgZYy73M3zyi44AL9HDn8sd5UU_B1H5eySUeXVn14RQLi5hlI5c1c5IP3UdDu7bio7EXD7kLSNY_PtMb2s685sB_T5e87ksRrmyluLV72FIc8vnstXxGQvnKfyX5XSLS9CymPLSxBCq1XCSVNmYxw2X0MyVeR16-De-78hnHNJz11fzmEwJGZXI3FFBSlk7U5PZCNDNMliwuPIQDVbl0jW5JS5NtaX1OJhzRe5VivHkuvbKK88n2Otllhp9r-rmGKn4iIYB0Fx5YofwNSUTPEs-kOe4H_-fSGHFNcsZ_HwWfnjBGx3cH8QIfDWaFXexkGJC2JiQH0tbMSSHNEWBBZBQ3Q-CdsF1p44R1vj9nqa-oc6bSuExQeQmotBJYtj2gefgln1oVrpRy4mqRZAf8ceHha4x5A\">https:\/\/drive.google.com\/\u2026\/183q5MCWZpwOucFuOwMrTNIMT5\u2026\/view\u2026<\/a><\/p>\n<p style=\"text-align: center;\">Un documentaire<a href=\"https:\/\/i0.wp.com\/www.gastonballiot.fr\/wp-content\/uploads\/2018\/10\/HistoiresDuneNation.jpg?ssl=1\"><img data-recalc-dims=\"1\" loading=\"lazy\" decoding=\"async\" data-attachment-id=\"5619\" data-permalink=\"https:\/\/www.gastonballiot.fr\/?attachment_id=5619#main\" data-orig-file=\"https:\/\/i0.wp.com\/www.gastonballiot.fr\/wp-content\/uploads\/2018\/10\/HistoiresDuneNation.jpg?fit=714%2C960&amp;ssl=1\" data-orig-size=\"714,960\" data-comments-opened=\"1\" data-image-meta=\"{&quot;aperture&quot;:&quot;0&quot;,&quot;credit&quot;:&quot;&quot;,&quot;camera&quot;:&quot;&quot;,&quot;caption&quot;:&quot;&quot;,&quot;created_timestamp&quot;:&quot;0&quot;,&quot;copyright&quot;:&quot;&quot;,&quot;focal_length&quot;:&quot;0&quot;,&quot;iso&quot;:&quot;0&quot;,&quot;shutter_speed&quot;:&quot;0&quot;,&quot;title&quot;:&quot;&quot;,&quot;orientation&quot;:&quot;0&quot;}\" data-image-title=\"HistoiresDuneNation\" data-image-description=\"\" data-image-caption=\"\" data-medium-file=\"https:\/\/i0.wp.com\/www.gastonballiot.fr\/wp-content\/uploads\/2018\/10\/HistoiresDuneNation.jpg?fit=223%2C300&amp;ssl=1\" data-large-file=\"https:\/\/i0.wp.com\/www.gastonballiot.fr\/wp-content\/uploads\/2018\/10\/HistoiresDuneNation.jpg?fit=714%2C960&amp;ssl=1\" class=\"aligncenter size-full wp-image-5619\" src=\"https:\/\/i0.wp.com\/www.gastonballiot.fr\/wp-content\/uploads\/2018\/10\/HistoiresDuneNation.jpg?resize=714%2C960&#038;ssl=1\" alt=\"\" width=\"714\" height=\"960\" srcset=\"https:\/\/i0.wp.com\/www.gastonballiot.fr\/wp-content\/uploads\/2018\/10\/HistoiresDuneNation.jpg?w=714&amp;ssl=1 714w, https:\/\/i0.wp.com\/www.gastonballiot.fr\/wp-content\/uploads\/2018\/10\/HistoiresDuneNation.jpg?resize=223%2C300&amp;ssl=1 223w, https:\/\/i0.wp.com\/www.gastonballiot.fr\/wp-content\/uploads\/2018\/10\/HistoiresDuneNation.jpg?resize=600%2C807&amp;ssl=1 600w\" sizes=\"auto, (max-width: 714px) 100vw, 714px\" \/><\/a>\u00ab\u00a0Histoires d&rsquo;une Nation\u00a0\u00bb.<br \/>\nUn documentaire en quatre parties sur 150 ans d&rsquo;histoire de l&rsquo;immigration diffus\u00e9 par France 2.<\/p>\n<p>\u00c9pisodes disponibles en streaming sur <span class=\"text_exposed_show\">le site de la cha\u00eene : <a href=\"https:\/\/www.france.tv\/france-2\/histoires-d-une-nation\/\" target=\"_blank\" rel=\"noopener nofollow\" data-ft=\"{&quot;tn&quot;:&quot;-U&quot;}\" data-lynx-mode=\"async\" data-lynx-uri=\"https:\/\/l.facebook.com\/l.php?u=https%3A%2F%2Fwww.france.tv%2Ffrance-2%2Fhistoires-d-une-nation%2F&amp;h=AT1FYsCD77w8koIFvKUVYo1LVkDtHn13rlkhM1SS9xcLyjRmnQxp3Oyg11bpVQbc4rH9ZmSL16rRAbFfnebOpw_lzqgXSXIn1VruliDuIG-FMmpCx4G41QzCpJaeav6DXny_pjZFIewUok57idVbSAYMdkgn2qfv8d5SnYCjhepVqE8bVaFZNyUadarO_XtE8uuZivN3TF-m7Yt2HjIF01IsWPAXjXT373P8lGd6JjhfVQnzy9MKlvHdtlQNqW6gPoUXQpQxGoYnkrX4SBoKDTGkTAcBq6duFjJ7uEZMwSPzrF-NbEFEtSdiPsi56S-zeE431VzaLXWxVFDyK1j5X5ftxvdESxH8MQiLzcAt9X2hEjEy1xInxLBLM20J3LuNIlb5WZknqsmOuxjUm-F9N48O3e2GRrQAL6Y\">https:\/\/www.france.tv\/france-2\/histoires-d-une-nation\/<\/a><\/span><\/p>\n<p><span class=\"text_exposed_show\"><a href=\"https:\/\/www.france.tv\/france-2\/histoires-d-une-nation\/\" target=\"_blank\" rel=\"noopener nofollow\" data-ft=\"{&quot;tn&quot;:&quot;-U&quot;}\" data-lynx-mode=\"async\" data-lynx-uri=\"https:\/\/l.facebook.com\/l.php?u=https%3A%2F%2Fwww.france.tv%2Ffrance-2%2Fhistoires-d-une-nation%2F&amp;h=AT1FYsCD77w8koIFvKUVYo1LVkDtHn13rlkhM1SS9xcLyjRmnQxp3Oyg11bpVQbc4rH9ZmSL16rRAbFfnebOpw_lzqgXSXIn1VruliDuIG-FMmpCx4G41QzCpJaeav6DXny_pjZFIewUok57idVbSAYMdkgn2qfv8d5SnYCjhepVqE8bVaFZNyUadarO_XtE8uuZivN3TF-m7Yt2HjIF01IsWPAXjXT373P8lGd6JjhfVQnzy9MKlvHdtlQNqW6gPoUXQpQxGoYnkrX4SBoKDTGkTAcBq6duFjJ7uEZMwSPzrF-NbEFEtSdiPsi56S-zeE431VzaLXWxVFDyK1j5X5ftxvdESxH8MQiLzcAt9X2hEjEy1xInxLBLM20J3LuNIlb5WZknqsmOuxjUm-F9N48O3e2GRrQAL6Y\">La suite de l&rsquo;article de T\u00e9l\u00e9rama :<br \/>\n<\/a><a href=\"https:\/\/drive.google.com\/file\/d\/1VUHtbN96KCdlezzYeoXQBp0GUmsm46Ek\/view?usp=sharing\" target=\"_blank\" rel=\"noopener nofollow\" data-ft=\"{&quot;tn&quot;:&quot;-U&quot;}\" data-lynx-mode=\"async\" data-lynx-uri=\"https:\/\/l.facebook.com\/l.php?u=https%3A%2F%2Fdrive.google.com%2Ffile%2Fd%2F1VUHtbN96KCdlezzYeoXQBp0GUmsm46Ek%2Fview%3Fusp%3Dsharing&amp;h=AT2IzKQyhkh5c3NDw6kmqpzKFzP6Ru-xKwuFwCOiiVc1IEOskZK4MYB6XlKiHj5jmSArPHC51ogZPImAHdAonMxpq06iTnfhNsbXK4Qg3sEYED2J9RX5rgmdY10J2XEh5MAvyJmiJfjy_sgiIfuly8vFtI1IKmvSfkAoDOThYBGobXUvAfYwgJOCoOGlMfECKCKDTUoFRh3sCzv0ZA6YNHc7tzlEAcfpMnjhUOZxrxsa_MxlCs74h0JTdH4HrxfS2sIFKSeEsxYbXfvZDHq1IBAD64512wwPYtPLhAjeV2xUUiudAEwy9sEaX_YD5lGs4Gnbb3Q43Cnz-hlxa5DE6gPaydzTZAhMrsmV7yu7P_l1IchkgMQVHrSfCrCNej8a7B_Lo8D2A1mi9aayPE6rKA7GCRW_yO3YIWc\">https:\/\/drive.google.com\/\u2026\/1VUHtbN96KCdlezzYeoXQBp0GU\u2026\/view\u2026<\/a><\/span><\/p>\n<p><span class=\"text_exposed_show\"><a href=\"https:\/\/drive.google.com\/file\/d\/14R3zhKukjHSvEXaBvRxdfGUFn3pSRus9\/view?usp=sharing\" target=\"_blank\" rel=\"noopener nofollow\" data-ft=\"{&quot;tn&quot;:&quot;-U&quot;}\" data-lynx-mode=\"async\" data-lynx-uri=\"https:\/\/l.facebook.com\/l.php?u=https%3A%2F%2Fdrive.google.com%2Ffile%2Fd%2F14R3zhKukjHSvEXaBvRxdfGUFn3pSRus9%2Fview%3Fusp%3Dsharing&amp;h=AT1iBKGPx7-7hp3GCVYrQC7Z03QBCPZiCojqa1hBEGa9UxLOv-0uPeBdMa3kQgSXIxQMOdSZ68y0b77riGFdSeuDaATMKsLDUimciAcuqQ35QRNLR0KGZPD10m8b25mIrFyFMvj4dvfgMFL4L5xypxccNMauZayruSKAj9N29pFEgQcCdWdQ_Wi3QGMwPYHXXj0C4aleoJjOHOClR_S7hCDJkNkO4m-qBkNWjxQu8sODVYEPSQz8641ogrQ7v6nfi69rD56A8s1iroYum3yvlpXZwbGbqz-uRAzpJospmBegU4Udf7n5EtPZDhqM4gwkMhrHCCp10HJ3YvAYDsJ_llXk2iooZdwM8WMO1YhK-_RHKNO4poCzRFicaUYjtsHo8ub2yHppSfpHtvG5hZJ9n_H9k1m9VP4JG30\">https:\/\/drive.google.com\/\u2026\/14R3zhKukjHSvEXaBvRxdfGUFn\u2026\/view\u2026<\/a><\/span><\/p>\n<p style=\"text-align: center;\"><strong>La page Facebook d&rsquo;Asylum : <a href=\"https:\/\/www.facebook.com\/lucioles.Asylum\/\" target=\"_blank\" rel=\"noopener\">https:\/\/www.facebook.com\/lucioles.Asylum\/<\/a><\/strong><\/p>\n<h3 style=\"text-align: center;\"><strong><a href=\"https:\/\/www.gastonballiot.fr\/migrants-et-refugies\/\" target=\"_blank\" rel=\"noopener\">Mon dossier sur Immigration et racisme<\/a><\/strong><\/h3>\n<p>&nbsp;<\/p>\n<p>&nbsp;<\/p>\n<\/div>\n","protected":false},"excerpt":{"rendered":"<p>Amin, le film &#8211; Histoires d&rsquo;une nation, le documentaire &#8211; Asylum, la page Facebook &#8211; Migrations et racisme, le dossier Un film actuellement en salleEn salles : \u00ab\u00a0Amin\u00a0\u00bb de Philippe Faucon. Tr\u00e8s belles interpr\u00e9tations du trio d&rsquo;acteurs-actrices compos\u00e9 d&rsquo;Emmanuelle Devos, de Moustapha Mbengue et Mar\u00e8me N&rsquo;Diaye. Un sujet fort sur la double identit\u00e9 de l&rsquo;\u00e9migrant-immigrant qui rappelle les analyses du sociologue Abdelmayek Sayad dans son livre \u00ab\u00a0La Double absence. Des illusions de l&rsquo;\u00e9migr\u00e9 aux souffrances de l&rsquo;immigr\u00e9\u00a0\u00bb. Asylum en avait publi\u00e9 &#8230; <a title=\"Mieux comprendre les migrations\" class=\"read-more\" href=\"https:\/\/www.gastonballiot.fr\/?p=5617\" aria-label=\"Plus sur Mieux comprendre les migrations\">Lire la suite&#8230;<\/a><\/p>\n","protected":false},"author":1,"featured_media":0,"comment_status":"open","ping_status":"open","sticky":false,"template":"","format":"standard","meta":{"ngg_post_thumbnail":0,"jetpack_post_was_ever_published":false,"_jetpack_newsletter_access":"","_jetpack_dont_email_post_to_subs":false,"_jetpack_newsletter_tier_id":0,"_jetpack_memberships_contains_paywalled_content":false,"_jetpack_memberships_contains_paid_content":false,"footnotes":"","jetpack_publicize_message":"","jetpack_publicize_feature_enabled":true,"jetpack_social_post_already_shared":true,"jetpack_social_options":{"image_generator_settings":{"template":"highway","enabled":false},"version":2}},"categories":[2,5,10],"tags":[308,277,127],"class_list":["post-5617","post","type-post","status-publish","format-standard","hentry","category-a-la-une","category-democratie","category-lectures-films","tag-immigres","tag-migrants","tag-solidarite","infinite-scroll-item","masonry-post","generate-columns","tablet-grid-50","mobile-grid-100","grid-parent","grid-33"],"jetpack_publicize_connections":[],"yoast_head":"<!-- This site is optimized with the Yoast SEO plugin v27.5 - https:\/\/yoast.com\/product\/yoast-seo-wordpress\/ -->\n<title>Mieux comprendre les migrations - Le blog politique de Gaston<\/title>\n<meta name=\"robots\" content=\"index, follow, max-snippet:-1, max-image-preview:large, max-video-preview:-1\" \/>\n<link rel=\"canonical\" href=\"https:\/\/www.gastonballiot.fr\/?p=5617\" \/>\n<meta property=\"og:locale\" content=\"fr_FR\" \/>\n<meta property=\"og:type\" content=\"article\" \/>\n<meta property=\"og:title\" content=\"Mieux comprendre les migrations - Le blog politique de Gaston\" \/>\n<meta property=\"og:description\" content=\"Amin, le film &#8211; Histoires d&rsquo;une nation, le documentaire &#8211; Asylum, la page Facebook &#8211; Migrations et racisme, le dossier Un film actuellement en salleEn salles : \u00ab\u00a0Amin\u00a0\u00bb de Philippe Faucon. Tr\u00e8s belles interpr\u00e9tations du trio d&rsquo;acteurs-actrices compos\u00e9 d&rsquo;Emmanuelle Devos, de Moustapha Mbengue et Mar\u00e8me N&rsquo;Diaye. Un sujet fort sur la double identit\u00e9 de l&rsquo;\u00e9migrant-immigrant qui rappelle les analyses du sociologue Abdelmayek Sayad dans son livre \u00ab\u00a0La Double absence. Des illusions de l&rsquo;\u00e9migr\u00e9 aux souffrances de l&rsquo;immigr\u00e9\u00a0\u00bb. Asylum en avait publi\u00e9 ... Lire la suite...\" \/>\n<meta property=\"og:url\" content=\"https:\/\/www.gastonballiot.fr\/?p=5617\" \/>\n<meta property=\"og:site_name\" content=\"Le blog politique de Gaston\" \/>\n<meta property=\"article:publisher\" content=\"https:\/\/www.facebook.com\/gaston.balliot\/\" \/>\n<meta property=\"article:author\" content=\"https:\/\/www.facebook.com\/gaston.balliot\/\" \/>\n<meta property=\"article:published_time\" content=\"2018-10-10T07:34:38+00:00\" \/>\n<meta property=\"article:modified_time\" content=\"2018-10-10T18:57:59+00:00\" \/>\n<meta property=\"og:image\" content=\"https:\/\/www.gastonballiot.fr\/wp-content\/uploads\/2018\/10\/Amin.jpg\" \/>\n<meta name=\"author\" content=\"gb\" \/>\n<meta name=\"twitter:card\" content=\"summary_large_image\" \/>\n<meta name=\"twitter:label1\" content=\"\u00c9crit par\" \/>\n\t<meta name=\"twitter:data1\" content=\"gb\" \/>\n\t<meta name=\"twitter:label2\" content=\"Dur\u00e9e de lecture estim\u00e9e\" \/>\n\t<meta name=\"twitter:data2\" content=\"1 minute\" \/>\n<script type=\"application\/ld+json\" class=\"yoast-schema-graph\">{\"@context\":\"https:\\\/\\\/schema.org\",\"@graph\":[{\"@type\":\"Article\",\"@id\":\"https:\\\/\\\/www.gastonballiot.fr\\\/?p=5617#article\",\"isPartOf\":{\"@id\":\"https:\\\/\\\/www.gastonballiot.fr\\\/?p=5617\"},\"author\":{\"name\":\"gb\",\"@id\":\"https:\\\/\\\/www.gastonballiot.fr\\\/#\\\/schema\\\/person\\\/244a5e02696abd8a65c5b1bebdb948ca\"},\"headline\":\"Mieux comprendre les migrations\",\"datePublished\":\"2018-10-10T07:34:38+00:00\",\"dateModified\":\"2018-10-10T18:57:59+00:00\",\"mainEntityOfPage\":{\"@id\":\"https:\\\/\\\/www.gastonballiot.fr\\\/?p=5617\"},\"wordCount\":214,\"commentCount\":0,\"publisher\":{\"@id\":\"https:\\\/\\\/www.gastonballiot.fr\\\/#\\\/schema\\\/person\\\/244a5e02696abd8a65c5b1bebdb948ca\"},\"image\":{\"@id\":\"https:\\\/\\\/www.gastonballiot.fr\\\/?p=5617#primaryimage\"},\"thumbnailUrl\":\"https:\\\/\\\/www.gastonballiot.fr\\\/wp-content\\\/uploads\\\/2018\\\/10\\\/Amin.jpg\",\"keywords\":[\"immigr\u00e9s\",\"migrants\",\"solidarit\u00e9\"],\"articleSection\":[\"A la une\",\"D\u00e9mocratie\",\"Lectures-Films\"],\"inLanguage\":\"fr-FR\",\"potentialAction\":[{\"@type\":\"CommentAction\",\"name\":\"Comment\",\"target\":[\"https:\\\/\\\/www.gastonballiot.fr\\\/?p=5617#respond\"]}]},{\"@type\":\"WebPage\",\"@id\":\"https:\\\/\\\/www.gastonballiot.fr\\\/?p=5617\",\"url\":\"https:\\\/\\\/www.gastonballiot.fr\\\/?p=5617\",\"name\":\"Mieux comprendre les migrations - Le blog politique de Gaston\",\"isPartOf\":{\"@id\":\"https:\\\/\\\/www.gastonballiot.fr\\\/#website\"},\"primaryImageOfPage\":{\"@id\":\"https:\\\/\\\/www.gastonballiot.fr\\\/?p=5617#primaryimage\"},\"image\":{\"@id\":\"https:\\\/\\\/www.gastonballiot.fr\\\/?p=5617#primaryimage\"},\"thumbnailUrl\":\"https:\\\/\\\/www.gastonballiot.fr\\\/wp-content\\\/uploads\\\/2018\\\/10\\\/Amin.jpg\",\"datePublished\":\"2018-10-10T07:34:38+00:00\",\"dateModified\":\"2018-10-10T18:57:59+00:00\",\"breadcrumb\":{\"@id\":\"https:\\\/\\\/www.gastonballiot.fr\\\/?p=5617#breadcrumb\"},\"inLanguage\":\"fr-FR\",\"potentialAction\":[{\"@type\":\"ReadAction\",\"target\":[\"https:\\\/\\\/www.gastonballiot.fr\\\/?p=5617\"]}]},{\"@type\":\"ImageObject\",\"inLanguage\":\"fr-FR\",\"@id\":\"https:\\\/\\\/www.gastonballiot.fr\\\/?p=5617#primaryimage\",\"url\":\"https:\\\/\\\/i0.wp.com\\\/www.gastonballiot.fr\\\/wp-content\\\/uploads\\\/2018\\\/10\\\/Amin.jpg?fit=680%2C960&ssl=1\",\"contentUrl\":\"https:\\\/\\\/i0.wp.com\\\/www.gastonballiot.fr\\\/wp-content\\\/uploads\\\/2018\\\/10\\\/Amin.jpg?fit=680%2C960&ssl=1\",\"width\":680,\"height\":960},{\"@type\":\"BreadcrumbList\",\"@id\":\"https:\\\/\\\/www.gastonballiot.fr\\\/?p=5617#breadcrumb\",\"itemListElement\":[{\"@type\":\"ListItem\",\"position\":1,\"name\":\"Accueil\",\"item\":\"https:\\\/\\\/www.gastonballiot.fr\\\/\"},{\"@type\":\"ListItem\",\"position\":2,\"name\":\"Mieux comprendre les migrations\"}]},{\"@type\":\"WebSite\",\"@id\":\"https:\\\/\\\/www.gastonballiot.fr\\\/#website\",\"url\":\"https:\\\/\\\/www.gastonballiot.fr\\\/\",\"name\":\"Le blog politique de Gaston\",\"description\":\"L&#039;humain d&#039;abord, pas la finance !\",\"publisher\":{\"@id\":\"https:\\\/\\\/www.gastonballiot.fr\\\/#\\\/schema\\\/person\\\/244a5e02696abd8a65c5b1bebdb948ca\"},\"potentialAction\":[{\"@type\":\"SearchAction\",\"target\":{\"@type\":\"EntryPoint\",\"urlTemplate\":\"https:\\\/\\\/www.gastonballiot.fr\\\/?s={search_term_string}\"},\"query-input\":{\"@type\":\"PropertyValueSpecification\",\"valueRequired\":true,\"valueName\":\"search_term_string\"}}],\"inLanguage\":\"fr-FR\"},{\"@type\":[\"Person\",\"Organization\"],\"@id\":\"https:\\\/\\\/www.gastonballiot.fr\\\/#\\\/schema\\\/person\\\/244a5e02696abd8a65c5b1bebdb948ca\",\"name\":\"gb\",\"image\":{\"@type\":\"ImageObject\",\"inLanguage\":\"fr-FR\",\"@id\":\"https:\\\/\\\/i0.wp.com\\\/www.gastonballiot.fr\\\/wp-content\\\/uploads\\\/2017\\\/04\\\/cropped-Marianne-drapeau-rouge.gif?fit=512%2C512&ssl=1\",\"url\":\"https:\\\/\\\/i0.wp.com\\\/www.gastonballiot.fr\\\/wp-content\\\/uploads\\\/2017\\\/04\\\/cropped-Marianne-drapeau-rouge.gif?fit=512%2C512&ssl=1\",\"contentUrl\":\"https:\\\/\\\/i0.wp.com\\\/www.gastonballiot.fr\\\/wp-content\\\/uploads\\\/2017\\\/04\\\/cropped-Marianne-drapeau-rouge.gif?fit=512%2C512&ssl=1\",\"width\":512,\"height\":512,\"caption\":\"gb\"},\"logo\":{\"@id\":\"https:\\\/\\\/i0.wp.com\\\/www.gastonballiot.fr\\\/wp-content\\\/uploads\\\/2017\\\/04\\\/cropped-Marianne-drapeau-rouge.gif?fit=512%2C512&ssl=1\"},\"description\":\"Gaston Balliot, militant du Front de Gauche en pays bigouden - Pont L'Abb\u00e9 - Loctudy - Guilvinec - Penmarc'h - Ile Tudy - Combrit Ste Marine - Tr\u00e9meoc - Plon\u00e9our, p\u00eache tourisme\",\"sameAs\":[\"https:\\\/\\\/www.facebook.com\\\/gaston.balliot\\\/\"]}]}<\/script>\n<!-- \/ Yoast SEO plugin. -->","yoast_head_json":{"title":"Mieux comprendre les migrations - Le blog politique de Gaston","robots":{"index":"index","follow":"follow","max-snippet":"max-snippet:-1","max-image-preview":"max-image-preview:large","max-video-preview":"max-video-preview:-1"},"canonical":"https:\/\/www.gastonballiot.fr\/?p=5617","og_locale":"fr_FR","og_type":"article","og_title":"Mieux comprendre les migrations - Le blog politique de Gaston","og_description":"Amin, le film &#8211; Histoires d&rsquo;une nation, le documentaire &#8211; Asylum, la page Facebook &#8211; Migrations et racisme, le dossier Un film actuellement en salleEn salles : \u00ab\u00a0Amin\u00a0\u00bb de Philippe Faucon. Tr\u00e8s belles interpr\u00e9tations du trio d&rsquo;acteurs-actrices compos\u00e9 d&rsquo;Emmanuelle Devos, de Moustapha Mbengue et Mar\u00e8me N&rsquo;Diaye. Un sujet fort sur la double identit\u00e9 de l&rsquo;\u00e9migrant-immigrant qui rappelle les analyses du sociologue Abdelmayek Sayad dans son livre \u00ab\u00a0La Double absence. Des illusions de l&rsquo;\u00e9migr\u00e9 aux souffrances de l&rsquo;immigr\u00e9\u00a0\u00bb. Asylum en avait publi\u00e9 ... Lire la suite...","og_url":"https:\/\/www.gastonballiot.fr\/?p=5617","og_site_name":"Le blog politique de Gaston","article_publisher":"https:\/\/www.facebook.com\/gaston.balliot\/","article_author":"https:\/\/www.facebook.com\/gaston.balliot\/","article_published_time":"2018-10-10T07:34:38+00:00","article_modified_time":"2018-10-10T18:57:59+00:00","og_image":[{"url":"https:\/\/www.gastonballiot.fr\/wp-content\/uploads\/2018\/10\/Amin.jpg","type":"","width":"","height":""}],"author":"gb","twitter_card":"summary_large_image","twitter_misc":{"\u00c9crit par":"gb","Dur\u00e9e de lecture estim\u00e9e":"1 minute"},"schema":{"@context":"https:\/\/schema.org","@graph":[{"@type":"Article","@id":"https:\/\/www.gastonballiot.fr\/?p=5617#article","isPartOf":{"@id":"https:\/\/www.gastonballiot.fr\/?p=5617"},"author":{"name":"gb","@id":"https:\/\/www.gastonballiot.fr\/#\/schema\/person\/244a5e02696abd8a65c5b1bebdb948ca"},"headline":"Mieux comprendre les migrations","datePublished":"2018-10-10T07:34:38+00:00","dateModified":"2018-10-10T18:57:59+00:00","mainEntityOfPage":{"@id":"https:\/\/www.gastonballiot.fr\/?p=5617"},"wordCount":214,"commentCount":0,"publisher":{"@id":"https:\/\/www.gastonballiot.fr\/#\/schema\/person\/244a5e02696abd8a65c5b1bebdb948ca"},"image":{"@id":"https:\/\/www.gastonballiot.fr\/?p=5617#primaryimage"},"thumbnailUrl":"https:\/\/www.gastonballiot.fr\/wp-content\/uploads\/2018\/10\/Amin.jpg","keywords":["immigr\u00e9s","migrants","solidarit\u00e9"],"articleSection":["A la une","D\u00e9mocratie","Lectures-Films"],"inLanguage":"fr-FR","potentialAction":[{"@type":"CommentAction","name":"Comment","target":["https:\/\/www.gastonballiot.fr\/?p=5617#respond"]}]},{"@type":"WebPage","@id":"https:\/\/www.gastonballiot.fr\/?p=5617","url":"https:\/\/www.gastonballiot.fr\/?p=5617","name":"Mieux comprendre les migrations - Le blog politique de Gaston","isPartOf":{"@id":"https:\/\/www.gastonballiot.fr\/#website"},"primaryImageOfPage":{"@id":"https:\/\/www.gastonballiot.fr\/?p=5617#primaryimage"},"image":{"@id":"https:\/\/www.gastonballiot.fr\/?p=5617#primaryimage"},"thumbnailUrl":"https:\/\/www.gastonballiot.fr\/wp-content\/uploads\/2018\/10\/Amin.jpg","datePublished":"2018-10-10T07:34:38+00:00","dateModified":"2018-10-10T18:57:59+00:00","breadcrumb":{"@id":"https:\/\/www.gastonballiot.fr\/?p=5617#breadcrumb"},"inLanguage":"fr-FR","potentialAction":[{"@type":"ReadAction","target":["https:\/\/www.gastonballiot.fr\/?p=5617"]}]},{"@type":"ImageObject","inLanguage":"fr-FR","@id":"https:\/\/www.gastonballiot.fr\/?p=5617#primaryimage","url":"https:\/\/i0.wp.com\/www.gastonballiot.fr\/wp-content\/uploads\/2018\/10\/Amin.jpg?fit=680%2C960&ssl=1","contentUrl":"https:\/\/i0.wp.com\/www.gastonballiot.fr\/wp-content\/uploads\/2018\/10\/Amin.jpg?fit=680%2C960&ssl=1","width":680,"height":960},{"@type":"BreadcrumbList","@id":"https:\/\/www.gastonballiot.fr\/?p=5617#breadcrumb","itemListElement":[{"@type":"ListItem","position":1,"name":"Accueil","item":"https:\/\/www.gastonballiot.fr\/"},{"@type":"ListItem","position":2,"name":"Mieux comprendre les migrations"}]},{"@type":"WebSite","@id":"https:\/\/www.gastonballiot.fr\/#website","url":"https:\/\/www.gastonballiot.fr\/","name":"Le blog politique de Gaston","description":"L&#039;humain d&#039;abord, pas la finance !","publisher":{"@id":"https:\/\/www.gastonballiot.fr\/#\/schema\/person\/244a5e02696abd8a65c5b1bebdb948ca"},"potentialAction":[{"@type":"SearchAction","target":{"@type":"EntryPoint","urlTemplate":"https:\/\/www.gastonballiot.fr\/?s={search_term_string}"},"query-input":{"@type":"PropertyValueSpecification","valueRequired":true,"valueName":"search_term_string"}}],"inLanguage":"fr-FR"},{"@type":["Person","Organization"],"@id":"https:\/\/www.gastonballiot.fr\/#\/schema\/person\/244a5e02696abd8a65c5b1bebdb948ca","name":"gb","image":{"@type":"ImageObject","inLanguage":"fr-FR","@id":"https:\/\/i0.wp.com\/www.gastonballiot.fr\/wp-content\/uploads\/2017\/04\/cropped-Marianne-drapeau-rouge.gif?fit=512%2C512&ssl=1","url":"https:\/\/i0.wp.com\/www.gastonballiot.fr\/wp-content\/uploads\/2017\/04\/cropped-Marianne-drapeau-rouge.gif?fit=512%2C512&ssl=1","contentUrl":"https:\/\/i0.wp.com\/www.gastonballiot.fr\/wp-content\/uploads\/2017\/04\/cropped-Marianne-drapeau-rouge.gif?fit=512%2C512&ssl=1","width":512,"height":512,"caption":"gb"},"logo":{"@id":"https:\/\/i0.wp.com\/www.gastonballiot.fr\/wp-content\/uploads\/2017\/04\/cropped-Marianne-drapeau-rouge.gif?fit=512%2C512&ssl=1"},"description":"Gaston Balliot, militant du Front de Gauche en pays bigouden - Pont L'Abb\u00e9 - Loctudy - Guilvinec - Penmarc'h - Ile Tudy - Combrit Ste Marine - Tr\u00e9meoc - Plon\u00e9our, p\u00eache tourisme","sameAs":["https:\/\/www.facebook.com\/gaston.balliot\/"]}]}},"jetpack_featured_media_url":"","jetpack_shortlink":"https:\/\/wp.me\/p5UTaD-1sB","jetpack-related-posts":[],"jetpack_likes_enabled":true,"jetpack_sharing_enabled":true,"_links":{"self":[{"href":"https:\/\/www.gastonballiot.fr\/index.php?rest_route=\/wp\/v2\/posts\/5617","targetHints":{"allow":["GET"]}}],"collection":[{"href":"https:\/\/www.gastonballiot.fr\/index.php?rest_route=\/wp\/v2\/posts"}],"about":[{"href":"https:\/\/www.gastonballiot.fr\/index.php?rest_route=\/wp\/v2\/types\/post"}],"author":[{"embeddable":true,"href":"https:\/\/www.gastonballiot.fr\/index.php?rest_route=\/wp\/v2\/users\/1"}],"replies":[{"embeddable":true,"href":"https:\/\/www.gastonballiot.fr\/index.php?rest_route=%2Fwp%2Fv2%2Fcomments&post=5617"}],"version-history":[{"count":0,"href":"https:\/\/www.gastonballiot.fr\/index.php?rest_route=\/wp\/v2\/posts\/5617\/revisions"}],"wp:attachment":[{"href":"https:\/\/www.gastonballiot.fr\/index.php?rest_route=%2Fwp%2Fv2%2Fmedia&parent=5617"}],"wp:term":[{"taxonomy":"category","embeddable":true,"href":"https:\/\/www.gastonballiot.fr\/index.php?rest_route=%2Fwp%2Fv2%2Fcategories&post=5617"},{"taxonomy":"post_tag","embeddable":true,"href":"https:\/\/www.gastonballiot.fr\/index.php?rest_route=%2Fwp%2Fv2%2Ftags&post=5617"}],"curies":[{"name":"wp","href":"https:\/\/api.w.org\/{rel}","templated":true}]}}