{"id":5663,"date":"2018-10-21T08:48:47","date_gmt":"2018-10-21T06:48:47","guid":{"rendered":"https:\/\/www.gastonballiot.fr\/?p=5663"},"modified":"2018-10-21T08:52:32","modified_gmt":"2018-10-21T06:52:32","slug":"europeennes-ian-brossat-ecrit-aux-responsables-de-gauche","status":"publish","type":"post","link":"https:\/\/www.gastonballiot.fr\/?p=5663","title":{"rendered":"Europ\u00e9ennes, Ian BROSSAT \u00e9crit aux responsables de Gauche"},"content":{"rendered":"<div class=\"body\">\n<div class=\"ob-sections\">\n<div class=\"ob-section ob-section-images ob-default\">\n<div class=\"ob-row-1-col\"><a class=\"ob-link-img\" href=\"https:\/\/i0.wp.com\/img.over-blog-kiwi.com\/1\/38\/56\/29\/20181020\/ob_fd2a07_69817.jpg\" rel=\"fancybox\"><img data-recalc-dims=\"1\" decoding=\"async\" class=\"ob-cell ob-img ob-media alignleft\" src=\"https:\/\/i0.wp.com\/img.over-blog-kiwi.com\/1\/38\/56\/29\/20181020\/ob_fd2a07_69817.jpg?w=1200\" alt=\"Europ\u00e9ennes, Ian BROSSAT \u00e9crit aux responsables de Gauche\"><\/a><\/div>\n<\/div>\n<div class=\"ob-section ob-section-html\">\n<p><em><strong>Ian Brossat (chef de file des communistes pour les \u00e9lections europ\u00e9ennes) vient d\u2019\u00e9crire aux responsables de gauche.<\/strong><\/em><\/p>\n<p><em><strong>T\u00eate de liste du PCF pour les \u00e9lections europ\u00e9ennes, Ian Brossat, avait d\u00e9j\u00e0 lanc\u00e9 un appel \u00e0 la gauche, hors Parti socialiste, pour se retrouver \u201cautour d\u2019une table\u201d et discuter en vue du scrutin.&nbsp;<\/strong><\/em><\/p>\n<p><em>Je lance [&#8230;] un appel \u00e0 Besancenot, \u00e0 Hamon, \u00e0 M\u00e9lenchon, pour qu\u2019on puisse quand m\u00eame se retrouver autour d\u2019une table, voir comment nous pouvons organiser la riposte \u00e0 Macron&nbsp;<\/em>&nbsp;\u00bb, a-t-il d\u00e9clar\u00e9 sur Public S\u00e9nat, sans citer Olivier Faure, premier secr\u00e9taire du Parti socialiste.<\/p>\n<p>\u00ab&nbsp;<em>Face \u00e0 la mont\u00e9e de l\u2019extr\u00eame-droite, aux agressions de Macron contre le monde du travail, rencontrons-nous pour riposter et construire des convergences. Nous avons des d\u00e9bats, mais cela ne doit nous emp\u00eacher de discuter&nbsp;<\/em>&nbsp;\u00bb, pr\u00e9cisait-il sur sa page Facebook.<\/p>\n<p>Ayant d\u00e9j\u00e0 dit, mi-septembre, qu\u2019il ne se r\u00e9solvait pas \u00ab&nbsp;<em>\u00e0 l\u2019\u00e9tat de dispersion de la gauche&nbsp;<\/em>&nbsp;\u00bb, Ian BROSSAT propose donc de travailler \u00e0 des points d\u2019accord sur des dossiers tels que les d\u00e9localisations, le travail d\u00e9tach\u00e9, la r\u00e9mun\u00e9ration du travail, le pouvoir d\u2019achat, les retraites&#8230; questions qui \u00ab&nbsp;<em>int\u00e9ressent les Fran\u00e7ais<\/em>&nbsp;\u00bb.<\/p>\n<p>Le chef de file des communistes pour les \u00e9lections europ\u00e9ennes ne d\u00e9mord pas d\u2019un dialogue entre les forces de gauche<\/p>\n<p><strong>Vous trouverez ci-dessous le courrier qu\u2019Ian BROSSAT, chef de file des communistes pour les \u00e9lections europ\u00e9ennes, a adress\u00e9 \u00e0 Beno\u00eet HAMON, Olivier BESANCENOT, Jean-Luc MELENCHON, David CORMAND et Emmanuel MAUREL&nbsp;:<\/strong><\/p>\n<p>\u00ab&nbsp;<em>Cher,<\/em><\/p>\n<p><em>Chef de file du Parti communiste fran\u00e7ais aux \u00e9lections europ\u00e9ennes, je tenais \u00e0 t\u2019\u00e9crire pour renouveler ma proposition de rencontre entre nos deux forces politiques.<\/em><\/p>\n<p><em>Dans notre pays, la d\u00e9fiance \u00e0 l\u2019\u00e9gard d\u2019Emmanuel Macron n\u2019a jamais \u00e9t\u00e9 aussi grande. Le gouvernement choisit de l\u2019ignorer et de poursuivre \u00e0 marche forc\u00e9e sa politique de d\u00e9mant\u00e8lement de nos services publics et de notre protection sociale.<\/em><\/p>\n<p><em>Privatisations, r\u00e9formes des retraites, attaque contre la S\u00e9curit\u00e9 sociale : c\u2019est l\u2019identit\u00e9 de notre pays et notre mod\u00e8le de soci\u00e9t\u00e9 qui sont remis en cause.<\/em><\/p>\n<p><em>\u00c0 l\u2019\u00e9chelle europ\u00e9enne, le rejet des politiques lib\u00e9rales engendre une mont\u00e9e inqui\u00e9tante de l\u2019extr\u00eame-droite qui instille partout son venin raciste et x\u00e9nophobe.<\/em><\/p>\n<p><em>Dans ce contexte lourd de menaces, il nous appartient de d\u00e9passer l&rsquo;\u00e9tat de dispersion qui est celui de la gauche aujourd\u2019hui.<\/em><\/p>\n<p><em>Une telle situation me para\u00eet d\u2019autant plus regrettable qu\u2019un nombre croissant de nos concitoyens se mobilisent partout \u00e0 travers notre pays. Dans les marches pour le climat, les mobilisations en faveur des r\u00e9fugi\u00e9s, les mobilisations sociales, ils nous disent leur aspiration grandissante \u00e0 une issue progressiste.<\/em><\/p>\n<p><em>Nous nous retrouvons d\u2019ailleurs tr\u00e8s r\u00e9guli\u00e8rement ensemble lors de ces mobilisations.<\/em><\/p>\n<p><em>Des d\u00e9bats nous traversent, c\u2019est vrai. Pour autant, je suis profond\u00e9ment convaincu que nous avons beaucoup \u00e0 gagner \u00e0 nous parler pour construire des perspectives communes.<\/em><\/p>\n<p><em>Dans ce but, je souhaite te convier \u00e0 une rencontre bilat\u00e9rale qui se tiendrait \u00e0 une date \u00e0 fixer ensemble.<\/em><\/p>\n<p><em>Re\u00e7ois l&rsquo;expression de mes sentiments les meilleurs.<\/em><\/p>\n<p><em>Ian BROSSAT&nbsp;\u00bb<\/em><\/p>\n<\/div>\n<\/div>\n<\/div>\n","protected":false},"excerpt":{"rendered":"<p>Ian Brossat (chef de file des communistes pour les \u00e9lections europ\u00e9ennes) vient d\u2019\u00e9crire aux responsables de gauche. T\u00eate de liste du PCF pour les \u00e9lections europ\u00e9ennes, Ian Brossat, avait d\u00e9j\u00e0 lanc\u00e9 un appel \u00e0 la gauche, hors Parti socialiste, pour se retrouver \u201cautour d\u2019une table\u201d et discuter en vue du scrutin.&nbsp; Je lance [&#8230;] un appel \u00e0 Besancenot, \u00e0 Hamon, \u00e0 M\u00e9lenchon, pour qu\u2019on puisse quand m\u00eame se retrouver autour d\u2019une table, voir comment nous pouvons organiser la riposte \u00e0 Macron&nbsp;&nbsp;\u00bb, &#8230; <a title=\"Europ\u00e9ennes, Ian BROSSAT \u00e9crit aux responsables de Gauche\" class=\"read-more\" href=\"https:\/\/www.gastonballiot.fr\/?p=5663\" aria-label=\"Plus sur Europ\u00e9ennes, Ian BROSSAT \u00e9crit aux responsables de Gauche\">Lire la suite&#8230;<\/a><\/p>\n","protected":false},"author":1,"featured_media":0,"comment_status":"open","ping_status":"open","sticky":false,"template":"","format":"standard","meta":{"ngg_post_thumbnail":0,"jetpack_post_was_ever_published":false,"_jetpack_newsletter_access":"","_jetpack_dont_email_post_to_subs":false,"_jetpack_newsletter_tier_id":0,"_jetpack_memberships_contains_paywalled_content":false,"_jetpack_memberships_contains_paid_content":false,"footnotes":"","jetpack_publicize_message":"","jetpack_publicize_feature_enabled":true,"jetpack_social_post_already_shared":true,"jetpack_social_options":{"image_generator_settings":{"template":"highway","enabled":false},"version":2}},"categories":[2,8],"tags":[32,58,67],"class_list":["post-5663","post","type-post","status-publish","format-standard","hentry","category-a-la-une","category-europe","tag-election","tag-europe","tag-gauche","infinite-scroll-item","masonry-post","generate-columns","tablet-grid-50","mobile-grid-100","grid-parent","grid-33"],"jetpack_publicize_connections":[],"yoast_head":"<!-- This site is optimized with the Yoast SEO plugin v27.5 - https:\/\/yoast.com\/product\/yoast-seo-wordpress\/ -->\n<title>Europ\u00e9ennes, Ian BROSSAT \u00e9crit aux responsables de Gauche - Le blog politique de Gaston<\/title>\n<meta name=\"robots\" content=\"index, follow, max-snippet:-1, max-image-preview:large, max-video-preview:-1\" \/>\n<link rel=\"canonical\" href=\"https:\/\/www.gastonballiot.fr\/?p=5663\" \/>\n<meta property=\"og:locale\" content=\"fr_FR\" \/>\n<meta property=\"og:type\" content=\"article\" \/>\n<meta property=\"og:title\" content=\"Europ\u00e9ennes, Ian BROSSAT \u00e9crit aux responsables de Gauche - Le blog politique de Gaston\" \/>\n<meta property=\"og:description\" content=\"Ian Brossat (chef de file des communistes pour les \u00e9lections europ\u00e9ennes) vient d\u2019\u00e9crire aux responsables de gauche. T\u00eate de liste du PCF pour les \u00e9lections europ\u00e9ennes, Ian Brossat, avait d\u00e9j\u00e0 lanc\u00e9 un appel \u00e0 la gauche, hors Parti socialiste, pour se retrouver \u201cautour d\u2019une table\u201d et discuter en vue du scrutin.&nbsp; Je lance [&#8230;] un appel \u00e0 Besancenot, \u00e0 Hamon, \u00e0 M\u00e9lenchon, pour qu\u2019on puisse quand m\u00eame se retrouver autour d\u2019une table, voir comment nous pouvons organiser la riposte \u00e0 Macron&nbsp;&nbsp;\u00bb, ... Lire la suite...\" \/>\n<meta property=\"og:url\" content=\"https:\/\/www.gastonballiot.fr\/?p=5663\" \/>\n<meta property=\"og:site_name\" content=\"Le blog politique de Gaston\" \/>\n<meta property=\"article:publisher\" content=\"https:\/\/www.facebook.com\/gaston.balliot\/\" \/>\n<meta property=\"article:author\" content=\"https:\/\/www.facebook.com\/gaston.balliot\/\" \/>\n<meta property=\"article:published_time\" content=\"2018-10-21T06:48:47+00:00\" \/>\n<meta property=\"article:modified_time\" content=\"2018-10-21T06:52:32+00:00\" \/>\n<meta property=\"og:image\" content=\"http:\/\/img.over-blog-kiwi.com\/1\/38\/56\/29\/20181020\/ob_fd2a07_69817.jpg\" \/>\n<meta name=\"author\" content=\"gb\" \/>\n<meta name=\"twitter:card\" content=\"summary_large_image\" \/>\n<meta name=\"twitter:label1\" content=\"\u00c9crit par\" \/>\n\t<meta name=\"twitter:data1\" content=\"gb\" \/>\n\t<meta name=\"twitter:label2\" content=\"Dur\u00e9e de lecture estim\u00e9e\" \/>\n\t<meta name=\"twitter:data2\" content=\"3 minutes\" \/>\n<script type=\"application\/ld+json\" class=\"yoast-schema-graph\">{\"@context\":\"https:\\\/\\\/schema.org\",\"@graph\":[{\"@type\":\"Article\",\"@id\":\"https:\\\/\\\/www.gastonballiot.fr\\\/?p=5663#article\",\"isPartOf\":{\"@id\":\"https:\\\/\\\/www.gastonballiot.fr\\\/?p=5663\"},\"author\":{\"name\":\"gb\",\"@id\":\"https:\\\/\\\/www.gastonballiot.fr\\\/#\\\/schema\\\/person\\\/244a5e02696abd8a65c5b1bebdb948ca\"},\"headline\":\"Europ\u00e9ennes, Ian BROSSAT \u00e9crit aux responsables de Gauche\",\"datePublished\":\"2018-10-21T06:48:47+00:00\",\"dateModified\":\"2018-10-21T06:52:32+00:00\",\"mainEntityOfPage\":{\"@id\":\"https:\\\/\\\/www.gastonballiot.fr\\\/?p=5663\"},\"wordCount\":559,\"commentCount\":1,\"publisher\":{\"@id\":\"https:\\\/\\\/www.gastonballiot.fr\\\/#\\\/schema\\\/person\\\/244a5e02696abd8a65c5b1bebdb948ca\"},\"image\":{\"@id\":\"https:\\\/\\\/www.gastonballiot.fr\\\/?p=5663#primaryimage\"},\"thumbnailUrl\":\"http:\\\/\\\/img.over-blog-kiwi.com\\\/1\\\/38\\\/56\\\/29\\\/20181020\\\/ob_fd2a07_69817.jpg\",\"keywords\":[\"\u00e9lection\",\"Europe\",\"gauche\"],\"articleSection\":[\"A la une\",\"Europe\"],\"inLanguage\":\"fr-FR\",\"potentialAction\":[{\"@type\":\"CommentAction\",\"name\":\"Comment\",\"target\":[\"https:\\\/\\\/www.gastonballiot.fr\\\/?p=5663#respond\"]}]},{\"@type\":\"WebPage\",\"@id\":\"https:\\\/\\\/www.gastonballiot.fr\\\/?p=5663\",\"url\":\"https:\\\/\\\/www.gastonballiot.fr\\\/?p=5663\",\"name\":\"Europ\u00e9ennes, Ian BROSSAT \u00e9crit aux responsables de Gauche - Le blog politique de Gaston\",\"isPartOf\":{\"@id\":\"https:\\\/\\\/www.gastonballiot.fr\\\/#website\"},\"primaryImageOfPage\":{\"@id\":\"https:\\\/\\\/www.gastonballiot.fr\\\/?p=5663#primaryimage\"},\"image\":{\"@id\":\"https:\\\/\\\/www.gastonballiot.fr\\\/?p=5663#primaryimage\"},\"thumbnailUrl\":\"http:\\\/\\\/img.over-blog-kiwi.com\\\/1\\\/38\\\/56\\\/29\\\/20181020\\\/ob_fd2a07_69817.jpg\",\"datePublished\":\"2018-10-21T06:48:47+00:00\",\"dateModified\":\"2018-10-21T06:52:32+00:00\",\"breadcrumb\":{\"@id\":\"https:\\\/\\\/www.gastonballiot.fr\\\/?p=5663#breadcrumb\"},\"inLanguage\":\"fr-FR\",\"potentialAction\":[{\"@type\":\"ReadAction\",\"target\":[\"https:\\\/\\\/www.gastonballiot.fr\\\/?p=5663\"]}]},{\"@type\":\"ImageObject\",\"inLanguage\":\"fr-FR\",\"@id\":\"https:\\\/\\\/www.gastonballiot.fr\\\/?p=5663#primaryimage\",\"url\":\"http:\\\/\\\/img.over-blog-kiwi.com\\\/1\\\/38\\\/56\\\/29\\\/20181020\\\/ob_fd2a07_69817.jpg\",\"contentUrl\":\"http:\\\/\\\/img.over-blog-kiwi.com\\\/1\\\/38\\\/56\\\/29\\\/20181020\\\/ob_fd2a07_69817.jpg\"},{\"@type\":\"BreadcrumbList\",\"@id\":\"https:\\\/\\\/www.gastonballiot.fr\\\/?p=5663#breadcrumb\",\"itemListElement\":[{\"@type\":\"ListItem\",\"position\":1,\"name\":\"Accueil\",\"item\":\"https:\\\/\\\/www.gastonballiot.fr\\\/\"},{\"@type\":\"ListItem\",\"position\":2,\"name\":\"Europ\u00e9ennes, Ian BROSSAT \u00e9crit aux responsables de Gauche\"}]},{\"@type\":\"WebSite\",\"@id\":\"https:\\\/\\\/www.gastonballiot.fr\\\/#website\",\"url\":\"https:\\\/\\\/www.gastonballiot.fr\\\/\",\"name\":\"Le blog politique de Gaston\",\"description\":\"L&#039;humain d&#039;abord, pas la finance !\",\"publisher\":{\"@id\":\"https:\\\/\\\/www.gastonballiot.fr\\\/#\\\/schema\\\/person\\\/244a5e02696abd8a65c5b1bebdb948ca\"},\"potentialAction\":[{\"@type\":\"SearchAction\",\"target\":{\"@type\":\"EntryPoint\",\"urlTemplate\":\"https:\\\/\\\/www.gastonballiot.fr\\\/?s={search_term_string}\"},\"query-input\":{\"@type\":\"PropertyValueSpecification\",\"valueRequired\":true,\"valueName\":\"search_term_string\"}}],\"inLanguage\":\"fr-FR\"},{\"@type\":[\"Person\",\"Organization\"],\"@id\":\"https:\\\/\\\/www.gastonballiot.fr\\\/#\\\/schema\\\/person\\\/244a5e02696abd8a65c5b1bebdb948ca\",\"name\":\"gb\",\"image\":{\"@type\":\"ImageObject\",\"inLanguage\":\"fr-FR\",\"@id\":\"https:\\\/\\\/i0.wp.com\\\/www.gastonballiot.fr\\\/wp-content\\\/uploads\\\/2017\\\/04\\\/cropped-Marianne-drapeau-rouge.gif?fit=512%2C512&ssl=1\",\"url\":\"https:\\\/\\\/i0.wp.com\\\/www.gastonballiot.fr\\\/wp-content\\\/uploads\\\/2017\\\/04\\\/cropped-Marianne-drapeau-rouge.gif?fit=512%2C512&ssl=1\",\"contentUrl\":\"https:\\\/\\\/i0.wp.com\\\/www.gastonballiot.fr\\\/wp-content\\\/uploads\\\/2017\\\/04\\\/cropped-Marianne-drapeau-rouge.gif?fit=512%2C512&ssl=1\",\"width\":512,\"height\":512,\"caption\":\"gb\"},\"logo\":{\"@id\":\"https:\\\/\\\/i0.wp.com\\\/www.gastonballiot.fr\\\/wp-content\\\/uploads\\\/2017\\\/04\\\/cropped-Marianne-drapeau-rouge.gif?fit=512%2C512&ssl=1\"},\"description\":\"Gaston Balliot, militant du Front de Gauche en pays bigouden - Pont L'Abb\u00e9 - Loctudy - Guilvinec - Penmarc'h - Ile Tudy - Combrit Ste Marine - Tr\u00e9meoc - Plon\u00e9our, p\u00eache tourisme\",\"sameAs\":[\"https:\\\/\\\/www.facebook.com\\\/gaston.balliot\\\/\"]}]}<\/script>\n<!-- \/ Yoast SEO plugin. -->","yoast_head_json":{"title":"Europ\u00e9ennes, Ian BROSSAT \u00e9crit aux responsables de Gauche - Le blog politique de Gaston","robots":{"index":"index","follow":"follow","max-snippet":"max-snippet:-1","max-image-preview":"max-image-preview:large","max-video-preview":"max-video-preview:-1"},"canonical":"https:\/\/www.gastonballiot.fr\/?p=5663","og_locale":"fr_FR","og_type":"article","og_title":"Europ\u00e9ennes, Ian BROSSAT \u00e9crit aux responsables de Gauche - Le blog politique de Gaston","og_description":"Ian Brossat (chef de file des communistes pour les \u00e9lections europ\u00e9ennes) vient d\u2019\u00e9crire aux responsables de gauche. T\u00eate de liste du PCF pour les \u00e9lections europ\u00e9ennes, Ian Brossat, avait d\u00e9j\u00e0 lanc\u00e9 un appel \u00e0 la gauche, hors Parti socialiste, pour se retrouver \u201cautour d\u2019une table\u201d et discuter en vue du scrutin.&nbsp; Je lance [&#8230;] un appel \u00e0 Besancenot, \u00e0 Hamon, \u00e0 M\u00e9lenchon, pour qu\u2019on puisse quand m\u00eame se retrouver autour d\u2019une table, voir comment nous pouvons organiser la riposte \u00e0 Macron&nbsp;&nbsp;\u00bb, ... Lire la suite...","og_url":"https:\/\/www.gastonballiot.fr\/?p=5663","og_site_name":"Le blog politique de Gaston","article_publisher":"https:\/\/www.facebook.com\/gaston.balliot\/","article_author":"https:\/\/www.facebook.com\/gaston.balliot\/","article_published_time":"2018-10-21T06:48:47+00:00","article_modified_time":"2018-10-21T06:52:32+00:00","og_image":[{"url":"http:\/\/img.over-blog-kiwi.com\/1\/38\/56\/29\/20181020\/ob_fd2a07_69817.jpg","type":"","width":"","height":""}],"author":"gb","twitter_card":"summary_large_image","twitter_misc":{"\u00c9crit par":"gb","Dur\u00e9e de lecture estim\u00e9e":"3 minutes"},"schema":{"@context":"https:\/\/schema.org","@graph":[{"@type":"Article","@id":"https:\/\/www.gastonballiot.fr\/?p=5663#article","isPartOf":{"@id":"https:\/\/www.gastonballiot.fr\/?p=5663"},"author":{"name":"gb","@id":"https:\/\/www.gastonballiot.fr\/#\/schema\/person\/244a5e02696abd8a65c5b1bebdb948ca"},"headline":"Europ\u00e9ennes, Ian BROSSAT \u00e9crit aux responsables de Gauche","datePublished":"2018-10-21T06:48:47+00:00","dateModified":"2018-10-21T06:52:32+00:00","mainEntityOfPage":{"@id":"https:\/\/www.gastonballiot.fr\/?p=5663"},"wordCount":559,"commentCount":1,"publisher":{"@id":"https:\/\/www.gastonballiot.fr\/#\/schema\/person\/244a5e02696abd8a65c5b1bebdb948ca"},"image":{"@id":"https:\/\/www.gastonballiot.fr\/?p=5663#primaryimage"},"thumbnailUrl":"http:\/\/img.over-blog-kiwi.com\/1\/38\/56\/29\/20181020\/ob_fd2a07_69817.jpg","keywords":["\u00e9lection","Europe","gauche"],"articleSection":["A la une","Europe"],"inLanguage":"fr-FR","potentialAction":[{"@type":"CommentAction","name":"Comment","target":["https:\/\/www.gastonballiot.fr\/?p=5663#respond"]}]},{"@type":"WebPage","@id":"https:\/\/www.gastonballiot.fr\/?p=5663","url":"https:\/\/www.gastonballiot.fr\/?p=5663","name":"Europ\u00e9ennes, Ian BROSSAT \u00e9crit aux responsables de Gauche - Le blog politique de Gaston","isPartOf":{"@id":"https:\/\/www.gastonballiot.fr\/#website"},"primaryImageOfPage":{"@id":"https:\/\/www.gastonballiot.fr\/?p=5663#primaryimage"},"image":{"@id":"https:\/\/www.gastonballiot.fr\/?p=5663#primaryimage"},"thumbnailUrl":"http:\/\/img.over-blog-kiwi.com\/1\/38\/56\/29\/20181020\/ob_fd2a07_69817.jpg","datePublished":"2018-10-21T06:48:47+00:00","dateModified":"2018-10-21T06:52:32+00:00","breadcrumb":{"@id":"https:\/\/www.gastonballiot.fr\/?p=5663#breadcrumb"},"inLanguage":"fr-FR","potentialAction":[{"@type":"ReadAction","target":["https:\/\/www.gastonballiot.fr\/?p=5663"]}]},{"@type":"ImageObject","inLanguage":"fr-FR","@id":"https:\/\/www.gastonballiot.fr\/?p=5663#primaryimage","url":"http:\/\/img.over-blog-kiwi.com\/1\/38\/56\/29\/20181020\/ob_fd2a07_69817.jpg","contentUrl":"http:\/\/img.over-blog-kiwi.com\/1\/38\/56\/29\/20181020\/ob_fd2a07_69817.jpg"},{"@type":"BreadcrumbList","@id":"https:\/\/www.gastonballiot.fr\/?p=5663#breadcrumb","itemListElement":[{"@type":"ListItem","position":1,"name":"Accueil","item":"https:\/\/www.gastonballiot.fr\/"},{"@type":"ListItem","position":2,"name":"Europ\u00e9ennes, Ian BROSSAT \u00e9crit aux responsables de Gauche"}]},{"@type":"WebSite","@id":"https:\/\/www.gastonballiot.fr\/#website","url":"https:\/\/www.gastonballiot.fr\/","name":"Le blog politique de Gaston","description":"L&#039;humain d&#039;abord, pas la finance !","publisher":{"@id":"https:\/\/www.gastonballiot.fr\/#\/schema\/person\/244a5e02696abd8a65c5b1bebdb948ca"},"potentialAction":[{"@type":"SearchAction","target":{"@type":"EntryPoint","urlTemplate":"https:\/\/www.gastonballiot.fr\/?s={search_term_string}"},"query-input":{"@type":"PropertyValueSpecification","valueRequired":true,"valueName":"search_term_string"}}],"inLanguage":"fr-FR"},{"@type":["Person","Organization"],"@id":"https:\/\/www.gastonballiot.fr\/#\/schema\/person\/244a5e02696abd8a65c5b1bebdb948ca","name":"gb","image":{"@type":"ImageObject","inLanguage":"fr-FR","@id":"https:\/\/i0.wp.com\/www.gastonballiot.fr\/wp-content\/uploads\/2017\/04\/cropped-Marianne-drapeau-rouge.gif?fit=512%2C512&ssl=1","url":"https:\/\/i0.wp.com\/www.gastonballiot.fr\/wp-content\/uploads\/2017\/04\/cropped-Marianne-drapeau-rouge.gif?fit=512%2C512&ssl=1","contentUrl":"https:\/\/i0.wp.com\/www.gastonballiot.fr\/wp-content\/uploads\/2017\/04\/cropped-Marianne-drapeau-rouge.gif?fit=512%2C512&ssl=1","width":512,"height":512,"caption":"gb"},"logo":{"@id":"https:\/\/i0.wp.com\/www.gastonballiot.fr\/wp-content\/uploads\/2017\/04\/cropped-Marianne-drapeau-rouge.gif?fit=512%2C512&ssl=1"},"description":"Gaston Balliot, militant du Front de Gauche en pays bigouden - Pont L'Abb\u00e9 - Loctudy - Guilvinec - Penmarc'h - Ile Tudy - Combrit Ste Marine - Tr\u00e9meoc - Plon\u00e9our, p\u00eache tourisme","sameAs":["https:\/\/www.facebook.com\/gaston.balliot\/"]}]}},"jetpack_featured_media_url":"","jetpack_shortlink":"https:\/\/wp.me\/p5UTaD-1tl","jetpack-related-posts":[],"jetpack_likes_enabled":true,"jetpack_sharing_enabled":true,"_links":{"self":[{"href":"https:\/\/www.gastonballiot.fr\/index.php?rest_route=\/wp\/v2\/posts\/5663","targetHints":{"allow":["GET"]}}],"collection":[{"href":"https:\/\/www.gastonballiot.fr\/index.php?rest_route=\/wp\/v2\/posts"}],"about":[{"href":"https:\/\/www.gastonballiot.fr\/index.php?rest_route=\/wp\/v2\/types\/post"}],"author":[{"embeddable":true,"href":"https:\/\/www.gastonballiot.fr\/index.php?rest_route=\/wp\/v2\/users\/1"}],"replies":[{"embeddable":true,"href":"https:\/\/www.gastonballiot.fr\/index.php?rest_route=%2Fwp%2Fv2%2Fcomments&post=5663"}],"version-history":[{"count":0,"href":"https:\/\/www.gastonballiot.fr\/index.php?rest_route=\/wp\/v2\/posts\/5663\/revisions"}],"wp:attachment":[{"href":"https:\/\/www.gastonballiot.fr\/index.php?rest_route=%2Fwp%2Fv2%2Fmedia&parent=5663"}],"wp:term":[{"taxonomy":"category","embeddable":true,"href":"https:\/\/www.gastonballiot.fr\/index.php?rest_route=%2Fwp%2Fv2%2Fcategories&post=5663"},{"taxonomy":"post_tag","embeddable":true,"href":"https:\/\/www.gastonballiot.fr\/index.php?rest_route=%2Fwp%2Fv2%2Ftags&post=5663"}],"curies":[{"name":"wp","href":"https:\/\/api.w.org\/{rel}","templated":true}]}}