{"id":6,"date":"2014-11-21T17:52:00","date_gmt":"2014-11-21T16:52:00","guid":{"rendered":"https:\/\/gastonballiot.wordpress.com\/2014\/11\/21\/les-anes-ont-soif"},"modified":"2014-11-21T17:52:00","modified_gmt":"2014-11-21T16:52:00","slug":"les-anes-ont-soif","status":"publish","type":"post","link":"https:\/\/www.gastonballiot.fr\/?p=6","title":{"rendered":"Les \u00e2nes ont soif"},"content":{"rendered":"<p><span style=\"font-family:Arial;font-size:small;\"><strong>Voil\u00e0 comment les m\u00e9dias traitent un pr\u00e9sident d\u00e9mocratiquement \u00e9lu (l&rsquo;Equatorien\u00a0CORREA) quand il n&rsquo;est pas \u00e0 la solde de l&rsquo;imp\u00e9rialisme.<\/strong><\/span><br \/>\n&gt; <span style=\"font-family:Arial;font-size:small;\">Une vid\u00e9o de 43 minutes r\u00e9alis\u00e9e par Pierre Carles\u00a0<\/span><br \/>\n&gt; <span style=\"font-family:Arial;font-size:small;\">Au tableau d&rsquo;honneur (ou plut\u00f4t d&rsquo;horreur) des chiens de garde, une mention particuli\u00e8re pour Yvan LEVA\u00cf.<\/span><br \/>\n&gt; <span style=\"font-size:small;\">\u00a0<\/span><\/p>\n<div style=\"text-align:center;\"><a href=\"https:\/\/www.youtube.com\/watch?v=wJmt4gKC-T0\" target=\"_blank\">\u00a0<span style=\"color:blue;font-size:large;\"><span style=\"text-decoration:underline;\">https:\/\/www.youtube.com\/watch?v=wJmt4gKC-T0<\/span><\/span><\/a><\/div>\n<p>et l&rsquo;article du Monde Diplomatique de d\u00e9c 2013 auquel on fait allusion dans le film<br \/>\n<a class=\"moz-txt-link-freetext\" href=\"http:\/\/www.monde-diplomatique.fr\/2013\/12\/CORREA\/49902\">http:\/\/www.monde-diplomatique.fr\/2013\/12\/CORREA\/49902<\/a><\/p>\n","protected":false},"excerpt":{"rendered":"<p>Voil\u00e0 comment les m\u00e9dias traitent un pr\u00e9sident d\u00e9mocratiquement \u00e9lu (l&rsquo;Equatorien\u00a0CORREA) quand il n&rsquo;est pas \u00e0 la solde de l&rsquo;imp\u00e9rialisme. &gt; Une vid\u00e9o de 43 minutes r\u00e9alis\u00e9e par Pierre Carles\u00a0 &gt; Au tableau d&rsquo;honneur (ou plut\u00f4t d&rsquo;horreur) des chiens de garde, une mention particuli\u00e8re pour Yvan LEVA\u00cf. &gt; \u00a0 \u00a0https:\/\/www.youtube.com\/watch?v=wJmt4gKC-T0 et l&rsquo;article du Monde Diplomatique de d\u00e9c 2013 auquel on fait allusion dans le film http:\/\/www.monde-diplomatique.fr\/2013\/12\/CORREA\/49902<\/p>\n","protected":false},"author":1,"featured_media":0,"comment_status":"open","ping_status":"open","sticky":false,"template":"","format":"standard","meta":{"ngg_post_thumbnail":0,"jetpack_post_was_ever_published":false,"_jetpack_newsletter_access":"","_jetpack_dont_email_post_to_subs":false,"_jetpack_newsletter_tier_id":0,"_jetpack_memberships_contains_paywalled_content":false,"_jetpack_memberships_contains_paid_content":false,"footnotes":"","jetpack_publicize_message":"","jetpack_publicize_feature_enabled":true,"jetpack_social_post_already_shared":false,"jetpack_social_options":{"image_generator_settings":{"template":"highway","enabled":false},"version":2}},"categories":[4,8],"tags":[27,28,39,41,46,58,62,92,94,106,115],"class_list":["post-6","post","type-post","status-publish","format-standard","hentry","category-amerique-latine","category-europe","tag-alternative","tag-amerique-latine-2","tag-capitalisme","tag-chomage","tag-crise","tag-europe","tag-fmi","tag-manipulation","tag-medias-2","tag-pauvrete","tag-repartition","infinite-scroll-item","masonry-post","generate-columns","tablet-grid-50","mobile-grid-100","grid-parent","grid-33"],"jetpack_publicize_connections":[],"yoast_head":"<!-- This site is optimized with the Yoast SEO plugin v27.5 - https:\/\/yoast.com\/product\/yoast-seo-wordpress\/ -->\n<title>Les \u00e2nes ont soif - Le blog politique de Gaston<\/title>\n<meta name=\"robots\" content=\"index, follow, max-snippet:-1, max-image-preview:large, max-video-preview:-1\" \/>\n<link rel=\"canonical\" href=\"https:\/\/www.gastonballiot.fr\/?p=6\" \/>\n<meta property=\"og:locale\" content=\"fr_FR\" \/>\n<meta property=\"og:type\" content=\"article\" \/>\n<meta property=\"og:title\" content=\"Les \u00e2nes ont soif - Le blog politique de Gaston\" \/>\n<meta property=\"og:description\" content=\"Voil\u00e0 comment les m\u00e9dias traitent un pr\u00e9sident d\u00e9mocratiquement \u00e9lu (l&rsquo;Equatorien\u00a0CORREA) quand il n&rsquo;est pas \u00e0 la solde de l&rsquo;imp\u00e9rialisme. &gt; Une vid\u00e9o de 43 minutes r\u00e9alis\u00e9e par Pierre Carles\u00a0 &gt; Au tableau d&rsquo;honneur (ou plut\u00f4t d&rsquo;horreur) des chiens de garde, une mention particuli\u00e8re pour Yvan LEVA\u00cf. &gt; \u00a0 \u00a0https:\/\/www.youtube.com\/watch?v=wJmt4gKC-T0 et l&rsquo;article du Monde Diplomatique de d\u00e9c 2013 auquel on fait allusion dans le film http:\/\/www.monde-diplomatique.fr\/2013\/12\/CORREA\/49902\" \/>\n<meta property=\"og:url\" content=\"https:\/\/www.gastonballiot.fr\/?p=6\" \/>\n<meta property=\"og:site_name\" content=\"Le blog politique de Gaston\" \/>\n<meta property=\"article:publisher\" content=\"https:\/\/www.facebook.com\/gaston.balliot\/\" \/>\n<meta property=\"article:author\" content=\"https:\/\/www.facebook.com\/gaston.balliot\/\" \/>\n<meta property=\"article:published_time\" content=\"2014-11-21T16:52:00+00:00\" \/>\n<meta name=\"author\" content=\"gb\" \/>\n<meta name=\"twitter:card\" content=\"summary_large_image\" \/>\n<meta name=\"twitter:label1\" content=\"\u00c9crit par\" \/>\n\t<meta name=\"twitter:data1\" content=\"gb\" \/>\n<script type=\"application\/ld+json\" class=\"yoast-schema-graph\">{\"@context\":\"https:\\\/\\\/schema.org\",\"@graph\":[{\"@type\":\"Article\",\"@id\":\"https:\\\/\\\/www.gastonballiot.fr\\\/?p=6#article\",\"isPartOf\":{\"@id\":\"https:\\\/\\\/www.gastonballiot.fr\\\/?p=6\"},\"author\":{\"name\":\"gb\",\"@id\":\"https:\\\/\\\/www.gastonballiot.fr\\\/#\\\/schema\\\/person\\\/244a5e02696abd8a65c5b1bebdb948ca\"},\"headline\":\"Les \u00e2nes ont soif\",\"datePublished\":\"2014-11-21T16:52:00+00:00\",\"mainEntityOfPage\":{\"@id\":\"https:\\\/\\\/www.gastonballiot.fr\\\/?p=6\"},\"wordCount\":93,\"commentCount\":0,\"publisher\":{\"@id\":\"https:\\\/\\\/www.gastonballiot.fr\\\/#\\\/schema\\\/person\\\/244a5e02696abd8a65c5b1bebdb948ca\"},\"keywords\":[\"alternative\",\"Am\u00e9rique latine\",\"capitalisme\",\"ch\u00f4mage\",\"crise\",\"Europe\",\"FMI\",\"manipulation\",\"medias\",\"pauvret\u00e9\",\"r\u00e9partition\"],\"articleSection\":[\"Am\u00e9rique Latine\",\"Europe\"],\"inLanguage\":\"fr-FR\",\"potentialAction\":[{\"@type\":\"CommentAction\",\"name\":\"Comment\",\"target\":[\"https:\\\/\\\/www.gastonballiot.fr\\\/?p=6#respond\"]}]},{\"@type\":\"WebPage\",\"@id\":\"https:\\\/\\\/www.gastonballiot.fr\\\/?p=6\",\"url\":\"https:\\\/\\\/www.gastonballiot.fr\\\/?p=6\",\"name\":\"Les \u00e2nes ont soif - Le blog politique de Gaston\",\"isPartOf\":{\"@id\":\"https:\\\/\\\/www.gastonballiot.fr\\\/#website\"},\"datePublished\":\"2014-11-21T16:52:00+00:00\",\"breadcrumb\":{\"@id\":\"https:\\\/\\\/www.gastonballiot.fr\\\/?p=6#breadcrumb\"},\"inLanguage\":\"fr-FR\",\"potentialAction\":[{\"@type\":\"ReadAction\",\"target\":[\"https:\\\/\\\/www.gastonballiot.fr\\\/?p=6\"]}]},{\"@type\":\"BreadcrumbList\",\"@id\":\"https:\\\/\\\/www.gastonballiot.fr\\\/?p=6#breadcrumb\",\"itemListElement\":[{\"@type\":\"ListItem\",\"position\":1,\"name\":\"Accueil\",\"item\":\"https:\\\/\\\/www.gastonballiot.fr\\\/\"},{\"@type\":\"ListItem\",\"position\":2,\"name\":\"Les \u00e2nes ont soif\"}]},{\"@type\":\"WebSite\",\"@id\":\"https:\\\/\\\/www.gastonballiot.fr\\\/#website\",\"url\":\"https:\\\/\\\/www.gastonballiot.fr\\\/\",\"name\":\"Le blog politique de Gaston\",\"description\":\"L&#039;humain d&#039;abord, pas la finance !\",\"publisher\":{\"@id\":\"https:\\\/\\\/www.gastonballiot.fr\\\/#\\\/schema\\\/person\\\/244a5e02696abd8a65c5b1bebdb948ca\"},\"potentialAction\":[{\"@type\":\"SearchAction\",\"target\":{\"@type\":\"EntryPoint\",\"urlTemplate\":\"https:\\\/\\\/www.gastonballiot.fr\\\/?s={search_term_string}\"},\"query-input\":{\"@type\":\"PropertyValueSpecification\",\"valueRequired\":true,\"valueName\":\"search_term_string\"}}],\"inLanguage\":\"fr-FR\"},{\"@type\":[\"Person\",\"Organization\"],\"@id\":\"https:\\\/\\\/www.gastonballiot.fr\\\/#\\\/schema\\\/person\\\/244a5e02696abd8a65c5b1bebdb948ca\",\"name\":\"gb\",\"image\":{\"@type\":\"ImageObject\",\"inLanguage\":\"fr-FR\",\"@id\":\"https:\\\/\\\/i0.wp.com\\\/www.gastonballiot.fr\\\/wp-content\\\/uploads\\\/2017\\\/04\\\/cropped-Marianne-drapeau-rouge.gif?fit=512%2C512&ssl=1\",\"url\":\"https:\\\/\\\/i0.wp.com\\\/www.gastonballiot.fr\\\/wp-content\\\/uploads\\\/2017\\\/04\\\/cropped-Marianne-drapeau-rouge.gif?fit=512%2C512&ssl=1\",\"contentUrl\":\"https:\\\/\\\/i0.wp.com\\\/www.gastonballiot.fr\\\/wp-content\\\/uploads\\\/2017\\\/04\\\/cropped-Marianne-drapeau-rouge.gif?fit=512%2C512&ssl=1\",\"width\":512,\"height\":512,\"caption\":\"gb\"},\"logo\":{\"@id\":\"https:\\\/\\\/i0.wp.com\\\/www.gastonballiot.fr\\\/wp-content\\\/uploads\\\/2017\\\/04\\\/cropped-Marianne-drapeau-rouge.gif?fit=512%2C512&ssl=1\"},\"description\":\"Gaston Balliot, militant du Front de Gauche en pays bigouden - Pont L'Abb\u00e9 - Loctudy - Guilvinec - Penmarc'h - Ile Tudy - Combrit Ste Marine - Tr\u00e9meoc - Plon\u00e9our, p\u00eache tourisme\",\"sameAs\":[\"https:\\\/\\\/www.facebook.com\\\/gaston.balliot\\\/\"]}]}<\/script>\n<!-- \/ Yoast SEO plugin. -->","yoast_head_json":{"title":"Les \u00e2nes ont soif - Le blog politique de Gaston","robots":{"index":"index","follow":"follow","max-snippet":"max-snippet:-1","max-image-preview":"max-image-preview:large","max-video-preview":"max-video-preview:-1"},"canonical":"https:\/\/www.gastonballiot.fr\/?p=6","og_locale":"fr_FR","og_type":"article","og_title":"Les \u00e2nes ont soif - Le blog politique de Gaston","og_description":"Voil\u00e0 comment les m\u00e9dias traitent un pr\u00e9sident d\u00e9mocratiquement \u00e9lu (l&rsquo;Equatorien\u00a0CORREA) quand il n&rsquo;est pas \u00e0 la solde de l&rsquo;imp\u00e9rialisme. &gt; Une vid\u00e9o de 43 minutes r\u00e9alis\u00e9e par Pierre Carles\u00a0 &gt; Au tableau d&rsquo;honneur (ou plut\u00f4t d&rsquo;horreur) des chiens de garde, une mention particuli\u00e8re pour Yvan LEVA\u00cf. &gt; \u00a0 \u00a0https:\/\/www.youtube.com\/watch?v=wJmt4gKC-T0 et l&rsquo;article du Monde Diplomatique de d\u00e9c 2013 auquel on fait allusion dans le film http:\/\/www.monde-diplomatique.fr\/2013\/12\/CORREA\/49902","og_url":"https:\/\/www.gastonballiot.fr\/?p=6","og_site_name":"Le blog politique de Gaston","article_publisher":"https:\/\/www.facebook.com\/gaston.balliot\/","article_author":"https:\/\/www.facebook.com\/gaston.balliot\/","article_published_time":"2014-11-21T16:52:00+00:00","author":"gb","twitter_card":"summary_large_image","twitter_misc":{"\u00c9crit par":"gb"},"schema":{"@context":"https:\/\/schema.org","@graph":[{"@type":"Article","@id":"https:\/\/www.gastonballiot.fr\/?p=6#article","isPartOf":{"@id":"https:\/\/www.gastonballiot.fr\/?p=6"},"author":{"name":"gb","@id":"https:\/\/www.gastonballiot.fr\/#\/schema\/person\/244a5e02696abd8a65c5b1bebdb948ca"},"headline":"Les \u00e2nes ont soif","datePublished":"2014-11-21T16:52:00+00:00","mainEntityOfPage":{"@id":"https:\/\/www.gastonballiot.fr\/?p=6"},"wordCount":93,"commentCount":0,"publisher":{"@id":"https:\/\/www.gastonballiot.fr\/#\/schema\/person\/244a5e02696abd8a65c5b1bebdb948ca"},"keywords":["alternative","Am\u00e9rique latine","capitalisme","ch\u00f4mage","crise","Europe","FMI","manipulation","medias","pauvret\u00e9","r\u00e9partition"],"articleSection":["Am\u00e9rique Latine","Europe"],"inLanguage":"fr-FR","potentialAction":[{"@type":"CommentAction","name":"Comment","target":["https:\/\/www.gastonballiot.fr\/?p=6#respond"]}]},{"@type":"WebPage","@id":"https:\/\/www.gastonballiot.fr\/?p=6","url":"https:\/\/www.gastonballiot.fr\/?p=6","name":"Les \u00e2nes ont soif - Le blog politique de Gaston","isPartOf":{"@id":"https:\/\/www.gastonballiot.fr\/#website"},"datePublished":"2014-11-21T16:52:00+00:00","breadcrumb":{"@id":"https:\/\/www.gastonballiot.fr\/?p=6#breadcrumb"},"inLanguage":"fr-FR","potentialAction":[{"@type":"ReadAction","target":["https:\/\/www.gastonballiot.fr\/?p=6"]}]},{"@type":"BreadcrumbList","@id":"https:\/\/www.gastonballiot.fr\/?p=6#breadcrumb","itemListElement":[{"@type":"ListItem","position":1,"name":"Accueil","item":"https:\/\/www.gastonballiot.fr\/"},{"@type":"ListItem","position":2,"name":"Les \u00e2nes ont soif"}]},{"@type":"WebSite","@id":"https:\/\/www.gastonballiot.fr\/#website","url":"https:\/\/www.gastonballiot.fr\/","name":"Le blog politique de Gaston","description":"L&#039;humain d&#039;abord, pas la finance !","publisher":{"@id":"https:\/\/www.gastonballiot.fr\/#\/schema\/person\/244a5e02696abd8a65c5b1bebdb948ca"},"potentialAction":[{"@type":"SearchAction","target":{"@type":"EntryPoint","urlTemplate":"https:\/\/www.gastonballiot.fr\/?s={search_term_string}"},"query-input":{"@type":"PropertyValueSpecification","valueRequired":true,"valueName":"search_term_string"}}],"inLanguage":"fr-FR"},{"@type":["Person","Organization"],"@id":"https:\/\/www.gastonballiot.fr\/#\/schema\/person\/244a5e02696abd8a65c5b1bebdb948ca","name":"gb","image":{"@type":"ImageObject","inLanguage":"fr-FR","@id":"https:\/\/i0.wp.com\/www.gastonballiot.fr\/wp-content\/uploads\/2017\/04\/cropped-Marianne-drapeau-rouge.gif?fit=512%2C512&ssl=1","url":"https:\/\/i0.wp.com\/www.gastonballiot.fr\/wp-content\/uploads\/2017\/04\/cropped-Marianne-drapeau-rouge.gif?fit=512%2C512&ssl=1","contentUrl":"https:\/\/i0.wp.com\/www.gastonballiot.fr\/wp-content\/uploads\/2017\/04\/cropped-Marianne-drapeau-rouge.gif?fit=512%2C512&ssl=1","width":512,"height":512,"caption":"gb"},"logo":{"@id":"https:\/\/i0.wp.com\/www.gastonballiot.fr\/wp-content\/uploads\/2017\/04\/cropped-Marianne-drapeau-rouge.gif?fit=512%2C512&ssl=1"},"description":"Gaston Balliot, militant du Front de Gauche en pays bigouden - Pont L'Abb\u00e9 - Loctudy - Guilvinec - Penmarc'h - Ile Tudy - Combrit Ste Marine - Tr\u00e9meoc - Plon\u00e9our, p\u00eache tourisme","sameAs":["https:\/\/www.facebook.com\/gaston.balliot\/"]}]}},"jetpack_featured_media_url":"","jetpack_shortlink":"https:\/\/wp.me\/p5UTaD-6","jetpack-related-posts":[],"jetpack_likes_enabled":true,"jetpack_sharing_enabled":true,"_links":{"self":[{"href":"https:\/\/www.gastonballiot.fr\/index.php?rest_route=\/wp\/v2\/posts\/6","targetHints":{"allow":["GET"]}}],"collection":[{"href":"https:\/\/www.gastonballiot.fr\/index.php?rest_route=\/wp\/v2\/posts"}],"about":[{"href":"https:\/\/www.gastonballiot.fr\/index.php?rest_route=\/wp\/v2\/types\/post"}],"author":[{"embeddable":true,"href":"https:\/\/www.gastonballiot.fr\/index.php?rest_route=\/wp\/v2\/users\/1"}],"replies":[{"embeddable":true,"href":"https:\/\/www.gastonballiot.fr\/index.php?rest_route=%2Fwp%2Fv2%2Fcomments&post=6"}],"version-history":[{"count":0,"href":"https:\/\/www.gastonballiot.fr\/index.php?rest_route=\/wp\/v2\/posts\/6\/revisions"}],"wp:attachment":[{"href":"https:\/\/www.gastonballiot.fr\/index.php?rest_route=%2Fwp%2Fv2%2Fmedia&parent=6"}],"wp:term":[{"taxonomy":"category","embeddable":true,"href":"https:\/\/www.gastonballiot.fr\/index.php?rest_route=%2Fwp%2Fv2%2Fcategories&post=6"},{"taxonomy":"post_tag","embeddable":true,"href":"https:\/\/www.gastonballiot.fr\/index.php?rest_route=%2Fwp%2Fv2%2Ftags&post=6"}],"curies":[{"name":"wp","href":"https:\/\/api.w.org\/{rel}","templated":true}]}}