{"id":628,"date":"2015-04-09T12:25:45","date_gmt":"2015-04-09T11:25:45","guid":{"rendered":"http:\/\/www.gastonballiot.fr\/?p=628"},"modified":"2015-04-09T12:25:45","modified_gmt":"2015-04-09T11:25:45","slug":"a-propos-de-la-nation","status":"publish","type":"post","link":"https:\/\/www.gastonballiot.fr\/?p=628","title":{"rendered":"A propos de la nation"},"content":{"rendered":"<p style=\"text-align: center;\"><strong>\u00c0 propos de la nation &#8211; Internationalisme contre concurrence<\/strong><\/p>\n<p><em>par FLORIAN GULLI ET STEVE BESSAC, membres de la r\u00e9daction de <a href=\"http:\/\/projet.pcf.fr\/\" target=\"_blank\">la Revue du projet<\/a><\/em><\/p>\n<p>Deux points de vue semblent s&rsquo;opposer aujourd&rsquo;hui sur la nation. Le premier consid\u00e8re qu&rsquo;elle est devenue obsol\u00e8te \u00e0 l&rsquo;heure de la mondialisation. L&rsquo;\u00e9poque serait au d\u00e9passement des nations, par le haut et par le bas. D\u00e9passement heureux, cens\u00e9 nous pr\u00e9server des guerres.<!--more--><br \/>\nFace aux partisans de la mondialisation heureuse, le nationalisme ultime rempart contre les d\u00e9g\u00e2ts du \u00ab mondialisme \u00bb. Ce nationalisme \u00ab ethnicise \u00bb la nation qui se d\u00e9finirait essentiellement par opposition \u00e0 l&rsquo;islam mot-valise d\u00e9signant p\u00eale-m\u00eale les musulmans, les immigr\u00e9s, les Arabes, etc. L&rsquo;affirmation nationale passe alors par la mise sous tension permanente de cette religion dont on pointe chaque jour l&rsquo;\u00e9tranget\u00e9 et le danger.<br \/>\nLes communistes ne peuvent se reconna\u00eetre dans aucune des conceptions pr\u00e9c\u00e9dentes pour au moins trois raisons. D&rsquo;abord, ils sont internationalistes. De cet internationalisme authentique qui ne nie pas la nation, mais la pense dans sa relation aux autres. Il est refus de la mise en concurrence des salari\u00e9s des diff\u00e9rentes nations. Le premier ministre fran\u00e7ais, en voyage en Chine, explique aux investisseurs : \u00ab La France est comp\u00e9titive (&#8230;).\u00a0La protection de l&#8217;emploi est plus \u00e9lev\u00e9e en Allemagne qu&rsquo;en France. \u00bb Face \u00e0 cette mise en concurrence assum\u00e9e, quelle autre r\u00e9ponse peut-il y avoir qu&rsquo;internationaliste ? Sans solidarit\u00e9 d&rsquo;action de part et d&rsquo;autre de la fronti\u00e8re, il n&rsquo;y aura que la \u00ab solidarit\u00e9 de d\u00e9faite \u00bb.<\/p>\n<p>Ensuite, la nation n&rsquo;est pas affaire de religion ! Le pr\u00e9tendre, c&rsquo;est tout bonnement jouer avec le feu. Le nationalisme raciste est antinational car il exclut la population fran\u00e7aise de confession musulmane du corps de la nation. C&rsquo;est, mutatis mutandis, la critique que Georges Politzer adressait au national-socialisme \u00e0 la veille de la Seconde Guerre mondiale. Il ne lui reprochait pas de magnifier la nation ; il lui reprochait d&rsquo;\u00eatre le fossoyeur des nations, des nations europ\u00e9ennes dont il foulait au pied la souverainet\u00e9, de la nation allemande elle-m\u00eame qu&rsquo;il voulait \u00ab sauver \u00bb\u00a0mais en commen\u00e7ant par la purger de tous les ind\u00e9sirables pr\u00e9tendument \u00ab anti-allemands \u00bb (juifs, socialistes, communistes, etc.), soit plusieurs millions de citoyens. Sans identifier des p\u00e9riodes fonci\u00e8rement diff\u00e9rentes, on peut voir une m\u00eame logique \u00e0 l&rsquo;oeuvre : un discours cens\u00e9ment national qui refuse la France telle qu&rsquo;elle est advenue historiquement, une promotion de la nation qui introduit les germes d&rsquo;une guerre civile \u00ab ethnicoreligieuse \u00bb.<\/p>\n<p><strong>D\u00e9passer la nation, c&rsquo;est en r\u00e9alit\u00e9 chercher \u00e0 contourner la d\u00e9mocratie qui n&rsquo;existe substantiellement, jusqu&rsquo;\u00e0 preuve du contraire, que dans un cadre national. Les institutions d\u00e9mocratiques nationales sont plus propices \u00e0 l&rsquo;intervention populaire que les institutions europ\u00e9ennes.<\/strong> Absence d&rsquo;initiative du Parlement, pr\u00e9dominance des organismes non \u00e9lus, trait\u00e9s imposant la mise en oeuvre de politiques n\u00e9olib\u00e9rales, etc. : autant de dispositifs visant \u00e0 museler les aspirations venues d&rsquo;en bas.<\/p>\n","protected":false},"excerpt":{"rendered":"<p>\u00c0 propos de la nation &#8211; Internationalisme contre concurrence par FLORIAN GULLI ET STEVE BESSAC, membres de la r\u00e9daction de la Revue du projet Deux points de vue semblent s&rsquo;opposer aujourd&rsquo;hui sur la nation. Le premier consid\u00e8re qu&rsquo;elle est devenue obsol\u00e8te \u00e0 l&rsquo;heure de la mondialisation. L&rsquo;\u00e9poque serait au d\u00e9passement des nations, par le haut et par le bas. D\u00e9passement heureux, cens\u00e9 nous pr\u00e9server des guerres.<\/p>\n","protected":false},"author":1,"featured_media":0,"comment_status":"open","ping_status":"open","sticky":false,"template":"","format":"standard","meta":{"ngg_post_thumbnail":0,"jetpack_post_was_ever_published":false,"_jetpack_newsletter_access":"","_jetpack_dont_email_post_to_subs":false,"_jetpack_newsletter_tier_id":0,"_jetpack_memberships_contains_paywalled_content":false,"_jetpack_memberships_contains_paid_content":false,"footnotes":"","jetpack_publicize_message":"","jetpack_publicize_feature_enabled":true,"jetpack_social_post_already_shared":false,"jetpack_social_options":{"image_generator_settings":{"template":"highway","enabled":false},"version":2}},"categories":[2,5,8],"tags":[48,58,149],"class_list":["post-628","post","type-post","status-publish","format-standard","hentry","category-a-la-une","category-democratie","category-europe","tag-democratie","tag-europe","tag-nation","infinite-scroll-item","masonry-post","generate-columns","tablet-grid-50","mobile-grid-100","grid-parent","grid-33"],"jetpack_publicize_connections":[],"yoast_head":"<!-- This site is optimized with the Yoast SEO plugin v27.5 - https:\/\/yoast.com\/product\/yoast-seo-wordpress\/ -->\n<title>A propos de la nation - Le blog politique de Gaston<\/title>\n<meta name=\"robots\" content=\"index, follow, max-snippet:-1, max-image-preview:large, max-video-preview:-1\" \/>\n<link rel=\"canonical\" href=\"https:\/\/www.gastonballiot.fr\/?p=628\" \/>\n<meta property=\"og:locale\" content=\"fr_FR\" \/>\n<meta property=\"og:type\" content=\"article\" \/>\n<meta property=\"og:title\" content=\"A propos de la nation - Le blog politique de Gaston\" \/>\n<meta property=\"og:description\" content=\"\u00c0 propos de la nation &#8211; Internationalisme contre concurrence par FLORIAN GULLI ET STEVE BESSAC, membres de la r\u00e9daction de la Revue du projet Deux points de vue semblent s&rsquo;opposer aujourd&rsquo;hui sur la nation. Le premier consid\u00e8re qu&rsquo;elle est devenue obsol\u00e8te \u00e0 l&rsquo;heure de la mondialisation. L&rsquo;\u00e9poque serait au d\u00e9passement des nations, par le haut et par le bas. D\u00e9passement heureux, cens\u00e9 nous pr\u00e9server des guerres.\" \/>\n<meta property=\"og:url\" content=\"https:\/\/www.gastonballiot.fr\/?p=628\" \/>\n<meta property=\"og:site_name\" content=\"Le blog politique de Gaston\" \/>\n<meta property=\"article:publisher\" content=\"https:\/\/www.facebook.com\/gaston.balliot\/\" \/>\n<meta property=\"article:author\" content=\"https:\/\/www.facebook.com\/gaston.balliot\/\" \/>\n<meta property=\"article:published_time\" content=\"2015-04-09T11:25:45+00:00\" \/>\n<meta name=\"author\" content=\"gb\" \/>\n<meta name=\"twitter:card\" content=\"summary_large_image\" \/>\n<meta name=\"twitter:label1\" content=\"\u00c9crit par\" \/>\n\t<meta name=\"twitter:data1\" content=\"gb\" \/>\n\t<meta name=\"twitter:label2\" content=\"Dur\u00e9e de lecture estim\u00e9e\" \/>\n\t<meta name=\"twitter:data2\" content=\"2 minutes\" \/>\n<script type=\"application\/ld+json\" class=\"yoast-schema-graph\">{\"@context\":\"https:\\\/\\\/schema.org\",\"@graph\":[{\"@type\":\"Article\",\"@id\":\"https:\\\/\\\/www.gastonballiot.fr\\\/?p=628#article\",\"isPartOf\":{\"@id\":\"https:\\\/\\\/www.gastonballiot.fr\\\/?p=628\"},\"author\":{\"name\":\"gb\",\"@id\":\"https:\\\/\\\/www.gastonballiot.fr\\\/#\\\/schema\\\/person\\\/244a5e02696abd8a65c5b1bebdb948ca\"},\"headline\":\"A propos de la nation\",\"datePublished\":\"2015-04-09T11:25:45+00:00\",\"mainEntityOfPage\":{\"@id\":\"https:\\\/\\\/www.gastonballiot.fr\\\/?p=628\"},\"wordCount\":524,\"commentCount\":0,\"publisher\":{\"@id\":\"https:\\\/\\\/www.gastonballiot.fr\\\/#\\\/schema\\\/person\\\/244a5e02696abd8a65c5b1bebdb948ca\"},\"keywords\":[\"D\u00e9mocratie\",\"Europe\",\"nation\"],\"articleSection\":[\"A la une\",\"D\u00e9mocratie\",\"Europe\"],\"inLanguage\":\"fr-FR\",\"potentialAction\":[{\"@type\":\"CommentAction\",\"name\":\"Comment\",\"target\":[\"https:\\\/\\\/www.gastonballiot.fr\\\/?p=628#respond\"]}]},{\"@type\":\"WebPage\",\"@id\":\"https:\\\/\\\/www.gastonballiot.fr\\\/?p=628\",\"url\":\"https:\\\/\\\/www.gastonballiot.fr\\\/?p=628\",\"name\":\"A propos de la nation - Le blog politique de Gaston\",\"isPartOf\":{\"@id\":\"https:\\\/\\\/www.gastonballiot.fr\\\/#website\"},\"datePublished\":\"2015-04-09T11:25:45+00:00\",\"breadcrumb\":{\"@id\":\"https:\\\/\\\/www.gastonballiot.fr\\\/?p=628#breadcrumb\"},\"inLanguage\":\"fr-FR\",\"potentialAction\":[{\"@type\":\"ReadAction\",\"target\":[\"https:\\\/\\\/www.gastonballiot.fr\\\/?p=628\"]}]},{\"@type\":\"BreadcrumbList\",\"@id\":\"https:\\\/\\\/www.gastonballiot.fr\\\/?p=628#breadcrumb\",\"itemListElement\":[{\"@type\":\"ListItem\",\"position\":1,\"name\":\"Accueil\",\"item\":\"https:\\\/\\\/www.gastonballiot.fr\\\/\"},{\"@type\":\"ListItem\",\"position\":2,\"name\":\"A propos de la nation\"}]},{\"@type\":\"WebSite\",\"@id\":\"https:\\\/\\\/www.gastonballiot.fr\\\/#website\",\"url\":\"https:\\\/\\\/www.gastonballiot.fr\\\/\",\"name\":\"Le blog politique de Gaston\",\"description\":\"L&#039;humain d&#039;abord, pas la finance !\",\"publisher\":{\"@id\":\"https:\\\/\\\/www.gastonballiot.fr\\\/#\\\/schema\\\/person\\\/244a5e02696abd8a65c5b1bebdb948ca\"},\"potentialAction\":[{\"@type\":\"SearchAction\",\"target\":{\"@type\":\"EntryPoint\",\"urlTemplate\":\"https:\\\/\\\/www.gastonballiot.fr\\\/?s={search_term_string}\"},\"query-input\":{\"@type\":\"PropertyValueSpecification\",\"valueRequired\":true,\"valueName\":\"search_term_string\"}}],\"inLanguage\":\"fr-FR\"},{\"@type\":[\"Person\",\"Organization\"],\"@id\":\"https:\\\/\\\/www.gastonballiot.fr\\\/#\\\/schema\\\/person\\\/244a5e02696abd8a65c5b1bebdb948ca\",\"name\":\"gb\",\"image\":{\"@type\":\"ImageObject\",\"inLanguage\":\"fr-FR\",\"@id\":\"https:\\\/\\\/i0.wp.com\\\/www.gastonballiot.fr\\\/wp-content\\\/uploads\\\/2017\\\/04\\\/cropped-Marianne-drapeau-rouge.gif?fit=512%2C512&ssl=1\",\"url\":\"https:\\\/\\\/i0.wp.com\\\/www.gastonballiot.fr\\\/wp-content\\\/uploads\\\/2017\\\/04\\\/cropped-Marianne-drapeau-rouge.gif?fit=512%2C512&ssl=1\",\"contentUrl\":\"https:\\\/\\\/i0.wp.com\\\/www.gastonballiot.fr\\\/wp-content\\\/uploads\\\/2017\\\/04\\\/cropped-Marianne-drapeau-rouge.gif?fit=512%2C512&ssl=1\",\"width\":512,\"height\":512,\"caption\":\"gb\"},\"logo\":{\"@id\":\"https:\\\/\\\/i0.wp.com\\\/www.gastonballiot.fr\\\/wp-content\\\/uploads\\\/2017\\\/04\\\/cropped-Marianne-drapeau-rouge.gif?fit=512%2C512&ssl=1\"},\"description\":\"Gaston Balliot, militant du Front de Gauche en pays bigouden - Pont L'Abb\u00e9 - Loctudy - Guilvinec - Penmarc'h - Ile Tudy - Combrit Ste Marine - Tr\u00e9meoc - Plon\u00e9our, p\u00eache tourisme\",\"sameAs\":[\"https:\\\/\\\/www.facebook.com\\\/gaston.balliot\\\/\"]}]}<\/script>\n<!-- \/ Yoast SEO plugin. -->","yoast_head_json":{"title":"A propos de la nation - Le blog politique de Gaston","robots":{"index":"index","follow":"follow","max-snippet":"max-snippet:-1","max-image-preview":"max-image-preview:large","max-video-preview":"max-video-preview:-1"},"canonical":"https:\/\/www.gastonballiot.fr\/?p=628","og_locale":"fr_FR","og_type":"article","og_title":"A propos de la nation - Le blog politique de Gaston","og_description":"\u00c0 propos de la nation &#8211; Internationalisme contre concurrence par FLORIAN GULLI ET STEVE BESSAC, membres de la r\u00e9daction de la Revue du projet Deux points de vue semblent s&rsquo;opposer aujourd&rsquo;hui sur la nation. Le premier consid\u00e8re qu&rsquo;elle est devenue obsol\u00e8te \u00e0 l&rsquo;heure de la mondialisation. L&rsquo;\u00e9poque serait au d\u00e9passement des nations, par le haut et par le bas. D\u00e9passement heureux, cens\u00e9 nous pr\u00e9server des guerres.","og_url":"https:\/\/www.gastonballiot.fr\/?p=628","og_site_name":"Le blog politique de Gaston","article_publisher":"https:\/\/www.facebook.com\/gaston.balliot\/","article_author":"https:\/\/www.facebook.com\/gaston.balliot\/","article_published_time":"2015-04-09T11:25:45+00:00","author":"gb","twitter_card":"summary_large_image","twitter_misc":{"\u00c9crit par":"gb","Dur\u00e9e de lecture estim\u00e9e":"2 minutes"},"schema":{"@context":"https:\/\/schema.org","@graph":[{"@type":"Article","@id":"https:\/\/www.gastonballiot.fr\/?p=628#article","isPartOf":{"@id":"https:\/\/www.gastonballiot.fr\/?p=628"},"author":{"name":"gb","@id":"https:\/\/www.gastonballiot.fr\/#\/schema\/person\/244a5e02696abd8a65c5b1bebdb948ca"},"headline":"A propos de la nation","datePublished":"2015-04-09T11:25:45+00:00","mainEntityOfPage":{"@id":"https:\/\/www.gastonballiot.fr\/?p=628"},"wordCount":524,"commentCount":0,"publisher":{"@id":"https:\/\/www.gastonballiot.fr\/#\/schema\/person\/244a5e02696abd8a65c5b1bebdb948ca"},"keywords":["D\u00e9mocratie","Europe","nation"],"articleSection":["A la une","D\u00e9mocratie","Europe"],"inLanguage":"fr-FR","potentialAction":[{"@type":"CommentAction","name":"Comment","target":["https:\/\/www.gastonballiot.fr\/?p=628#respond"]}]},{"@type":"WebPage","@id":"https:\/\/www.gastonballiot.fr\/?p=628","url":"https:\/\/www.gastonballiot.fr\/?p=628","name":"A propos de la nation - Le blog politique de Gaston","isPartOf":{"@id":"https:\/\/www.gastonballiot.fr\/#website"},"datePublished":"2015-04-09T11:25:45+00:00","breadcrumb":{"@id":"https:\/\/www.gastonballiot.fr\/?p=628#breadcrumb"},"inLanguage":"fr-FR","potentialAction":[{"@type":"ReadAction","target":["https:\/\/www.gastonballiot.fr\/?p=628"]}]},{"@type":"BreadcrumbList","@id":"https:\/\/www.gastonballiot.fr\/?p=628#breadcrumb","itemListElement":[{"@type":"ListItem","position":1,"name":"Accueil","item":"https:\/\/www.gastonballiot.fr\/"},{"@type":"ListItem","position":2,"name":"A propos de la nation"}]},{"@type":"WebSite","@id":"https:\/\/www.gastonballiot.fr\/#website","url":"https:\/\/www.gastonballiot.fr\/","name":"Le blog politique de Gaston","description":"L&#039;humain d&#039;abord, pas la finance !","publisher":{"@id":"https:\/\/www.gastonballiot.fr\/#\/schema\/person\/244a5e02696abd8a65c5b1bebdb948ca"},"potentialAction":[{"@type":"SearchAction","target":{"@type":"EntryPoint","urlTemplate":"https:\/\/www.gastonballiot.fr\/?s={search_term_string}"},"query-input":{"@type":"PropertyValueSpecification","valueRequired":true,"valueName":"search_term_string"}}],"inLanguage":"fr-FR"},{"@type":["Person","Organization"],"@id":"https:\/\/www.gastonballiot.fr\/#\/schema\/person\/244a5e02696abd8a65c5b1bebdb948ca","name":"gb","image":{"@type":"ImageObject","inLanguage":"fr-FR","@id":"https:\/\/i0.wp.com\/www.gastonballiot.fr\/wp-content\/uploads\/2017\/04\/cropped-Marianne-drapeau-rouge.gif?fit=512%2C512&ssl=1","url":"https:\/\/i0.wp.com\/www.gastonballiot.fr\/wp-content\/uploads\/2017\/04\/cropped-Marianne-drapeau-rouge.gif?fit=512%2C512&ssl=1","contentUrl":"https:\/\/i0.wp.com\/www.gastonballiot.fr\/wp-content\/uploads\/2017\/04\/cropped-Marianne-drapeau-rouge.gif?fit=512%2C512&ssl=1","width":512,"height":512,"caption":"gb"},"logo":{"@id":"https:\/\/i0.wp.com\/www.gastonballiot.fr\/wp-content\/uploads\/2017\/04\/cropped-Marianne-drapeau-rouge.gif?fit=512%2C512&ssl=1"},"description":"Gaston Balliot, militant du Front de Gauche en pays bigouden - Pont L'Abb\u00e9 - Loctudy - Guilvinec - Penmarc'h - Ile Tudy - Combrit Ste Marine - Tr\u00e9meoc - Plon\u00e9our, p\u00eache tourisme","sameAs":["https:\/\/www.facebook.com\/gaston.balliot\/"]}]}},"jetpack_featured_media_url":"","jetpack_shortlink":"https:\/\/wp.me\/p5UTaD-a8","jetpack-related-posts":[],"jetpack_likes_enabled":true,"jetpack_sharing_enabled":true,"_links":{"self":[{"href":"https:\/\/www.gastonballiot.fr\/index.php?rest_route=\/wp\/v2\/posts\/628","targetHints":{"allow":["GET"]}}],"collection":[{"href":"https:\/\/www.gastonballiot.fr\/index.php?rest_route=\/wp\/v2\/posts"}],"about":[{"href":"https:\/\/www.gastonballiot.fr\/index.php?rest_route=\/wp\/v2\/types\/post"}],"author":[{"embeddable":true,"href":"https:\/\/www.gastonballiot.fr\/index.php?rest_route=\/wp\/v2\/users\/1"}],"replies":[{"embeddable":true,"href":"https:\/\/www.gastonballiot.fr\/index.php?rest_route=%2Fwp%2Fv2%2Fcomments&post=628"}],"version-history":[{"count":0,"href":"https:\/\/www.gastonballiot.fr\/index.php?rest_route=\/wp\/v2\/posts\/628\/revisions"}],"wp:attachment":[{"href":"https:\/\/www.gastonballiot.fr\/index.php?rest_route=%2Fwp%2Fv2%2Fmedia&parent=628"}],"wp:term":[{"taxonomy":"category","embeddable":true,"href":"https:\/\/www.gastonballiot.fr\/index.php?rest_route=%2Fwp%2Fv2%2Fcategories&post=628"},{"taxonomy":"post_tag","embeddable":true,"href":"https:\/\/www.gastonballiot.fr\/index.php?rest_route=%2Fwp%2Fv2%2Ftags&post=628"}],"curies":[{"name":"wp","href":"https:\/\/api.w.org\/{rel}","templated":true}]}}