{"id":6572,"date":"2019-05-27T07:51:57","date_gmt":"2019-05-27T05:51:57","guid":{"rendered":"https:\/\/www.gastonballiot.fr\/?p=6572"},"modified":"2019-05-31T07:35:47","modified_gmt":"2019-05-31T05:35:47","slug":"election-europeenne-un-resultat-tres-inquietant","status":"publish","type":"post","link":"https:\/\/www.gastonballiot.fr\/?p=6572","title":{"rendered":"\u00c9lection europ\u00e9enne, un r\u00e9sultat tr\u00e8s inqui\u00e9tant."},"content":{"rendered":"<p>L&rsquo;extr\u00eame droite et la droite macrone se partagent pr\u00e8s de la moiti\u00e9 des voix. C&rsquo;est tr\u00e8s inqui\u00e9tant. La deuxi\u00e8me alimentant la premi\u00e8re&#8230;<\/p>\n<p>On a entendu dire \u00e0 propos des Lepenistes <em>\u00ab\u00a0on n&rsquo;a pas encore essay\u00e9 \u00e7a, pourquoi pas ?<\/em>\u00ab\u00a0. Et bien si, h\u00e9las, on a essay\u00e9 <span style=\"font-size: 18pt;\"><strong>\u00e7a<\/strong> <\/span>!<br \/>\nOn a eu pendant 4 ans le r\u00e9gime de Vichy avec P\u00e9tain et ses milices. Ne pas l&rsquo;oublier&#8230;<\/p>\n<p style=\"text-align: center;\">Karl Marx : \u00ab\u00a0<em>Celui qui ne conna\u00eet pas l&rsquo;histoire est condamn\u00e9 \u00e0 la revivre<\/em>.\u00a0\u00bb<\/p>\n<p><!--more-->Quand au score faible de la gauche, c&rsquo;est aussi tr\u00e8s inqui\u00e9tant. C&rsquo;est bien s\u00fbr en lien avec ce qui pr\u00e9c\u00e8de. Les d\u00e9\u00e7us, les gens en souffrance, au lieu de se tourner vers ceux qui proposent \u00e9galit\u00e9 et solidarit\u00e9 avec un partage des richesses tombent dans le panneau qui leur est tendu et votent pour ceux qui aggraveraient leur cas.<\/p>\n<p>6,3% pour LFI &#8211; 3,3% pour Hamon &#8211; 2,5% pour le PC &#8211;&gt; cela fait 12% pour la gauche authentique, c&rsquo;est tr\u00e8s peu. La dedans je ne compte pas les verts, cela se discute, c&rsquo;est complexe. Bien s\u00fbr la plupart des \u00e9lecteurs \u00e9colos ont des id\u00e9es de gauche. Mais les leaders pour lesquels ils votent sont plus qu\u2019ambigus. Au Parlement europ\u00e9en il y a 2 groupes de Verts : les verts nordiques qui sont avec la gauche dans le groupe GUE\/NGL, et les autres, dont les verts fran\u00e7ais, qui sont dans le groupe Verts\/ALE des Jadot et des Cohn-Bendit (pass\u00e9 d&rsquo;ailleurs r\u00e9cemment chez Macron, comme De Rugy), un groupe centriste qui parle de climat mais ne s&rsquo;attaque pas au syst\u00e8me en cause, ou tr\u00e8s timidement.<\/p>\n<p>Bref si l&rsquo;on ajoute une partie des Verts on arrive pour la gauche vers 15 \u00e0 18% c&rsquo;est toujours tr\u00e8s peu. Il y a du pain sur la planche pour expliquer et convaincre. Pas d&rsquo;issue sans combattre la France lib\u00e9rale et l&rsquo;Europe lib\u00e9rale..&nbsp; Au boulot !<\/p>\n<h2 style=\"text-align: center;\">D\u00e9claration de Ian Brossat le 26 mai au soir :<\/h2>\n<p>Mesdames, Messieurs,<br \/>\nJe souhaite ce soir remercier tr\u00e8s chaleureusement les centaines de milliers d\u2019\u00e9lectrices et les \u00e9lecteurs qui<span class=\"text_exposed_show\"> nous ont fait confiance.<\/span><\/p>\n<div class=\"text_exposed_show\">\n<p>C\u2019est une belle campagne qui s\u2019ach\u00e8ve, apr\u00e8s 12 ans d\u2019absence \u00e0 une \u00e9lection nationale. C\u2019est une campagne que nous avons voulue sinc\u00e8re, combative, fid\u00e8le aux combats et aux valeurs de la gauche. En d\u00e9pit de nos efforts, il arrive que la marche soit parfois trop haute pour \u00eatre franchie du premier coup. Ce soir, nous n\u2019atteignons pas encore nos objectifs.<br \/>\nPremi\u00e8re le\u00e7on. L\u2019extr\u00eame-droite arrive en t\u00eate de ce scrutin. Rappelons-nous, il y a encore 10 ans, la liste du Front National ne d\u00e9passait pas les 6%. Le score d\u2019aujourd\u2019hui est le r\u00e9sultat d\u2019un pari perdu, un pari forc\u00e9ment perdant et dramatique pour notre pays. Cette strat\u00e9gie, c\u2019est celle d\u2019Emmanuel Macron, qui impose aux Fran\u00e7ais ce face-\u00e0-face avec Marine Le Pen pour assurer sa survie politique. Non, ce n\u2019est pas un duel comme on cherche \u00e0 nous le faire croire, c\u2019est un duo : un duo impos\u00e9 par les deux camps, un duo mortif\u00e8re pour notre pays et pour la d\u00e9mocratie. A force de jouer avec le feu, Macron s\u2019est br\u00fbl\u00e9.<\/p>\n<p>Deuxi\u00e8me le\u00e7on. La gauche a \u00e9galement sa part de responsabilit\u00e9s. Je prends ma part de responsabilit\u00e9, il ne s\u2019agit pas de se d\u00e9douaner. Ce soir, la gauche est affaiblie, tout est \u00e0 reconstruire.<\/p>\n<p>J\u2019ai l\u2019intime conviction que l\u2019avenir passe par l\u2019humilit\u00e9, le travail collectif, le respect mutuel, le refus de la tentation h\u00e9g\u00e9monique. Ecoutons-nous, respectons-nous, travaillons ensemble.<\/p>\n<p>Cette gauche, cette gauche que nous devons reconstruire, que nous allons reconstruire, doit placer au coeur de son projet la justice sociale et l\u2019urgence \u00e9cologique.<\/p>\n<p>Et soyons clairs: cette reconqu\u00eate des c\u0153urs et des esprits ne sera possible que dans la rupture avec le lib\u00e9ralisme.<\/p>\n<p>Reconstruire une gauche digne de ce nom en France, c\u2019est \u00e0 cet objectif que le Parti Communiste doit consacrer tous ses efforts, dans les semaines et dans les mois \u00e0 venir.<\/p>\n<p>A tous les communistes, \u00e0 celles et \u00e0 ceux venus d\u2019autres horizons et qui nous ont rejoint , je voudrais vous t\u00e9moigner de ma profonde gratitude.<\/p>\n<p>\u00catre v\u00f4tre candidat, vous repr\u00e9senter, fut un honneur et un privil\u00e8ge.<\/p>\n<p>Je voudrais dire \u00e0 chacune et chacun de nous ce soir : le combat continue \u2014 il continue partout, il continue toujours.<\/p>\n<p>Je voudrais remercier chaleureusement Fabien Roussel, secr\u00e9taire national du Parti communiste, pour son aide, pour son engagement, pour son \u00e9nergie. Je voudrais avoir une pens\u00e9e \u00e0 destination de ma ch\u00e8re Marie-H\u00e9l\u00e8ne Bourlard, lui dire que nous y \u00e9tions presque et que demain nous y arriverons.<\/p>\n<p>Nous formons une belle et une formidable famille, mes amis, mes chers camarades.<br \/>\nCamarade, c\u2019est un joli nom.<br \/>\nC\u2019est uni, comme une famille, que je veux vous demander ce soir deux choses. Je vous le demande du fond du c\u0153ur.<\/p>\n<p>Ce soir, demain, cette semaine, dans les prochains mois : conservons en nous ce formidable \u00e9tat d\u2019esprit et cette \u00e9nergie qui fut le n\u00f4tre durant cette campagne. Faisons-les vivre ! Conservons-en nous cette joie d\u2019\u00eatre ensemble, cette envie, ce bonheur de nous \u00eatre retrouv\u00e9s.<\/p>\n<p>La deuxi\u00e8me chose que je vous demande et j\u2019en terminerai ainsi : dans cette p\u00e9riode politique trouble, n\u2019oublions jamais que nous n\u2019avons aucun adversaire \u00e0 gauche. Conservons la bienveillance qui fut la n\u00f4tre, conservons cette envie sinc\u00e8re de tendre la main, de r\u00e9ussir le rassemblement demain.<\/p>\n<p>Nous avons r\u00e9alis\u00e9 une formidable campagne. Ne nous arr\u00eatons pas l\u00e0 !<\/p>\n<p>Je vous remercie.<\/p>\n<div class=\"fb-video\" data-allowfullscreen=\"true\" data-href=\"https:\/\/www.facebook.com\/Particommuniste\/videos\/859069874461750\/\" style=\"background-color: #fff; display: inline-block;\"><\/div>\n<p>&nbsp;<\/p>\n<h2 style=\"text-align: center;\"><a href=\"http:\/\/ensemble-le-havre.eklablog.com\/pouce-si-on-arretait-de-jouer-a163881102?fbclid=IwAR0CBHmv04-Swl0piA7741bKZZxXmjItJFMub4fBeQFQZY7w0jaBJlO2tj8\" target=\"_blank\" rel=\"noopener noreferrer\">Et aussi, une d\u00e9claration d&rsquo;Ensemble (Le Havre), le 27 mai<\/a><\/h2>\n<p style=\"text-align: center;\">et<\/p>\n<h2 style=\"text-align: center;\"><a href=\"https:\/\/www.ouest-france.fr\/elections\/europeennes\/europeennes-ce-qui-est-en-cause-c-est-la-ligne-politique-de-lfi-estime-clementine-autain-6370454\" target=\"_blank\" rel=\"noopener noreferrer\">Le point de vue de Cl\u00e9mentine Autain, LFI, le 27 mai<\/a><\/h2>\n<p style=\"text-align: center;\">et<\/p>\n<h2 style=\"text-align: center;\">Une d\u00e9claration du NPA de Quimper<\/h2>\n<div dir=\"ltr\">\n<p style=\"text-align: center;\" align=\"justify\">(qui appelle \u00e0 la construction d&rsquo;une unit\u00e9 pour notre camp social. Ce sera difficile avec son alli\u00e9 privil\u00e9gi\u00e9 Lutte Ouvri\u00e8re, mais l&rsquo;intention est int\u00e9ressante&#8230;)<\/p>\n<p class=\"m_4255373114781593517gmail-western\" align=\"justify\"><strong>Face au danger de l\u2019extr\u00eame-droite,<\/strong><\/p>\n<p class=\"m_4255373114781593517gmail-western\" align=\"justify\"><strong>L\u2019urgence de construire une alternative anticapitaliste et internationaliste<\/strong><\/p>\n<p class=\"m_4255373114781593517gmail-western\" align=\"justify\">Les r\u00e9sultats des \u00e9lections europ\u00e9ennes confirment la crise politique en France comme en Europe&nbsp;: 50&nbsp;% d\u2019abstention, des votes pour l\u2019extr\u00eame-droite tr\u00e8s \u00e9lev\u00e9s, des partis de gouvernement globalement discr\u00e9tis\u00e9s mais qui sauvegardent leur capital \u00e9lectoral. Contre le capitalisme, pour la justice sociale, il manque &#8211;&nbsp;encore et surtout&nbsp;&#8211; une voix pour le monde du travail.<\/p>\n<p class=\"m_4255373114781593517gmail-western\" align=\"justify\"><strong>L\u2019extr\u00eame-droite menace<\/strong><\/p>\n<p class=\"m_4255373114781593517gmail-western\" align=\"justify\">Comme en 2014, le Rassemblement national arrive en t\u00eate en s\u2019appuyant sur le rejet de l\u2019Union europ\u00e9enne pour d\u00e9voyer les col\u00e8res sur le terrain du racisme et de la lutte du touTEs contre touTEs.<\/p>\n<p class=\"m_4255373114781593517gmail-western\" align=\"justify\">Avec ses comparses en Italie, en Belgique ou en Hongrie, il incarne un danger mortel&nbsp;: celui de la concurrence la plus f\u00e9roce entre les pays, avec les cons\u00e9quences dramatiques qui en d\u00e9couleraient pour les classes populaires, pour les femmes, pour les immigr\u00e9Es, et pour l\u2019ensemble des droits d\u00e9mocratiques et sociaux.<\/p>\n<p class=\"m_4255373114781593517gmail-western\" align=\"justify\"><strong>Les partis de gouvernement sauvent leurs places<\/strong><\/p>\n<p class=\"m_4255373114781593517gmail-western\" align=\"justify\">Bien que totalement d\u00e9savou\u00e9s par les mobilisations de ces derniers mois , Macron et LREM parviennent \u00e0 limiter la casse. De la m\u00eame fa\u00e7on, en Allemagne et dans l\u2019\u00c9tat espagnol, la droite ou le PS se maintiennent bien que leurs politiques aient aussi \u00e9t\u00e9 rejet\u00e9es par les populations. Ces forces vont dominer le futur parlement europ\u00e9en, ce qui montre une fois de plus le caract\u00e8re antid\u00e9mocratique de ces institutions.<\/p>\n<p class=\"m_4255373114781593517gmail-western\" align=\"justify\">Ces formations se pr\u00e9sentent comme des remparts contre l\u2019extr\u00eame-droite. Mais ce sont les politiques qu\u2019elles m\u00e8nent, de casse des droits sociaux, de privatisations, de m\u00e9pris contre les classes populaires, qui nourrissent en r\u00e9alit\u00e9 l\u2019extr\u00eame-droite.<\/p>\n<p class=\"m_4255373114781593517gmail-western\" align=\"justify\">Les Verts ont remport\u00e9 des scores importants en s\u2019appuyant sur des pr\u00e9occupations \u00e9cologiques grandissantes et des mobilisations pour la justice climatique. Avec aux alentours de 30&nbsp;% des voix, les partis de gauche sont globalement au plus bas, payant leur participation aux politiques lib\u00e9rales, notamment dans le cadre de l\u2019Union europ\u00e9enne, leur division et les difficult\u00e9s de mobilisations sociales qui ont du mal \u00e0 gagner.<\/p>\n<p class=\"m_4255373114781593517gmail-western\" align=\"justify\"><strong>Lutter, d\u00e9battre, construire<\/strong><\/p>\n<p class=\"m_4255373114781593517gmail-western\" align=\"justify\">La crise \u00e9conomique, sociale, \u00e9cologique, va continuer \u00e0 se renforcer et le choix \u00e0 faire est de plus en plus net&nbsp;: soit l\u2019extr\u00eame-droite prend de plus en plus de place &#8211;&nbsp;jusqu\u2019au pouvoir&nbsp;?&nbsp;&#8211; car les partis de gouvernement n\u2019arr\u00eateront pas son avanc\u00e9e, soit le monde du travail parvient \u00e0 surmonter ses faiblesses pour construire une v\u00e9ritable alternative aux politiques lib\u00e9rales et\/ou nationalistes.<\/p>\n<p class=\"m_4255373114781593517gmail-western\" align=\"justify\">Il est vain de vouloir am\u00e9nager le syst\u00e8me. Nous avons besoin d\u2019une gauche radicale, ind\u00e9pendante des institutions, anticapitaliste et internationaliste, pour la rupture r\u00e9volutionnaire avec le syst\u00e8me, et dont le centre de gravit\u00e9 est la d\u00e9fense concr\u00e8te du monde du travail.<\/p>\n<p class=\"m_4255373114781593517gmail-western\" align=\"justify\">Il y a urgence \u00e0 construire une repr\u00e9sentation politique pour tous les exploit\u00e9Es. Sans nier les d\u00e9saccords qui existent, par la discussion et la confrontation des points de vue, nous voulons \u0153uvrer \u00e0 l\u2019unit\u00e9 de notre camp social, \u00eatre capable de s\u2019unir pour agir contre le gouvernement, contre la r\u00e9pression, pour nos revendications sociales, d\u00e9mocratiques et \u00e9cologiques. Il est d\u00e9j\u00e0 possible de se coordonner pour que les luttes gagnent ensemble au lieu de perdre les unes apr\u00e8s les autres.<\/p>\n<p class=\"m_4255373114781593517gmail-western\" align=\"justify\">Pour ces mobilisations, \u00e0 ce travail de construction, urgent et n\u00e9cessaire, le NPA entend prendre toute sa part.&nbsp;&nbsp; <em>Le mardi 28 mai 2019<\/em><\/p>\n<h2 style=\"text-align: center;\" align=\"justify\">et quelques analyses \u00ab\u00a0diff\u00e9rentes\u00a0\u00bb<\/h2>\n<p align=\"justify\"><strong>Roger Martelli<\/strong> : <a href=\"http:\/\/www.regards.fr\/politique\/article\/apres-les-europeennes-la-crise-s-epaissit\" target=\"_blank\" rel=\"noopener noreferrer\">http:\/\/www.regards.fr\/politique\/article\/apres-les-europeennes-la-crise-s-epaissit<\/a><\/p>\n<p style=\"text-align: left;\" align=\"justify\"><strong>Luc Rouban, Directeur de recherche CNRS, Sciences Po \u2013 USPC&nbsp;<\/strong> :<a href=\"https:\/\/theconversation.com\/les-elections-europeennes-metamorphosent-le-clivage-gauche-droite-117862?utm_medium=email&amp;utm_campaign=La%20lettre%20de%20The%20Conversation%20France%20du%2027%20mai%202019%20-%201320812343&amp;utm_content=La%20lettre%20de%20The%20Conversation%20France%20du%2027%20mai%202019%20-%201320812343+CID_8c8aab6be8b1c2f4ad6537b49170ac7a&amp;utm_source=campaign_monitor_fr&amp;utm_term=Les%20lections%20europennes%20mtamorphosent%20le%20clivage%20gauche-droite\" target=\"_blank\" rel=\"noopener noreferrer\"> https:\/\/theconversation.com\/les-elections-europeennes-metamorphosent-le-clivage-gauche-droite-117862?utm_medium=email&amp;utm_campaign=La%20lettre%20de%20The%20Conversation%20France%20du%2027%20mai%202019%20-%201320812343&amp;utm_content=La%20lettre%20de%20The%20Conversation%20France%20du%2027%20mai%202019%20-%201320812343+CID_8c8aab6be8b1c2f4ad6537b49170ac7a&amp;utm_source=campaign_monitor_fr&amp;utm_term=Les%20lections%20europennes%20mtamorphosent%20le%20clivage%20gauche-droite<\/a><\/p>\n<p class=\"m_4255373114781593517gmail-western\" style=\"text-align: right;\" align=\"justify\"><em>&nbsp;<\/em><\/p>\n<\/div>\n<\/div>\n<p>&nbsp;<\/p>\n","protected":false},"excerpt":{"rendered":"<p>L&rsquo;extr\u00eame droite et la droite macrone se partagent pr\u00e8s de la moiti\u00e9 des voix. C&rsquo;est tr\u00e8s inqui\u00e9tant. La deuxi\u00e8me alimentant la premi\u00e8re&#8230; On a entendu dire \u00e0 propos des Lepenistes \u00ab\u00a0on n&rsquo;a pas encore essay\u00e9 \u00e7a, pourquoi pas ?\u00ab\u00a0. Et bien si, h\u00e9las, on a essay\u00e9 \u00e7a ! On a eu pendant 4 ans le r\u00e9gime de Vichy avec P\u00e9tain et ses milices. Ne pas l&rsquo;oublier&#8230; Karl Marx : \u00ab\u00a0Celui qui ne conna\u00eet pas l&rsquo;histoire est condamn\u00e9 \u00e0 la revivre.\u00a0\u00bb<\/p>\n","protected":false},"author":1,"featured_media":6573,"comment_status":"open","ping_status":"closed","sticky":false,"template":"","format":"standard","meta":{"ngg_post_thumbnail":0,"jetpack_post_was_ever_published":false,"_jetpack_newsletter_access":"","_jetpack_dont_email_post_to_subs":false,"_jetpack_newsletter_tier_id":0,"_jetpack_memberships_contains_paywalled_content":false,"_jetpack_memberships_contains_paid_content":false,"footnotes":"","jetpack_publicize_message":"","jetpack_publicize_feature_enabled":true,"jetpack_social_post_already_shared":true,"jetpack_social_options":{"image_generator_settings":{"template":"highway","enabled":false},"version":2}},"categories":[2,5,8,9],"tags":[],"class_list":["post-6572","post","type-post","status-publish","format-standard","has-post-thumbnail","hentry","category-a-la-une","category-democratie","category-europe","category-front-de-gauche","infinite-scroll-item","masonry-post","generate-columns","tablet-grid-50","mobile-grid-100","grid-parent","grid-33"],"jetpack_publicize_connections":[],"yoast_head":"<!-- This site is optimized with the Yoast SEO plugin v27.5 - https:\/\/yoast.com\/product\/yoast-seo-wordpress\/ -->\n<title>\u00c9lection europ\u00e9enne, un r\u00e9sultat tr\u00e8s inqui\u00e9tant. - Le blog politique de Gaston<\/title>\n<meta name=\"robots\" content=\"index, follow, max-snippet:-1, max-image-preview:large, max-video-preview:-1\" \/>\n<link rel=\"canonical\" href=\"https:\/\/www.gastonballiot.fr\/?p=6572\" \/>\n<meta property=\"og:locale\" content=\"fr_FR\" \/>\n<meta property=\"og:type\" content=\"article\" \/>\n<meta property=\"og:title\" content=\"\u00c9lection europ\u00e9enne, un r\u00e9sultat tr\u00e8s inqui\u00e9tant. - Le blog politique de Gaston\" \/>\n<meta property=\"og:description\" content=\"L&rsquo;extr\u00eame droite et la droite macrone se partagent pr\u00e8s de la moiti\u00e9 des voix. C&rsquo;est tr\u00e8s inqui\u00e9tant. La deuxi\u00e8me alimentant la premi\u00e8re&#8230; On a entendu dire \u00e0 propos des Lepenistes \u00ab\u00a0on n&rsquo;a pas encore essay\u00e9 \u00e7a, pourquoi pas ?\u00ab\u00a0. Et bien si, h\u00e9las, on a essay\u00e9 \u00e7a ! On a eu pendant 4 ans le r\u00e9gime de Vichy avec P\u00e9tain et ses milices. Ne pas l&rsquo;oublier&#8230; Karl Marx : \u00ab\u00a0Celui qui ne conna\u00eet pas l&rsquo;histoire est condamn\u00e9 \u00e0 la revivre.\u00a0\u00bb\" \/>\n<meta property=\"og:url\" content=\"https:\/\/www.gastonballiot.fr\/?p=6572\" \/>\n<meta property=\"og:site_name\" content=\"Le blog politique de Gaston\" \/>\n<meta property=\"article:publisher\" content=\"https:\/\/www.facebook.com\/gaston.balliot\/\" \/>\n<meta property=\"article:author\" content=\"https:\/\/www.facebook.com\/gaston.balliot\/\" \/>\n<meta property=\"article:published_time\" content=\"2019-05-27T05:51:57+00:00\" \/>\n<meta property=\"article:modified_time\" content=\"2019-05-31T05:35:47+00:00\" \/>\n<meta property=\"og:image\" content=\"https:\/\/www.gastonballiot.fr\/wp-content\/uploads\/2019\/05\/CamusSurFascisme.jpg\" \/>\n\t<meta property=\"og:image:width\" content=\"480\" \/>\n\t<meta property=\"og:image:height\" content=\"327\" \/>\n\t<meta property=\"og:image:type\" content=\"image\/jpeg\" \/>\n<meta name=\"author\" content=\"gb\" \/>\n<meta name=\"twitter:card\" content=\"summary_large_image\" \/>\n<meta name=\"twitter:label1\" content=\"\u00c9crit par\" \/>\n\t<meta name=\"twitter:data1\" content=\"gb\" \/>\n\t<meta name=\"twitter:label2\" content=\"Dur\u00e9e de lecture estim\u00e9e\" \/>\n\t<meta name=\"twitter:data2\" content=\"9 minutes\" \/>\n<script type=\"application\/ld+json\" class=\"yoast-schema-graph\">{\"@context\":\"https:\\\/\\\/schema.org\",\"@graph\":[{\"@type\":\"Article\",\"@id\":\"https:\\\/\\\/www.gastonballiot.fr\\\/?p=6572#article\",\"isPartOf\":{\"@id\":\"https:\\\/\\\/www.gastonballiot.fr\\\/?p=6572\"},\"author\":{\"name\":\"gb\",\"@id\":\"https:\\\/\\\/www.gastonballiot.fr\\\/#\\\/schema\\\/person\\\/244a5e02696abd8a65c5b1bebdb948ca\"},\"headline\":\"\u00c9lection europ\u00e9enne, un r\u00e9sultat tr\u00e8s inqui\u00e9tant.\",\"datePublished\":\"2019-05-27T05:51:57+00:00\",\"dateModified\":\"2019-05-31T05:35:47+00:00\",\"mainEntityOfPage\":{\"@id\":\"https:\\\/\\\/www.gastonballiot.fr\\\/?p=6572\"},\"wordCount\":1753,\"commentCount\":0,\"publisher\":{\"@id\":\"https:\\\/\\\/www.gastonballiot.fr\\\/#\\\/schema\\\/person\\\/244a5e02696abd8a65c5b1bebdb948ca\"},\"image\":{\"@id\":\"https:\\\/\\\/www.gastonballiot.fr\\\/?p=6572#primaryimage\"},\"thumbnailUrl\":\"https:\\\/\\\/i0.wp.com\\\/www.gastonballiot.fr\\\/wp-content\\\/uploads\\\/2019\\\/05\\\/CamusSurFascisme.jpg?fit=480%2C327&ssl=1\",\"articleSection\":[\"A la une\",\"D\u00e9mocratie\",\"Europe\",\"Gauche\"],\"inLanguage\":\"fr-FR\",\"potentialAction\":[{\"@type\":\"CommentAction\",\"name\":\"Comment\",\"target\":[\"https:\\\/\\\/www.gastonballiot.fr\\\/?p=6572#respond\"]}]},{\"@type\":\"WebPage\",\"@id\":\"https:\\\/\\\/www.gastonballiot.fr\\\/?p=6572\",\"url\":\"https:\\\/\\\/www.gastonballiot.fr\\\/?p=6572\",\"name\":\"\u00c9lection europ\u00e9enne, un r\u00e9sultat tr\u00e8s inqui\u00e9tant. - Le blog politique de Gaston\",\"isPartOf\":{\"@id\":\"https:\\\/\\\/www.gastonballiot.fr\\\/#website\"},\"primaryImageOfPage\":{\"@id\":\"https:\\\/\\\/www.gastonballiot.fr\\\/?p=6572#primaryimage\"},\"image\":{\"@id\":\"https:\\\/\\\/www.gastonballiot.fr\\\/?p=6572#primaryimage\"},\"thumbnailUrl\":\"https:\\\/\\\/i0.wp.com\\\/www.gastonballiot.fr\\\/wp-content\\\/uploads\\\/2019\\\/05\\\/CamusSurFascisme.jpg?fit=480%2C327&ssl=1\",\"datePublished\":\"2019-05-27T05:51:57+00:00\",\"dateModified\":\"2019-05-31T05:35:47+00:00\",\"breadcrumb\":{\"@id\":\"https:\\\/\\\/www.gastonballiot.fr\\\/?p=6572#breadcrumb\"},\"inLanguage\":\"fr-FR\",\"potentialAction\":[{\"@type\":\"ReadAction\",\"target\":[\"https:\\\/\\\/www.gastonballiot.fr\\\/?p=6572\"]}]},{\"@type\":\"ImageObject\",\"inLanguage\":\"fr-FR\",\"@id\":\"https:\\\/\\\/www.gastonballiot.fr\\\/?p=6572#primaryimage\",\"url\":\"https:\\\/\\\/i0.wp.com\\\/www.gastonballiot.fr\\\/wp-content\\\/uploads\\\/2019\\\/05\\\/CamusSurFascisme.jpg?fit=480%2C327&ssl=1\",\"contentUrl\":\"https:\\\/\\\/i0.wp.com\\\/www.gastonballiot.fr\\\/wp-content\\\/uploads\\\/2019\\\/05\\\/CamusSurFascisme.jpg?fit=480%2C327&ssl=1\",\"width\":480,\"height\":327},{\"@type\":\"BreadcrumbList\",\"@id\":\"https:\\\/\\\/www.gastonballiot.fr\\\/?p=6572#breadcrumb\",\"itemListElement\":[{\"@type\":\"ListItem\",\"position\":1,\"name\":\"Accueil\",\"item\":\"https:\\\/\\\/www.gastonballiot.fr\\\/\"},{\"@type\":\"ListItem\",\"position\":2,\"name\":\"\u00c9lection europ\u00e9enne, un r\u00e9sultat tr\u00e8s inqui\u00e9tant.\"}]},{\"@type\":\"WebSite\",\"@id\":\"https:\\\/\\\/www.gastonballiot.fr\\\/#website\",\"url\":\"https:\\\/\\\/www.gastonballiot.fr\\\/\",\"name\":\"Le blog politique de Gaston\",\"description\":\"L&#039;humain d&#039;abord, pas la finance !\",\"publisher\":{\"@id\":\"https:\\\/\\\/www.gastonballiot.fr\\\/#\\\/schema\\\/person\\\/244a5e02696abd8a65c5b1bebdb948ca\"},\"potentialAction\":[{\"@type\":\"SearchAction\",\"target\":{\"@type\":\"EntryPoint\",\"urlTemplate\":\"https:\\\/\\\/www.gastonballiot.fr\\\/?s={search_term_string}\"},\"query-input\":{\"@type\":\"PropertyValueSpecification\",\"valueRequired\":true,\"valueName\":\"search_term_string\"}}],\"inLanguage\":\"fr-FR\"},{\"@type\":[\"Person\",\"Organization\"],\"@id\":\"https:\\\/\\\/www.gastonballiot.fr\\\/#\\\/schema\\\/person\\\/244a5e02696abd8a65c5b1bebdb948ca\",\"name\":\"gb\",\"image\":{\"@type\":\"ImageObject\",\"inLanguage\":\"fr-FR\",\"@id\":\"https:\\\/\\\/i0.wp.com\\\/www.gastonballiot.fr\\\/wp-content\\\/uploads\\\/2017\\\/04\\\/cropped-Marianne-drapeau-rouge.gif?fit=512%2C512&ssl=1\",\"url\":\"https:\\\/\\\/i0.wp.com\\\/www.gastonballiot.fr\\\/wp-content\\\/uploads\\\/2017\\\/04\\\/cropped-Marianne-drapeau-rouge.gif?fit=512%2C512&ssl=1\",\"contentUrl\":\"https:\\\/\\\/i0.wp.com\\\/www.gastonballiot.fr\\\/wp-content\\\/uploads\\\/2017\\\/04\\\/cropped-Marianne-drapeau-rouge.gif?fit=512%2C512&ssl=1\",\"width\":512,\"height\":512,\"caption\":\"gb\"},\"logo\":{\"@id\":\"https:\\\/\\\/i0.wp.com\\\/www.gastonballiot.fr\\\/wp-content\\\/uploads\\\/2017\\\/04\\\/cropped-Marianne-drapeau-rouge.gif?fit=512%2C512&ssl=1\"},\"description\":\"Gaston Balliot, militant du Front de Gauche en pays bigouden - Pont L'Abb\u00e9 - Loctudy - Guilvinec - Penmarc'h - Ile Tudy - Combrit Ste Marine - Tr\u00e9meoc - Plon\u00e9our, p\u00eache tourisme\",\"sameAs\":[\"https:\\\/\\\/www.facebook.com\\\/gaston.balliot\\\/\"]}]}<\/script>\n<!-- \/ Yoast SEO plugin. -->","yoast_head_json":{"title":"\u00c9lection europ\u00e9enne, un r\u00e9sultat tr\u00e8s inqui\u00e9tant. - Le blog politique de Gaston","robots":{"index":"index","follow":"follow","max-snippet":"max-snippet:-1","max-image-preview":"max-image-preview:large","max-video-preview":"max-video-preview:-1"},"canonical":"https:\/\/www.gastonballiot.fr\/?p=6572","og_locale":"fr_FR","og_type":"article","og_title":"\u00c9lection europ\u00e9enne, un r\u00e9sultat tr\u00e8s inqui\u00e9tant. - Le blog politique de Gaston","og_description":"L&rsquo;extr\u00eame droite et la droite macrone se partagent pr\u00e8s de la moiti\u00e9 des voix. C&rsquo;est tr\u00e8s inqui\u00e9tant. La deuxi\u00e8me alimentant la premi\u00e8re&#8230; On a entendu dire \u00e0 propos des Lepenistes \u00ab\u00a0on n&rsquo;a pas encore essay\u00e9 \u00e7a, pourquoi pas ?\u00ab\u00a0. Et bien si, h\u00e9las, on a essay\u00e9 \u00e7a ! On a eu pendant 4 ans le r\u00e9gime de Vichy avec P\u00e9tain et ses milices. Ne pas l&rsquo;oublier&#8230; Karl Marx : \u00ab\u00a0Celui qui ne conna\u00eet pas l&rsquo;histoire est condamn\u00e9 \u00e0 la revivre.\u00a0\u00bb","og_url":"https:\/\/www.gastonballiot.fr\/?p=6572","og_site_name":"Le blog politique de Gaston","article_publisher":"https:\/\/www.facebook.com\/gaston.balliot\/","article_author":"https:\/\/www.facebook.com\/gaston.balliot\/","article_published_time":"2019-05-27T05:51:57+00:00","article_modified_time":"2019-05-31T05:35:47+00:00","og_image":[{"width":480,"height":327,"url":"https:\/\/www.gastonballiot.fr\/wp-content\/uploads\/2019\/05\/CamusSurFascisme.jpg","type":"image\/jpeg"}],"author":"gb","twitter_card":"summary_large_image","twitter_misc":{"\u00c9crit par":"gb","Dur\u00e9e de lecture estim\u00e9e":"9 minutes"},"schema":{"@context":"https:\/\/schema.org","@graph":[{"@type":"Article","@id":"https:\/\/www.gastonballiot.fr\/?p=6572#article","isPartOf":{"@id":"https:\/\/www.gastonballiot.fr\/?p=6572"},"author":{"name":"gb","@id":"https:\/\/www.gastonballiot.fr\/#\/schema\/person\/244a5e02696abd8a65c5b1bebdb948ca"},"headline":"\u00c9lection europ\u00e9enne, un r\u00e9sultat tr\u00e8s inqui\u00e9tant.","datePublished":"2019-05-27T05:51:57+00:00","dateModified":"2019-05-31T05:35:47+00:00","mainEntityOfPage":{"@id":"https:\/\/www.gastonballiot.fr\/?p=6572"},"wordCount":1753,"commentCount":0,"publisher":{"@id":"https:\/\/www.gastonballiot.fr\/#\/schema\/person\/244a5e02696abd8a65c5b1bebdb948ca"},"image":{"@id":"https:\/\/www.gastonballiot.fr\/?p=6572#primaryimage"},"thumbnailUrl":"https:\/\/i0.wp.com\/www.gastonballiot.fr\/wp-content\/uploads\/2019\/05\/CamusSurFascisme.jpg?fit=480%2C327&ssl=1","articleSection":["A la une","D\u00e9mocratie","Europe","Gauche"],"inLanguage":"fr-FR","potentialAction":[{"@type":"CommentAction","name":"Comment","target":["https:\/\/www.gastonballiot.fr\/?p=6572#respond"]}]},{"@type":"WebPage","@id":"https:\/\/www.gastonballiot.fr\/?p=6572","url":"https:\/\/www.gastonballiot.fr\/?p=6572","name":"\u00c9lection europ\u00e9enne, un r\u00e9sultat tr\u00e8s inqui\u00e9tant. - Le blog politique de Gaston","isPartOf":{"@id":"https:\/\/www.gastonballiot.fr\/#website"},"primaryImageOfPage":{"@id":"https:\/\/www.gastonballiot.fr\/?p=6572#primaryimage"},"image":{"@id":"https:\/\/www.gastonballiot.fr\/?p=6572#primaryimage"},"thumbnailUrl":"https:\/\/i0.wp.com\/www.gastonballiot.fr\/wp-content\/uploads\/2019\/05\/CamusSurFascisme.jpg?fit=480%2C327&ssl=1","datePublished":"2019-05-27T05:51:57+00:00","dateModified":"2019-05-31T05:35:47+00:00","breadcrumb":{"@id":"https:\/\/www.gastonballiot.fr\/?p=6572#breadcrumb"},"inLanguage":"fr-FR","potentialAction":[{"@type":"ReadAction","target":["https:\/\/www.gastonballiot.fr\/?p=6572"]}]},{"@type":"ImageObject","inLanguage":"fr-FR","@id":"https:\/\/www.gastonballiot.fr\/?p=6572#primaryimage","url":"https:\/\/i0.wp.com\/www.gastonballiot.fr\/wp-content\/uploads\/2019\/05\/CamusSurFascisme.jpg?fit=480%2C327&ssl=1","contentUrl":"https:\/\/i0.wp.com\/www.gastonballiot.fr\/wp-content\/uploads\/2019\/05\/CamusSurFascisme.jpg?fit=480%2C327&ssl=1","width":480,"height":327},{"@type":"BreadcrumbList","@id":"https:\/\/www.gastonballiot.fr\/?p=6572#breadcrumb","itemListElement":[{"@type":"ListItem","position":1,"name":"Accueil","item":"https:\/\/www.gastonballiot.fr\/"},{"@type":"ListItem","position":2,"name":"\u00c9lection europ\u00e9enne, un r\u00e9sultat tr\u00e8s inqui\u00e9tant."}]},{"@type":"WebSite","@id":"https:\/\/www.gastonballiot.fr\/#website","url":"https:\/\/www.gastonballiot.fr\/","name":"Le blog politique de Gaston","description":"L&#039;humain d&#039;abord, pas la finance !","publisher":{"@id":"https:\/\/www.gastonballiot.fr\/#\/schema\/person\/244a5e02696abd8a65c5b1bebdb948ca"},"potentialAction":[{"@type":"SearchAction","target":{"@type":"EntryPoint","urlTemplate":"https:\/\/www.gastonballiot.fr\/?s={search_term_string}"},"query-input":{"@type":"PropertyValueSpecification","valueRequired":true,"valueName":"search_term_string"}}],"inLanguage":"fr-FR"},{"@type":["Person","Organization"],"@id":"https:\/\/www.gastonballiot.fr\/#\/schema\/person\/244a5e02696abd8a65c5b1bebdb948ca","name":"gb","image":{"@type":"ImageObject","inLanguage":"fr-FR","@id":"https:\/\/i0.wp.com\/www.gastonballiot.fr\/wp-content\/uploads\/2017\/04\/cropped-Marianne-drapeau-rouge.gif?fit=512%2C512&ssl=1","url":"https:\/\/i0.wp.com\/www.gastonballiot.fr\/wp-content\/uploads\/2017\/04\/cropped-Marianne-drapeau-rouge.gif?fit=512%2C512&ssl=1","contentUrl":"https:\/\/i0.wp.com\/www.gastonballiot.fr\/wp-content\/uploads\/2017\/04\/cropped-Marianne-drapeau-rouge.gif?fit=512%2C512&ssl=1","width":512,"height":512,"caption":"gb"},"logo":{"@id":"https:\/\/i0.wp.com\/www.gastonballiot.fr\/wp-content\/uploads\/2017\/04\/cropped-Marianne-drapeau-rouge.gif?fit=512%2C512&ssl=1"},"description":"Gaston Balliot, militant du Front de Gauche en pays bigouden - Pont L'Abb\u00e9 - Loctudy - Guilvinec - Penmarc'h - Ile Tudy - Combrit Ste Marine - Tr\u00e9meoc - Plon\u00e9our, p\u00eache tourisme","sameAs":["https:\/\/www.facebook.com\/gaston.balliot\/"]}]}},"jetpack_featured_media_url":"https:\/\/i0.wp.com\/www.gastonballiot.fr\/wp-content\/uploads\/2019\/05\/CamusSurFascisme.jpg?fit=480%2C327&ssl=1","jetpack_shortlink":"https:\/\/wp.me\/p5UTaD-1I0","jetpack-related-posts":[],"jetpack_likes_enabled":true,"jetpack_sharing_enabled":true,"_links":{"self":[{"href":"https:\/\/www.gastonballiot.fr\/index.php?rest_route=\/wp\/v2\/posts\/6572","targetHints":{"allow":["GET"]}}],"collection":[{"href":"https:\/\/www.gastonballiot.fr\/index.php?rest_route=\/wp\/v2\/posts"}],"about":[{"href":"https:\/\/www.gastonballiot.fr\/index.php?rest_route=\/wp\/v2\/types\/post"}],"author":[{"embeddable":true,"href":"https:\/\/www.gastonballiot.fr\/index.php?rest_route=\/wp\/v2\/users\/1"}],"replies":[{"embeddable":true,"href":"https:\/\/www.gastonballiot.fr\/index.php?rest_route=%2Fwp%2Fv2%2Fcomments&post=6572"}],"version-history":[{"count":0,"href":"https:\/\/www.gastonballiot.fr\/index.php?rest_route=\/wp\/v2\/posts\/6572\/revisions"}],"wp:featuredmedia":[{"embeddable":true,"href":"https:\/\/www.gastonballiot.fr\/index.php?rest_route=\/wp\/v2\/media\/6573"}],"wp:attachment":[{"href":"https:\/\/www.gastonballiot.fr\/index.php?rest_route=%2Fwp%2Fv2%2Fmedia&parent=6572"}],"wp:term":[{"taxonomy":"category","embeddable":true,"href":"https:\/\/www.gastonballiot.fr\/index.php?rest_route=%2Fwp%2Fv2%2Fcategories&post=6572"},{"taxonomy":"post_tag","embeddable":true,"href":"https:\/\/www.gastonballiot.fr\/index.php?rest_route=%2Fwp%2Fv2%2Ftags&post=6572"}],"curies":[{"name":"wp","href":"https:\/\/api.w.org\/{rel}","templated":true}]}}