{"id":6643,"date":"2019-06-22T09:56:32","date_gmt":"2019-06-22T07:56:32","guid":{"rendered":"https:\/\/www.gastonballiot.fr\/?p=6643"},"modified":"2019-06-23T16:07:22","modified_gmt":"2019-06-23T14:07:22","slug":"histoire-de-la-resistance-en-pays-bigouden-conference-du-14-juin-2019-a-lesconil","status":"publish","type":"post","link":"https:\/\/www.gastonballiot.fr\/?p=6643","title":{"rendered":"Vid\u00e9o &#8211; Histoire de la R\u00e9sistance en Pays Bigouden &#8211; Conf\u00e9rence du 14 juin 2019 \u00e0 Lesconil"},"content":{"rendered":"<p><a href=\"https:\/\/i0.wp.com\/www.gastonballiot.fr\/wp-content\/uploads\/2019\/06\/Lesconil15juin19_1.jpg?ssl=1\"><img data-recalc-dims=\"1\" loading=\"lazy\" decoding=\"async\" data-attachment-id=\"6647\" data-permalink=\"https:\/\/www.gastonballiot.fr\/?attachment_id=6647#main\" data-orig-file=\"https:\/\/i0.wp.com\/www.gastonballiot.fr\/wp-content\/uploads\/2019\/06\/Lesconil15juin19_1.jpg?fit=886%2C511&amp;ssl=1\" data-orig-size=\"886,511\" data-comments-opened=\"1\" data-image-meta=\"{&quot;aperture&quot;:&quot;4.5&quot;,&quot;credit&quot;:&quot;&quot;,&quot;camera&quot;:&quot;DSC-HX400V&quot;,&quot;caption&quot;:&quot;&quot;,&quot;created_timestamp&quot;:&quot;1560535554&quot;,&quot;copyright&quot;:&quot;&quot;,&quot;focal_length&quot;:&quot;32.01&quot;,&quot;iso&quot;:&quot;1600&quot;,&quot;shutter_speed&quot;:&quot;0.04&quot;,&quot;title&quot;:&quot;&quot;,&quot;orientation&quot;:&quot;1&quot;}\" data-image-title=\"Lesconil15juin19_1\" data-image-description=\"\" data-image-caption=\"\" data-medium-file=\"https:\/\/i0.wp.com\/www.gastonballiot.fr\/wp-content\/uploads\/2019\/06\/Lesconil15juin19_1.jpg?fit=300%2C173&amp;ssl=1\" data-large-file=\"https:\/\/i0.wp.com\/www.gastonballiot.fr\/wp-content\/uploads\/2019\/06\/Lesconil15juin19_1.jpg?fit=886%2C511&amp;ssl=1\" class=\"aligncenter wp-image-6647 size-full\" src=\"https:\/\/i0.wp.com\/www.gastonballiot.fr\/wp-content\/uploads\/2019\/06\/Lesconil15juin19_1.jpg?resize=886%2C511&#038;ssl=1\" alt=\"\" width=\"886\" height=\"511\" srcset=\"https:\/\/i0.wp.com\/www.gastonballiot.fr\/wp-content\/uploads\/2019\/06\/Lesconil15juin19_1.jpg?w=886&amp;ssl=1 886w, https:\/\/i0.wp.com\/www.gastonballiot.fr\/wp-content\/uploads\/2019\/06\/Lesconil15juin19_1.jpg?resize=300%2C173&amp;ssl=1 300w, https:\/\/i0.wp.com\/www.gastonballiot.fr\/wp-content\/uploads\/2019\/06\/Lesconil15juin19_1.jpg?resize=768%2C443&amp;ssl=1 768w, https:\/\/i0.wp.com\/www.gastonballiot.fr\/wp-content\/uploads\/2019\/06\/Lesconil15juin19_1.jpg?resize=600%2C346&amp;ssl=1 600w\" sizes=\"auto, (max-width: 886px) 100vw, 886px\" \/><\/a><\/p>\n<p style=\"text-align: center;\"><img data-recalc-dims=\"1\" loading=\"lazy\" decoding=\"async\" data-attachment-id=\"6645\" data-permalink=\"https:\/\/www.gastonballiot.fr\/?attachment_id=6645#main\" data-orig-file=\"https:\/\/i0.wp.com\/www.gastonballiot.fr\/wp-content\/uploads\/2019\/06\/Conf14juin19Lesco.jpg?fit=564%2C379&amp;ssl=1\" data-orig-size=\"564,379\" data-comments-opened=\"1\" data-image-meta=\"{&quot;aperture&quot;:&quot;0&quot;,&quot;credit&quot;:&quot;&quot;,&quot;camera&quot;:&quot;&quot;,&quot;caption&quot;:&quot;&quot;,&quot;created_timestamp&quot;:&quot;0&quot;,&quot;copyright&quot;:&quot;&quot;,&quot;focal_length&quot;:&quot;0&quot;,&quot;iso&quot;:&quot;0&quot;,&quot;shutter_speed&quot;:&quot;0&quot;,&quot;title&quot;:&quot;&quot;,&quot;orientation&quot;:&quot;0&quot;}\" data-image-title=\"Conf14juin19Lesco\" data-image-description=\"\" data-image-caption=\"\" data-medium-file=\"https:\/\/i0.wp.com\/www.gastonballiot.fr\/wp-content\/uploads\/2019\/06\/Conf14juin19Lesco.jpg?fit=300%2C202&amp;ssl=1\" data-large-file=\"https:\/\/i0.wp.com\/www.gastonballiot.fr\/wp-content\/uploads\/2019\/06\/Conf14juin19Lesco.jpg?fit=564%2C379&amp;ssl=1\" class=\"aligncenter wp-image-6645 size-full\" src=\"https:\/\/i0.wp.com\/www.gastonballiot.fr\/wp-content\/uploads\/2019\/06\/Conf14juin19Lesco.jpg?resize=564%2C379&#038;ssl=1\" alt=\"\" width=\"564\" height=\"379\" srcset=\"https:\/\/i0.wp.com\/www.gastonballiot.fr\/wp-content\/uploads\/2019\/06\/Conf14juin19Lesco.jpg?w=564&amp;ssl=1 564w, https:\/\/i0.wp.com\/www.gastonballiot.fr\/wp-content\/uploads\/2019\/06\/Conf14juin19Lesco.jpg?resize=300%2C202&amp;ssl=1 300w\" sizes=\"auto, (max-width: 564px) 100vw, 564px\" \/><\/p>\n<p>&nbsp;<\/p>\n<p style=\"text-align: center;\"><span style=\"font-size: 14pt;\"><strong>250 personnes pr\u00e9sentes \u00e0 la conf\u00e9rence !<\/strong><\/span><\/p>\n<p style=\"text-align: center;\"><img data-recalc-dims=\"1\" loading=\"lazy\" decoding=\"async\" data-attachment-id=\"6648\" data-permalink=\"https:\/\/www.gastonballiot.fr\/?attachment_id=6648#main\" data-orig-file=\"https:\/\/i0.wp.com\/www.gastonballiot.fr\/wp-content\/uploads\/2019\/06\/Lesconil15juin19_2.jpg?fit=2048%2C1536&amp;ssl=1\" data-orig-size=\"2048,1536\" data-comments-opened=\"1\" data-image-meta=\"{&quot;aperture&quot;:&quot;2&quot;,&quot;credit&quot;:&quot;&quot;,&quot;camera&quot;:&quot;moto g(6) play&quot;,&quot;caption&quot;:&quot;&quot;,&quot;created_timestamp&quot;:&quot;1560536186&quot;,&quot;copyright&quot;:&quot;&quot;,&quot;focal_length&quot;:&quot;3.519&quot;,&quot;iso&quot;:&quot;250&quot;,&quot;shutter_speed&quot;:&quot;0.03030303030303&quot;,&quot;title&quot;:&quot;&quot;,&quot;orientation&quot;:&quot;0&quot;}\" data-image-title=\"Lesconil15juin19_2\" data-image-description=\"\" data-image-caption=\"\" data-medium-file=\"https:\/\/i0.wp.com\/www.gastonballiot.fr\/wp-content\/uploads\/2019\/06\/Lesconil15juin19_2.jpg?fit=300%2C225&amp;ssl=1\" data-large-file=\"https:\/\/i0.wp.com\/www.gastonballiot.fr\/wp-content\/uploads\/2019\/06\/Lesconil15juin19_2.jpg?fit=1024%2C768&amp;ssl=1\" class=\"aligncenter wp-image-6648 size-large\" src=\"https:\/\/i0.wp.com\/www.gastonballiot.fr\/wp-content\/uploads\/2019\/06\/Lesconil15juin19_2.jpg?resize=1024%2C768&#038;ssl=1\" alt=\"\" width=\"1024\" height=\"768\" srcset=\"https:\/\/i0.wp.com\/www.gastonballiot.fr\/wp-content\/uploads\/2019\/06\/Lesconil15juin19_2.jpg?resize=1024%2C768&amp;ssl=1 1024w, https:\/\/i0.wp.com\/www.gastonballiot.fr\/wp-content\/uploads\/2019\/06\/Lesconil15juin19_2.jpg?resize=300%2C225&amp;ssl=1 300w, https:\/\/i0.wp.com\/www.gastonballiot.fr\/wp-content\/uploads\/2019\/06\/Lesconil15juin19_2.jpg?resize=768%2C576&amp;ssl=1 768w, https:\/\/i0.wp.com\/www.gastonballiot.fr\/wp-content\/uploads\/2019\/06\/Lesconil15juin19_2.jpg?resize=600%2C450&amp;ssl=1 600w, https:\/\/i0.wp.com\/www.gastonballiot.fr\/wp-content\/uploads\/2019\/06\/Lesconil15juin19_2.jpg?w=2048&amp;ssl=1 2048w\" sizes=\"auto, (max-width: 1024px) 100vw, 1024px\" \/><\/p>\n<p style=\"text-align: center;\">La soir\u00e9e a \u00e9t\u00e9 film\u00e9e par la f\u00e9d\u00e9ration PCF du Finist\u00e8re<br \/>\n<iframe loading=\"lazy\" src=\"https:\/\/www.youtube.com\/embed\/q_2YlV53lvk\" allowfullscreen=\"allowfullscreen\" width=\"1280\" height=\"720\" frameborder=\"0\"><\/iframe><\/p>\n<p style=\"text-align: center;\"><a href=\"https:\/\/bigouden1944.wordpress.com\" target=\"_blank\" rel=\"noopener noreferrer\"><strong><span style=\"font-size: 14pt;\"><span style=\"font-size: 18pt;\">Le site Internet : www.bigouden1944.wordpress.com<\/span><\/span><\/strong><\/a><\/p>\n<p style=\"text-align: center;\"><span style=\"font-size: 14pt;\"><strong>et un autre site de G.B. sur l&rsquo;histoire locale, <\/strong><\/span><br \/>\n<span style=\"font-size: 14pt;\"><strong><a href=\"https:\/\/sardinieres.wordpress.com\" target=\"_blank\" rel=\"noopener noreferrer\">les luttes des sardini\u00e8res \u00e0 Douarnenez et au Pays Bigouden il y a un si\u00e8cle : www.sardinieres.wordpress.com<\/a><\/strong><\/span><\/p>\n<p><a href=\"https:\/\/i0.wp.com\/www.gastonballiot.fr\/wp-content\/uploads\/2019\/06\/RevoltesSardinieres.jpg?ssl=1\"><img data-recalc-dims=\"1\" loading=\"lazy\" decoding=\"async\" data-attachment-id=\"6654\" data-permalink=\"https:\/\/www.gastonballiot.fr\/?attachment_id=6654#main\" data-orig-file=\"https:\/\/i0.wp.com\/www.gastonballiot.fr\/wp-content\/uploads\/2019\/06\/RevoltesSardinieres.jpg?fit=1620%2C501&amp;ssl=1\" data-orig-size=\"1620,501\" data-comments-opened=\"1\" data-image-meta=\"{&quot;aperture&quot;:&quot;0&quot;,&quot;credit&quot;:&quot;&quot;,&quot;camera&quot;:&quot;&quot;,&quot;caption&quot;:&quot;&quot;,&quot;created_timestamp&quot;:&quot;0&quot;,&quot;copyright&quot;:&quot;&quot;,&quot;focal_length&quot;:&quot;0&quot;,&quot;iso&quot;:&quot;0&quot;,&quot;shutter_speed&quot;:&quot;0&quot;,&quot;title&quot;:&quot;&quot;,&quot;orientation&quot;:&quot;0&quot;}\" data-image-title=\"RevoltesSardinieres\" data-image-description=\"\" data-image-caption=\"\" data-medium-file=\"https:\/\/i0.wp.com\/www.gastonballiot.fr\/wp-content\/uploads\/2019\/06\/RevoltesSardinieres.jpg?fit=300%2C93&amp;ssl=1\" data-large-file=\"https:\/\/i0.wp.com\/www.gastonballiot.fr\/wp-content\/uploads\/2019\/06\/RevoltesSardinieres.jpg?fit=1024%2C317&amp;ssl=1\" class=\"aligncenter wp-image-6654 size-large\" src=\"https:\/\/i0.wp.com\/www.gastonballiot.fr\/wp-content\/uploads\/2019\/06\/RevoltesSardinieres.jpg?resize=1024%2C317&#038;ssl=1\" alt=\"\" width=\"1024\" height=\"317\" srcset=\"https:\/\/i0.wp.com\/www.gastonballiot.fr\/wp-content\/uploads\/2019\/06\/RevoltesSardinieres.jpg?resize=1024%2C317&amp;ssl=1 1024w, https:\/\/i0.wp.com\/www.gastonballiot.fr\/wp-content\/uploads\/2019\/06\/RevoltesSardinieres.jpg?resize=300%2C93&amp;ssl=1 300w, https:\/\/i0.wp.com\/www.gastonballiot.fr\/wp-content\/uploads\/2019\/06\/RevoltesSardinieres.jpg?resize=768%2C238&amp;ssl=1 768w, https:\/\/i0.wp.com\/www.gastonballiot.fr\/wp-content\/uploads\/2019\/06\/RevoltesSardinieres.jpg?resize=600%2C186&amp;ssl=1 600w, https:\/\/i0.wp.com\/www.gastonballiot.fr\/wp-content\/uploads\/2019\/06\/RevoltesSardinieres.jpg?w=1620&amp;ssl=1 1620w\" sizes=\"auto, (max-width: 1024px) 100vw, 1024px\" \/><\/a><\/p>\n<p>&nbsp;<\/p>\n","protected":false},"excerpt":{"rendered":"<p>&nbsp; 250 personnes pr\u00e9sentes \u00e0 la conf\u00e9rence ! La soir\u00e9e a \u00e9t\u00e9 film\u00e9e par la f\u00e9d\u00e9ration PCF du Finist\u00e8re Le site Internet : www.bigouden1944.wordpress.com et un autre site de G.B. sur l&rsquo;histoire locale, les luttes des sardini\u00e8res \u00e0 Douarnenez et au Pays Bigouden il y a un si\u00e8cle : www.sardinieres.wordpress.com &nbsp;<\/p>\n","protected":false},"author":1,"featured_media":0,"comment_status":"open","ping_status":"closed","sticky":false,"template":"","format":"standard","meta":{"ngg_post_thumbnail":0,"jetpack_post_was_ever_published":false,"_jetpack_newsletter_access":"","_jetpack_dont_email_post_to_subs":false,"_jetpack_newsletter_tier_id":0,"_jetpack_memberships_contains_paywalled_content":false,"_jetpack_memberships_contains_paid_content":false,"footnotes":"","jetpack_publicize_message":"","jetpack_publicize_feature_enabled":true,"jetpack_social_post_already_shared":true,"jetpack_social_options":{"image_generator_settings":{"template":"highway","enabled":false},"version":2}},"categories":[2,5,12],"tags":[217,197,439,238,175,347,159],"class_list":["post-6643","post","type-post","status-publish","format-standard","hentry","category-a-la-une","category-democratie","category-paix-desarmement","tag-bigouden","tag-guilvinec","tag-ile-tudy","tag-lechiagat","tag-lesconil","tag-penmarch","tag-resistance","infinite-scroll-item","masonry-post","generate-columns","tablet-grid-50","mobile-grid-100","grid-parent","grid-33"],"jetpack_publicize_connections":[],"yoast_head":"<!-- This site is optimized with the Yoast SEO plugin v27.5 - https:\/\/yoast.com\/product\/yoast-seo-wordpress\/ -->\n<title>Vid\u00e9o - Histoire de la R\u00e9sistance en Pays Bigouden - Conf\u00e9rence du 14 juin 2019 \u00e0 Lesconil - Le blog politique de Gaston<\/title>\n<meta name=\"robots\" content=\"index, follow, max-snippet:-1, max-image-preview:large, max-video-preview:-1\" \/>\n<link rel=\"canonical\" href=\"https:\/\/www.gastonballiot.fr\/?p=6643\" \/>\n<meta property=\"og:locale\" content=\"fr_FR\" \/>\n<meta property=\"og:type\" content=\"article\" \/>\n<meta property=\"og:title\" content=\"Vid\u00e9o - Histoire de la R\u00e9sistance en Pays Bigouden - Conf\u00e9rence du 14 juin 2019 \u00e0 Lesconil - Le blog politique de Gaston\" \/>\n<meta property=\"og:description\" content=\"&nbsp; 250 personnes pr\u00e9sentes \u00e0 la conf\u00e9rence ! La soir\u00e9e a \u00e9t\u00e9 film\u00e9e par la f\u00e9d\u00e9ration PCF du Finist\u00e8re Le site Internet : www.bigouden1944.wordpress.com et un autre site de G.B. sur l&rsquo;histoire locale, les luttes des sardini\u00e8res \u00e0 Douarnenez et au Pays Bigouden il y a un si\u00e8cle : www.sardinieres.wordpress.com &nbsp;\" \/>\n<meta property=\"og:url\" content=\"https:\/\/www.gastonballiot.fr\/?p=6643\" \/>\n<meta property=\"og:site_name\" content=\"Le blog politique de Gaston\" \/>\n<meta property=\"article:publisher\" content=\"https:\/\/www.facebook.com\/gaston.balliot\/\" \/>\n<meta property=\"article:author\" content=\"https:\/\/www.facebook.com\/gaston.balliot\/\" \/>\n<meta property=\"article:published_time\" content=\"2019-06-22T07:56:32+00:00\" \/>\n<meta property=\"article:modified_time\" content=\"2019-06-23T14:07:22+00:00\" \/>\n<meta property=\"og:image\" content=\"https:\/\/www.gastonballiot.fr\/wp-content\/uploads\/2019\/06\/Lesconil15juin19_1.jpg\" \/>\n<meta name=\"author\" content=\"gb\" \/>\n<meta name=\"twitter:card\" content=\"summary_large_image\" \/>\n<meta name=\"twitter:label1\" content=\"\u00c9crit par\" \/>\n\t<meta name=\"twitter:data1\" content=\"gb\" \/>\n<script type=\"application\/ld+json\" class=\"yoast-schema-graph\">{\"@context\":\"https:\\\/\\\/schema.org\",\"@graph\":[{\"@type\":\"Article\",\"@id\":\"https:\\\/\\\/www.gastonballiot.fr\\\/?p=6643#article\",\"isPartOf\":{\"@id\":\"https:\\\/\\\/www.gastonballiot.fr\\\/?p=6643\"},\"author\":{\"name\":\"gb\",\"@id\":\"https:\\\/\\\/www.gastonballiot.fr\\\/#\\\/schema\\\/person\\\/244a5e02696abd8a65c5b1bebdb948ca\"},\"headline\":\"Vid\u00e9o &#8211; Histoire de la R\u00e9sistance en Pays Bigouden &#8211; Conf\u00e9rence du 14 juin 2019 \u00e0 Lesconil\",\"datePublished\":\"2019-06-22T07:56:32+00:00\",\"dateModified\":\"2019-06-23T14:07:22+00:00\",\"mainEntityOfPage\":{\"@id\":\"https:\\\/\\\/www.gastonballiot.fr\\\/?p=6643\"},\"wordCount\":79,\"commentCount\":0,\"publisher\":{\"@id\":\"https:\\\/\\\/www.gastonballiot.fr\\\/#\\\/schema\\\/person\\\/244a5e02696abd8a65c5b1bebdb948ca\"},\"image\":{\"@id\":\"https:\\\/\\\/www.gastonballiot.fr\\\/?p=6643#primaryimage\"},\"thumbnailUrl\":\"https:\\\/\\\/www.gastonballiot.fr\\\/wp-content\\\/uploads\\\/2019\\\/06\\\/Lesconil15juin19_1.jpg\",\"keywords\":[\"bigouden\",\"Guilvinec\",\"Ile Tudy\",\"L\u00e9chiagat\",\"Lesconil\",\"Penmarc'h\",\"r\u00e9sistance\"],\"articleSection\":[\"A la une\",\"D\u00e9mocratie\",\"Paix-D\u00e9sarmement\"],\"inLanguage\":\"fr-FR\",\"potentialAction\":[{\"@type\":\"CommentAction\",\"name\":\"Comment\",\"target\":[\"https:\\\/\\\/www.gastonballiot.fr\\\/?p=6643#respond\"]}]},{\"@type\":\"WebPage\",\"@id\":\"https:\\\/\\\/www.gastonballiot.fr\\\/?p=6643\",\"url\":\"https:\\\/\\\/www.gastonballiot.fr\\\/?p=6643\",\"name\":\"Vid\u00e9o - Histoire de la R\u00e9sistance en Pays Bigouden - Conf\u00e9rence du 14 juin 2019 \u00e0 Lesconil - Le blog politique de Gaston\",\"isPartOf\":{\"@id\":\"https:\\\/\\\/www.gastonballiot.fr\\\/#website\"},\"primaryImageOfPage\":{\"@id\":\"https:\\\/\\\/www.gastonballiot.fr\\\/?p=6643#primaryimage\"},\"image\":{\"@id\":\"https:\\\/\\\/www.gastonballiot.fr\\\/?p=6643#primaryimage\"},\"thumbnailUrl\":\"https:\\\/\\\/www.gastonballiot.fr\\\/wp-content\\\/uploads\\\/2019\\\/06\\\/Lesconil15juin19_1.jpg\",\"datePublished\":\"2019-06-22T07:56:32+00:00\",\"dateModified\":\"2019-06-23T14:07:22+00:00\",\"breadcrumb\":{\"@id\":\"https:\\\/\\\/www.gastonballiot.fr\\\/?p=6643#breadcrumb\"},\"inLanguage\":\"fr-FR\",\"potentialAction\":[{\"@type\":\"ReadAction\",\"target\":[\"https:\\\/\\\/www.gastonballiot.fr\\\/?p=6643\"]}]},{\"@type\":\"ImageObject\",\"inLanguage\":\"fr-FR\",\"@id\":\"https:\\\/\\\/www.gastonballiot.fr\\\/?p=6643#primaryimage\",\"url\":\"https:\\\/\\\/i0.wp.com\\\/www.gastonballiot.fr\\\/wp-content\\\/uploads\\\/2019\\\/06\\\/Lesconil15juin19_1.jpg?fit=886%2C511&ssl=1\",\"contentUrl\":\"https:\\\/\\\/i0.wp.com\\\/www.gastonballiot.fr\\\/wp-content\\\/uploads\\\/2019\\\/06\\\/Lesconil15juin19_1.jpg?fit=886%2C511&ssl=1\",\"width\":886,\"height\":511},{\"@type\":\"BreadcrumbList\",\"@id\":\"https:\\\/\\\/www.gastonballiot.fr\\\/?p=6643#breadcrumb\",\"itemListElement\":[{\"@type\":\"ListItem\",\"position\":1,\"name\":\"Accueil\",\"item\":\"https:\\\/\\\/www.gastonballiot.fr\\\/\"},{\"@type\":\"ListItem\",\"position\":2,\"name\":\"Vid\u00e9o &#8211; Histoire de la R\u00e9sistance en Pays Bigouden &#8211; Conf\u00e9rence du 14 juin 2019 \u00e0 Lesconil\"}]},{\"@type\":\"WebSite\",\"@id\":\"https:\\\/\\\/www.gastonballiot.fr\\\/#website\",\"url\":\"https:\\\/\\\/www.gastonballiot.fr\\\/\",\"name\":\"Le blog politique de Gaston\",\"description\":\"L&#039;humain d&#039;abord, pas la finance !\",\"publisher\":{\"@id\":\"https:\\\/\\\/www.gastonballiot.fr\\\/#\\\/schema\\\/person\\\/244a5e02696abd8a65c5b1bebdb948ca\"},\"potentialAction\":[{\"@type\":\"SearchAction\",\"target\":{\"@type\":\"EntryPoint\",\"urlTemplate\":\"https:\\\/\\\/www.gastonballiot.fr\\\/?s={search_term_string}\"},\"query-input\":{\"@type\":\"PropertyValueSpecification\",\"valueRequired\":true,\"valueName\":\"search_term_string\"}}],\"inLanguage\":\"fr-FR\"},{\"@type\":[\"Person\",\"Organization\"],\"@id\":\"https:\\\/\\\/www.gastonballiot.fr\\\/#\\\/schema\\\/person\\\/244a5e02696abd8a65c5b1bebdb948ca\",\"name\":\"gb\",\"image\":{\"@type\":\"ImageObject\",\"inLanguage\":\"fr-FR\",\"@id\":\"https:\\\/\\\/i0.wp.com\\\/www.gastonballiot.fr\\\/wp-content\\\/uploads\\\/2017\\\/04\\\/cropped-Marianne-drapeau-rouge.gif?fit=512%2C512&ssl=1\",\"url\":\"https:\\\/\\\/i0.wp.com\\\/www.gastonballiot.fr\\\/wp-content\\\/uploads\\\/2017\\\/04\\\/cropped-Marianne-drapeau-rouge.gif?fit=512%2C512&ssl=1\",\"contentUrl\":\"https:\\\/\\\/i0.wp.com\\\/www.gastonballiot.fr\\\/wp-content\\\/uploads\\\/2017\\\/04\\\/cropped-Marianne-drapeau-rouge.gif?fit=512%2C512&ssl=1\",\"width\":512,\"height\":512,\"caption\":\"gb\"},\"logo\":{\"@id\":\"https:\\\/\\\/i0.wp.com\\\/www.gastonballiot.fr\\\/wp-content\\\/uploads\\\/2017\\\/04\\\/cropped-Marianne-drapeau-rouge.gif?fit=512%2C512&ssl=1\"},\"description\":\"Gaston Balliot, militant du Front de Gauche en pays bigouden - Pont L'Abb\u00e9 - Loctudy - Guilvinec - Penmarc'h - Ile Tudy - Combrit Ste Marine - Tr\u00e9meoc - Plon\u00e9our, p\u00eache tourisme\",\"sameAs\":[\"https:\\\/\\\/www.facebook.com\\\/gaston.balliot\\\/\"]}]}<\/script>\n<!-- \/ Yoast SEO plugin. -->","yoast_head_json":{"title":"Vid\u00e9o - Histoire de la R\u00e9sistance en Pays Bigouden - Conf\u00e9rence du 14 juin 2019 \u00e0 Lesconil - Le blog politique de Gaston","robots":{"index":"index","follow":"follow","max-snippet":"max-snippet:-1","max-image-preview":"max-image-preview:large","max-video-preview":"max-video-preview:-1"},"canonical":"https:\/\/www.gastonballiot.fr\/?p=6643","og_locale":"fr_FR","og_type":"article","og_title":"Vid\u00e9o - Histoire de la R\u00e9sistance en Pays Bigouden - Conf\u00e9rence du 14 juin 2019 \u00e0 Lesconil - Le blog politique de Gaston","og_description":"&nbsp; 250 personnes pr\u00e9sentes \u00e0 la conf\u00e9rence ! La soir\u00e9e a \u00e9t\u00e9 film\u00e9e par la f\u00e9d\u00e9ration PCF du Finist\u00e8re Le site Internet : www.bigouden1944.wordpress.com et un autre site de G.B. sur l&rsquo;histoire locale, les luttes des sardini\u00e8res \u00e0 Douarnenez et au Pays Bigouden il y a un si\u00e8cle : www.sardinieres.wordpress.com &nbsp;","og_url":"https:\/\/www.gastonballiot.fr\/?p=6643","og_site_name":"Le blog politique de Gaston","article_publisher":"https:\/\/www.facebook.com\/gaston.balliot\/","article_author":"https:\/\/www.facebook.com\/gaston.balliot\/","article_published_time":"2019-06-22T07:56:32+00:00","article_modified_time":"2019-06-23T14:07:22+00:00","og_image":[{"url":"https:\/\/www.gastonballiot.fr\/wp-content\/uploads\/2019\/06\/Lesconil15juin19_1.jpg","type":"","width":"","height":""}],"author":"gb","twitter_card":"summary_large_image","twitter_misc":{"\u00c9crit par":"gb"},"schema":{"@context":"https:\/\/schema.org","@graph":[{"@type":"Article","@id":"https:\/\/www.gastonballiot.fr\/?p=6643#article","isPartOf":{"@id":"https:\/\/www.gastonballiot.fr\/?p=6643"},"author":{"name":"gb","@id":"https:\/\/www.gastonballiot.fr\/#\/schema\/person\/244a5e02696abd8a65c5b1bebdb948ca"},"headline":"Vid\u00e9o &#8211; Histoire de la R\u00e9sistance en Pays Bigouden &#8211; Conf\u00e9rence du 14 juin 2019 \u00e0 Lesconil","datePublished":"2019-06-22T07:56:32+00:00","dateModified":"2019-06-23T14:07:22+00:00","mainEntityOfPage":{"@id":"https:\/\/www.gastonballiot.fr\/?p=6643"},"wordCount":79,"commentCount":0,"publisher":{"@id":"https:\/\/www.gastonballiot.fr\/#\/schema\/person\/244a5e02696abd8a65c5b1bebdb948ca"},"image":{"@id":"https:\/\/www.gastonballiot.fr\/?p=6643#primaryimage"},"thumbnailUrl":"https:\/\/www.gastonballiot.fr\/wp-content\/uploads\/2019\/06\/Lesconil15juin19_1.jpg","keywords":["bigouden","Guilvinec","Ile Tudy","L\u00e9chiagat","Lesconil","Penmarc'h","r\u00e9sistance"],"articleSection":["A la une","D\u00e9mocratie","Paix-D\u00e9sarmement"],"inLanguage":"fr-FR","potentialAction":[{"@type":"CommentAction","name":"Comment","target":["https:\/\/www.gastonballiot.fr\/?p=6643#respond"]}]},{"@type":"WebPage","@id":"https:\/\/www.gastonballiot.fr\/?p=6643","url":"https:\/\/www.gastonballiot.fr\/?p=6643","name":"Vid\u00e9o - Histoire de la R\u00e9sistance en Pays Bigouden - Conf\u00e9rence du 14 juin 2019 \u00e0 Lesconil - Le blog politique de Gaston","isPartOf":{"@id":"https:\/\/www.gastonballiot.fr\/#website"},"primaryImageOfPage":{"@id":"https:\/\/www.gastonballiot.fr\/?p=6643#primaryimage"},"image":{"@id":"https:\/\/www.gastonballiot.fr\/?p=6643#primaryimage"},"thumbnailUrl":"https:\/\/www.gastonballiot.fr\/wp-content\/uploads\/2019\/06\/Lesconil15juin19_1.jpg","datePublished":"2019-06-22T07:56:32+00:00","dateModified":"2019-06-23T14:07:22+00:00","breadcrumb":{"@id":"https:\/\/www.gastonballiot.fr\/?p=6643#breadcrumb"},"inLanguage":"fr-FR","potentialAction":[{"@type":"ReadAction","target":["https:\/\/www.gastonballiot.fr\/?p=6643"]}]},{"@type":"ImageObject","inLanguage":"fr-FR","@id":"https:\/\/www.gastonballiot.fr\/?p=6643#primaryimage","url":"https:\/\/i0.wp.com\/www.gastonballiot.fr\/wp-content\/uploads\/2019\/06\/Lesconil15juin19_1.jpg?fit=886%2C511&ssl=1","contentUrl":"https:\/\/i0.wp.com\/www.gastonballiot.fr\/wp-content\/uploads\/2019\/06\/Lesconil15juin19_1.jpg?fit=886%2C511&ssl=1","width":886,"height":511},{"@type":"BreadcrumbList","@id":"https:\/\/www.gastonballiot.fr\/?p=6643#breadcrumb","itemListElement":[{"@type":"ListItem","position":1,"name":"Accueil","item":"https:\/\/www.gastonballiot.fr\/"},{"@type":"ListItem","position":2,"name":"Vid\u00e9o &#8211; Histoire de la R\u00e9sistance en Pays Bigouden &#8211; Conf\u00e9rence du 14 juin 2019 \u00e0 Lesconil"}]},{"@type":"WebSite","@id":"https:\/\/www.gastonballiot.fr\/#website","url":"https:\/\/www.gastonballiot.fr\/","name":"Le blog politique de Gaston","description":"L&#039;humain d&#039;abord, pas la finance !","publisher":{"@id":"https:\/\/www.gastonballiot.fr\/#\/schema\/person\/244a5e02696abd8a65c5b1bebdb948ca"},"potentialAction":[{"@type":"SearchAction","target":{"@type":"EntryPoint","urlTemplate":"https:\/\/www.gastonballiot.fr\/?s={search_term_string}"},"query-input":{"@type":"PropertyValueSpecification","valueRequired":true,"valueName":"search_term_string"}}],"inLanguage":"fr-FR"},{"@type":["Person","Organization"],"@id":"https:\/\/www.gastonballiot.fr\/#\/schema\/person\/244a5e02696abd8a65c5b1bebdb948ca","name":"gb","image":{"@type":"ImageObject","inLanguage":"fr-FR","@id":"https:\/\/i0.wp.com\/www.gastonballiot.fr\/wp-content\/uploads\/2017\/04\/cropped-Marianne-drapeau-rouge.gif?fit=512%2C512&ssl=1","url":"https:\/\/i0.wp.com\/www.gastonballiot.fr\/wp-content\/uploads\/2017\/04\/cropped-Marianne-drapeau-rouge.gif?fit=512%2C512&ssl=1","contentUrl":"https:\/\/i0.wp.com\/www.gastonballiot.fr\/wp-content\/uploads\/2017\/04\/cropped-Marianne-drapeau-rouge.gif?fit=512%2C512&ssl=1","width":512,"height":512,"caption":"gb"},"logo":{"@id":"https:\/\/i0.wp.com\/www.gastonballiot.fr\/wp-content\/uploads\/2017\/04\/cropped-Marianne-drapeau-rouge.gif?fit=512%2C512&ssl=1"},"description":"Gaston Balliot, militant du Front de Gauche en pays bigouden - Pont L'Abb\u00e9 - Loctudy - Guilvinec - Penmarc'h - Ile Tudy - Combrit Ste Marine - Tr\u00e9meoc - Plon\u00e9our, p\u00eache tourisme","sameAs":["https:\/\/www.facebook.com\/gaston.balliot\/"]}]}},"jetpack_featured_media_url":"","jetpack_shortlink":"https:\/\/wp.me\/p5UTaD-1J9","jetpack-related-posts":[],"jetpack_likes_enabled":true,"jetpack_sharing_enabled":true,"_links":{"self":[{"href":"https:\/\/www.gastonballiot.fr\/index.php?rest_route=\/wp\/v2\/posts\/6643","targetHints":{"allow":["GET"]}}],"collection":[{"href":"https:\/\/www.gastonballiot.fr\/index.php?rest_route=\/wp\/v2\/posts"}],"about":[{"href":"https:\/\/www.gastonballiot.fr\/index.php?rest_route=\/wp\/v2\/types\/post"}],"author":[{"embeddable":true,"href":"https:\/\/www.gastonballiot.fr\/index.php?rest_route=\/wp\/v2\/users\/1"}],"replies":[{"embeddable":true,"href":"https:\/\/www.gastonballiot.fr\/index.php?rest_route=%2Fwp%2Fv2%2Fcomments&post=6643"}],"version-history":[{"count":0,"href":"https:\/\/www.gastonballiot.fr\/index.php?rest_route=\/wp\/v2\/posts\/6643\/revisions"}],"wp:attachment":[{"href":"https:\/\/www.gastonballiot.fr\/index.php?rest_route=%2Fwp%2Fv2%2Fmedia&parent=6643"}],"wp:term":[{"taxonomy":"category","embeddable":true,"href":"https:\/\/www.gastonballiot.fr\/index.php?rest_route=%2Fwp%2Fv2%2Fcategories&post=6643"},{"taxonomy":"post_tag","embeddable":true,"href":"https:\/\/www.gastonballiot.fr\/index.php?rest_route=%2Fwp%2Fv2%2Ftags&post=6643"}],"curies":[{"name":"wp","href":"https:\/\/api.w.org\/{rel}","templated":true}]}}