{"id":6811,"date":"2019-09-29T11:30:36","date_gmt":"2019-09-29T09:30:36","guid":{"rendered":"https:\/\/www.gastonballiot.fr\/?p=6811"},"modified":"2019-11-30T07:58:32","modified_gmt":"2019-11-30T06:58:32","slug":"revisionnisme-le-deshonneur-du-parlement-europeen","status":"publish","type":"post","link":"https:\/\/www.gastonballiot.fr\/?p=6811","title":{"rendered":"Falsification de l&rsquo;histoire, r\u00e9visionnisme, le d\u00e9shonneur du Parlement europ\u00e9en"},"content":{"rendered":"<div>Sur initiative de l&rsquo;extr\u00eame-droite polonaise, le Parlement europ\u00e9en a adopt\u00e9 le 19 septembre 2019 une r\u00e9solution scandaleuse de r\u00e9\u00e9criture de l&rsquo;histoire.<\/div>\n<div>Il est inqui\u00e9tant de constater le nombre de d\u00e9put\u00e9s europ\u00e9ens s&rsquo;\u00e9tant d\u00e9shonor\u00e9s dans un tel acte indigne, les socialistes et les verts s&rsquo;\u00e9tant joints \u00e0 la droite et l&rsquo;extr\u00eame-droite.<\/div>\n<p><!--more--><\/p>\n<div style=\"text-align: center;\"><span style=\"font-size: 14pt;\"><strong><a href=\"https:\/\/www.gastonballiot.fr\/wp-content\/uploads\/2019\/09\/VotesMemoireeuropeenne19sept19.pdf\" target=\"_blank\" rel=\"noopener noreferrer\">Le d\u00e9tail des votes<\/a><\/strong><\/span><\/div>\n<div>Le vote des d\u00e9put\u00e9s europ\u00e9ens fran\u00e7ais en faveur du n\u00e9gationnisme et de l\u2019anticommunisme est r\u00e9v\u00e9lateur.<\/div>\n<div>\n<p>Gluc<span class=\"text_exposed_show\">ksmann, celui qui voulait regrouper les gauches, a vot\u00e9 comme le RN, les Verts, LREM et la droite. Voici les noms de ceux qui se disent de gauche et qui ont vot\u00e9 l&rsquo;ignominie (personnellement je ne suis pas \u00e9tonn\u00e9 mais en col\u00e8re quand m\u00eame) :<\/span><\/p>\n<div class=\"text_exposed_show\">\n<p>Groupe des Verts\/Alliance libre europ\u00e9enne (EELV et alli\u00e9s)<\/p>\n<p>Gwendoline DELBOS-CORFIELD<br \/>\nBeno\u00eet BITEAU<br \/>\nFran\u00e7ois ALFONSI<\/p>\n<p>Groupe de l\u2019alliance progressiste des socialistes et d\u00e9mocrates (PS, ND,&nbsp; et Place publique)<\/p>\n<p>Pierre LARROUTUROU<br \/>\nAurore LALUCQ<br \/>\nSylvie GUILLAUME<br \/>\nRapha\u00ebl GLUCKSMANN<\/p>\n<figure id=\"attachment_6859\" aria-describedby=\"caption-attachment-6859\" style=\"width: 290px\" class=\"wp-caption alignleft\"><a href=\"https:\/\/i0.wp.com\/www.gastonballiot.fr\/wp-content\/uploads\/2019\/09\/Glucs.jpg?ssl=1\"><img data-recalc-dims=\"1\" loading=\"lazy\" decoding=\"async\" data-attachment-id=\"6859\" data-permalink=\"https:\/\/www.gastonballiot.fr\/?attachment_id=6859#main\" data-orig-file=\"https:\/\/i0.wp.com\/www.gastonballiot.fr\/wp-content\/uploads\/2019\/09\/Glucs.jpg?fit=1200%2C450&amp;ssl=1\" data-orig-size=\"1200,450\" data-comments-opened=\"1\" data-image-meta=\"{&quot;aperture&quot;:&quot;0&quot;,&quot;credit&quot;:&quot;&quot;,&quot;camera&quot;:&quot;&quot;,&quot;caption&quot;:&quot;&quot;,&quot;created_timestamp&quot;:&quot;0&quot;,&quot;copyright&quot;:&quot;&quot;,&quot;focal_length&quot;:&quot;0&quot;,&quot;iso&quot;:&quot;0&quot;,&quot;shutter_speed&quot;:&quot;0&quot;,&quot;title&quot;:&quot;&quot;,&quot;orientation&quot;:&quot;0&quot;}\" data-image-title=\"Glucs\" data-image-description=\"\" data-image-caption=\"\" data-medium-file=\"https:\/\/i0.wp.com\/www.gastonballiot.fr\/wp-content\/uploads\/2019\/09\/Glucs.jpg?fit=300%2C113&amp;ssl=1\" data-large-file=\"https:\/\/i0.wp.com\/www.gastonballiot.fr\/wp-content\/uploads\/2019\/09\/Glucs.jpg?fit=1024%2C384&amp;ssl=1\" class=\"wp-image-6859 size-medium\" src=\"https:\/\/i0.wp.com\/www.gastonballiot.fr\/wp-content\/uploads\/2019\/09\/Glucs.jpg?resize=300%2C113&#038;ssl=1\" alt=\"\" width=\"300\" height=\"113\" srcset=\"https:\/\/i0.wp.com\/www.gastonballiot.fr\/wp-content\/uploads\/2019\/09\/Glucs.jpg?resize=300%2C113&amp;ssl=1 300w, https:\/\/i0.wp.com\/www.gastonballiot.fr\/wp-content\/uploads\/2019\/09\/Glucs.jpg?resize=768%2C288&amp;ssl=1 768w, https:\/\/i0.wp.com\/www.gastonballiot.fr\/wp-content\/uploads\/2019\/09\/Glucs.jpg?resize=1024%2C384&amp;ssl=1 1024w, https:\/\/i0.wp.com\/www.gastonballiot.fr\/wp-content\/uploads\/2019\/09\/Glucs.jpg?resize=600%2C225&amp;ssl=1 600w, https:\/\/i0.wp.com\/www.gastonballiot.fr\/wp-content\/uploads\/2019\/09\/Glucs.jpg?w=1200&amp;ssl=1 1200w\" sizes=\"auto, (max-width: 300px) 100vw, 300px\" \/><\/a><figcaption id=\"caption-attachment-6859\" class=\"wp-caption-text\">tel p\u00e8re, tel fils&#8230;<\/figcaption><\/figure>\n<\/div>\n<\/div>\n<div style=\"text-align: center;\">Honte \u00e0 ceux qui ont vot\u00e9 ce texte r\u00e9visionniste du 19 septembre que les appels et pr\u00e9cisions rassembl\u00e9s ci-dessous donnent \u00e0 voir dans toute son ampleur et sa gravit\u00e9 .<\/div>\n<div>&nbsp;<\/div>\n<div style=\"text-align: center;\"><a href=\"https:\/\/www.agoravox.fr\/actualites\/europe\/article\/indignation-generale-apres-le-vote-218132\" target=\"_blank\" rel=\"noopener noreferrer\"><span style=\"font-size: 14pt;\"><strong>https:\/\/www.agoravox.fr\/actualites\/europe\/article\/indignation-generale-apres-le-vote-218132<\/strong><\/span><\/a><\/div>\n<div>&nbsp;<\/div>\n<h2 style=\"text-align: center;\">L&rsquo;article de Charles Heimberg, historien et didacticien de l\u2019histoire \u00e0 Gen\u00e8ve.<\/h2>\n<div style=\"text-align: center;\"><strong><span style=\"font-size: 14pt;\"><a href=\"https:\/\/www.les-crises.fr\/le-parlement-europeen-manipule-lhistoire-et-la-memoire-par-charles-heimberg\/\" target=\"_blank\" rel=\"noopener noreferrer\">https:\/\/www.les-crises.fr\/le-parlement-europeen-manipule-lhistoire-et-la-memoire-par-charles-heimberg\/<\/a><\/span><\/strong><\/div>\n<div class=\"ob-section ob-section-html\">\n<h2 align=\"center\">L&rsquo;article de Patrick Le Hyaric, directeur du journal L&rsquo;Humanit\u00e9<\/h2>\n<p style=\"text-align: center;\"><a href=\"https:\/\/www.humanite.fr\/revisionnisme-historique-le-deshonneur-du-parlement-europeen-677700\" target=\"_blank\" rel=\"noopener noreferrer\"><span style=\"font-size: 14pt;\"><strong>https:\/\/www.humanite.fr\/revisionnisme-historique-le-deshonneur-du-parlement-europeen-677700<\/strong><\/span><\/a><\/p>\n<p style=\"text-align: center;\"><span style=\"font-size: 14pt;\">et<\/span><\/p>\n<p style=\"text-align: center;\"><span style=\"font-size: 14pt;\"><a href=\"https:\/\/www.gastonballiot.fr\/wp-content\/uploads\/2019\/09\/DECLARATION-ANACR-PARLEMENT-EUROPEEN.pdf\" target=\"_blank\" rel=\"noopener noreferrer\">La d\u00e9claration le l&rsquo;Association des Anciens Combattants ANACR \u00e0 ce sujet le 15 novembre 2019<\/a><\/span><\/p>\n<hr>\n<p>Cette ambiance naus\u00e9abonde qui flotte en Europe en ce moment me fait penser au livre \u00ab\u00a0<strong>R\u00e9cidive 1938<\/strong>\u00a0\u00bb que vient d&rsquo;\u00e9crire <strong>Micha\u00ebl Foessel<\/strong>, philosophe, sp\u00e9cialiste de la philosophie allemande et de la philosophie contemporaine, et professeur \u00e0 l&rsquo;\u00e9cole Polytechnique.<\/p>\n<p><a href=\"https:\/\/i0.wp.com\/www.gastonballiot.fr\/wp-content\/uploads\/2019\/09\/Recidive1938.jpg?ssl=1\"><img data-recalc-dims=\"1\" loading=\"lazy\" decoding=\"async\" data-attachment-id=\"6819\" data-permalink=\"https:\/\/www.gastonballiot.fr\/?attachment_id=6819#main\" data-orig-file=\"https:\/\/i0.wp.com\/www.gastonballiot.fr\/wp-content\/uploads\/2019\/09\/Recidive1938.jpg?fit=526%2C800&amp;ssl=1\" data-orig-size=\"526,800\" data-comments-opened=\"1\" data-image-meta=\"{&quot;aperture&quot;:&quot;0&quot;,&quot;credit&quot;:&quot;&quot;,&quot;camera&quot;:&quot;&quot;,&quot;caption&quot;:&quot;&quot;,&quot;created_timestamp&quot;:&quot;0&quot;,&quot;copyright&quot;:&quot;&quot;,&quot;focal_length&quot;:&quot;0&quot;,&quot;iso&quot;:&quot;0&quot;,&quot;shutter_speed&quot;:&quot;0&quot;,&quot;title&quot;:&quot;&quot;,&quot;orientation&quot;:&quot;0&quot;}\" data-image-title=\"Recidive1938\" data-image-description=\"\" data-image-caption=\"\" data-medium-file=\"https:\/\/i0.wp.com\/www.gastonballiot.fr\/wp-content\/uploads\/2019\/09\/Recidive1938.jpg?fit=197%2C300&amp;ssl=1\" data-large-file=\"https:\/\/i0.wp.com\/www.gastonballiot.fr\/wp-content\/uploads\/2019\/09\/Recidive1938.jpg?fit=526%2C800&amp;ssl=1\" class=\"size-medium wp-image-6819 alignleft\" src=\"https:\/\/i0.wp.com\/www.gastonballiot.fr\/wp-content\/uploads\/2019\/09\/Recidive1938.jpg?resize=197%2C300&#038;ssl=1\" alt=\"\" width=\"197\" height=\"300\" srcset=\"https:\/\/i0.wp.com\/www.gastonballiot.fr\/wp-content\/uploads\/2019\/09\/Recidive1938.jpg?resize=197%2C300&amp;ssl=1 197w, https:\/\/i0.wp.com\/www.gastonballiot.fr\/wp-content\/uploads\/2019\/09\/Recidive1938.jpg?w=526&amp;ssl=1 526w\" sizes=\"auto, (max-width: 197px) 100vw, 197px\" \/><\/a><\/p>\n<p>Tomb\u00e9 presque par hasard sur l&rsquo;ann\u00e9e 1938, un philosophe inquiet du pr\u00e9sent est all\u00e9&nbsp;de surprise en surprise. Au-del\u00e0 de ce qui est bien connu (les accords de Munich et la suppos\u00e9e \u00abfaiblesse des d\u00e9mocraties \u00bb), il a d\u00e9couvert des faits, mais aussi une langue, une logique et des obsessions \u00e9trangement parall\u00e8les \u00e0 ce que nous vivons aujourd&rsquo;hui. L&rsquo;abandon de la politique du Front populaire, une demande insatiable d&rsquo;autorit\u00e9, les appels de plus en plus incantatoires \u00e0 la d\u00e9mocratie contre la mont\u00e9e des nationalismes, une immense fatigue \u00e0 l&rsquo;\u00e9gard du droit et de la justice : l&rsquo;auteur a trouv\u00e9 dans ce pass\u00e9 une image de notre pr\u00e9sent.<br \/>\n<em>R\u00e9cidive<\/em> ne raconte pas l&rsquo;histoire de l&rsquo;avant-guerre. Il n&rsquo;entonne pas non plus le couplet attendu du \u00ab retour des ann\u00e9es 30 \u00bb. Les \u00e9v\u00e9nements ne se r\u00e9p\u00e8tent pas, mais il arrive que la mani\u00e8re de les interpr\u00e9ter traverse la diff\u00e9rence des temps. En ce sens, les d\u00e9faites anciennes de la d\u00e9mocratie peuvent nous renseigner sur les n\u00f4tres. <em>R\u00e9cidive<\/em> est le r\u00e9cit d&rsquo;un trouble : pourquoi 1938 nous \u00e9claire-t-elle tant sur le pr\u00e9sent ?<\/p>\n<\/div>\n<p>&nbsp;<\/p>\n","protected":false},"excerpt":{"rendered":"<p>Sur initiative de l&rsquo;extr\u00eame-droite polonaise, le Parlement europ\u00e9en a adopt\u00e9 le 19 septembre 2019 une r\u00e9solution scandaleuse de r\u00e9\u00e9criture de l&rsquo;histoire. Il est inqui\u00e9tant de constater le nombre de d\u00e9put\u00e9s europ\u00e9ens s&rsquo;\u00e9tant d\u00e9shonor\u00e9s dans un tel acte indigne, les socialistes et les verts s&rsquo;\u00e9tant joints \u00e0 la droite et l&rsquo;extr\u00eame-droite.<\/p>\n","protected":false},"author":1,"featured_media":0,"comment_status":"open","ping_status":"closed","sticky":false,"template":"","format":"standard","meta":{"ngg_post_thumbnail":0,"jetpack_post_was_ever_published":false,"_jetpack_newsletter_access":"","_jetpack_dont_email_post_to_subs":false,"_jetpack_newsletter_tier_id":0,"_jetpack_memberships_contains_paywalled_content":false,"_jetpack_memberships_contains_paid_content":false,"footnotes":"","jetpack_publicize_message":"","jetpack_publicize_feature_enabled":true,"jetpack_social_post_already_shared":false,"jetpack_social_options":{"image_generator_settings":{"template":"highway","enabled":false},"version":2}},"categories":[2,5,8],"tags":[58,71,457,458],"class_list":["post-6811","post","type-post","status-publish","format-standard","hentry","category-a-la-une","category-democratie","category-europe","tag-europe","tag-histoire","tag-nazisme","tag-parlement","infinite-scroll-item","masonry-post","generate-columns","tablet-grid-50","mobile-grid-100","grid-parent","grid-33"],"jetpack_publicize_connections":[],"yoast_head":"<!-- This site is optimized with the Yoast SEO plugin v27.5 - https:\/\/yoast.com\/product\/yoast-seo-wordpress\/ -->\n<title>Falsification de l&#039;histoire, r\u00e9visionnisme, le d\u00e9shonneur du Parlement europ\u00e9en - Le blog politique de Gaston<\/title>\n<meta name=\"robots\" content=\"index, follow, max-snippet:-1, max-image-preview:large, max-video-preview:-1\" \/>\n<link rel=\"canonical\" href=\"https:\/\/www.gastonballiot.fr\/?p=6811\" \/>\n<meta property=\"og:locale\" content=\"fr_FR\" \/>\n<meta property=\"og:type\" content=\"article\" \/>\n<meta property=\"og:title\" content=\"Falsification de l&#039;histoire, r\u00e9visionnisme, le d\u00e9shonneur du Parlement europ\u00e9en - Le blog politique de Gaston\" \/>\n<meta property=\"og:description\" content=\"Sur initiative de l&rsquo;extr\u00eame-droite polonaise, le Parlement europ\u00e9en a adopt\u00e9 le 19 septembre 2019 une r\u00e9solution scandaleuse de r\u00e9\u00e9criture de l&rsquo;histoire. Il est inqui\u00e9tant de constater le nombre de d\u00e9put\u00e9s europ\u00e9ens s&rsquo;\u00e9tant d\u00e9shonor\u00e9s dans un tel acte indigne, les socialistes et les verts s&rsquo;\u00e9tant joints \u00e0 la droite et l&rsquo;extr\u00eame-droite.\" \/>\n<meta property=\"og:url\" content=\"https:\/\/www.gastonballiot.fr\/?p=6811\" \/>\n<meta property=\"og:site_name\" content=\"Le blog politique de Gaston\" \/>\n<meta property=\"article:publisher\" content=\"https:\/\/www.facebook.com\/gaston.balliot\/\" \/>\n<meta property=\"article:author\" content=\"https:\/\/www.facebook.com\/gaston.balliot\/\" \/>\n<meta property=\"article:published_time\" content=\"2019-09-29T09:30:36+00:00\" \/>\n<meta property=\"article:modified_time\" content=\"2019-11-30T06:58:32+00:00\" \/>\n<meta property=\"og:image\" content=\"https:\/\/www.gastonballiot.fr\/wp-content\/uploads\/2019\/09\/Glucs-300x113.jpg\" \/>\n<meta name=\"author\" content=\"gb\" \/>\n<meta name=\"twitter:card\" content=\"summary_large_image\" \/>\n<meta name=\"twitter:label1\" content=\"\u00c9crit par\" \/>\n\t<meta name=\"twitter:data1\" content=\"gb\" \/>\n\t<meta name=\"twitter:label2\" content=\"Dur\u00e9e de lecture estim\u00e9e\" \/>\n\t<meta name=\"twitter:data2\" content=\"3 minutes\" \/>\n<script type=\"application\/ld+json\" class=\"yoast-schema-graph\">{\"@context\":\"https:\\\/\\\/schema.org\",\"@graph\":[{\"@type\":\"Article\",\"@id\":\"https:\\\/\\\/www.gastonballiot.fr\\\/?p=6811#article\",\"isPartOf\":{\"@id\":\"https:\\\/\\\/www.gastonballiot.fr\\\/?p=6811\"},\"author\":{\"name\":\"gb\",\"@id\":\"https:\\\/\\\/www.gastonballiot.fr\\\/#\\\/schema\\\/person\\\/244a5e02696abd8a65c5b1bebdb948ca\"},\"headline\":\"Falsification de l&rsquo;histoire, r\u00e9visionnisme, le d\u00e9shonneur du Parlement europ\u00e9en\",\"datePublished\":\"2019-09-29T09:30:36+00:00\",\"dateModified\":\"2019-11-30T06:58:32+00:00\",\"mainEntityOfPage\":{\"@id\":\"https:\\\/\\\/www.gastonballiot.fr\\\/?p=6811\"},\"wordCount\":540,\"commentCount\":1,\"publisher\":{\"@id\":\"https:\\\/\\\/www.gastonballiot.fr\\\/#\\\/schema\\\/person\\\/244a5e02696abd8a65c5b1bebdb948ca\"},\"image\":{\"@id\":\"https:\\\/\\\/www.gastonballiot.fr\\\/?p=6811#primaryimage\"},\"thumbnailUrl\":\"https:\\\/\\\/www.gastonballiot.fr\\\/wp-content\\\/uploads\\\/2019\\\/09\\\/Glucs-300x113.jpg\",\"keywords\":[\"Europe\",\"histoire\",\"nazisme\",\"parlement\"],\"articleSection\":[\"A la une\",\"D\u00e9mocratie\",\"Europe\"],\"inLanguage\":\"fr-FR\",\"potentialAction\":[{\"@type\":\"CommentAction\",\"name\":\"Comment\",\"target\":[\"https:\\\/\\\/www.gastonballiot.fr\\\/?p=6811#respond\"]}]},{\"@type\":\"WebPage\",\"@id\":\"https:\\\/\\\/www.gastonballiot.fr\\\/?p=6811\",\"url\":\"https:\\\/\\\/www.gastonballiot.fr\\\/?p=6811\",\"name\":\"Falsification de l'histoire, r\u00e9visionnisme, le d\u00e9shonneur du Parlement europ\u00e9en - Le blog politique de Gaston\",\"isPartOf\":{\"@id\":\"https:\\\/\\\/www.gastonballiot.fr\\\/#website\"},\"primaryImageOfPage\":{\"@id\":\"https:\\\/\\\/www.gastonballiot.fr\\\/?p=6811#primaryimage\"},\"image\":{\"@id\":\"https:\\\/\\\/www.gastonballiot.fr\\\/?p=6811#primaryimage\"},\"thumbnailUrl\":\"https:\\\/\\\/www.gastonballiot.fr\\\/wp-content\\\/uploads\\\/2019\\\/09\\\/Glucs-300x113.jpg\",\"datePublished\":\"2019-09-29T09:30:36+00:00\",\"dateModified\":\"2019-11-30T06:58:32+00:00\",\"breadcrumb\":{\"@id\":\"https:\\\/\\\/www.gastonballiot.fr\\\/?p=6811#breadcrumb\"},\"inLanguage\":\"fr-FR\",\"potentialAction\":[{\"@type\":\"ReadAction\",\"target\":[\"https:\\\/\\\/www.gastonballiot.fr\\\/?p=6811\"]}]},{\"@type\":\"ImageObject\",\"inLanguage\":\"fr-FR\",\"@id\":\"https:\\\/\\\/www.gastonballiot.fr\\\/?p=6811#primaryimage\",\"url\":\"https:\\\/\\\/i0.wp.com\\\/www.gastonballiot.fr\\\/wp-content\\\/uploads\\\/2019\\\/09\\\/Glucs.jpg?fit=1200%2C450&ssl=1\",\"contentUrl\":\"https:\\\/\\\/i0.wp.com\\\/www.gastonballiot.fr\\\/wp-content\\\/uploads\\\/2019\\\/09\\\/Glucs.jpg?fit=1200%2C450&ssl=1\",\"width\":1200,\"height\":450},{\"@type\":\"BreadcrumbList\",\"@id\":\"https:\\\/\\\/www.gastonballiot.fr\\\/?p=6811#breadcrumb\",\"itemListElement\":[{\"@type\":\"ListItem\",\"position\":1,\"name\":\"Accueil\",\"item\":\"https:\\\/\\\/www.gastonballiot.fr\\\/\"},{\"@type\":\"ListItem\",\"position\":2,\"name\":\"Falsification de l&#8217;histoire, r\u00e9visionnisme, le d\u00e9shonneur du Parlement europ\u00e9en\"}]},{\"@type\":\"WebSite\",\"@id\":\"https:\\\/\\\/www.gastonballiot.fr\\\/#website\",\"url\":\"https:\\\/\\\/www.gastonballiot.fr\\\/\",\"name\":\"Le blog politique de Gaston\",\"description\":\"L&#039;humain d&#039;abord, pas la finance !\",\"publisher\":{\"@id\":\"https:\\\/\\\/www.gastonballiot.fr\\\/#\\\/schema\\\/person\\\/244a5e02696abd8a65c5b1bebdb948ca\"},\"potentialAction\":[{\"@type\":\"SearchAction\",\"target\":{\"@type\":\"EntryPoint\",\"urlTemplate\":\"https:\\\/\\\/www.gastonballiot.fr\\\/?s={search_term_string}\"},\"query-input\":{\"@type\":\"PropertyValueSpecification\",\"valueRequired\":true,\"valueName\":\"search_term_string\"}}],\"inLanguage\":\"fr-FR\"},{\"@type\":[\"Person\",\"Organization\"],\"@id\":\"https:\\\/\\\/www.gastonballiot.fr\\\/#\\\/schema\\\/person\\\/244a5e02696abd8a65c5b1bebdb948ca\",\"name\":\"gb\",\"image\":{\"@type\":\"ImageObject\",\"inLanguage\":\"fr-FR\",\"@id\":\"https:\\\/\\\/i0.wp.com\\\/www.gastonballiot.fr\\\/wp-content\\\/uploads\\\/2017\\\/04\\\/cropped-Marianne-drapeau-rouge.gif?fit=512%2C512&ssl=1\",\"url\":\"https:\\\/\\\/i0.wp.com\\\/www.gastonballiot.fr\\\/wp-content\\\/uploads\\\/2017\\\/04\\\/cropped-Marianne-drapeau-rouge.gif?fit=512%2C512&ssl=1\",\"contentUrl\":\"https:\\\/\\\/i0.wp.com\\\/www.gastonballiot.fr\\\/wp-content\\\/uploads\\\/2017\\\/04\\\/cropped-Marianne-drapeau-rouge.gif?fit=512%2C512&ssl=1\",\"width\":512,\"height\":512,\"caption\":\"gb\"},\"logo\":{\"@id\":\"https:\\\/\\\/i0.wp.com\\\/www.gastonballiot.fr\\\/wp-content\\\/uploads\\\/2017\\\/04\\\/cropped-Marianne-drapeau-rouge.gif?fit=512%2C512&ssl=1\"},\"description\":\"Gaston Balliot, militant du Front de Gauche en pays bigouden - Pont L'Abb\u00e9 - Loctudy - Guilvinec - Penmarc'h - Ile Tudy - Combrit Ste Marine - Tr\u00e9meoc - Plon\u00e9our, p\u00eache tourisme\",\"sameAs\":[\"https:\\\/\\\/www.facebook.com\\\/gaston.balliot\\\/\"]}]}<\/script>\n<!-- \/ Yoast SEO plugin. -->","yoast_head_json":{"title":"Falsification de l'histoire, r\u00e9visionnisme, le d\u00e9shonneur du Parlement europ\u00e9en - Le blog politique de Gaston","robots":{"index":"index","follow":"follow","max-snippet":"max-snippet:-1","max-image-preview":"max-image-preview:large","max-video-preview":"max-video-preview:-1"},"canonical":"https:\/\/www.gastonballiot.fr\/?p=6811","og_locale":"fr_FR","og_type":"article","og_title":"Falsification de l'histoire, r\u00e9visionnisme, le d\u00e9shonneur du Parlement europ\u00e9en - Le blog politique de Gaston","og_description":"Sur initiative de l&rsquo;extr\u00eame-droite polonaise, le Parlement europ\u00e9en a adopt\u00e9 le 19 septembre 2019 une r\u00e9solution scandaleuse de r\u00e9\u00e9criture de l&rsquo;histoire. Il est inqui\u00e9tant de constater le nombre de d\u00e9put\u00e9s europ\u00e9ens s&rsquo;\u00e9tant d\u00e9shonor\u00e9s dans un tel acte indigne, les socialistes et les verts s&rsquo;\u00e9tant joints \u00e0 la droite et l&rsquo;extr\u00eame-droite.","og_url":"https:\/\/www.gastonballiot.fr\/?p=6811","og_site_name":"Le blog politique de Gaston","article_publisher":"https:\/\/www.facebook.com\/gaston.balliot\/","article_author":"https:\/\/www.facebook.com\/gaston.balliot\/","article_published_time":"2019-09-29T09:30:36+00:00","article_modified_time":"2019-11-30T06:58:32+00:00","og_image":[{"url":"https:\/\/www.gastonballiot.fr\/wp-content\/uploads\/2019\/09\/Glucs-300x113.jpg","type":"","width":"","height":""}],"author":"gb","twitter_card":"summary_large_image","twitter_misc":{"\u00c9crit par":"gb","Dur\u00e9e de lecture estim\u00e9e":"3 minutes"},"schema":{"@context":"https:\/\/schema.org","@graph":[{"@type":"Article","@id":"https:\/\/www.gastonballiot.fr\/?p=6811#article","isPartOf":{"@id":"https:\/\/www.gastonballiot.fr\/?p=6811"},"author":{"name":"gb","@id":"https:\/\/www.gastonballiot.fr\/#\/schema\/person\/244a5e02696abd8a65c5b1bebdb948ca"},"headline":"Falsification de l&rsquo;histoire, r\u00e9visionnisme, le d\u00e9shonneur du Parlement europ\u00e9en","datePublished":"2019-09-29T09:30:36+00:00","dateModified":"2019-11-30T06:58:32+00:00","mainEntityOfPage":{"@id":"https:\/\/www.gastonballiot.fr\/?p=6811"},"wordCount":540,"commentCount":1,"publisher":{"@id":"https:\/\/www.gastonballiot.fr\/#\/schema\/person\/244a5e02696abd8a65c5b1bebdb948ca"},"image":{"@id":"https:\/\/www.gastonballiot.fr\/?p=6811#primaryimage"},"thumbnailUrl":"https:\/\/www.gastonballiot.fr\/wp-content\/uploads\/2019\/09\/Glucs-300x113.jpg","keywords":["Europe","histoire","nazisme","parlement"],"articleSection":["A la une","D\u00e9mocratie","Europe"],"inLanguage":"fr-FR","potentialAction":[{"@type":"CommentAction","name":"Comment","target":["https:\/\/www.gastonballiot.fr\/?p=6811#respond"]}]},{"@type":"WebPage","@id":"https:\/\/www.gastonballiot.fr\/?p=6811","url":"https:\/\/www.gastonballiot.fr\/?p=6811","name":"Falsification de l'histoire, r\u00e9visionnisme, le d\u00e9shonneur du Parlement europ\u00e9en - Le blog politique de Gaston","isPartOf":{"@id":"https:\/\/www.gastonballiot.fr\/#website"},"primaryImageOfPage":{"@id":"https:\/\/www.gastonballiot.fr\/?p=6811#primaryimage"},"image":{"@id":"https:\/\/www.gastonballiot.fr\/?p=6811#primaryimage"},"thumbnailUrl":"https:\/\/www.gastonballiot.fr\/wp-content\/uploads\/2019\/09\/Glucs-300x113.jpg","datePublished":"2019-09-29T09:30:36+00:00","dateModified":"2019-11-30T06:58:32+00:00","breadcrumb":{"@id":"https:\/\/www.gastonballiot.fr\/?p=6811#breadcrumb"},"inLanguage":"fr-FR","potentialAction":[{"@type":"ReadAction","target":["https:\/\/www.gastonballiot.fr\/?p=6811"]}]},{"@type":"ImageObject","inLanguage":"fr-FR","@id":"https:\/\/www.gastonballiot.fr\/?p=6811#primaryimage","url":"https:\/\/i0.wp.com\/www.gastonballiot.fr\/wp-content\/uploads\/2019\/09\/Glucs.jpg?fit=1200%2C450&ssl=1","contentUrl":"https:\/\/i0.wp.com\/www.gastonballiot.fr\/wp-content\/uploads\/2019\/09\/Glucs.jpg?fit=1200%2C450&ssl=1","width":1200,"height":450},{"@type":"BreadcrumbList","@id":"https:\/\/www.gastonballiot.fr\/?p=6811#breadcrumb","itemListElement":[{"@type":"ListItem","position":1,"name":"Accueil","item":"https:\/\/www.gastonballiot.fr\/"},{"@type":"ListItem","position":2,"name":"Falsification de l&#8217;histoire, r\u00e9visionnisme, le d\u00e9shonneur du Parlement europ\u00e9en"}]},{"@type":"WebSite","@id":"https:\/\/www.gastonballiot.fr\/#website","url":"https:\/\/www.gastonballiot.fr\/","name":"Le blog politique de Gaston","description":"L&#039;humain d&#039;abord, pas la finance !","publisher":{"@id":"https:\/\/www.gastonballiot.fr\/#\/schema\/person\/244a5e02696abd8a65c5b1bebdb948ca"},"potentialAction":[{"@type":"SearchAction","target":{"@type":"EntryPoint","urlTemplate":"https:\/\/www.gastonballiot.fr\/?s={search_term_string}"},"query-input":{"@type":"PropertyValueSpecification","valueRequired":true,"valueName":"search_term_string"}}],"inLanguage":"fr-FR"},{"@type":["Person","Organization"],"@id":"https:\/\/www.gastonballiot.fr\/#\/schema\/person\/244a5e02696abd8a65c5b1bebdb948ca","name":"gb","image":{"@type":"ImageObject","inLanguage":"fr-FR","@id":"https:\/\/i0.wp.com\/www.gastonballiot.fr\/wp-content\/uploads\/2017\/04\/cropped-Marianne-drapeau-rouge.gif?fit=512%2C512&ssl=1","url":"https:\/\/i0.wp.com\/www.gastonballiot.fr\/wp-content\/uploads\/2017\/04\/cropped-Marianne-drapeau-rouge.gif?fit=512%2C512&ssl=1","contentUrl":"https:\/\/i0.wp.com\/www.gastonballiot.fr\/wp-content\/uploads\/2017\/04\/cropped-Marianne-drapeau-rouge.gif?fit=512%2C512&ssl=1","width":512,"height":512,"caption":"gb"},"logo":{"@id":"https:\/\/i0.wp.com\/www.gastonballiot.fr\/wp-content\/uploads\/2017\/04\/cropped-Marianne-drapeau-rouge.gif?fit=512%2C512&ssl=1"},"description":"Gaston Balliot, militant du Front de Gauche en pays bigouden - Pont L'Abb\u00e9 - Loctudy - Guilvinec - Penmarc'h - Ile Tudy - Combrit Ste Marine - Tr\u00e9meoc - Plon\u00e9our, p\u00eache tourisme","sameAs":["https:\/\/www.facebook.com\/gaston.balliot\/"]}]}},"jetpack_featured_media_url":"","jetpack_shortlink":"https:\/\/wp.me\/p5UTaD-1LR","jetpack-related-posts":[],"jetpack_likes_enabled":true,"jetpack_sharing_enabled":true,"_links":{"self":[{"href":"https:\/\/www.gastonballiot.fr\/index.php?rest_route=\/wp\/v2\/posts\/6811","targetHints":{"allow":["GET"]}}],"collection":[{"href":"https:\/\/www.gastonballiot.fr\/index.php?rest_route=\/wp\/v2\/posts"}],"about":[{"href":"https:\/\/www.gastonballiot.fr\/index.php?rest_route=\/wp\/v2\/types\/post"}],"author":[{"embeddable":true,"href":"https:\/\/www.gastonballiot.fr\/index.php?rest_route=\/wp\/v2\/users\/1"}],"replies":[{"embeddable":true,"href":"https:\/\/www.gastonballiot.fr\/index.php?rest_route=%2Fwp%2Fv2%2Fcomments&post=6811"}],"version-history":[{"count":0,"href":"https:\/\/www.gastonballiot.fr\/index.php?rest_route=\/wp\/v2\/posts\/6811\/revisions"}],"wp:attachment":[{"href":"https:\/\/www.gastonballiot.fr\/index.php?rest_route=%2Fwp%2Fv2%2Fmedia&parent=6811"}],"wp:term":[{"taxonomy":"category","embeddable":true,"href":"https:\/\/www.gastonballiot.fr\/index.php?rest_route=%2Fwp%2Fv2%2Fcategories&post=6811"},{"taxonomy":"post_tag","embeddable":true,"href":"https:\/\/www.gastonballiot.fr\/index.php?rest_route=%2Fwp%2Fv2%2Ftags&post=6811"}],"curies":[{"name":"wp","href":"https:\/\/api.w.org\/{rel}","templated":true}]}}