{"id":80,"date":"2014-02-09T15:44:00","date_gmt":"2014-02-09T14:44:00","guid":{"rendered":"https:\/\/gastonballiot.wordpress.com\/2014\/02\/09\/social-liberalisme-cela-a-t-il-un-sens"},"modified":"2014-02-09T15:44:00","modified_gmt":"2014-02-09T14:44:00","slug":"social-liberalisme-cela-a-t-il-un-sens","status":"publish","type":"post","link":"https:\/\/www.gastonballiot.fr\/?p=80","title":{"rendered":"\u00ab\u00a0Social-lib\u00e9ralisme\u00a0\u00bb, cela a t-il un sens ?"},"content":{"rendered":"<div class=\"Section1\">\n<div style=\"background:white;line-height:7.95pt;margin:0 0 12pt;\"><span class=\"apple-converted-space\"><b><span style=\"font-family:Verdana;font-size:6pt;\">\u00a0<\/span><\/b><\/span><span class=\"datepublication\"><span style=\"font-family:Verdana;font-size:6pt;\">le<\/span><\/span><span class=\"apple-converted-space\"><span style=\"font-family:Verdana;font-size:6pt;\">\u00a0<\/span><\/span><span class=\"date-display-single\"><span style=\"font-family:Verdana;font-size:6pt;\">31 Janvier 2014 <\/span><\/span><span>l&rsquo;Humanit\u00e9 des d\u00e9bats. <\/span><\/div>\n<h1 align=\"center\" style=\"background:white;text-align:center;margin:0 0 5.9pt;\"><span style=\"font-family:Arial;font-size:16pt;\">\u00ab Social-lib\u00e9ralisme \u00bb, cela a-t-il un sens\u2009? table ronde<\/span><\/h1>\n<div class=\"subtitle\" style=\"background:white;line-height:14.4pt;margin:0;\"><span style=\"font-family:Arial;font-size:11.5pt;\">Gilles Finchelstein, directeur de la Fondation Jean-Jaur\u00e8s. Jacques Fournier, conseil scientifique de la Fondation Res Publica et auteur (1). Pierre Khalfa, copr\u00e9sident de la Fondation Copernic. Alain Obadia, pr\u00e9sident de la Fondation Gabriel-P\u00e9ri. Thierry Pech, directeur g\u00e9n\u00e9ral de la Fondation Terra Nova.<\/span><\/div>\n<div style=\"background:white;line-height:19.2pt;margin:0 0 12pt;\"><strong><span style=\"font-family:Georgia;\">Rappel des faits :\u00a0<\/span><\/strong><strong style=\"line-height:19.2pt;text-align:justify;\"><span style=\"font-family:Georgia;\">Lors de sa conf\u00e9rence de presse du 14 janvier 2014, Fran\u00e7ois Hollande s\u2019est affirm\u00e9 \u00ab social-d\u00e9mocrate \u00bb, pour la premi\u00e8re fois en tant que chef de l\u2019\u00c9tat, tout en rejetant le lib\u00e9ralisme. Beaucoup ont vu un tournant \u00ab social-lib\u00e9ral \u00bb dans les annonces faites&#8230;<\/span><\/strong><\/div>\n<\/div>\n<div class=\"Section2\">\n<div style=\"background:white;line-height:19.2pt;text-align:justify;margin:0 0 12pt;\"><i><span style=\"font-family:Georgia;\">Les propos tenus et les d\u00e9cisions pr\u00e9sent\u00e9es par le pr\u00e9sident de la R\u00e9publique sont largement connot\u00e9s. Les principales r\u00e9ponses \u00e9conomiques inspir\u00e9es du Medef (exon\u00e9rations des cotisations patronales, augmentation de la TVA, r\u00e9duction comp\u00e9titive du co\u00fbt du travail, etc.) sont utilis\u00e9es depuis au moins trois d\u00e9cennies sans que la situation du pays ne s\u2019am\u00e9liore, pire elle s\u2019aggrave. Dans ces conditions, les axes forts du cap politique (\u00e9conomie de l\u2019offre et r\u00e9duction des d\u00e9penses publiques) s\u2019identifient \u00e0 une orientation lib\u00e9rale<\/span><\/i><i><span style=\"font-family:Georgia;\">. <\/span><\/i><i><span style=\"font-family:'MS Mincho';\">\u2028<\/span><\/i><i><span style=\"font-family:Georgia;\">Le terme de social-lib\u00e9ralisme est de plus en plus employ\u00e9 pour qualifier certains partis pris id\u00e9ologiques. Est-ce un nouveau courant d\u2019id\u00e9es ou une adaptation, voire une int\u00e9gration de la social-d\u00e9mocratie au l<\/span><\/i><i><span style=\"font-family:Georgia;\">ib\u00e9ralisme<\/span>\u2009<\/i><i><span style=\"font-family:Georgia;\">? <\/span><\/i><\/p>\n<div style=\"text-align:center;\"><i><span style=\"font-family:Georgia;\"><i style=\"line-height:19.2pt;\"><span style=\"font-family:Georgia;\"><span style=\"font-size:x-small;\">\u00a0 (cliquer sur Plus d&rsquo;infos pour lire la suite) \u00a0 &#8212;- \u00a0<a href=\"https:\/\/drive.google.com\/file\/d\/0B859BA7TljtdOFdkZU5zUElGQXc\/edit?usp=sharing\" target=\"_blank\"> t\u00e9l\u00e9charger le d\u00e9bat en PDF<\/a><\/span><\/span><\/i><\/span><\/i><\/div>\n<\/div>\n<p><a name='more'><\/a><\/div>\n<p><\/p>\n<div class=\"Section3\">\n<div style=\"background:white;line-height:19.2pt;text-align:justify;margin:0 0 12pt;\"><span style=\"font-family:Georgia;\">\u00a0<strong>Lors de sa conf\u00e9rence <\/strong><\/span><strong><span style=\"font-family:'MS Mincho';\">\u2028<\/span><\/strong><strong><span style=\"font-family:Georgia;\">de presse, le pr\u00e9sident de la R\u00e9publique a r\u00e9affirm\u00e9 un positionnement \u00ab<\/span>\u202f<\/strong><strong><span style=\"font-family:Georgia;\">social-d\u00e9mocrate<\/span>\u202f<\/strong><strong><span style=\"font-family:Georgia;\">\u00bb en r\u00e9futant <\/span><\/strong><strong><span style=\"font-family:'MS Mincho';\">\u2028<\/span><\/strong><strong><span style=\"font-family:Georgia;\">toute conversion au lib\u00e9ralisme. Qu\u2019en pensez-vous<\/span>\u2009<\/strong><strong><span style=\"font-family:Georgia;\">?<\/span><\/strong><span style=\"font-family:Georgia;\"><\/span><\/div>\n<div style=\"background:white;line-height:19.2pt;text-align:justify;margin:0 0 12pt;\"><strong><span style=\"font-family:Georgia;\">Gilles Finchelstein<\/span><\/strong><span style=\"font-family:Georgia;\">. Il s\u2019agit, je crois, d\u2019un moment charni\u00e8re non seulement pour le quinquennat mais pour la gauche. Pour le quinquennat<\/span>\u2009<span style=\"font-family:Georgia;\">? Bien des \u00e9l\u00e9ments \u00e9taient certes d\u00e9j\u00e0 pr\u00e9sents avant (la n\u00e9cessit\u00e9 de r\u00e9duire les d\u00e9ficits publics avait \u00e9t\u00e9 affirm\u00e9e par Fran\u00e7ois Hollande d\u00e8s avant les primaires, le pacte d<\/span><span style=\"font-family:Georgia;\">e comp\u00e9titivit\u00e9 avait \u00e9t\u00e9 adopt\u00e9 d\u00e8s l\u2019ann\u00e9e derni\u00e8re). Mais c\u2019est la premi\u00e8re fois que la priorit\u00e9 (\u00ab<\/span>\u202f<span style=\"font-family:Georgia;\">redonner de la force \u00e0 notre \u00e9conomie<\/span>\u202f<span style=\"font-family:Georgia;\">\u00bb) est d\u00e9gag\u00e9e avec une telle nettet\u00e9, un tel calendrier et un tel engagement personnel du pr\u00e9sident de la R\u00e9publiq<\/span><span style=\"font-family:Georgia;\">ue. Il y a davantage encore<\/span>\u2009<span style=\"font-family:Georgia;\">: c\u2019est un moment charni\u00e8re pour la gauche. Si le choix de l\u2019\u00e9conomie sociale de march\u00e9 est maintenant ancien (il a plus de trente ans), c\u2019est en effet la premi\u00e8re fois qu\u2019un pr\u00e9sident de la R\u00e9publique se revendique comme \u00ab<\/span>\u202f<span style=\"font-family:Georgia;\">soci<\/span><span style=\"font-family:Georgia;\">al-d\u00e9mocrate<\/span>\u202f<span style=\"font-family:Georgia;\">\u00bb. L\u2019\u00e9tiquette correspond-elle au contenu<\/span>\u2009<span style=\"font-family:Georgia;\">? Oui<\/span>\u2009<span style=\"font-family:Georgia;\">! Pour se concentrer sur l\u2019essentiel, la social-d\u00e9mocratie, ce sont deux caract\u00e9ristiques majeures. D\u2019un c\u00f4t\u00e9, une m\u00e9thode, la n\u00e9gociation et le compromis social \u2013 telle est bien la voie choisie <\/span><span style=\"font-family:Georgia;\">depuis mai 2012 (le reste est affaire de rapports de forces dans la n\u00e9gociation). D\u2019un autre c\u00f4t\u00e9, une ambition, l\u2019\u00e9galit\u00e9 \u2013 tel reste bien, l\u00e0 aussi, le but poursuivi.<\/span><\/div>\n<div style=\"background:white;line-height:19.2pt;text-align:justify;margin:0 0 12pt;\"><strong><span style=\"font-family:Georgia;\">Jacques Fournier<\/span><\/strong><span style=\"font-family:Georgia;\">. Sur le contenu, l\u2019orientation pr\u00e9sent\u00e9e par Fran\u00e7ois Hollande n\u2019est pas nouvelle. Les mesures annonc\u00e9es \u00e9taient d\u00e9j\u00e0 dans les tuyaux. La baisse des cotisations patronales, pr\u00e9conis\u00e9e par le rapport Gallois, a \u00e9t\u00e9 largement pr\u00e9figur\u00e9e par le cr\u00e9dit d\u2019imp\u00f4t pour la comp\u00e9titivit\u00e9 et l\u2019emploi (Cice). Quant \u00e0 la r\u00e9duction des d\u00e9penses publiques, elle avait \u00e9t\u00e9 \u00e9voqu\u00e9e d\u00e8s la premi\u00e8re conf\u00e9rence de presse, en novembre 2012. C\u2019est l\u2019expression qui est nouvelle. Le pr\u00e9sident s\u2019affirme clairement social-d\u00e9mocrate, ce que l\u2019on savait depuis longtemps mais qu\u2019il n\u2019avait pas encore pris \u00e0 son compte. Le salut \u00e0 la vertu de l\u2019entreprise n\u2019avait jamais rev\u00eatu une pareille intensit\u00e9. L\u2019affichage d\u2019une politique de l\u2019offre est une premi\u00e8re dans le vocabulaire d\u2019un responsable socialiste. Je pense que le pr\u00e9sident est sinc\u00e8re dans son refus de l\u2019\u00e9tiquette lib\u00e9rale. L\u2019id\u00e9e du \u00ab<\/span>\u202f<span style=\"font-family:Georgia;\">pacte de responsabilit\u00e9<\/span>\u202f<span style=\"font-family:Georgia;\">\u00bb s\u2019inscrit dans une perspective sociale-d\u00e9mocrate. Mais la politique de r\u00e9duction des d\u00e9penses publiques pourra-t-elle \u00eatre men\u00e9e au rythme pr\u00e9vu sans remise en cause, en profondeur, de tel ou te<\/span><span style=\"font-family:Georgia;\">l aspect essentiel de notre mod\u00e8le social<\/span>\u2009<span style=\"font-family:Georgia;\">? Si cela devait \u00eatre le cas nous verserions bien dans le lib\u00e9ralisme.<\/span><span style=\"font-family:Georgia;\"><\/span><\/div>\n<div style=\"background:white;line-height:19.2pt;text-align:justify;margin:0 0 12pt;\"><strong><span style=\"font-family:Georgia;\">Pierre Khalfa<\/span><\/strong><span style=\"font-family:Georgia;\">. Les annonces faites \u00e0 cette occasion s\u2019inscrivent, en les aggravant consid\u00e9rablement, dans les orientations mises en \u0153uvre depuis un an. Mais cette conf\u00e9rence de presse constitue n\u00e9anmoins un tournant dans la justification de cette politique. D\u2019un point de vue \u00e9conomique, il s\u2019agit d\u2019une politique de l\u2019offre, expression pudique pour d\u00e9signer une politique favorisant le capital contre le travail. Elle \u00e9tait justifi\u00e9e auparavant au nom du \u00ab<\/span>\u202f<span style=\"font-family:Georgia;\">socialisme de l\u2019offre<\/span>\u202f<span style=\"font-family:Georgia;\">\u00bb, oxymore qui avait pourtant l\u2019int\u00e9r\u00eat politique de faire r\u00e9f\u00e9rence au socialisme, ce qui pouvait laisser supposer une certaine justice sociale. Or Fran\u00e7ois Hollande a fait l<\/span><span style=\"font-family:Georgia;\">e choix de ne faire r\u00e9f\u00e9rence en aucune mani\u00e8re \u00e0 cette expression et s\u2019est ralli\u00e9 sans vergogne aux poncifs de la pens\u00e9e lib\u00e9rale. Ainsi, en affirmant que \u00ab<\/span>\u202f<span style=\"font-family:Georgia;\">l\u2019offre cr\u00e9e m\u00eame sa propre demande<\/span>\u202f<span style=\"font-family:Georgia;\">\u00bb, il reprend une formule de Jean-Baptiste Say, \u00e9conomiste lib<\/span><span style=\"font-family:Georgia;\">\u00e9ral de la fin du XVIIIe<\/span>\u202f<span style=\"font-family:Georgia;\">si\u00e8cle. Plus de deux si\u00e8cles de la pens\u00e9e \u00e9conomique sont ainsi ni\u00e9s, et en particulier les enseignements tir\u00e9s de la crise des ann\u00e9es 1930.<\/span><span style=\"font-family:Georgia;\"><\/span><\/div>\n<div style=\"background:white;line-height:19.2pt;text-align:justify;margin:0 0 12pt;\"><strong><span style=\"font-family:Georgia;\">Alain Obadia<\/span><\/strong><span style=\"font-family:Georgia;\">. Je pense que le pr\u00e9sident de la R\u00e9publique a essay\u00e9 de brouiller les pistes en employant un concept qu\u2019il sait \u00eatre flou pour \u00e9viter de qualifier la r\u00e9alit\u00e9 des mesures qu\u2019il vient de d\u00e9cider. En soulignant qu\u2019il a toujours \u00e9t\u00e9 social-d\u00e9mocrate, il veut banaliser les choix op\u00e9r\u00e9s. Comme si ces derniers \u00e9taient de peu de cons\u00e9quences pour les salari\u00e9s et la population. Pourtant, la politique qu\u2019il poursuit s\u2019inscrit, de facto, dans la doxa lib\u00e9rale<\/span>\u2009<span style=\"font-family:Georgia;\">: baisse du \u00ab<\/span>\u202f<span style=\"font-family:Georgia;\">co\u00fbt<\/span>\u202f<span style=\"font-family:Georgia;\">\u00bb du travail gr\u00e2ce \u00e0 la suppression des cotisations pay\u00e9es par les entreprises pour la branche famille, r\u00e9duction mas<\/span><span style=\"font-family:Georgia;\">sive des d\u00e9penses publiques pour financer ces cadeaux renouvel\u00e9s au capital. Bref, dans la suite du cr\u00e9dit d\u2019imp\u00f4t comp\u00e9titivit\u00e9, un nouveau transfert de richesse du travail vers le capital est pleinement assum\u00e9. Il n\u2019est pas \u00e9tonnant que le Medef applaudisse des deux mains<\/span>\u2009<span style=\"font-family:Georgia;\">! Et cela d\u2019autant plus que les contreparties annonc\u00e9es par le chef de l\u2019\u00c9tat laissent une grande marge de man\u0153uvre aux organisations patronales pour s\u2019en sortir a minima.<\/span><span style=\"font-family:Georgia;\"><\/span><\/div>\n<div style=\"background:white;line-height:19.2pt;text-align:justify;margin:0 0 12pt;\"><strong><span style=\"font-family:Georgia;\">Thierry Pech<\/span><\/strong><span style=\"font-family:Georgia;\">. La social-d\u00e9mocratie est mise \u00e0 toutes les sauces depuis quelques jours. Pour la plupart des journalistes et des observateurs, c\u2019est une mani\u00e8re de d\u00e9signer une position relative sur le nuancier politique<\/span>\u2009<span style=\"font-family:Georgia;\">: un vague synonyme de centre gauche, si l\u2019on pr\u00e9f\u00e8re. En ce sens tr\u00e8s appauvri, le pr\u00e9sident de la R\u00e9<\/span><span style=\"font-family:Georgia;\">publique est bien social-d\u00e9mocrate. Mais on peut avoir une d\u00e9finition un peu plus exigeante de la social-d\u00e9mocratie. Par exemple, par r\u00e9f\u00e9rence aux pays scandinaves ou encore \u00e0 l\u2019Allemagne d\u2019avant le chancelier Schr\u00f6der. Fran\u00e7ois <\/span><span style=\"font-family:'MS Mincho';\">\u2028<\/span><span style=\"font-family:Georgia;\">Hollande est-il social-d\u00e9<\/span><span style=\"font-family:Georgia;\">mocrate en ce sens<\/span>\u2009<span style=\"font-family:Georgia;\">? En partie, oui<\/span>\u2009<span style=\"font-family:Georgia;\">: notamment sur la m\u00e9thode. La volont\u00e9 de passer par le dialogue entre les partenaires <\/span><span style=\"font-family:'MS Mincho';\">\u2028<\/span><span style=\"font-family:Georgia;\">sociaux ou entre l\u2019\u00c9tat et les partenaires sociaux est patente chez lui. Et elle ne date pas de sa r\u00e9cente conf\u00e9rence de presse. Le <\/span><span style=\"font-family:Georgia;\">hollandisme est habit\u00e9 par la qu\u00eate du compromis, ce qui ne va pas toujours de soi dans un pays o\u00f9 la culture politique dominante est encore une culture du conflit.<\/span><\/div>\n<div style=\"background:white;line-height:19.2pt;text-align:justify;margin:0 0 12pt;\"><\/div>\n<div style=\"background:white;line-height:19.2pt;text-align:justify;margin:0 0 12pt;\"><strong><span style=\"font-family:Georgia;\">Pourtant les axes forts du cap politique choisi, dont la droite <\/span><\/strong><strong><span style=\"font-family:'MS Mincho';\">\u2028<\/span><\/strong><strong><span style=\"font-family:Georgia;\">elle-m\u00eame ne conteste pa<\/span><\/strong><strong><span style=\"font-family:Georgia;\">s le bien-fond\u00e9, n\u2019attestent-ils pas d\u2019une seule et m\u00eame orientation mise en \u0153uvre dans tous les pays europ\u00e9ens <\/span><\/strong><strong><span style=\"font-family:'MS Mincho';\">\u2028<\/span><\/strong><strong><span style=\"font-family:Georgia;\">sans r\u00e9sultats positifs pour l\u2019emploi et la croissance<\/span>\u2009<\/strong><strong><span style=\"font-family:Georgia;\">?<\/span><\/strong><span style=\"font-family:Georgia;\"><\/span><\/div>\n<div style=\"background:white;line-height:19.2pt;text-align:justify;margin:0 0 12pt;\"><strong><span style=\"font-family:Georgia;\">Pierre Khalfa<\/span><\/strong><span style=\"font-family:Georgia;\">. Pour moi, il s\u2019agit m\u00eame d\u2019une aggravation de la politique d\u2019aust\u00e9rit\u00e9. Alors que la d\u00e9flation frappe \u00e0 la porte de la zone euro, une telle orientation men\u00e9e dans toute l\u2019Europe est socialement d\u00e9sastreuse et \u00e9conomiquement absurde. Non seulement elle ne peut aboutir au mieux qu\u2019\u00e0 la stagnation \u00e9conomique, mais elle se r\u00e9v\u00e8le m\u00eame inefficace pour tenir ses propres objectifs. Le poids de la dette publique dans le PIB continue d\u2019augmenter car les taux d\u2019int\u00e9r\u00eat r\u00e9els auxquels la France emprunte sur les march\u00e9s, m\u00eame s\u2019ils sont faibles, sont sup\u00e9rieurs au taux de croissance de l\u2019\u00e9conomie. Le d\u00e9ficit public est plus important que pr\u00e9vu car les coupes dans les d\u00e9penses publiques n\u2019ont pas suffi \u00e0 compenser les moindres rentr\u00e9es fiscales dues \u00e0 une croissance en berne, qui r\u00e9sulte elle-m\u00eame de la politique d\u2019aust\u00e9rit\u00e9 actuellement men\u00e9e\u2026 et donc de la baisse des d\u00e9penses publiques.<\/span><\/div>\n<div style=\"background:white;line-height:19.2pt;text-align:justify;margin:0 0 12pt;\"><strong><span style=\"font-family:Georgia;\">Jacques Fournier<\/span><\/strong><span style=\"font-family:Georgia;\">. Nous touchons l\u00e0 \u00e0 la difficult\u00e9 essentielle. Fran\u00e7ois Hollande a accept\u00e9, moyennant quelques assouplissements, de se plier aux contraintes du trait\u00e9 de rigueur budg\u00e9taire qu\u2019il avait promis de ren\u00e9gocier. Ces contraintes sont n\u00e9fastes. Elles conduisent \u00e0 un v\u00e9ritable d\u00e9mant\u00e8lement des garanties sociales dans les pays du sud de l\u2019Europe. La France sera-t-elle capable, dans ce contexte, de mener une politique plus autonome et moins destructrice<\/span>\u2009<span style=\"font-family:Georgia;\">? C\u2019est tout l\u2019enjeu de la p\u00e9riode qui vient. La recherche d\u2019un meilleur emploi des d\u00e9penses publiques est l\u00e9gitime et elle peut conduire \u00e0 leur r\u00e9duction. Mais le rythme impos\u00e9 p<\/span><span style=\"font-family:Georgia;\">our cette op\u00e9ration, le refus d\u2019envisager le moindre effort fiscal et l\u2019insuffisante prise en compte du r\u00f4le que peut jouer la production des services publics dans le d\u00e9veloppement \u00e9conomique me font douter de son efficacit\u00e9.<\/span><\/div>\n<div style=\"background:white;line-height:19.2pt;text-align:justify;margin:0 0 12pt;\"><strong><span style=\"font-family:Georgia;\">Gilles Finchelstein<\/span><\/strong><span style=\"font-family:Georgia;\">. Mais c\u2019est une erreur de penser qu\u2019il n\u2019y a qu\u2019\u00ab<\/span>\u202f<span style=\"font-family:Georgia;\">une seule et m\u00eame politique<\/span>\u202f<span style=\"font-family:Georgia;\">\u00bb dans tous les pays europ\u00e9ens<\/span>\u2009<span style=\"font-family:Georgia;\">! Comme c\u2019est une erreur aussi de croire qu\u2019ils obtiennent tous les m\u00eames r\u00e9sultats<\/span>\u2009<span style=\"font-family:Georgia;\">! Comme c\u2019est une erreur enfin de n\u00e9gliger ce qui se joue dans l\u2019\u00e9conomie<\/span><span style=\"font-family:Georgia;\"> mondiale en dehors de <\/span><span style=\"font-family:'MS Mincho';\">\u2028<\/span><span style=\"font-family:Georgia;\">l\u2019Europe<\/span>\u2009<span style=\"font-family:Georgia;\">! Vouloir inverser la spirale de la dette, ce serait \u00ab<\/span>\u202f<span style=\"font-family:Georgia;\">lib\u00e9ral<\/span>\u202f<span style=\"font-family:Georgia;\">\u00bb<\/span>\u2009<span style=\"font-family:Georgia;\">? Mais qui, \u00e0 gauche, peut se satisfaire de voir toutes les marges de man\u0153uvre publiques absorb\u00e9es, et de plus en plus absorb\u00e9es, par la progression du servic<\/span><span style=\"font-family:Georgia;\">e de la dette<\/span>\u2009<span style=\"font-family:Georgia;\">? Alors, oui, il faut r\u00e9duire les d\u00e9ficits \u2013 m\u00eame si on peut \u00e9videmment d\u00e9battre du rythme. Et si on veut r\u00e9duire les d\u00e9ficits, <\/span><span style=\"font-family:'MS Mincho';\">\u2028<\/span><span style=\"font-family:Georgia;\">on ne peut exclusivement augmenter les imp\u00f4ts \u2013 la gauche n\u2019y a pas manqu\u00e9 depuis 2012\u2026 On doit aussi r\u00e9duire les<\/span><span style=\"font-family:Georgia;\"> d\u00e9penses \u2013 et sans doute m\u00eame repenser l\u2019intervention publique. Et puis, est-ce \u00ab<\/span>\u202f<span style=\"font-family:Georgia;\">lib\u00e9ral<\/span>\u202f<span style=\"font-family:Georgia;\">\u00bb que de lutter pour une meilleure r\u00e9gulation de la finance (avec, qui plus est, des r\u00e9sultats<\/span>\u2009<span style=\"font-family:Georgia;\">: lutte contre l\u2019\u00e9vasion fiscale au niveau mondial, taxe sur les trans<\/span><span style=\"font-family:Georgia;\">actions financi\u00e8res au niveau europ\u00e9en, participation des banques \u00e0 la r\u00e9solution des crises au niveau national)<\/span>\u2009<span style=\"font-family:Georgia;\">? Est-ce \u00ab<\/span>\u202f<span style=\"font-family:Georgia;\">lib\u00e9ral<\/span>\u202f<span style=\"font-family:Georgia;\">\u00bb que de d\u00e9velopper l\u2019intervention publique (encadrement des loyers, cr\u00e9ation d\u2019emplois pour les jeunes non dipl\u00f4m\u00e9s, nouvel<\/span><span style=\"font-family:Georgia;\">les fili\u00e8res industrielles, banque publique d\u2019investissement\u2026)<\/span>\u2009<span style=\"font-family:Georgia;\">? Et enfin est-ce \u00ab<\/span>\u202f<span style=\"font-family:Georgia;\">lib\u00e9ral<\/span>\u202f<span style=\"font-family:Georgia;\">\u00bb que de vouloir redonner de la force \u00e0 notre \u00e9conomie et \u00e0 nos entreprises<\/span>\u2009<span style=\"font-family:Georgia;\">? La droite serait bien mal plac\u00e9e pour donner des le\u00e7ons sur ce sujet compte tenu de la <\/span><span style=\"font-family:Georgia;\">d\u00e9gradation de ces dix derni\u00e8res ann\u00e9es, mais la gauche serait bien mal avis\u00e9e de ne pas se mobiliser derri\u00e8re ce combat sans lequel tout progr\u00e8s social est vain.<\/span><\/div>\n<div style=\"background:white;line-height:19.2pt;text-align:justify;margin:0 0 12pt;\"><strong><span style=\"font-family:Georgia;\">Alain Obadia<\/span><\/strong><span style=\"font-family:Georgia;\">. Il est clair que l\u2019orientation d\u00e9velopp\u00e9e par Fran\u00e7ois Hollande est parfaitement en ligne avec les politiques lib\u00e9rales impuls\u00e9es par la Commission de Bruxelles et le Conseil europ\u00e9en. La ratification en l\u2019\u00e9tat du trait\u00e9 budg\u00e9taire, intervenue au d\u00e9but du quinquennat, r\u00e9duit <\/span><span style=\"font-family:'MS Mincho';\">\u2028<\/span><span style=\"font-family:Georgia;\">encore la capacit\u00e9 de d\u00e9cision du pays. Les dogmes de l\u2019au<\/span><span style=\"font-family:Georgia;\">st\u00e9rit\u00e9 et de la comp\u00e9titivit\u00e9 r\u00e9duite \u00e0 la baisse du \u00ab<\/span>\u202f<span style=\"font-family:Georgia;\">co\u00fbt du travail<\/span>\u202f<span style=\"font-family:Georgia;\">\u00bb \u00e9touffent l\u2019activit\u00e9 et d\u00e9truisent l\u2019emploi. Le ch\u00f4mage reste \u00e0 ses plus hauts niveaux. Le fameux d\u00e9sendettement fonctionne \u00e0 l\u2019envers. Selon le projet de loi de finances, la dette p<\/span><span style=\"font-family:Georgia;\">ublique de la France atteindra 95,1<\/span>\u202f<span style=\"font-family:Georgia;\">% du PIB fin 2014, apr\u00e8s 93,4<\/span>\u202f<span style=\"font-family:Georgia;\">% fin 2013. Rappelons qu\u2019en 2012 elle se montait \u00e0 90,2<\/span>\u202f<span style=\"font-family:Georgia;\">%. Seuls le CAC 40 et les grands groupes financiers se frottent les mains car leurs profits sont insolents. Il est d\u00e9cid\u00e9ment urgent d<\/span><span style=\"font-family:Georgia;\">e changer de cap.<\/span><\/div>\n<div style=\"background:white;line-height:19.2pt;text-align:justify;margin:0 0 12pt;\"><strong><span style=\"font-family:Georgia;\">Thierry Pech<\/span><\/strong><span style=\"font-family:Georgia;\">. Les social-d\u00e9mocraties du nord de l\u2019Europe sont aussi pass\u00e9es par des \u00e9pisodes de r\u00e9duction des d\u00e9penses publiques, parfois m\u00eame de mani\u00e8re tr\u00e8s ambitieuse. Ce fut le cas de la Su\u00e8de, notamment dans les ann\u00e9es 1990. Par ailleurs, le \u00ab<\/span>\u202f<span style=\"font-family:Georgia;\">co\u00fbt du travail<\/span>\u202f<span style=\"font-family:Georgia;\">\u00bb n\u2019explique pas tout, mais c\u2019est tout de m\u00eame l\u2019une des dimensions de la comp\u00e9titivit\u00e9 d\u2019une \u00e9conomie. Dans de nombreux pays \u00e0 forte tradition social-d\u00e9mocrate, le financement des prestations famille et sant\u00e9 repose sur une base<\/span><span style=\"font-family:Georgia;\"> fiscale tr\u00e8s large. Dans le cas fran\u00e7ais, au contraire, notre mod\u00e8le social les fait reposer essentiellement sur les revenus du travail. Cela tend \u00e0 alourdir consid\u00e9rablement le \u00ab<\/span>\u202f<span style=\"font-family:Georgia;\">co\u00fbt du travail<\/span>\u202f<span style=\"font-family:Georgia;\">\u00bb de mani\u00e8re discutable. Ces prestations \u00e9tant de nature un<\/span><span style=\"font-family:Georgia;\">iverselle, il n\u2019y a en effet aucune raison que leur financement repose en priorit\u00e9 sur ces revenus, et tr\u00e8s peu, voire pas du tout sur les autres revenus, par exemple ceux du capital\u2026 C\u2019est pourquoi le fait d\u2019adosser demain le financement des prestations famille \u00e0 une autre source de financement n\u2019a rien d\u2019une ind\u00e9fendable concession au lib\u00e9ralisme<\/span>\u2009<span style=\"font-family:Georgia;\">!<\/span><span style=\"font-family:Georgia;\"><\/span><\/div>\n<div style=\"background:white;line-height:19.2pt;text-align:justify;margin:0 0 12pt;\"><\/div>\n<div style=\"background:white;line-height:19.2pt;text-align:justify;margin:0 0 12pt;\"><strong><span style=\"font-family:Georgia;\">Le terme de social-lib\u00e9ralisme <\/span><\/strong><strong><span style=\"font-family:'MS Mincho';\">\u2028<\/span><\/strong><strong><span style=\"font-family:Georgia;\">est de plus en plus employ\u00e9 <\/span><\/strong><strong><span style=\"font-family:'MS Mincho';\">\u2028<\/span><\/strong><strong><span style=\"font-family:Georgia;\">pour qualifier certaines prises de position politiques et orientations id\u00e9ologiques. Selon vous,<\/span><\/strong><strong><span style=\"font-family:Georgia;\"><\/span><\/strong><strong><span style=\"font-family:'MS Mincho';\">\u2028<\/span><\/strong><strong><span style=\"font-family:Georgia;\">\u00e0 quoi correspond-il<\/span>\u2009<\/strong><strong><span style=\"font-family:Georgia;\">?<\/span><\/strong><span style=\"font-family:Georgia;\"><\/span><\/div>\n<div style=\"background:white;line-height:19.2pt;text-align:justify;margin:0 0 12pt;\"><strong><span style=\"font-family:Georgia;\">Alain Obadia<\/span><\/strong><span style=\"font-family:Georgia;\">. La vogue id\u00e9ologique du social-lib\u00e9ralisme date de la fin des ann\u00e9es 1990. En cette p\u00e9riode, il \u00e9tait consid\u00e9r\u00e9 comme une d\u00e9marche politique nouvelle susceptible de d\u00e9passer un clivage droite-gauche pr\u00e9sent\u00e9 comme obsol\u00e8te. Tony Blair et Gerhard Schroeder en furent les figures de proue. Au plan th\u00e9orique, c\u2019est le sociologue Anthony Giddens qui a conceptualis\u00e9 la d\u00e9marche. Celle-ci est fond\u00e9e sur la conviction que le mode de fonctionnement du capitalisme lib\u00e9ral et globalis\u00e9 ne peut \u00eatre remis en cause. Il serait donc indispensable d\u00e9sormais que les partis se r\u00e9clamant de la social-d\u00e9mocratie acceptent la r\u00e8gle du jeu mais, plus encore, en favorisent la mise en \u0153uvre tout en essayant d\u2019y adjoindre un accompagnement social. La rupture avec la social-d\u00e9mocratie traditionnelle porte principalement sur le r\u00f4le de l\u2019\u00c9tat et des syst\u00e8mes collectifs de protection sociale. Selon Giddens, il faut mettre fin aux \u00ab<\/span>\u202f<span style=\"font-family:Georgia;\">politiques d\u2019assistance<\/span>\u202f<span style=\"font-family:Georgia;\">\u00bb qui d\u00e9courageraient les ch\u00f4meurs de retrouver du travail ou les pauvres de fai<\/span><span style=\"font-family:Georgia;\">re des efforts pour s\u2019en sortir. Il faut renoncer \u00e0 l\u2019interventionnisme de l\u2019\u00c9tat qui d\u00e9couragerait l\u2019initiative. Il faut que les dispositifs sociaux fassent une place essentielle au m\u00e9rite individuel. Bref, il faut d\u00e9velopper le libre march\u00e9 avec un accompagnement social pr\u00e9sum\u00e9, en r\u00e9duire la brutalit\u00e9. Conception hyperr\u00e9ductrice des minima sociaux pour \u00e9viter les \u00ab<\/span>\u202f<span style=\"font-family:Georgia;\">trappes \u00e0 inactivit\u00e9<\/span>\u202f<span style=\"font-family:Georgia;\">\u00bb, flexibilisation des r\u00e8gles d\u2019emploi avec comme contrepartie \u00ab<\/span>\u202f<span style=\"font-family:Georgia;\">l\u2019employabilit\u00e9<\/span>\u202f<span style=\"font-family:Georgia;\">\u00bb suppos\u00e9e permettre aux futurs ch\u00f4meur<\/span><span style=\"font-family:Georgia;\">s de mieux se d\u00e9brouiller sur le march\u00e9 du travail (syst\u00e8me qui a \u00e9t\u00e9 conceptualis\u00e9 sous le vocable de flexis\u00e9curit\u00e9), nous connaissons ces politiques et leurs r\u00e9sultats m\u00eame si en France elles ont \u00e9t\u00e9 ralenties par une plus grande r\u00e9sistance des organisations syndicales. En Allemagne, elles ont en revanche provoqu\u00e9 des cons\u00e9quences massives. Les quatre lois Hartz (2003-2005) du gouvernement de Gerhard Schroeder ont structur\u00e9 dans le pays une soci\u00e9t\u00e9 profond\u00e9ment dualis\u00e9e, avec une partie importante du salariat et de la population soumise \u00e0 une pr\u00e9carit\u00e9 s\u00e9v\u00e8re.<\/span><\/div>\n<div style=\"background:white;line-height:19.2pt;text-align:justify;margin:0 0 12pt;\"><strong><span style=\"font-family:Georgia;\">Thierry Pech<\/span><\/strong><span style=\"font-family:Georgia;\">. Ce terme correspond effectivement aux politiques conduites par Tony Blair en Grande-Bretagne et Gerhard Schr\u0153der en Allemagne. Mais ce qui distingue fortement ces politiques de celle qui se met en place en France aujourd\u2019hui, c\u2019est notamment la place qu\u2019y occupait le workfare, c\u2019est-\u00e0-dire la volont\u00e9 affich\u00e9e par ces gouvernements de pousser les ch\u00f4meurs \u00e0 la reprise d\u2019emploi quitte \u00e0 les culpabiliser et \u00e0 les appauvrir. C\u2019\u00e9tait une tentation forte chez Nicolas Sarkozy. Rien de tel chez Fran\u00e7ois Hollande. Ensuite, ces gouvernements sociaux-lib\u00e9raux \u00e9taient partisans d\u2019une forte flexibilisation du march\u00e9 du travail. Sur ce terrain non plus, Fran\u00e7ois Hollande ne semble pas d\u00e9sireux d\u2019aller au-del\u00e0 de l\u2019accord national interprofessionnel de janvier 2013. En somme, il me semble excessif de qualifier la politique de Fran\u00e7ois Hollande de social-lib\u00e9rale. Pour ne rien dire de la politique conduite par un Tony Blair sur les questions de soci\u00e9t\u00e9, et notamment de la mise en place d\u2019une politique r\u00e9pressive particuli\u00e8rement s\u00e9v\u00e8re en mati\u00e8re de d\u00e9linquance.<\/span><\/div>\n<div style=\"background:white;line-height:19.2pt;text-align:justify;margin:0 0 12pt;\"><strong><span style=\"font-family:Georgia;\">Pierre Khalfa<\/span><\/strong><span style=\"font-family:Georgia;\">. Fran\u00e7ois Hollande s\u2019est r\u00e9clam\u00e9 de la social-d\u00e9mocratie. Selon moi, il s\u2019agit d\u2019un abus de langage. Historiquement, la social-d\u00e9mocratie accepte certes le cadre du capitalisme mais tente de limiter sa logique de d\u00e9veloppement qui vise \u00e0 tout marchandiser et \u00e0 faire de la concurrence la r\u00e8gle ultime de la vie \u00e9conomique et sociale. C\u2019est le d\u00e9veloppement des services publics, de la protection sociale, des droits des salari\u00e9-e-s. La social-d\u00e9mocratie \u00e9tait donc antilib\u00e9rale. Les ann\u00e9es 1980 voient un changement radical d\u2019orientation avec une conversion au social-lib\u00e9ralisme. Ce dernier ne vise pas \u00e0 b\u00e2tir un compromis entre le travail et le capital. Il s\u2019agit au contraire pour lui d\u2019accompagner, voire d\u2019anticiper, les transformations du capitalisme globalis\u00e9. Rappelons pour m\u00e9moire que c\u2019est un gouvernement socialiste, avec Pierre B\u00e9r\u00e9govoy, qui a totalement d\u00e9r\u00e9glement\u00e9 la finance en France. On pourrait multiplier les exemples. Les sociaux-lib\u00e9raux partagent avec les n\u00e9olib\u00e9raux un certain nombre d\u2019id\u00e9es fondamentales comme, par exemple, la croyance en l\u2019efficience des march\u00e9s financiers dont il suffirait d\u2019emp\u00eacher certaines d\u00e9rives, ou la n\u00e9cessaire baisse du co\u00fbt du travail et des d\u00e9penses publiques\u2026 En p\u00e9riode \u00ab<\/span>\u202f<span style=\"font-family:Georgia;\">normale<\/span>\u202f<span style=\"font-family:Georgia;\">\u00bb, ils essayent de pratiquer un am\u00e9nagement social du n\u00e9olib\u00e9ralisme et cherchent \u00e0 en att\u00e9nuer un peu les cons\u00e9quences sans le remettre en cause. En p\u00e9riode de crise, <\/span><span style=\"font-family:Georgia;\">ils appliquent sans h\u00e9siter des politiques d\u2019aust\u00e9rit\u00e9 drastiques, comme dans le cas de la Gr\u00e8ce, de l\u2019Espagne et du Portugal et comme le fait aujourd\u2019hui Fran\u00e7ois Hollande. Le social-lib\u00e9ralisme s\u2019est mu\u00e9 en n\u00e9olib\u00e9ralisme.<\/span><\/div>\n<div style=\"background:white;line-height:19.2pt;text-align:justify;margin:0 0 12pt;\"><strong><span style=\"font-family:Georgia;\">Gilles Finchelstein<\/span><\/strong><span style=\"font-family:Georgia;\">. Ma premi\u00e8re tentation, ce serait de r\u00e9pondre que cela ne correspond \u00e0 rien d\u2019autre qu\u2019\u00e0 un mythe<\/span>\u2009<span style=\"font-family:Georgia;\">! \u00ab<\/span>\u202f<span style=\"font-family:Georgia;\">Social-lib\u00e9ral<\/span>\u202f<span style=\"font-family:Georgia;\">\u00bb, c\u2019est un mot qui vise \u00e0 disqualifier. Pour la droite, c\u2019est le socialisme qu\u2019elle dit aimer \u2013 \u00e0 cela pr\u00e8s qu\u2019elle n\u2019aime les socialistes qu\u2019\u00e9trange<\/span><span style=\"font-family:Georgia;\">rs ou morts\u2026 Pour une partie de la gauche, c\u2019est le socialisme qu\u2019elle n\u2019aime pas \u2013 \u00e0 cela pr\u00e8s que c\u2019est souvent pour elle une autre d\u00e9finition du socialiste qui gouverne et affronte la r\u00e9alit\u00e9 du pouvoir\u2026 Si l\u2019on va au-del\u00e0, je crois que Tony Blair a bien incarn\u00e9 cette forme particuli\u00e8re de socialisme qui se distinguait par une foi dans l\u2019extension sans limites de la concurrence et dans la c\u00e9l\u00e9bration sans mesure de la finance. Selon moi, nous en sommes loin aujourd\u2019hui.<\/span><\/div>\n<div style=\"background:white;line-height:19.2pt;text-align:justify;margin:0 0 12pt;\"><strong><span style=\"font-family:Georgia;\">Jacques Fournier<\/span><\/strong><span style=\"font-family:Georgia;\">. Pour employer un mot \u00e0 la mode je dirai que le terme de lib\u00e9ralisme social est un oxymore. Je vois bien ce qu\u2019est la social-d\u00e9mocratie, expression consacr\u00e9e pour d\u00e9signer une orientation politique respectable dans laquelle le courant socialiste accepte de composer avec les lois du capitalisme en n\u00e9gociant un ensemble de retomb\u00e9es positives pour le monde du travail. Je ne vois pas, en revanche, ce en quoi un social-lib\u00e9ralisme pourrait diff\u00e9rer substantiellement d\u2019un lib\u00e9ralisme pur et simple. Le lib\u00e9ralisme ne devient pas social lorsqu\u2019il est mani\u00e9 par la gauche. Et il restera toujours le contraire du socialisme.<\/span><\/div>\n<div style=\"background:white;line-height:19.2pt;text-align:justify;margin:0 0 12pt;\"><span style=\"font-family:Georgia;font-size:10pt;\">\u00a0(1) Dernier ouvrage paru<\/span><span style=\"font-size:10pt;\">\u2009<\/span><span style=\"font-family:Georgia;font-size:10pt;\">: l\u2019\u00c9conomie des besoins. une nouvelle approche du service public, \u00e9ditions Odile Jacob, 2013.<\/span><span style=\"font-family:Georgia;font-size:10pt;\"><\/span><\/div>\n<div class=\"author\" style=\"background:white;line-height:19.2pt;text-align:justify;margin:8.85pt 0;\"><a href=\"http:\/\/www.humanite.fr\/user\/21817\"><b><span style=\"color:#b9001b;font-family:Arial;font-size:10pt;\">Entretiens crois\u00e9s r\u00e9alis\u00e9s par Pierre Chaillan<\/span><\/b><\/a><\/div>\n<\/div>\n<p><span style=\"font-size:12pt;\"><br style=\"page-break-before:auto;\" \/><\/span> <\/p>\n<div class=\"author\" style=\"background:white;line-height:19.2pt;text-align:justify;margin:8.85pt 0;\"><\/div>\n","protected":false},"excerpt":{"rendered":"<p>\u00a0le\u00a031 Janvier 2014 l&rsquo;Humanit\u00e9 des d\u00e9bats. \u00ab Social-lib\u00e9ralisme \u00bb, cela a-t-il un sens\u2009? table ronde Gilles Finchelstein, directeur de la Fondation Jean-Jaur\u00e8s. Jacques Fournier, conseil scientifique de la Fondation Res Publica et auteur (1). Pierre Khalfa, copr\u00e9sident de la Fondation Copernic. Alain Obadia, pr\u00e9sident de la Fondation Gabriel-P\u00e9ri. Thierry Pech, directeur g\u00e9n\u00e9ral de la Fondation Terra Nova. Rappel des faits :\u00a0Lors de sa conf\u00e9rence de presse du 14 janvier 2014, Fran\u00e7ois Hollande s\u2019est affirm\u00e9 \u00ab social-d\u00e9mocrate \u00bb, pour la premi\u00e8re fois &#8230; <a title=\"\u00ab\u00a0Social-lib\u00e9ralisme\u00a0\u00bb, cela a t-il un sens ?\" class=\"read-more\" href=\"https:\/\/www.gastonballiot.fr\/?p=80\" aria-label=\"Plus sur \u00ab\u00a0Social-lib\u00e9ralisme\u00a0\u00bb, cela a t-il un sens ?\">Lire la suite&#8230;<\/a><\/p>\n","protected":false},"author":1,"featured_media":0,"comment_status":"open","ping_status":"open","sticky":false,"template":"","format":"standard","meta":{"ngg_post_thumbnail":0,"jetpack_post_was_ever_published":false,"_jetpack_newsletter_access":"","_jetpack_dont_email_post_to_subs":false,"_jetpack_newsletter_tier_id":0,"_jetpack_memberships_contains_paywalled_content":false,"_jetpack_memberships_contains_paid_content":false,"footnotes":"","jetpack_publicize_message":"","jetpack_publicize_feature_enabled":true,"jetpack_social_post_already_shared":false,"jetpack_social_options":{"image_generator_settings":{"template":"highway","enabled":false},"version":2}},"categories":[5,16],"tags":[27,48,83,126,129],"class_list":["post-80","post","type-post","status-publish","format-standard","hentry","category-democratie","category-social","tag-alternative","tag-democratie","tag-liberalisme","tag-social","tag-systeme","infinite-scroll-item","masonry-post","generate-columns","tablet-grid-50","mobile-grid-100","grid-parent","grid-33"],"jetpack_publicize_connections":[],"yoast_head":"<!-- This site is optimized with the Yoast SEO plugin v27.5 - https:\/\/yoast.com\/product\/yoast-seo-wordpress\/ -->\n<title>&quot;Social-lib\u00e9ralisme&quot;, cela a t-il un sens ? - Le blog politique de Gaston<\/title>\n<meta name=\"robots\" content=\"index, follow, max-snippet:-1, max-image-preview:large, max-video-preview:-1\" \/>\n<link rel=\"canonical\" href=\"https:\/\/www.gastonballiot.fr\/?p=80\" \/>\n<meta property=\"og:locale\" content=\"fr_FR\" \/>\n<meta property=\"og:type\" content=\"article\" \/>\n<meta property=\"og:title\" content=\"&quot;Social-lib\u00e9ralisme&quot;, cela a t-il un sens ? - Le blog politique de Gaston\" \/>\n<meta property=\"og:description\" content=\"\u00a0le\u00a031 Janvier 2014 l&rsquo;Humanit\u00e9 des d\u00e9bats. \u00ab Social-lib\u00e9ralisme \u00bb, cela a-t-il un sens\u2009? table ronde Gilles Finchelstein, directeur de la Fondation Jean-Jaur\u00e8s. Jacques Fournier, conseil scientifique de la Fondation Res Publica et auteur (1). Pierre Khalfa, copr\u00e9sident de la Fondation Copernic. Alain Obadia, pr\u00e9sident de la Fondation Gabriel-P\u00e9ri. Thierry Pech, directeur g\u00e9n\u00e9ral de la Fondation Terra Nova. Rappel des faits :\u00a0Lors de sa conf\u00e9rence de presse du 14 janvier 2014, Fran\u00e7ois Hollande s\u2019est affirm\u00e9 \u00ab social-d\u00e9mocrate \u00bb, pour la premi\u00e8re fois ... Lire la suite...\" \/>\n<meta property=\"og:url\" content=\"https:\/\/www.gastonballiot.fr\/?p=80\" \/>\n<meta property=\"og:site_name\" content=\"Le blog politique de Gaston\" \/>\n<meta property=\"article:publisher\" content=\"https:\/\/www.facebook.com\/gaston.balliot\/\" \/>\n<meta property=\"article:author\" content=\"https:\/\/www.facebook.com\/gaston.balliot\/\" \/>\n<meta property=\"article:published_time\" content=\"2014-02-09T14:44:00+00:00\" \/>\n<meta name=\"author\" content=\"gb\" \/>\n<meta name=\"twitter:card\" content=\"summary_large_image\" \/>\n<meta name=\"twitter:label1\" content=\"\u00c9crit par\" \/>\n\t<meta name=\"twitter:data1\" content=\"gb\" \/>\n\t<meta name=\"twitter:label2\" content=\"Dur\u00e9e de lecture estim\u00e9e\" \/>\n\t<meta name=\"twitter:data2\" content=\"18 minutes\" \/>\n<script type=\"application\/ld+json\" class=\"yoast-schema-graph\">{\"@context\":\"https:\\\/\\\/schema.org\",\"@graph\":[{\"@type\":\"Article\",\"@id\":\"https:\\\/\\\/www.gastonballiot.fr\\\/?p=80#article\",\"isPartOf\":{\"@id\":\"https:\\\/\\\/www.gastonballiot.fr\\\/?p=80\"},\"author\":{\"name\":\"gb\",\"@id\":\"https:\\\/\\\/www.gastonballiot.fr\\\/#\\\/schema\\\/person\\\/244a5e02696abd8a65c5b1bebdb948ca\"},\"headline\":\"\u00ab\u00a0Social-lib\u00e9ralisme\u00a0\u00bb, cela a t-il un sens ?\",\"datePublished\":\"2014-02-09T14:44:00+00:00\",\"mainEntityOfPage\":{\"@id\":\"https:\\\/\\\/www.gastonballiot.fr\\\/?p=80\"},\"wordCount\":3565,\"commentCount\":0,\"publisher\":{\"@id\":\"https:\\\/\\\/www.gastonballiot.fr\\\/#\\\/schema\\\/person\\\/244a5e02696abd8a65c5b1bebdb948ca\"},\"keywords\":[\"alternative\",\"D\u00e9mocratie\",\"lib\u00e9ralisme\",\"Social\",\"syst\u00e8me\"],\"articleSection\":[\"D\u00e9mocratie\",\"Social\"],\"inLanguage\":\"fr-FR\",\"potentialAction\":[{\"@type\":\"CommentAction\",\"name\":\"Comment\",\"target\":[\"https:\\\/\\\/www.gastonballiot.fr\\\/?p=80#respond\"]}]},{\"@type\":\"WebPage\",\"@id\":\"https:\\\/\\\/www.gastonballiot.fr\\\/?p=80\",\"url\":\"https:\\\/\\\/www.gastonballiot.fr\\\/?p=80\",\"name\":\"\\\"Social-lib\u00e9ralisme\\\", cela a t-il un sens ? - Le blog politique de Gaston\",\"isPartOf\":{\"@id\":\"https:\\\/\\\/www.gastonballiot.fr\\\/#website\"},\"datePublished\":\"2014-02-09T14:44:00+00:00\",\"breadcrumb\":{\"@id\":\"https:\\\/\\\/www.gastonballiot.fr\\\/?p=80#breadcrumb\"},\"inLanguage\":\"fr-FR\",\"potentialAction\":[{\"@type\":\"ReadAction\",\"target\":[\"https:\\\/\\\/www.gastonballiot.fr\\\/?p=80\"]}]},{\"@type\":\"BreadcrumbList\",\"@id\":\"https:\\\/\\\/www.gastonballiot.fr\\\/?p=80#breadcrumb\",\"itemListElement\":[{\"@type\":\"ListItem\",\"position\":1,\"name\":\"Accueil\",\"item\":\"https:\\\/\\\/www.gastonballiot.fr\\\/\"},{\"@type\":\"ListItem\",\"position\":2,\"name\":\"&#8220;Social-lib\u00e9ralisme&#8221;, cela a t-il un sens ?\"}]},{\"@type\":\"WebSite\",\"@id\":\"https:\\\/\\\/www.gastonballiot.fr\\\/#website\",\"url\":\"https:\\\/\\\/www.gastonballiot.fr\\\/\",\"name\":\"Le blog politique de Gaston\",\"description\":\"L&#039;humain d&#039;abord, pas la finance !\",\"publisher\":{\"@id\":\"https:\\\/\\\/www.gastonballiot.fr\\\/#\\\/schema\\\/person\\\/244a5e02696abd8a65c5b1bebdb948ca\"},\"potentialAction\":[{\"@type\":\"SearchAction\",\"target\":{\"@type\":\"EntryPoint\",\"urlTemplate\":\"https:\\\/\\\/www.gastonballiot.fr\\\/?s={search_term_string}\"},\"query-input\":{\"@type\":\"PropertyValueSpecification\",\"valueRequired\":true,\"valueName\":\"search_term_string\"}}],\"inLanguage\":\"fr-FR\"},{\"@type\":[\"Person\",\"Organization\"],\"@id\":\"https:\\\/\\\/www.gastonballiot.fr\\\/#\\\/schema\\\/person\\\/244a5e02696abd8a65c5b1bebdb948ca\",\"name\":\"gb\",\"image\":{\"@type\":\"ImageObject\",\"inLanguage\":\"fr-FR\",\"@id\":\"https:\\\/\\\/i0.wp.com\\\/www.gastonballiot.fr\\\/wp-content\\\/uploads\\\/2017\\\/04\\\/cropped-Marianne-drapeau-rouge.gif?fit=512%2C512&ssl=1\",\"url\":\"https:\\\/\\\/i0.wp.com\\\/www.gastonballiot.fr\\\/wp-content\\\/uploads\\\/2017\\\/04\\\/cropped-Marianne-drapeau-rouge.gif?fit=512%2C512&ssl=1\",\"contentUrl\":\"https:\\\/\\\/i0.wp.com\\\/www.gastonballiot.fr\\\/wp-content\\\/uploads\\\/2017\\\/04\\\/cropped-Marianne-drapeau-rouge.gif?fit=512%2C512&ssl=1\",\"width\":512,\"height\":512,\"caption\":\"gb\"},\"logo\":{\"@id\":\"https:\\\/\\\/i0.wp.com\\\/www.gastonballiot.fr\\\/wp-content\\\/uploads\\\/2017\\\/04\\\/cropped-Marianne-drapeau-rouge.gif?fit=512%2C512&ssl=1\"},\"description\":\"Gaston Balliot, militant du Front de Gauche en pays bigouden - Pont L'Abb\u00e9 - Loctudy - Guilvinec - Penmarc'h - Ile Tudy - Combrit Ste Marine - Tr\u00e9meoc - Plon\u00e9our, p\u00eache tourisme\",\"sameAs\":[\"https:\\\/\\\/www.facebook.com\\\/gaston.balliot\\\/\"]}]}<\/script>\n<!-- \/ Yoast SEO plugin. -->","yoast_head_json":{"title":"\"Social-lib\u00e9ralisme\", cela a t-il un sens ? - Le blog politique de Gaston","robots":{"index":"index","follow":"follow","max-snippet":"max-snippet:-1","max-image-preview":"max-image-preview:large","max-video-preview":"max-video-preview:-1"},"canonical":"https:\/\/www.gastonballiot.fr\/?p=80","og_locale":"fr_FR","og_type":"article","og_title":"\"Social-lib\u00e9ralisme\", cela a t-il un sens ? - Le blog politique de Gaston","og_description":"\u00a0le\u00a031 Janvier 2014 l&rsquo;Humanit\u00e9 des d\u00e9bats. \u00ab Social-lib\u00e9ralisme \u00bb, cela a-t-il un sens\u2009? table ronde Gilles Finchelstein, directeur de la Fondation Jean-Jaur\u00e8s. Jacques Fournier, conseil scientifique de la Fondation Res Publica et auteur (1). Pierre Khalfa, copr\u00e9sident de la Fondation Copernic. Alain Obadia, pr\u00e9sident de la Fondation Gabriel-P\u00e9ri. Thierry Pech, directeur g\u00e9n\u00e9ral de la Fondation Terra Nova. Rappel des faits :\u00a0Lors de sa conf\u00e9rence de presse du 14 janvier 2014, Fran\u00e7ois Hollande s\u2019est affirm\u00e9 \u00ab social-d\u00e9mocrate \u00bb, pour la premi\u00e8re fois ... Lire la suite...","og_url":"https:\/\/www.gastonballiot.fr\/?p=80","og_site_name":"Le blog politique de Gaston","article_publisher":"https:\/\/www.facebook.com\/gaston.balliot\/","article_author":"https:\/\/www.facebook.com\/gaston.balliot\/","article_published_time":"2014-02-09T14:44:00+00:00","author":"gb","twitter_card":"summary_large_image","twitter_misc":{"\u00c9crit par":"gb","Dur\u00e9e de lecture estim\u00e9e":"18 minutes"},"schema":{"@context":"https:\/\/schema.org","@graph":[{"@type":"Article","@id":"https:\/\/www.gastonballiot.fr\/?p=80#article","isPartOf":{"@id":"https:\/\/www.gastonballiot.fr\/?p=80"},"author":{"name":"gb","@id":"https:\/\/www.gastonballiot.fr\/#\/schema\/person\/244a5e02696abd8a65c5b1bebdb948ca"},"headline":"\u00ab\u00a0Social-lib\u00e9ralisme\u00a0\u00bb, cela a t-il un sens ?","datePublished":"2014-02-09T14:44:00+00:00","mainEntityOfPage":{"@id":"https:\/\/www.gastonballiot.fr\/?p=80"},"wordCount":3565,"commentCount":0,"publisher":{"@id":"https:\/\/www.gastonballiot.fr\/#\/schema\/person\/244a5e02696abd8a65c5b1bebdb948ca"},"keywords":["alternative","D\u00e9mocratie","lib\u00e9ralisme","Social","syst\u00e8me"],"articleSection":["D\u00e9mocratie","Social"],"inLanguage":"fr-FR","potentialAction":[{"@type":"CommentAction","name":"Comment","target":["https:\/\/www.gastonballiot.fr\/?p=80#respond"]}]},{"@type":"WebPage","@id":"https:\/\/www.gastonballiot.fr\/?p=80","url":"https:\/\/www.gastonballiot.fr\/?p=80","name":"\"Social-lib\u00e9ralisme\", cela a t-il un sens ? - Le blog politique de Gaston","isPartOf":{"@id":"https:\/\/www.gastonballiot.fr\/#website"},"datePublished":"2014-02-09T14:44:00+00:00","breadcrumb":{"@id":"https:\/\/www.gastonballiot.fr\/?p=80#breadcrumb"},"inLanguage":"fr-FR","potentialAction":[{"@type":"ReadAction","target":["https:\/\/www.gastonballiot.fr\/?p=80"]}]},{"@type":"BreadcrumbList","@id":"https:\/\/www.gastonballiot.fr\/?p=80#breadcrumb","itemListElement":[{"@type":"ListItem","position":1,"name":"Accueil","item":"https:\/\/www.gastonballiot.fr\/"},{"@type":"ListItem","position":2,"name":"&#8220;Social-lib\u00e9ralisme&#8221;, cela a t-il un sens ?"}]},{"@type":"WebSite","@id":"https:\/\/www.gastonballiot.fr\/#website","url":"https:\/\/www.gastonballiot.fr\/","name":"Le blog politique de Gaston","description":"L&#039;humain d&#039;abord, pas la finance !","publisher":{"@id":"https:\/\/www.gastonballiot.fr\/#\/schema\/person\/244a5e02696abd8a65c5b1bebdb948ca"},"potentialAction":[{"@type":"SearchAction","target":{"@type":"EntryPoint","urlTemplate":"https:\/\/www.gastonballiot.fr\/?s={search_term_string}"},"query-input":{"@type":"PropertyValueSpecification","valueRequired":true,"valueName":"search_term_string"}}],"inLanguage":"fr-FR"},{"@type":["Person","Organization"],"@id":"https:\/\/www.gastonballiot.fr\/#\/schema\/person\/244a5e02696abd8a65c5b1bebdb948ca","name":"gb","image":{"@type":"ImageObject","inLanguage":"fr-FR","@id":"https:\/\/i0.wp.com\/www.gastonballiot.fr\/wp-content\/uploads\/2017\/04\/cropped-Marianne-drapeau-rouge.gif?fit=512%2C512&ssl=1","url":"https:\/\/i0.wp.com\/www.gastonballiot.fr\/wp-content\/uploads\/2017\/04\/cropped-Marianne-drapeau-rouge.gif?fit=512%2C512&ssl=1","contentUrl":"https:\/\/i0.wp.com\/www.gastonballiot.fr\/wp-content\/uploads\/2017\/04\/cropped-Marianne-drapeau-rouge.gif?fit=512%2C512&ssl=1","width":512,"height":512,"caption":"gb"},"logo":{"@id":"https:\/\/i0.wp.com\/www.gastonballiot.fr\/wp-content\/uploads\/2017\/04\/cropped-Marianne-drapeau-rouge.gif?fit=512%2C512&ssl=1"},"description":"Gaston Balliot, militant du Front de Gauche en pays bigouden - Pont L'Abb\u00e9 - Loctudy - Guilvinec - Penmarc'h - Ile Tudy - Combrit Ste Marine - Tr\u00e9meoc - Plon\u00e9our, p\u00eache tourisme","sameAs":["https:\/\/www.facebook.com\/gaston.balliot\/"]}]}},"jetpack_featured_media_url":"","jetpack_shortlink":"https:\/\/wp.me\/p5UTaD-1i","jetpack-related-posts":[],"jetpack_likes_enabled":true,"jetpack_sharing_enabled":true,"_links":{"self":[{"href":"https:\/\/www.gastonballiot.fr\/index.php?rest_route=\/wp\/v2\/posts\/80","targetHints":{"allow":["GET"]}}],"collection":[{"href":"https:\/\/www.gastonballiot.fr\/index.php?rest_route=\/wp\/v2\/posts"}],"about":[{"href":"https:\/\/www.gastonballiot.fr\/index.php?rest_route=\/wp\/v2\/types\/post"}],"author":[{"embeddable":true,"href":"https:\/\/www.gastonballiot.fr\/index.php?rest_route=\/wp\/v2\/users\/1"}],"replies":[{"embeddable":true,"href":"https:\/\/www.gastonballiot.fr\/index.php?rest_route=%2Fwp%2Fv2%2Fcomments&post=80"}],"version-history":[{"count":0,"href":"https:\/\/www.gastonballiot.fr\/index.php?rest_route=\/wp\/v2\/posts\/80\/revisions"}],"wp:attachment":[{"href":"https:\/\/www.gastonballiot.fr\/index.php?rest_route=%2Fwp%2Fv2%2Fmedia&parent=80"}],"wp:term":[{"taxonomy":"category","embeddable":true,"href":"https:\/\/www.gastonballiot.fr\/index.php?rest_route=%2Fwp%2Fv2%2Fcategories&post=80"},{"taxonomy":"post_tag","embeddable":true,"href":"https:\/\/www.gastonballiot.fr\/index.php?rest_route=%2Fwp%2Fv2%2Ftags&post=80"}],"curies":[{"name":"wp","href":"https:\/\/api.w.org\/{rel}","templated":true}]}}