{"id":8219,"date":"2020-03-27T17:51:31","date_gmt":"2020-03-27T16:51:31","guid":{"rendered":"https:\/\/www.gastonballiot.fr\/?p=8219"},"modified":"2020-03-28T12:53:31","modified_gmt":"2020-03-28T11:53:31","slug":"plus-jamais-ca-preparons-le-jour-dapres","status":"publish","type":"post","link":"https:\/\/www.gastonballiot.fr\/?p=8219","title":{"rendered":"Plus jamais \u00e7a ! Pr\u00e9parons le jour d&rsquo;apr\u00e8s.."},"content":{"rendered":"<h3 style=\"text-align: center;\">Quelques publications compl\u00e9tement d&rsquo;actualit\u00e9 : la bataille des jours d&rsquo;apr\u00e8s commence maintenant.<br \/>\nS&rsquo;en sortir d&rsquo;abord, mais aussi en tirer des le\u00e7ons.<\/h3>\n<h3><a href=\"https:\/\/www.gastonballiot.fr\/wp-content\/uploads\/2020\/03\/Les-confine\u0301s-et-les-somnambules.pdf\" target=\"_blank\" rel=\"noopener noreferrer\"><strong>1 &#8211; Les confin\u00e9s et les somnambules. Anticiper la refondation politique d\u2019apr\u00e8s-coronavirus, par Serge Le Qu\u00e9au: membre de Solidaires et Attac&nbsp;<\/strong><\/a><\/h3>\n<h3><a href=\"https:\/\/www.gastonballiot.fr\/wp-content\/uploads\/2020\/03\/Fabien-Roussel.pdf\" target=\"_blank\" rel=\"noopener noreferrer\"><strong>2 &#8211; La bataille des jours d&rsquo;apr\u00e8s commence maintenant, par Fabien Roussel<\/strong><\/a><\/h3>\n<h3><strong><a href=\"https:\/\/www.francetvinfo.fr\/sante\/maladie\/coronavirus\/tribune-plus-jamais-ca-18responsables-d-organisations-syndicales-associatives-et-environnementales-appellent-a-preparer-le-jour-dapres_3886345.html\" target=\"_blank\" rel=\"noopener noreferrer\">3 -Appel. \u00ab\u00a0Plus jamais \u00e7a ! Pr\u00e9parons le jour d&rsquo;apr\u00e8s\u00a0\u00bb<\/a><\/strong><\/h3>\n<p class=\"p1\" style=\"padding-left: 40px;\"><em>18&nbsp;responsables d&rsquo;organisations syndicales, associatives et environnementales parmi lesquels Philippe Martinez (CGT), Aur\u00e9lie Trouv\u00e9 (Attac), Jean-Fran\u00e7ois&nbsp;Julliard (Greenpeace) et C\u00e9cile Duflot (Oxfam), signent une tribune commune publi\u00e9e,&nbsp;vendredi 27 mars, sur franceinfo.<\/em><\/p>\n<p class=\"p1\" style=\"padding-left: 40px;\"><em>Ces organisations lancent un appel \u00ab\u00a0\u00e0 toutes les forces progressistes et humanistes [&#8230;] pour reconstruire ensemble un futur, \u00e9cologique, f\u00e9ministe et social, en rupture avec les politiques men\u00e9es jusque-l\u00e0 et le d\u00e9sordre n\u00e9olib\u00e9ral\u00a0\u00bb.<\/em><\/p>\n<p style=\"padding-left: 40px;\">Khaled Gaiji, pr\u00e9sident des Amis de la Terre France<br \/>\nAur\u00e9lie Trouv\u00e9, porte-parole d&rsquo;Attac France<br \/>\nPhilippe Martinez, secr\u00e9taire g\u00e9n\u00e9ral de la CGT<br \/>\nNicolas Girod, porte-parole de la Conf\u00e9d\u00e9ration paysanne<br \/>\nBenoit Teste, secr\u00e9taire g\u00e9n\u00e9ral de la FSU<br \/>\nJean-Fran\u00e7ois Julliard, directeur g\u00e9n\u00e9ral de Greenpeace France<br \/>\nC\u00e9cile Duflot, directrice g\u00e9n\u00e9rale d&rsquo;Oxfam France<br \/>\nEric Beynel, porte-parole de l&rsquo;Union syndicale Solidaires<br \/>\nCl\u00e9mence Dubois, responsable France de 350.org<br \/>\nPauline Boyer, porte-parole d&rsquo;Action Non-Violente COP21<br \/>\nL\u00e9a Vavasseur, porte-parole d&rsquo;Alternatiba<br \/>\nSylvie Bukhari-de Pontual, pr\u00e9sidente du CCFD-Terre Solidaire<br \/>\nJean-Baptiste Eyraud, porte-parole de Droit au Logement<br \/>\nLisa Badet, vice-pr\u00e9sidente de la FIDL, Le syndicat lyc\u00e9en<br \/>\nJeanette Habel, co-pr\u00e9sidente de la Fondation Copernic<br \/>\nKatia Dubreuil, pr\u00e9sidente du Syndicat de la magistrature<br \/>\nM\u00e9lanie Luce, pr\u00e9sidente de l&rsquo;UNEF<br \/>\nH\u00e9lo\u00efse Moreau, pr\u00e9sidente de l&rsquo;UNL<\/p>\n<h3><strong><a href=\"https:\/\/www.gastonballiot.fr\/wp-content\/uploads\/2020\/03\/Le-virus-ronge-aussi.pdf\" target=\"_blank\" rel=\"noopener noreferrer\">4 &#8211; Le virus ronge aussi&#8230; les dogmes capitalistes, par Patrick Le Hyaric<\/a><\/strong><\/h3>\n<p style=\"padding-left: 40px;\">La pand\u00e9mie met \u00e0 nu le syst\u00e8me pr\u00e9dateur..<\/p>\n<h3><strong><a href=\"https:\/\/www.rtbf.be\/lapremiere\/emissions\/detail_dans-quel-monde-on-vit\/accueil\/article_cynthia-fleury-apres-la-crise-du-coronavirus-il-faudra-combattre-ceux-qui-vous-diront-qu-il-faudra-continuer-comme-avant?id=10467447&amp;programId=8524&amp;utm_source=lapremiere&amp;ut\" target=\"_blank\" rel=\"noopener noreferrer\">5 &#8211; Cynthia Fleury : \u00ab\u00a0Apr\u00e8s la crise du coronavirus, il faudra combattre ceux qui vous diront qu&rsquo;il faudra continuer comme avant\u00a0\u00bb<\/a><\/strong><\/h3>\n<p style=\"padding-left: 40px;\">Pour la philosophe belge c\u2019est une question de lutte, il s\u2019agit de refuser de trouver normal ce qu\u2019on nous pr\u00e9sente comme normal. \u00a0\u00bb Je suis devenue politique car je ne peux pas accepter que ceux qui nous gouvernent mentent aussi effront\u00e9ment et impun\u00e9ment. Il faut faire cesser cette situation d\u2019impunit\u00e9. Il faut que cela devienne une culture de \u00a0\u00bb pas d\u2019impunit\u00e9 pour ceux qui font passer des situations cruelles et anormales pour ce qu\u2019il faut bien accepter. Plus de il faut bien. C\u2019est quelque chose qui ne peut se faire que collectivement. \u00ab\u00a0<\/p>\n<p style=\"padding-left: 40px;\"><em><strong>Isabelle Stengers <\/strong>est une philosophe belge, auteure de plusieurs livres, comme par exemple&nbsp;:&nbsp;\u00a0\u00bb&nbsp;Au temps des catastrophes. R\u00e9sister \u00e0 la barbarie qui vient.&nbsp;\u00a0\u00bb Et plus r\u00e9cemment \u00a0\u00bb&nbsp;R\u00e9activer les sens commun. Lecture de Whitehead en temps de d\u00e9b\u00e2cle&nbsp;\u00a0\u00bb (La D\u00e9couverte)<\/em><\/p>\n<p style=\"padding-left: 40px;\"><em><strong>Cynthia Fleury<\/strong>, philosophe et psychanalyste, professeure titulaire de la chaire \u00a0\u00bb&nbsp;Humanit\u00e9s et sant\u00e9&nbsp;\u00a0\u00bb au conservatoire national des arts et m\u00e9tiers \u00e0 Paris et titulaire de la \u00a0\u00bb&nbsp;chaire de philosophie \u00e0 l\u2019h\u00f4pital&nbsp;\u00a0\u00bb au Groupe hospitalier universitaire Paris Psychiatrie et neurosciences.&nbsp;\u00a0\u00bb&nbsp;Le soin est un humanisme&nbsp;\u00a0\u00bb&nbsp;: c\u2019est le titre de son dernier essai (Gallimard)<\/em><\/p>\n<h3><strong><a href=\"https:\/\/www.gastonballiot.fr\/wp-content\/uploads\/2020\/03\/DenisDurand_mars2020.pdf\" target=\"_blank\" rel=\"noopener noreferrer\">6 &#8211; Pour vaincre la pand\u00e9mie, l\u2019urgence d\u2019une autre logique \u00e9conomique par Denis Durand, \u00e9conomiste, codirecteur de la revue \u00c9conomie et politique<\/a><\/strong><\/h3>\n<p style=\"text-align: justify; padding-left: 40px;\"><strong><i><span style=\"color: purple;\">Une crise financi\u00e8re et \u00e9conomique s\u2019annon\u00e7ait. Le coronavirus l\u2019a acc\u00e9l\u00e9r\u00e9e et a r\u00e9v\u00e9l\u00e9 qu\u2019il s\u2019agit d\u2019une crise de civilisation. <\/span><\/i><\/strong><\/p>\n<h3><a href=\"https:\/\/www.gastonballiot.fr\/wp-content\/uploads\/2020\/03\/Fr\u00e9d\u00e9ric-Boccara-27mars20.pdf\" target=\"_blank\" rel=\"noopener noreferrer\"><strong>7 &#8211; Fr\u00e9d\u00e9ric Boccara, \u00e9conomiste : Nous vivons une crise de civilisation<\/strong><\/a><\/h3>\n<h3><strong><a href=\"https:\/\/laviedesidees.fr\/Savoir-et-prevoir.html?fbclid=IwAR3Lo4uszcb9UYqJbENc-7aRPSyxvvDiuqHRr6LAZlG668_GyCnUYLkxAAw\" target=\"_blank\" rel=\"noopener noreferrer\">8 &#8211;&nbsp;Dossier : Les visages de la pand\u00e9mie. Savoir et pr\u00e9voir. Premi\u00e8re chronologie de l\u2019\u00e9mergence du Covid-19<\/a><\/strong><\/h3>\n<p style=\"padding-left: 40px;\">Que pouvait-on savoir et pr\u00e9voir de l\u2019actuelle pand\u00e9mie et de son arriv\u00e9e sur le territoire fran\u00e7ais<small class=\"fine\">&nbsp;<\/small>? Premiers \u00e9l\u00e9ments de r\u00e9ponse \u00e0 partir d\u2019un corpus bien d\u00e9fini&nbsp;: le tr\u00e8s r\u00e9put\u00e9 magazine \u00ab<small class=\"fine\">&nbsp;<\/small>Science<small class=\"fine\">&nbsp;<\/small>\u00bb, et les d\u00e9clarations de l\u2019<span class=\"caps\">OMS<\/span> depuis fin d\u00e9cembre 2019.<\/p>\n<p style=\"padding-left: 40px;\">Un papier fort int\u00e9ressant sur l&rsquo;historique de la pand\u00e9mie et sur l&rsquo;imp\u00e9ritie de nos gouvernants.<\/p>\n<h3><strong>9 &#8211; La solidarit\u00e9 commence par la taxation du capital et le paiement des imp\u00f4ts<\/strong><\/h3>\n<h3 style=\"text-align: justify; padding-left: 40px;\"><strong><span style=\"color: purple;\"><a href=\"https:\/\/www.gastonballiot.fr\/wp-content\/uploads\/2020\/03\/La-solidarit\u00e9-commence-par-la-taxation-du-capital-et-le-pa\u2026.pdf\" target=\"_blank\" rel=\"noopener noreferrer\">Article d&rsquo;actualit\u00e9 du P\u00f4le \u00e9conomique de la CGT<\/a><\/span><\/strong><\/h3>\n<p><a href=\"https:\/\/i0.wp.com\/www.gastonballiot.fr\/wp-content\/uploads\/2020\/03\/PasDeMasque.jpg?ssl=1\"><img data-recalc-dims=\"1\" loading=\"lazy\" decoding=\"async\" data-attachment-id=\"8232\" data-permalink=\"https:\/\/www.gastonballiot.fr\/?attachment_id=8232#main\" data-orig-file=\"https:\/\/i0.wp.com\/www.gastonballiot.fr\/wp-content\/uploads\/2020\/03\/PasDeMasque.jpg?fit=637%2C479&amp;ssl=1\" data-orig-size=\"637,479\" data-comments-opened=\"1\" data-image-meta=\"{&quot;aperture&quot;:&quot;0&quot;,&quot;credit&quot;:&quot;&quot;,&quot;camera&quot;:&quot;&quot;,&quot;caption&quot;:&quot;&quot;,&quot;created_timestamp&quot;:&quot;0&quot;,&quot;copyright&quot;:&quot;&quot;,&quot;focal_length&quot;:&quot;0&quot;,&quot;iso&quot;:&quot;0&quot;,&quot;shutter_speed&quot;:&quot;0&quot;,&quot;title&quot;:&quot;&quot;,&quot;orientation&quot;:&quot;0&quot;}\" data-image-title=\"PasDeMasque\" data-image-description=\"\" data-image-caption=\"\" data-medium-file=\"https:\/\/i0.wp.com\/www.gastonballiot.fr\/wp-content\/uploads\/2020\/03\/PasDeMasque.jpg?fit=300%2C226&amp;ssl=1\" data-large-file=\"https:\/\/i0.wp.com\/www.gastonballiot.fr\/wp-content\/uploads\/2020\/03\/PasDeMasque.jpg?fit=637%2C479&amp;ssl=1\" class=\"aligncenter size-full wp-image-8232\" src=\"https:\/\/i0.wp.com\/www.gastonballiot.fr\/wp-content\/uploads\/2020\/03\/PasDeMasque.jpg?resize=637%2C479&#038;ssl=1\" alt=\"\" width=\"637\" height=\"479\" srcset=\"https:\/\/i0.wp.com\/www.gastonballiot.fr\/wp-content\/uploads\/2020\/03\/PasDeMasque.jpg?w=637&amp;ssl=1 637w, https:\/\/i0.wp.com\/www.gastonballiot.fr\/wp-content\/uploads\/2020\/03\/PasDeMasque.jpg?resize=300%2C226&amp;ssl=1 300w, https:\/\/i0.wp.com\/www.gastonballiot.fr\/wp-content\/uploads\/2020\/03\/PasDeMasque.jpg?resize=600%2C451&amp;ssl=1 600w\" sizes=\"auto, (max-width: 637px) 100vw, 637px\" \/><\/a><\/p>\n","protected":false},"excerpt":{"rendered":"<p>Quelques publications compl\u00e9tement d&rsquo;actualit\u00e9 : la bataille des jours d&rsquo;apr\u00e8s commence maintenant. S&rsquo;en sortir d&rsquo;abord, mais aussi en tirer des le\u00e7ons. 1 &#8211; Les confin\u00e9s et les somnambules. Anticiper la refondation politique d\u2019apr\u00e8s-coronavirus, par Serge Le Qu\u00e9au: membre de Solidaires et Attac&nbsp; 2 &#8211; La bataille des jours d&rsquo;apr\u00e8s commence maintenant, par Fabien Roussel 3 -Appel. \u00ab\u00a0Plus jamais \u00e7a ! Pr\u00e9parons le jour d&rsquo;apr\u00e8s\u00a0\u00bb 18&nbsp;responsables d&rsquo;organisations syndicales, associatives et environnementales parmi lesquels Philippe Martinez (CGT), Aur\u00e9lie Trouv\u00e9 (Attac), Jean-Fran\u00e7ois&nbsp;Julliard (Greenpeace) et &#8230; <a title=\"Plus jamais \u00e7a ! Pr\u00e9parons le jour d&rsquo;apr\u00e8s..\" class=\"read-more\" href=\"https:\/\/www.gastonballiot.fr\/?p=8219\" aria-label=\"Plus sur Plus jamais \u00e7a ! Pr\u00e9parons le jour d&rsquo;apr\u00e8s..\">Lire la suite&#8230;<\/a><\/p>\n","protected":false},"author":1,"featured_media":8228,"comment_status":"open","ping_status":"closed","sticky":false,"template":"","format":"standard","meta":{"ngg_post_thumbnail":0,"jetpack_post_was_ever_published":false,"_jetpack_newsletter_access":"","_jetpack_dont_email_post_to_subs":false,"_jetpack_newsletter_tier_id":0,"_jetpack_memberships_contains_paywalled_content":false,"_jetpack_memberships_contains_paid_content":false,"footnotes":"","jetpack_publicize_message":"","jetpack_publicize_feature_enabled":true,"jetpack_social_post_already_shared":false,"jetpack_social_options":{"image_generator_settings":{"template":"highway","enabled":false},"version":2}},"categories":[2,5,6,15],"tags":[39,55,203],"class_list":["post-8219","post","type-post","status-publish","format-standard","has-post-thumbnail","hentry","category-a-la-une","category-democratie","category-economie","category-services-publics","tag-capitalisme","tag-economie","tag-sante","infinite-scroll-item","masonry-post","generate-columns","tablet-grid-50","mobile-grid-100","grid-parent","grid-33"],"jetpack_publicize_connections":[],"yoast_head":"<!-- This site is optimized with the Yoast SEO plugin v27.5 - https:\/\/yoast.com\/product\/yoast-seo-wordpress\/ -->\n<title>Plus jamais \u00e7a ! Pr\u00e9parons le jour d&#039;apr\u00e8s.. - Le blog politique de Gaston<\/title>\n<meta name=\"robots\" content=\"index, follow, max-snippet:-1, max-image-preview:large, max-video-preview:-1\" \/>\n<link rel=\"canonical\" href=\"https:\/\/www.gastonballiot.fr\/?p=8219\" \/>\n<meta property=\"og:locale\" content=\"fr_FR\" \/>\n<meta property=\"og:type\" content=\"article\" \/>\n<meta property=\"og:title\" content=\"Plus jamais \u00e7a ! Pr\u00e9parons le jour d&#039;apr\u00e8s.. - Le blog politique de Gaston\" \/>\n<meta property=\"og:description\" content=\"Quelques publications compl\u00e9tement d&rsquo;actualit\u00e9 : la bataille des jours d&rsquo;apr\u00e8s commence maintenant. S&rsquo;en sortir d&rsquo;abord, mais aussi en tirer des le\u00e7ons. 1 &#8211; Les confin\u00e9s et les somnambules. Anticiper la refondation politique d\u2019apr\u00e8s-coronavirus, par Serge Le Qu\u00e9au: membre de Solidaires et Attac&nbsp; 2 &#8211; La bataille des jours d&rsquo;apr\u00e8s commence maintenant, par Fabien Roussel 3 -Appel. \u00ab\u00a0Plus jamais \u00e7a ! Pr\u00e9parons le jour d&rsquo;apr\u00e8s\u00a0\u00bb 18&nbsp;responsables d&rsquo;organisations syndicales, associatives et environnementales parmi lesquels Philippe Martinez (CGT), Aur\u00e9lie Trouv\u00e9 (Attac), Jean-Fran\u00e7ois&nbsp;Julliard (Greenpeace) et ... Lire la suite...\" \/>\n<meta property=\"og:url\" content=\"https:\/\/www.gastonballiot.fr\/?p=8219\" \/>\n<meta property=\"og:site_name\" content=\"Le blog politique de Gaston\" \/>\n<meta property=\"article:publisher\" content=\"https:\/\/www.facebook.com\/gaston.balliot\/\" \/>\n<meta property=\"article:author\" content=\"https:\/\/www.facebook.com\/gaston.balliot\/\" \/>\n<meta property=\"article:published_time\" content=\"2020-03-27T16:51:31+00:00\" \/>\n<meta property=\"article:modified_time\" content=\"2020-03-28T11:53:31+00:00\" \/>\n<meta property=\"og:image\" content=\"https:\/\/www.gastonballiot.fr\/wp-content\/uploads\/2020\/03\/tribune.jpg\" \/>\n\t<meta property=\"og:image:width\" content=\"1025\" \/>\n\t<meta property=\"og:image:height\" content=\"252\" \/>\n\t<meta property=\"og:image:type\" content=\"image\/jpeg\" \/>\n<meta name=\"author\" content=\"gb\" \/>\n<meta name=\"twitter:card\" content=\"summary_large_image\" \/>\n<meta name=\"twitter:label1\" content=\"\u00c9crit par\" \/>\n\t<meta name=\"twitter:data1\" content=\"gb\" \/>\n\t<meta name=\"twitter:label2\" content=\"Dur\u00e9e de lecture estim\u00e9e\" \/>\n\t<meta name=\"twitter:data2\" content=\"4 minutes\" \/>\n<script type=\"application\/ld+json\" class=\"yoast-schema-graph\">{\"@context\":\"https:\\\/\\\/schema.org\",\"@graph\":[{\"@type\":\"Article\",\"@id\":\"https:\\\/\\\/www.gastonballiot.fr\\\/?p=8219#article\",\"isPartOf\":{\"@id\":\"https:\\\/\\\/www.gastonballiot.fr\\\/?p=8219\"},\"author\":{\"name\":\"gb\",\"@id\":\"https:\\\/\\\/www.gastonballiot.fr\\\/#\\\/schema\\\/person\\\/244a5e02696abd8a65c5b1bebdb948ca\"},\"headline\":\"Plus jamais \u00e7a ! Pr\u00e9parons le jour d&rsquo;apr\u00e8s..\",\"datePublished\":\"2020-03-27T16:51:31+00:00\",\"dateModified\":\"2020-03-28T11:53:31+00:00\",\"mainEntityOfPage\":{\"@id\":\"https:\\\/\\\/www.gastonballiot.fr\\\/?p=8219\"},\"wordCount\":760,\"commentCount\":0,\"publisher\":{\"@id\":\"https:\\\/\\\/www.gastonballiot.fr\\\/#\\\/schema\\\/person\\\/244a5e02696abd8a65c5b1bebdb948ca\"},\"image\":{\"@id\":\"https:\\\/\\\/www.gastonballiot.fr\\\/?p=8219#primaryimage\"},\"thumbnailUrl\":\"https:\\\/\\\/i0.wp.com\\\/www.gastonballiot.fr\\\/wp-content\\\/uploads\\\/2020\\\/03\\\/tribune.jpg?fit=1025%2C252&ssl=1\",\"keywords\":[\"capitalisme\",\"Economie\",\"Sant\u00e9\"],\"articleSection\":[\"A la une\",\"D\u00e9mocratie\",\"Economie\",\"Services Publics\"],\"inLanguage\":\"fr-FR\",\"potentialAction\":[{\"@type\":\"CommentAction\",\"name\":\"Comment\",\"target\":[\"https:\\\/\\\/www.gastonballiot.fr\\\/?p=8219#respond\"]}]},{\"@type\":\"WebPage\",\"@id\":\"https:\\\/\\\/www.gastonballiot.fr\\\/?p=8219\",\"url\":\"https:\\\/\\\/www.gastonballiot.fr\\\/?p=8219\",\"name\":\"Plus jamais \u00e7a ! Pr\u00e9parons le jour d'apr\u00e8s.. - Le blog politique de Gaston\",\"isPartOf\":{\"@id\":\"https:\\\/\\\/www.gastonballiot.fr\\\/#website\"},\"primaryImageOfPage\":{\"@id\":\"https:\\\/\\\/www.gastonballiot.fr\\\/?p=8219#primaryimage\"},\"image\":{\"@id\":\"https:\\\/\\\/www.gastonballiot.fr\\\/?p=8219#primaryimage\"},\"thumbnailUrl\":\"https:\\\/\\\/i0.wp.com\\\/www.gastonballiot.fr\\\/wp-content\\\/uploads\\\/2020\\\/03\\\/tribune.jpg?fit=1025%2C252&ssl=1\",\"datePublished\":\"2020-03-27T16:51:31+00:00\",\"dateModified\":\"2020-03-28T11:53:31+00:00\",\"breadcrumb\":{\"@id\":\"https:\\\/\\\/www.gastonballiot.fr\\\/?p=8219#breadcrumb\"},\"inLanguage\":\"fr-FR\",\"potentialAction\":[{\"@type\":\"ReadAction\",\"target\":[\"https:\\\/\\\/www.gastonballiot.fr\\\/?p=8219\"]}]},{\"@type\":\"ImageObject\",\"inLanguage\":\"fr-FR\",\"@id\":\"https:\\\/\\\/www.gastonballiot.fr\\\/?p=8219#primaryimage\",\"url\":\"https:\\\/\\\/i0.wp.com\\\/www.gastonballiot.fr\\\/wp-content\\\/uploads\\\/2020\\\/03\\\/tribune.jpg?fit=1025%2C252&ssl=1\",\"contentUrl\":\"https:\\\/\\\/i0.wp.com\\\/www.gastonballiot.fr\\\/wp-content\\\/uploads\\\/2020\\\/03\\\/tribune.jpg?fit=1025%2C252&ssl=1\",\"width\":1025,\"height\":252},{\"@type\":\"BreadcrumbList\",\"@id\":\"https:\\\/\\\/www.gastonballiot.fr\\\/?p=8219#breadcrumb\",\"itemListElement\":[{\"@type\":\"ListItem\",\"position\":1,\"name\":\"Accueil\",\"item\":\"https:\\\/\\\/www.gastonballiot.fr\\\/\"},{\"@type\":\"ListItem\",\"position\":2,\"name\":\"Plus jamais \u00e7a ! Pr\u00e9parons le jour d&#8217;apr\u00e8s..\"}]},{\"@type\":\"WebSite\",\"@id\":\"https:\\\/\\\/www.gastonballiot.fr\\\/#website\",\"url\":\"https:\\\/\\\/www.gastonballiot.fr\\\/\",\"name\":\"Le blog politique de Gaston\",\"description\":\"L&#039;humain d&#039;abord, pas la finance !\",\"publisher\":{\"@id\":\"https:\\\/\\\/www.gastonballiot.fr\\\/#\\\/schema\\\/person\\\/244a5e02696abd8a65c5b1bebdb948ca\"},\"potentialAction\":[{\"@type\":\"SearchAction\",\"target\":{\"@type\":\"EntryPoint\",\"urlTemplate\":\"https:\\\/\\\/www.gastonballiot.fr\\\/?s={search_term_string}\"},\"query-input\":{\"@type\":\"PropertyValueSpecification\",\"valueRequired\":true,\"valueName\":\"search_term_string\"}}],\"inLanguage\":\"fr-FR\"},{\"@type\":[\"Person\",\"Organization\"],\"@id\":\"https:\\\/\\\/www.gastonballiot.fr\\\/#\\\/schema\\\/person\\\/244a5e02696abd8a65c5b1bebdb948ca\",\"name\":\"gb\",\"image\":{\"@type\":\"ImageObject\",\"inLanguage\":\"fr-FR\",\"@id\":\"https:\\\/\\\/i0.wp.com\\\/www.gastonballiot.fr\\\/wp-content\\\/uploads\\\/2017\\\/04\\\/cropped-Marianne-drapeau-rouge.gif?fit=512%2C512&ssl=1\",\"url\":\"https:\\\/\\\/i0.wp.com\\\/www.gastonballiot.fr\\\/wp-content\\\/uploads\\\/2017\\\/04\\\/cropped-Marianne-drapeau-rouge.gif?fit=512%2C512&ssl=1\",\"contentUrl\":\"https:\\\/\\\/i0.wp.com\\\/www.gastonballiot.fr\\\/wp-content\\\/uploads\\\/2017\\\/04\\\/cropped-Marianne-drapeau-rouge.gif?fit=512%2C512&ssl=1\",\"width\":512,\"height\":512,\"caption\":\"gb\"},\"logo\":{\"@id\":\"https:\\\/\\\/i0.wp.com\\\/www.gastonballiot.fr\\\/wp-content\\\/uploads\\\/2017\\\/04\\\/cropped-Marianne-drapeau-rouge.gif?fit=512%2C512&ssl=1\"},\"description\":\"Gaston Balliot, militant du Front de Gauche en pays bigouden - Pont L'Abb\u00e9 - Loctudy - Guilvinec - Penmarc'h - Ile Tudy - Combrit Ste Marine - Tr\u00e9meoc - Plon\u00e9our, p\u00eache tourisme\",\"sameAs\":[\"https:\\\/\\\/www.facebook.com\\\/gaston.balliot\\\/\"]}]}<\/script>\n<!-- \/ Yoast SEO plugin. -->","yoast_head_json":{"title":"Plus jamais \u00e7a ! Pr\u00e9parons le jour d'apr\u00e8s.. - Le blog politique de Gaston","robots":{"index":"index","follow":"follow","max-snippet":"max-snippet:-1","max-image-preview":"max-image-preview:large","max-video-preview":"max-video-preview:-1"},"canonical":"https:\/\/www.gastonballiot.fr\/?p=8219","og_locale":"fr_FR","og_type":"article","og_title":"Plus jamais \u00e7a ! Pr\u00e9parons le jour d'apr\u00e8s.. - Le blog politique de Gaston","og_description":"Quelques publications compl\u00e9tement d&rsquo;actualit\u00e9 : la bataille des jours d&rsquo;apr\u00e8s commence maintenant. S&rsquo;en sortir d&rsquo;abord, mais aussi en tirer des le\u00e7ons. 1 &#8211; Les confin\u00e9s et les somnambules. Anticiper la refondation politique d\u2019apr\u00e8s-coronavirus, par Serge Le Qu\u00e9au: membre de Solidaires et Attac&nbsp; 2 &#8211; La bataille des jours d&rsquo;apr\u00e8s commence maintenant, par Fabien Roussel 3 -Appel. \u00ab\u00a0Plus jamais \u00e7a ! Pr\u00e9parons le jour d&rsquo;apr\u00e8s\u00a0\u00bb 18&nbsp;responsables d&rsquo;organisations syndicales, associatives et environnementales parmi lesquels Philippe Martinez (CGT), Aur\u00e9lie Trouv\u00e9 (Attac), Jean-Fran\u00e7ois&nbsp;Julliard (Greenpeace) et ... Lire la suite...","og_url":"https:\/\/www.gastonballiot.fr\/?p=8219","og_site_name":"Le blog politique de Gaston","article_publisher":"https:\/\/www.facebook.com\/gaston.balliot\/","article_author":"https:\/\/www.facebook.com\/gaston.balliot\/","article_published_time":"2020-03-27T16:51:31+00:00","article_modified_time":"2020-03-28T11:53:31+00:00","og_image":[{"width":1025,"height":252,"url":"https:\/\/www.gastonballiot.fr\/wp-content\/uploads\/2020\/03\/tribune.jpg","type":"image\/jpeg"}],"author":"gb","twitter_card":"summary_large_image","twitter_misc":{"\u00c9crit par":"gb","Dur\u00e9e de lecture estim\u00e9e":"4 minutes"},"schema":{"@context":"https:\/\/schema.org","@graph":[{"@type":"Article","@id":"https:\/\/www.gastonballiot.fr\/?p=8219#article","isPartOf":{"@id":"https:\/\/www.gastonballiot.fr\/?p=8219"},"author":{"name":"gb","@id":"https:\/\/www.gastonballiot.fr\/#\/schema\/person\/244a5e02696abd8a65c5b1bebdb948ca"},"headline":"Plus jamais \u00e7a ! Pr\u00e9parons le jour d&rsquo;apr\u00e8s..","datePublished":"2020-03-27T16:51:31+00:00","dateModified":"2020-03-28T11:53:31+00:00","mainEntityOfPage":{"@id":"https:\/\/www.gastonballiot.fr\/?p=8219"},"wordCount":760,"commentCount":0,"publisher":{"@id":"https:\/\/www.gastonballiot.fr\/#\/schema\/person\/244a5e02696abd8a65c5b1bebdb948ca"},"image":{"@id":"https:\/\/www.gastonballiot.fr\/?p=8219#primaryimage"},"thumbnailUrl":"https:\/\/i0.wp.com\/www.gastonballiot.fr\/wp-content\/uploads\/2020\/03\/tribune.jpg?fit=1025%2C252&ssl=1","keywords":["capitalisme","Economie","Sant\u00e9"],"articleSection":["A la une","D\u00e9mocratie","Economie","Services Publics"],"inLanguage":"fr-FR","potentialAction":[{"@type":"CommentAction","name":"Comment","target":["https:\/\/www.gastonballiot.fr\/?p=8219#respond"]}]},{"@type":"WebPage","@id":"https:\/\/www.gastonballiot.fr\/?p=8219","url":"https:\/\/www.gastonballiot.fr\/?p=8219","name":"Plus jamais \u00e7a ! Pr\u00e9parons le jour d'apr\u00e8s.. - Le blog politique de Gaston","isPartOf":{"@id":"https:\/\/www.gastonballiot.fr\/#website"},"primaryImageOfPage":{"@id":"https:\/\/www.gastonballiot.fr\/?p=8219#primaryimage"},"image":{"@id":"https:\/\/www.gastonballiot.fr\/?p=8219#primaryimage"},"thumbnailUrl":"https:\/\/i0.wp.com\/www.gastonballiot.fr\/wp-content\/uploads\/2020\/03\/tribune.jpg?fit=1025%2C252&ssl=1","datePublished":"2020-03-27T16:51:31+00:00","dateModified":"2020-03-28T11:53:31+00:00","breadcrumb":{"@id":"https:\/\/www.gastonballiot.fr\/?p=8219#breadcrumb"},"inLanguage":"fr-FR","potentialAction":[{"@type":"ReadAction","target":["https:\/\/www.gastonballiot.fr\/?p=8219"]}]},{"@type":"ImageObject","inLanguage":"fr-FR","@id":"https:\/\/www.gastonballiot.fr\/?p=8219#primaryimage","url":"https:\/\/i0.wp.com\/www.gastonballiot.fr\/wp-content\/uploads\/2020\/03\/tribune.jpg?fit=1025%2C252&ssl=1","contentUrl":"https:\/\/i0.wp.com\/www.gastonballiot.fr\/wp-content\/uploads\/2020\/03\/tribune.jpg?fit=1025%2C252&ssl=1","width":1025,"height":252},{"@type":"BreadcrumbList","@id":"https:\/\/www.gastonballiot.fr\/?p=8219#breadcrumb","itemListElement":[{"@type":"ListItem","position":1,"name":"Accueil","item":"https:\/\/www.gastonballiot.fr\/"},{"@type":"ListItem","position":2,"name":"Plus jamais \u00e7a ! Pr\u00e9parons le jour d&#8217;apr\u00e8s.."}]},{"@type":"WebSite","@id":"https:\/\/www.gastonballiot.fr\/#website","url":"https:\/\/www.gastonballiot.fr\/","name":"Le blog politique de Gaston","description":"L&#039;humain d&#039;abord, pas la finance !","publisher":{"@id":"https:\/\/www.gastonballiot.fr\/#\/schema\/person\/244a5e02696abd8a65c5b1bebdb948ca"},"potentialAction":[{"@type":"SearchAction","target":{"@type":"EntryPoint","urlTemplate":"https:\/\/www.gastonballiot.fr\/?s={search_term_string}"},"query-input":{"@type":"PropertyValueSpecification","valueRequired":true,"valueName":"search_term_string"}}],"inLanguage":"fr-FR"},{"@type":["Person","Organization"],"@id":"https:\/\/www.gastonballiot.fr\/#\/schema\/person\/244a5e02696abd8a65c5b1bebdb948ca","name":"gb","image":{"@type":"ImageObject","inLanguage":"fr-FR","@id":"https:\/\/i0.wp.com\/www.gastonballiot.fr\/wp-content\/uploads\/2017\/04\/cropped-Marianne-drapeau-rouge.gif?fit=512%2C512&ssl=1","url":"https:\/\/i0.wp.com\/www.gastonballiot.fr\/wp-content\/uploads\/2017\/04\/cropped-Marianne-drapeau-rouge.gif?fit=512%2C512&ssl=1","contentUrl":"https:\/\/i0.wp.com\/www.gastonballiot.fr\/wp-content\/uploads\/2017\/04\/cropped-Marianne-drapeau-rouge.gif?fit=512%2C512&ssl=1","width":512,"height":512,"caption":"gb"},"logo":{"@id":"https:\/\/i0.wp.com\/www.gastonballiot.fr\/wp-content\/uploads\/2017\/04\/cropped-Marianne-drapeau-rouge.gif?fit=512%2C512&ssl=1"},"description":"Gaston Balliot, militant du Front de Gauche en pays bigouden - Pont L'Abb\u00e9 - Loctudy - Guilvinec - Penmarc'h - Ile Tudy - Combrit Ste Marine - Tr\u00e9meoc - Plon\u00e9our, p\u00eache tourisme","sameAs":["https:\/\/www.facebook.com\/gaston.balliot\/"]}]}},"jetpack_featured_media_url":"https:\/\/i0.wp.com\/www.gastonballiot.fr\/wp-content\/uploads\/2020\/03\/tribune.jpg?fit=1025%2C252&ssl=1","jetpack_shortlink":"https:\/\/wp.me\/p5UTaD-28z","jetpack-related-posts":[],"jetpack_likes_enabled":true,"jetpack_sharing_enabled":true,"_links":{"self":[{"href":"https:\/\/www.gastonballiot.fr\/index.php?rest_route=\/wp\/v2\/posts\/8219","targetHints":{"allow":["GET"]}}],"collection":[{"href":"https:\/\/www.gastonballiot.fr\/index.php?rest_route=\/wp\/v2\/posts"}],"about":[{"href":"https:\/\/www.gastonballiot.fr\/index.php?rest_route=\/wp\/v2\/types\/post"}],"author":[{"embeddable":true,"href":"https:\/\/www.gastonballiot.fr\/index.php?rest_route=\/wp\/v2\/users\/1"}],"replies":[{"embeddable":true,"href":"https:\/\/www.gastonballiot.fr\/index.php?rest_route=%2Fwp%2Fv2%2Fcomments&post=8219"}],"version-history":[{"count":0,"href":"https:\/\/www.gastonballiot.fr\/index.php?rest_route=\/wp\/v2\/posts\/8219\/revisions"}],"wp:featuredmedia":[{"embeddable":true,"href":"https:\/\/www.gastonballiot.fr\/index.php?rest_route=\/wp\/v2\/media\/8228"}],"wp:attachment":[{"href":"https:\/\/www.gastonballiot.fr\/index.php?rest_route=%2Fwp%2Fv2%2Fmedia&parent=8219"}],"wp:term":[{"taxonomy":"category","embeddable":true,"href":"https:\/\/www.gastonballiot.fr\/index.php?rest_route=%2Fwp%2Fv2%2Fcategories&post=8219"},{"taxonomy":"post_tag","embeddable":true,"href":"https:\/\/www.gastonballiot.fr\/index.php?rest_route=%2Fwp%2Fv2%2Ftags&post=8219"}],"curies":[{"name":"wp","href":"https:\/\/api.w.org\/{rel}","templated":true}]}}