{"id":83,"date":"2014-01-18T17:42:00","date_gmt":"2014-01-18T16:42:00","guid":{"rendered":"https:\/\/gastonballiot.wordpress.com\/2014\/01\/18\/alternative-a-gauche"},"modified":"2014-01-18T17:42:00","modified_gmt":"2014-01-18T16:42:00","slug":"alternative-a-gauche","status":"publish","type":"post","link":"https:\/\/www.gastonballiot.fr\/?p=83","title":{"rendered":"Alternative \u00e0 gauche"},"content":{"rendered":"<h3 style=\"background-color:white;color:#555555;font-family:arial, helvetica, sans-serif;font-size:1.1em;margin:20px 0 10px;padding:0;\">Alternative \u00e0 gauche<\/h3>\n<div style=\"background-color:white;color:#333333;font-family:arial, helvetica, sans-serif;font-size:13px;line-height:1.7em;margin-bottom:8px;margin-top:8px;padding:0;\"><em style=\"font-weight:bold;margin:0;padding:0;\">Remarque pr\u00e9alable :<\/em>\u00a0Il ne faut pas confondre\u00a0<strong style=\"margin:0;padding:0;\">alternative et alternance<\/strong>\u00a0!<br \/>L&rsquo;alternance nous avons connu. Quand une \u00e9quipe au pouvoir est us\u00e9e ou discr\u00e9dit\u00e9e, on nous laisse en changer.<br \/>Mais cette nouvelle \u00e9quipe, avec un autre style et un autre discours, continue en gros la m\u00eame politique au profit des m\u00eames. Les capitalistes adorent l&rsquo;alternance, (voir la Grande Bretagne, les Etats Unis&#8230;) elle donne aux gens une impression de changement, une impression de d\u00e9mocratie, mais elle ne remet pas en cause leur syst\u00e8me. D&rsquo;o\u00f9 l&rsquo;int\u00e9r\u00eat pour eux de favoriser une bipolarisation qui ne laisse le choix qu&rsquo;entre deux gestionnaires du m\u00eame syst\u00e8me et de plus, met dans la t\u00eate des citoyens qu&rsquo;il n&rsquo;y a pas d&rsquo;autre solution, que toute alternative est vaine et utopique.<\/div>\n<div style=\"background-color:white;color:#333333;font-family:arial, helvetica, sans-serif;font-size:13px;line-height:1.7em;margin-bottom:8px;margin-top:8px;padding:0;\"><strong style=\"margin:0;padding:0;\">La crise actuelle est une crise du syst\u00e8me.<\/strong><\/div>\n<div style=\"background-color:white;color:#333333;font-family:arial, helvetica, sans-serif;font-size:13px;line-height:1.7em;margin-bottom:8px;margin-top:8px;padding:0;\">Il ne s&rsquo;agit en rien d&rsquo;un \u00e9pisode conjoncturel. Elle se superpose aux crises \u00e9nerg\u00e9tique, alimentaire, \u00e9cologique et financi\u00e8re. Leur simultan\u00e9it\u00e9 r\u00e9v\u00e8le des dysfonctionnements que le syst\u00e8me capitaliste mondialis\u00e9 ne peut qu&rsquo;amplifier, incapable qu&rsquo;il est de d\u00e9finir un autre cap que celui de la course folle aux profits. \u00c0 vouloir ponctionner aux deux extr\u00e9mit\u00e9s du syst\u00e8me marchand ce dernier d\u00e9s\u00e9quilibre tout l&rsquo;\u00e9difice. Ainsi pour ce qui concerne le p\u00e9trole, la logique purement financi\u00e8re pousse les compagnies p\u00e9troli\u00e8res \u00e0 garder intactes leurs marges faramineuses quand les prix \u00e0 la production flambent. La m\u00eame logique imposant depuis 20 ans une r\u00e9partition des richesses toujours plus \u00e0 l&rsquo;avantage des profits au d\u00e9triment des revenus du travail, de la sp\u00e9culation au d\u00e9triment de l\u2019investissement. Au final c&rsquo;est un consommateur disposant donc de moins de revenus qui doit payer plus cher son carburant, son alimentation, son logement, ses soins m\u00e9dicaux\u2026 Une causalit\u00e9 simple mais bien r\u00e9elle qui implique que ce ne sont plus simplement les ouvriers, les employ\u00e9s, les salari\u00e9s qui se sentent opprim\u00e9s mais toutes celles et tous ceux qui se croyaient \u00e0 l&rsquo;abri et ins\u00e9r\u00e9s dans la soci\u00e9t\u00e9.<br \/>Ce syst\u00e8me n\u2019est pas une fatalit\u00e9, il est soutenu par nos dirigeants qui l\u2019assument \u00e0 tous les niveaux : national (acc\u00e9l\u00e9ration des \u00ab r\u00e9formes \u00bb, de la d\u00e9r\u00e9glementation, de la casse des acquis sociaux), europ\u00e9en (dogme lib\u00e9ral de la mise en concurrence et de l\u2019orthodoxie budg\u00e9taire), et mondial (FMI, OMC).<br \/><strong style=\"margin:0;padding:0;\">Comment en sortir ?<\/strong><br \/>Sous peine d&rsquo;une catastrophe plan\u00e9taire annonc\u00e9e, il est plus que jamais urgent de construire une v\u00e9ritable alternative \u00e0 un syst\u00e8me devenu aussi malade que pyromane. Nous avons besoin de construire, d\u2019unir et d\u2019organiser une gauche enfin \u00e0 gauche qui soit en phase avec les aspirations de la population.<br \/><strong style=\"margin:0;padding:0;\">Nous avons des propositions<\/strong>, en voici quelques unes :<br \/>* \u00c9tablir d\u2019une autre r\u00e9partition des richesses. (donc remise en cause du\u00a0lib\u00e9ralisme).<br \/>* Reconqu\u00e9rir et d\u00e9velopper des services publics. (donc remise en cause du lib\u00e9ralisme).<\/div>\n<div style=\"background-color:white;color:#333333;font-family:arial, helvetica, sans-serif;font-size:13px;line-height:1.7em;margin-bottom:8px;margin-top:8px;padding:0;\">* Initier un nouveau type de d\u00e9veloppement.<br \/>* Garantir un acc\u00e8s \u00e9gal pour tous\u00a0 et toutes<\/div>\n<div style=\"background-color:white;color:#333333;font-family:arial, helvetica, sans-serif;font-size:13px;line-height:1.7em;margin-bottom:8px;margin-top:8px;padding:0 0 0 30px;\">aux biens communs de l\u2019humanit\u00e9 tout en garantissant leur pr\u00e9servation : l\u2019eau, l\u2019\u00e9nergie, l\u2019environnement. (par ex \u00e9tablir un p\u00f4le public de l\u2019\u00e9nergie, mettre fin \u00e0 la privatisation de la distribution de l\u2019eau))<br \/>au droit \u00e0 l\u2019emploi, \u00e0 la retraite, \u00e0 la sant\u00e9, \u00e0 l\u2019\u00e9ducation, \u00e0 une information pluraliste.<\/div>\n<div style=\"background-color:white;color:#333333;font-family:arial, helvetica, sans-serif;font-size:13px;line-height:1.7em;margin-bottom:8px;margin-top:8px;padding:0;\">* D\u00e9gager les moyens d\u2019une alternative (taxation des transferts financiers, r\u00e9forme de la fiscalit\u00e9, contr\u00f4le des fonds publics).<br \/>* Assurer un renouveau d\u00e9mocratique.<br \/>* Refondre les institutions fran\u00e7aises (passage \u00e0 une VIe r\u00e9publique) avec<br \/>\u00b7\u00a0\u00a0\u00a0\u00a0\u00a0\u00a0\u00a0\u00a0 .repr\u00e9sentation pluraliste des citoyens avec non cumul des mandats et l\u2019\u00e9lection compl\u00e8te ou partielle des d\u00e9put\u00e9s au scrutin proportionnel.<br \/>.r\u00e9forme du S\u00e9nat.<br \/>\u00b7\u00a0\u00a0\u00a0\u00a0\u00a0\u00a0\u00a0\u00a0 .renforcement des pouvoirs du Parlement, ce qui passe notamment par la suppression de l\u2019\u00e9lection du pr\u00e9sident de la r\u00e9publique au suffrage universel.<br \/>* Construire une autre Europe dans un autre Monde.<br \/><span style=\"line-height:1.7em;\">L&rsquo;ampleur de la crise actuelle soul\u00e8ve la question de la\u00a0<\/span><strong style=\"line-height:1.7em;margin:0;padding:0;\">remise en cause du syst\u00e8me mon\u00e9taire et financier<\/strong><span style=\"line-height:1.7em;\">. \u00ab\u00a0Remettre \u00e0 l&rsquo;endroit ce que le lib\u00e9ralisme fait fonctionner \u00e0 l&rsquo;envers\u00a0\u00bb suivant la devise de la Fondation Copernic.<\/span><br \/><span style=\"line-height:1.7em;\">Il y a pour cela n\u00e9cessit\u00e9 d&rsquo;une action commune des forces anticapitalistes et antilib\u00e9rales, c&rsquo;est l&rsquo;objectif de notre collectif.<\/span><br \/><br style=\"margin:0;padding:0;\" \/><strong style=\"margin:0;padding:0;\">Il ne faut pas sauver le syst\u00e8me, mais le changer !<\/strong><br \/>Cela ne se fera pas avec ceux qui le soutiennent et qui l&rsquo;ont mis en place :<br \/>En France : Hollande, Sarkozy et les diff\u00e9rents dirigeants depuis 30 ans.<br \/>En Europe : Ceux qui soutiennent la strat\u00e9gie de Lisbonne (droite, centre, socialistes, verts).<br \/>Dans le monde : OMC et FMI.<\/div>\n<div style=\"background-color:white;color:#333333;font-family:arial, helvetica, sans-serif;font-size:13px;line-height:1.7em;margin-bottom:8px;margin-top:8px;padding:0;\">D&rsquo;o\u00f9 la n\u00e9cessit\u00e9 absolue de construire \u00e0 gauche une force d&rsquo;alternative de progr\u00e8s social, d\u00e9mocratique et \u00e9cologique.<\/div>\n<div style=\"background-color:white;color:#333333;font-family:arial, helvetica, sans-serif;font-size:13px;line-height:1.7em;margin-bottom:8px;margin-top:8px;padding:0;\">Une alternative ne sera possible qu\u2019\u00e0 deux conditions\u00a0:<br \/>&#8211;\u00a0\u00a0\u00a0\u00a0\u00a0\u00a0\u00a0\u00a0 une convergence des luttes sociales.<br \/>&#8211;\u00a0\u00a0\u00a0\u00a0\u00a0\u00a0\u00a0\u00a0 un front commun des forces antilib\u00e9rales qui doit devenir la v\u00e9ritable opposition.<\/div>\n","protected":false},"excerpt":{"rendered":"<p>Alternative \u00e0 gauche Remarque pr\u00e9alable :\u00a0Il ne faut pas confondre\u00a0alternative et alternance\u00a0!L&rsquo;alternance nous avons connu. Quand une \u00e9quipe au pouvoir est us\u00e9e ou discr\u00e9dit\u00e9e, on nous laisse en changer.Mais cette nouvelle \u00e9quipe, avec un autre style et un autre discours, continue en gros la m\u00eame politique au profit des m\u00eames. Les capitalistes adorent l&rsquo;alternance, (voir la Grande Bretagne, les Etats Unis&#8230;) elle donne aux gens une impression de changement, une impression de d\u00e9mocratie, mais elle ne remet pas en cause leur &#8230; <a title=\"Alternative \u00e0 gauche\" class=\"read-more\" href=\"https:\/\/www.gastonballiot.fr\/?p=83\" aria-label=\"Plus sur Alternative \u00e0 gauche\">Lire la suite&#8230;<\/a><\/p>\n","protected":false},"author":1,"featured_media":0,"comment_status":"open","ping_status":"open","sticky":false,"template":"","format":"standard","meta":{"ngg_post_thumbnail":0,"jetpack_post_was_ever_published":false,"_jetpack_newsletter_access":"","_jetpack_dont_email_post_to_subs":false,"_jetpack_newsletter_tier_id":0,"_jetpack_memberships_contains_paywalled_content":false,"_jetpack_memberships_contains_paid_content":false,"footnotes":"","jetpack_publicize_message":"","jetpack_publicize_feature_enabled":true,"jetpack_social_post_already_shared":false,"jetpack_social_options":{"image_generator_settings":{"template":"highway","enabled":false},"version":2}},"categories":[5,6,8],"tags":[26,27,46,48,55,58,60,61,62,83,86,100,115,116,120,129],"class_list":["post-83","post","type-post","status-publish","format-standard","hentry","category-democratie","category-economie","category-europe","tag-alternance","tag-alternative","tag-crise","tag-democratie","tag-economie","tag-europe","tag-finance","tag-fiscale","tag-fmi","tag-liberalisme","tag-lisbonne","tag-omc","tag-repartition","tag-republique","tag-richesse","tag-systeme","infinite-scroll-item","masonry-post","generate-columns","tablet-grid-50","mobile-grid-100","grid-parent","grid-33"],"jetpack_publicize_connections":[],"yoast_head":"<!-- This site is optimized with the Yoast SEO plugin v27.5 - https:\/\/yoast.com\/product\/yoast-seo-wordpress\/ -->\n<title>Alternative \u00e0 gauche - Le blog politique de Gaston<\/title>\n<meta name=\"robots\" content=\"index, follow, max-snippet:-1, max-image-preview:large, max-video-preview:-1\" \/>\n<link rel=\"canonical\" href=\"https:\/\/www.gastonballiot.fr\/?p=83\" \/>\n<meta property=\"og:locale\" content=\"fr_FR\" \/>\n<meta property=\"og:type\" content=\"article\" \/>\n<meta property=\"og:title\" content=\"Alternative \u00e0 gauche - Le blog politique de Gaston\" \/>\n<meta property=\"og:description\" content=\"Alternative \u00e0 gauche Remarque pr\u00e9alable :\u00a0Il ne faut pas confondre\u00a0alternative et alternance\u00a0!L&rsquo;alternance nous avons connu. Quand une \u00e9quipe au pouvoir est us\u00e9e ou discr\u00e9dit\u00e9e, on nous laisse en changer.Mais cette nouvelle \u00e9quipe, avec un autre style et un autre discours, continue en gros la m\u00eame politique au profit des m\u00eames. Les capitalistes adorent l&rsquo;alternance, (voir la Grande Bretagne, les Etats Unis&#8230;) elle donne aux gens une impression de changement, une impression de d\u00e9mocratie, mais elle ne remet pas en cause leur ... Lire la suite...\" \/>\n<meta property=\"og:url\" content=\"https:\/\/www.gastonballiot.fr\/?p=83\" \/>\n<meta property=\"og:site_name\" content=\"Le blog politique de Gaston\" \/>\n<meta property=\"article:publisher\" content=\"https:\/\/www.facebook.com\/gaston.balliot\/\" \/>\n<meta property=\"article:author\" content=\"https:\/\/www.facebook.com\/gaston.balliot\/\" \/>\n<meta property=\"article:published_time\" content=\"2014-01-18T16:42:00+00:00\" \/>\n<meta name=\"author\" content=\"gb\" \/>\n<meta name=\"twitter:card\" content=\"summary_large_image\" \/>\n<meta name=\"twitter:label1\" content=\"\u00c9crit par\" \/>\n\t<meta name=\"twitter:data1\" content=\"gb\" \/>\n\t<meta name=\"twitter:label2\" content=\"Dur\u00e9e de lecture estim\u00e9e\" \/>\n\t<meta name=\"twitter:data2\" content=\"4 minutes\" \/>\n<script type=\"application\/ld+json\" class=\"yoast-schema-graph\">{\"@context\":\"https:\\\/\\\/schema.org\",\"@graph\":[{\"@type\":\"Article\",\"@id\":\"https:\\\/\\\/www.gastonballiot.fr\\\/?p=83#article\",\"isPartOf\":{\"@id\":\"https:\\\/\\\/www.gastonballiot.fr\\\/?p=83\"},\"author\":{\"name\":\"gb\",\"@id\":\"https:\\\/\\\/www.gastonballiot.fr\\\/#\\\/schema\\\/person\\\/244a5e02696abd8a65c5b1bebdb948ca\"},\"headline\":\"Alternative \u00e0 gauche\",\"datePublished\":\"2014-01-18T16:42:00+00:00\",\"mainEntityOfPage\":{\"@id\":\"https:\\\/\\\/www.gastonballiot.fr\\\/?p=83\"},\"wordCount\":865,\"commentCount\":0,\"publisher\":{\"@id\":\"https:\\\/\\\/www.gastonballiot.fr\\\/#\\\/schema\\\/person\\\/244a5e02696abd8a65c5b1bebdb948ca\"},\"keywords\":[\"alternance\",\"alternative\",\"crise\",\"D\u00e9mocratie\",\"Economie\",\"Europe\",\"finance\",\"fiscale\",\"FMI\",\"lib\u00e9ralisme\",\"Lisbonne\",\"OMC\",\"r\u00e9partition\",\"r\u00e9publique\",\"richesse\",\"syst\u00e8me\"],\"articleSection\":[\"D\u00e9mocratie\",\"Economie\",\"Europe\"],\"inLanguage\":\"fr-FR\",\"potentialAction\":[{\"@type\":\"CommentAction\",\"name\":\"Comment\",\"target\":[\"https:\\\/\\\/www.gastonballiot.fr\\\/?p=83#respond\"]}]},{\"@type\":\"WebPage\",\"@id\":\"https:\\\/\\\/www.gastonballiot.fr\\\/?p=83\",\"url\":\"https:\\\/\\\/www.gastonballiot.fr\\\/?p=83\",\"name\":\"Alternative \u00e0 gauche - Le blog politique de Gaston\",\"isPartOf\":{\"@id\":\"https:\\\/\\\/www.gastonballiot.fr\\\/#website\"},\"datePublished\":\"2014-01-18T16:42:00+00:00\",\"breadcrumb\":{\"@id\":\"https:\\\/\\\/www.gastonballiot.fr\\\/?p=83#breadcrumb\"},\"inLanguage\":\"fr-FR\",\"potentialAction\":[{\"@type\":\"ReadAction\",\"target\":[\"https:\\\/\\\/www.gastonballiot.fr\\\/?p=83\"]}]},{\"@type\":\"BreadcrumbList\",\"@id\":\"https:\\\/\\\/www.gastonballiot.fr\\\/?p=83#breadcrumb\",\"itemListElement\":[{\"@type\":\"ListItem\",\"position\":1,\"name\":\"Accueil\",\"item\":\"https:\\\/\\\/www.gastonballiot.fr\\\/\"},{\"@type\":\"ListItem\",\"position\":2,\"name\":\"Alternative \u00e0 gauche\"}]},{\"@type\":\"WebSite\",\"@id\":\"https:\\\/\\\/www.gastonballiot.fr\\\/#website\",\"url\":\"https:\\\/\\\/www.gastonballiot.fr\\\/\",\"name\":\"Le blog politique de Gaston\",\"description\":\"L&#039;humain d&#039;abord, pas la finance !\",\"publisher\":{\"@id\":\"https:\\\/\\\/www.gastonballiot.fr\\\/#\\\/schema\\\/person\\\/244a5e02696abd8a65c5b1bebdb948ca\"},\"potentialAction\":[{\"@type\":\"SearchAction\",\"target\":{\"@type\":\"EntryPoint\",\"urlTemplate\":\"https:\\\/\\\/www.gastonballiot.fr\\\/?s={search_term_string}\"},\"query-input\":{\"@type\":\"PropertyValueSpecification\",\"valueRequired\":true,\"valueName\":\"search_term_string\"}}],\"inLanguage\":\"fr-FR\"},{\"@type\":[\"Person\",\"Organization\"],\"@id\":\"https:\\\/\\\/www.gastonballiot.fr\\\/#\\\/schema\\\/person\\\/244a5e02696abd8a65c5b1bebdb948ca\",\"name\":\"gb\",\"image\":{\"@type\":\"ImageObject\",\"inLanguage\":\"fr-FR\",\"@id\":\"https:\\\/\\\/i0.wp.com\\\/www.gastonballiot.fr\\\/wp-content\\\/uploads\\\/2017\\\/04\\\/cropped-Marianne-drapeau-rouge.gif?fit=512%2C512&ssl=1\",\"url\":\"https:\\\/\\\/i0.wp.com\\\/www.gastonballiot.fr\\\/wp-content\\\/uploads\\\/2017\\\/04\\\/cropped-Marianne-drapeau-rouge.gif?fit=512%2C512&ssl=1\",\"contentUrl\":\"https:\\\/\\\/i0.wp.com\\\/www.gastonballiot.fr\\\/wp-content\\\/uploads\\\/2017\\\/04\\\/cropped-Marianne-drapeau-rouge.gif?fit=512%2C512&ssl=1\",\"width\":512,\"height\":512,\"caption\":\"gb\"},\"logo\":{\"@id\":\"https:\\\/\\\/i0.wp.com\\\/www.gastonballiot.fr\\\/wp-content\\\/uploads\\\/2017\\\/04\\\/cropped-Marianne-drapeau-rouge.gif?fit=512%2C512&ssl=1\"},\"description\":\"Gaston Balliot, militant du Front de Gauche en pays bigouden - Pont L'Abb\u00e9 - Loctudy - Guilvinec - Penmarc'h - Ile Tudy - Combrit Ste Marine - Tr\u00e9meoc - Plon\u00e9our, p\u00eache tourisme\",\"sameAs\":[\"https:\\\/\\\/www.facebook.com\\\/gaston.balliot\\\/\"]}]}<\/script>\n<!-- \/ Yoast SEO plugin. -->","yoast_head_json":{"title":"Alternative \u00e0 gauche - Le blog politique de Gaston","robots":{"index":"index","follow":"follow","max-snippet":"max-snippet:-1","max-image-preview":"max-image-preview:large","max-video-preview":"max-video-preview:-1"},"canonical":"https:\/\/www.gastonballiot.fr\/?p=83","og_locale":"fr_FR","og_type":"article","og_title":"Alternative \u00e0 gauche - Le blog politique de Gaston","og_description":"Alternative \u00e0 gauche Remarque pr\u00e9alable :\u00a0Il ne faut pas confondre\u00a0alternative et alternance\u00a0!L&rsquo;alternance nous avons connu. Quand une \u00e9quipe au pouvoir est us\u00e9e ou discr\u00e9dit\u00e9e, on nous laisse en changer.Mais cette nouvelle \u00e9quipe, avec un autre style et un autre discours, continue en gros la m\u00eame politique au profit des m\u00eames. Les capitalistes adorent l&rsquo;alternance, (voir la Grande Bretagne, les Etats Unis&#8230;) elle donne aux gens une impression de changement, une impression de d\u00e9mocratie, mais elle ne remet pas en cause leur ... Lire la suite...","og_url":"https:\/\/www.gastonballiot.fr\/?p=83","og_site_name":"Le blog politique de Gaston","article_publisher":"https:\/\/www.facebook.com\/gaston.balliot\/","article_author":"https:\/\/www.facebook.com\/gaston.balliot\/","article_published_time":"2014-01-18T16:42:00+00:00","author":"gb","twitter_card":"summary_large_image","twitter_misc":{"\u00c9crit par":"gb","Dur\u00e9e de lecture estim\u00e9e":"4 minutes"},"schema":{"@context":"https:\/\/schema.org","@graph":[{"@type":"Article","@id":"https:\/\/www.gastonballiot.fr\/?p=83#article","isPartOf":{"@id":"https:\/\/www.gastonballiot.fr\/?p=83"},"author":{"name":"gb","@id":"https:\/\/www.gastonballiot.fr\/#\/schema\/person\/244a5e02696abd8a65c5b1bebdb948ca"},"headline":"Alternative \u00e0 gauche","datePublished":"2014-01-18T16:42:00+00:00","mainEntityOfPage":{"@id":"https:\/\/www.gastonballiot.fr\/?p=83"},"wordCount":865,"commentCount":0,"publisher":{"@id":"https:\/\/www.gastonballiot.fr\/#\/schema\/person\/244a5e02696abd8a65c5b1bebdb948ca"},"keywords":["alternance","alternative","crise","D\u00e9mocratie","Economie","Europe","finance","fiscale","FMI","lib\u00e9ralisme","Lisbonne","OMC","r\u00e9partition","r\u00e9publique","richesse","syst\u00e8me"],"articleSection":["D\u00e9mocratie","Economie","Europe"],"inLanguage":"fr-FR","potentialAction":[{"@type":"CommentAction","name":"Comment","target":["https:\/\/www.gastonballiot.fr\/?p=83#respond"]}]},{"@type":"WebPage","@id":"https:\/\/www.gastonballiot.fr\/?p=83","url":"https:\/\/www.gastonballiot.fr\/?p=83","name":"Alternative \u00e0 gauche - Le blog politique de Gaston","isPartOf":{"@id":"https:\/\/www.gastonballiot.fr\/#website"},"datePublished":"2014-01-18T16:42:00+00:00","breadcrumb":{"@id":"https:\/\/www.gastonballiot.fr\/?p=83#breadcrumb"},"inLanguage":"fr-FR","potentialAction":[{"@type":"ReadAction","target":["https:\/\/www.gastonballiot.fr\/?p=83"]}]},{"@type":"BreadcrumbList","@id":"https:\/\/www.gastonballiot.fr\/?p=83#breadcrumb","itemListElement":[{"@type":"ListItem","position":1,"name":"Accueil","item":"https:\/\/www.gastonballiot.fr\/"},{"@type":"ListItem","position":2,"name":"Alternative \u00e0 gauche"}]},{"@type":"WebSite","@id":"https:\/\/www.gastonballiot.fr\/#website","url":"https:\/\/www.gastonballiot.fr\/","name":"Le blog politique de Gaston","description":"L&#039;humain d&#039;abord, pas la finance !","publisher":{"@id":"https:\/\/www.gastonballiot.fr\/#\/schema\/person\/244a5e02696abd8a65c5b1bebdb948ca"},"potentialAction":[{"@type":"SearchAction","target":{"@type":"EntryPoint","urlTemplate":"https:\/\/www.gastonballiot.fr\/?s={search_term_string}"},"query-input":{"@type":"PropertyValueSpecification","valueRequired":true,"valueName":"search_term_string"}}],"inLanguage":"fr-FR"},{"@type":["Person","Organization"],"@id":"https:\/\/www.gastonballiot.fr\/#\/schema\/person\/244a5e02696abd8a65c5b1bebdb948ca","name":"gb","image":{"@type":"ImageObject","inLanguage":"fr-FR","@id":"https:\/\/i0.wp.com\/www.gastonballiot.fr\/wp-content\/uploads\/2017\/04\/cropped-Marianne-drapeau-rouge.gif?fit=512%2C512&ssl=1","url":"https:\/\/i0.wp.com\/www.gastonballiot.fr\/wp-content\/uploads\/2017\/04\/cropped-Marianne-drapeau-rouge.gif?fit=512%2C512&ssl=1","contentUrl":"https:\/\/i0.wp.com\/www.gastonballiot.fr\/wp-content\/uploads\/2017\/04\/cropped-Marianne-drapeau-rouge.gif?fit=512%2C512&ssl=1","width":512,"height":512,"caption":"gb"},"logo":{"@id":"https:\/\/i0.wp.com\/www.gastonballiot.fr\/wp-content\/uploads\/2017\/04\/cropped-Marianne-drapeau-rouge.gif?fit=512%2C512&ssl=1"},"description":"Gaston Balliot, militant du Front de Gauche en pays bigouden - Pont L'Abb\u00e9 - Loctudy - Guilvinec - Penmarc'h - Ile Tudy - Combrit Ste Marine - Tr\u00e9meoc - Plon\u00e9our, p\u00eache tourisme","sameAs":["https:\/\/www.facebook.com\/gaston.balliot\/"]}]}},"jetpack_featured_media_url":"","jetpack_shortlink":"https:\/\/wp.me\/p5UTaD-1l","jetpack-related-posts":[],"jetpack_likes_enabled":true,"jetpack_sharing_enabled":true,"_links":{"self":[{"href":"https:\/\/www.gastonballiot.fr\/index.php?rest_route=\/wp\/v2\/posts\/83","targetHints":{"allow":["GET"]}}],"collection":[{"href":"https:\/\/www.gastonballiot.fr\/index.php?rest_route=\/wp\/v2\/posts"}],"about":[{"href":"https:\/\/www.gastonballiot.fr\/index.php?rest_route=\/wp\/v2\/types\/post"}],"author":[{"embeddable":true,"href":"https:\/\/www.gastonballiot.fr\/index.php?rest_route=\/wp\/v2\/users\/1"}],"replies":[{"embeddable":true,"href":"https:\/\/www.gastonballiot.fr\/index.php?rest_route=%2Fwp%2Fv2%2Fcomments&post=83"}],"version-history":[{"count":0,"href":"https:\/\/www.gastonballiot.fr\/index.php?rest_route=\/wp\/v2\/posts\/83\/revisions"}],"wp:attachment":[{"href":"https:\/\/www.gastonballiot.fr\/index.php?rest_route=%2Fwp%2Fv2%2Fmedia&parent=83"}],"wp:term":[{"taxonomy":"category","embeddable":true,"href":"https:\/\/www.gastonballiot.fr\/index.php?rest_route=%2Fwp%2Fv2%2Fcategories&post=83"},{"taxonomy":"post_tag","embeddable":true,"href":"https:\/\/www.gastonballiot.fr\/index.php?rest_route=%2Fwp%2Fv2%2Ftags&post=83"}],"curies":[{"name":"wp","href":"https:\/\/api.w.org\/{rel}","templated":true}]}}