{"id":8660,"date":"2020-06-28T18:43:46","date_gmt":"2020-06-28T16:43:46","guid":{"rendered":"https:\/\/www.gastonballiot.fr\/?p=8660"},"modified":"2020-07-02T11:18:42","modified_gmt":"2020-07-02T09:18:42","slug":"cisjordanie-loccupation-cest-la-terreur%e2%80%89-lannexion-cest-lapartheid","status":"publish","type":"post","link":"https:\/\/www.gastonballiot.fr\/?p=8660","title":{"rendered":"Cisjordanie : \u00ab L\u2019occupation c\u2019est la terreur\u2009; l\u2019annexion c\u2019est l\u2019apartheid \u00bb"},"content":{"rendered":"<h3 style=\"text-align: center;\"><a href=\"https:\/\/i0.wp.com\/www.gastonballiot.fr\/wp-content\/uploads\/2020\/06\/Loss-of-Land-Palestine-Israel_2000.gif?ssl=1\"><img data-recalc-dims=\"1\" loading=\"lazy\" decoding=\"async\" data-attachment-id=\"8663\" data-permalink=\"https:\/\/www.gastonballiot.fr\/?attachment_id=8663#main\" data-orig-file=\"https:\/\/i0.wp.com\/www.gastonballiot.fr\/wp-content\/uploads\/2020\/06\/Loss-of-Land-Palestine-Israel_2000.gif?fit=620%2C579&amp;ssl=1\" data-orig-size=\"620,579\" data-comments-opened=\"1\" data-image-meta=\"{&quot;aperture&quot;:&quot;0&quot;,&quot;credit&quot;:&quot;&quot;,&quot;camera&quot;:&quot;&quot;,&quot;caption&quot;:&quot;&quot;,&quot;created_timestamp&quot;:&quot;0&quot;,&quot;copyright&quot;:&quot;&quot;,&quot;focal_length&quot;:&quot;0&quot;,&quot;iso&quot;:&quot;0&quot;,&quot;shutter_speed&quot;:&quot;0&quot;,&quot;title&quot;:&quot;&quot;,&quot;orientation&quot;:&quot;0&quot;}\" data-image-title=\"Loss of Land Palestine Israel_2000\" data-image-description=\"\" data-image-caption=\"\" data-medium-file=\"https:\/\/i0.wp.com\/www.gastonballiot.fr\/wp-content\/uploads\/2020\/06\/Loss-of-Land-Palestine-Israel_2000.gif?fit=300%2C280&amp;ssl=1\" data-large-file=\"https:\/\/i0.wp.com\/www.gastonballiot.fr\/wp-content\/uploads\/2020\/06\/Loss-of-Land-Palestine-Israel_2000.gif?fit=620%2C579&amp;ssl=1\" class=\"aligncenter size-full wp-image-8663\" src=\"https:\/\/i0.wp.com\/www.gastonballiot.fr\/wp-content\/uploads\/2020\/06\/Loss-of-Land-Palestine-Israel_2000.gif?resize=620%2C579&#038;ssl=1\" alt=\"\" width=\"620\" height=\"579\"><\/a>Lettre ouverte, texte collectif<\/h3>\n<p>Nos voix pour la paix s\u2019adressent \u00e0 Emmanuel Macron, pr\u00e9sident de la R\u00e9publique fran\u00e7aise, et Josep Borrell, haut repr\u00e9sentant de l\u2019Union europ\u00e9enne pour les Affaires ext\u00e9rieures et la politique de s\u00e9curit\u00e9.&nbsp;Texte collectif.<\/p>\n<p>L\u2019annonce du plan Trump et la constitution du nouveau gouvernement isra\u00e9lien cr\u00e9ent une situation nouvelle. Benyamin Netanyahou s\u2019appr\u00eate \u00e0 divulguer sa feuille de route le 1 er juillet en vue d\u2019annexer la vall\u00e9e du Jourdain et les colonies implant\u00e9es, soit la moiti\u00e9 de la Cisjordanie. La terre palestinienne sera alors r\u00e9duite \u00e0 des sortes de \u00ab\u2009bantoustans\u2009\u00bb, d\u00e9militaris\u00e9s, sans continuit\u00e9 territoriale ni ma\u00eetrise des fronti\u00e8res. Parler d\u2019\u00c9tat dans ces conditions est d\u2019un cynisme r\u00e9voltant.<\/p>\n<p>Le pillage colonial l\u00e9galis\u00e9<br \/>\nLe \u00ab\u2009deal du si\u00e8cle\u2009\u00bb impos\u00e9 par Donald Trump et Benyamin Netanyahou est l\u2019acte de d\u00e9linquants internationaux. Il ent\u00e9rine l\u2019impunit\u00e9 des autorit\u00e9s d\u2019Isra\u00ebl et le r\u00e9gime d\u2019apartheid issu notamment de la loi \u00c9tat-nation, il enterre la solution \u00e0 deux \u00c9tats et constitue un coup de force inacceptable contre la l\u00e9galit\u00e9 internationale, la justice et le respect des droits humains. D.&nbsp;Trump et B. Netanyahou l\u00e9galisent le pillage colonial et attisent les tensions dans une r\u00e9gion d\u00e9j\u00e0 meurtrie. Le peuple palestinien est somm\u00e9 d\u2019accepter que son destin soit scell\u00e9 sans sa participation.<\/p>\n<p>Ce plan constitue une nouvelle grave violation des droits des Palestiniens, il n\u2019am\u00e8nera aucune paix mais, au contraire, quoi qu\u2019il advienne, il ne fera qu\u2019aggraver une situation insupportable pour les Palestiniens, mais aussi \u00e0 terme pour le peuple isra\u00e9lien. Aucun plan n\u2019aboutira s\u2019il ne tient pas compte des int\u00e9r\u00eats des Palestiniens et des Isra\u00e9liens, conform\u00e9ment au droit international.<\/p>\n<p>Des d\u00e9cennies de lutte<br \/>\nEn Isra\u00ebl et dans le monde, la mobilisation grandit pour emp\u00eacher l\u2019annexion et l\u2019application du projet destructeur de D. Trump. Les responsabilit\u00e9s de la France et de l\u2019Union europ\u00e9enne sont dans ce cadre immenses. Il serait inadmissible, comme cela se profile, d\u2019en rester \u00e0 des d\u00e9clarations de principe sans adopter des actes forts.<\/p>\n<p>Il a fallu des d\u00e9cennies de lutte des mouvements de lib\u00e9ration nationale face au colonialisme pour que la charte des Nations unies s\u2019impose pour tenter de b\u00e2tir un monde de paix. Ne pas faire respecter les r\u00e9solutions de l\u2019ONU sur la Palestine, c\u2019est se rendre complice de la d\u00e9sint\u00e9gration du droit international et de la justice. En cela, Paris doit prendre l\u2019initiative d\u2019un vote au Conseil de s\u00e9curit\u00e9.<\/p>\n<p>Sans ambigu\u00eft\u00e9 aucune, la France et l\u2019Union europ\u00e9enne doivent condamner toute id\u00e9e d\u2019annexion et reconna\u00eetre imm\u00e9diatement l\u2019\u00c9tat de Palestine dans ses fronti\u00e8res de 1967 avec J\u00e9rusalem-Est comme capitale. L\u2019unanimit\u00e9 requise des \u00c9tats de l\u2019Union europ\u00e9enne (UE) n\u2019est qu\u2019un irrecevable pr\u00e9texte dilatoire.<\/p>\n<p>Une paix juste<br \/>\nSans attendre, des sanctions doivent \u00eatre adopt\u00e9es contre l\u2019\u00c9tat d\u2019Isra\u00ebl comme la suspension de l\u2019accord d\u2019association avec l\u2019UE ou la coop\u00e9ration militaire. Il en va de m\u00eame pour les entreprises qui maintiennent des relations d\u2019affaires avec les colonies, ainsi que l\u2019interdiction d\u2019importer des produits des colonies. Ces exigences sont d\u00e9sormais port\u00e9es par des voix de divers horizons.<\/p>\n<p>Suspendre et contrecarrer toute perspective d\u2019annexion par des sanctions imm\u00e9diates, agir pour le plein respect du droit international et la reconnaissance de l\u2019\u00c9tat de Palestine afin de permettre aux Palestiniens d\u2019exercer leur droit \u00e0 l\u2019autod\u00e9termination contribueront \u00e0 faire reculer la politique du fait accompli et la violence guerri\u00e8re que B. Netanyahou et D. Trump exasp\u00e8rent. C\u2019est la condition d\u2019une paix juste et durable indispensable aux peuples palestinien et isra\u00e9lien, aux peuples de la r\u00e9gion et du monde entier.<\/p>\n<p><strong>La liste des signataires<\/strong><br \/>\nGilbert ACHCAR professeur, universit\u00e9 de Londres<\/p>\n<p>Martine ADDED enseignante retrait\u00e9e, animatrice PCF \u00e0 Blagnac<\/p>\n<p>Gadi ALGAZI historien, universit\u00e9 de Tel Aviv<\/p>\n<p>Tewfik ALLAL&nbsp; militant associatif<\/p>\n<p>Paul ALLIES professeur des Universit\u00e9s<\/p>\n<p>Jean-Loup AMSELLE anthropologue \u00e0 l&rsquo;EHESS<\/p>\n<p>Evelyne ANDRE citoyenne de Saint-Denis<\/p>\n<p>Eliane ASSASSI s\u00e9natrice de Seine Saint-Denis, pr\u00e9sidente du groupe communiste, r\u00e9publicain, citoyen et \u00e9cologiste (CRCE)<\/p>\n<p>Henri AUSSEIL<\/p>\n<p>Bertrand BADIE professeur \u00e9m\u00e9rite des universit\u00e9s \u00e0 l&rsquo;IEP-Paris<\/p>\n<p>Myriam BARBERA BOYER d\u00e9put\u00e9e honoraire, journaliste<\/p>\n<p>Mustapha BARGHOUTI Secr\u00e9taire g\u00e9n\u00e9ral de l\u2019Initiative nationale palestinienne<\/p>\n<p>Anne BAUDONNE<\/p>\n<p>Cyril BENOIT membre de la coordination nationale du MJCF<\/p>\n<p>Henri BERTHOLET ancien d\u00e9put\u00e9<\/p>\n<p>Omar BESSAOUD enseignant-chercheur en \u00e9conomie<\/p>\n<p>Danielle BIDARD-REYDET S\u00e9natrice honoraire<\/p>\n<p>Isabelle BLOCH professeure \u00e9m\u00e9rite &#8211; universit\u00e9 de Bordeaux<\/p>\n<p>David BLUMENTAL<\/p>\n<p>Jean-Pierre BOSINO maire de Montataire, conseiller d\u00e9partemental de l&rsquo;Oise et ancien s\u00e9nateur<\/p>\n<p>Alain BOUVIER cadre d\u2019entreprise retrait\u00e9, militant du PCF<\/p>\n<p>Rony BRAUMAN m\u00e9decin, essayiste<\/p>\n<p>Nadine BRIATTE retrait\u00e9e<\/p>\n<p>Corinne BRUNN m\u00e9decin retrait\u00e9e<\/p>\n<p>Marie-George BUFFET d\u00e9put\u00e9e de Seine-Saint-Denis, ancienne ministre<\/p>\n<p>Maurice BUTTIN avocat honoraire, pr\u00e9sident d&rsquo;honneur du CVPR PO<\/p>\n<p>Mathilde CAROLY maire-adjointe PCF \u00e0 Saint-Denis<\/p>\n<p>Monique CERISIER BEN GUIGA s\u00e9natrice honoraire<\/p>\n<p>G\u00e9rard CHAOUAT syndicaliste FSU, membre d&rsquo;Ensemble<\/p>\n<p>Alain CHOLLON journaliste<\/p>\n<p>Laurence COHEN s\u00e9natrice du Val-de-Marne (CRCE)<\/p>\n<p>Max COIFFAIT journaliste honoraire<\/p>\n<p>Marie-Jos\u00e9 COLLET retrait\u00e9e<\/p>\n<p>Jean-Louis COMOLLI cin\u00e9aste, \u00e9crivain<\/p>\n<p>Antoine COMTE avocat \u00e0 la Cour<\/p>\n<p>Jacqueline COUSTENOBLE retrait\u00e9e<\/p>\n<p>Janine COUX<\/p>\n<p>Annie CYNGISER retrait\u00e9e sociologue<\/p>\n<p>Christiane DARDE consultante<\/p>\n<p>L\u00e9on DEFFONTAINES secr\u00e9taire g\u00e9n\u00e9ral du MJCF<\/p>\n<p>Michel DELPACE<\/p>\n<p>Jacqueline DERENS ancienne militante contre l&rsquo;apartheid<\/p>\n<p>Michel DIARD journaliste, syndicaliste, docteur en sciences de l\u2019information et de la communication<\/p>\n<p>Michel DOLOT pacifiste<\/p>\n<p>Xavier DUBOIS conseiller municipal de Maubeuge<\/p>\n<p>Bernard DUPIN militant associatif<\/p>\n<p>G\u00e9rard FILOCHE porte-parole de la Gauche d\u00e9mocratique et sociale (GDS)<\/p>\n<p>Pierre FLAMENT militant du Mouvement de la Paix en Seine-Saint-Denis<\/p>\n<p>Jean-Luc FLAVENOT agent territorial, militant CGT et PCF<\/p>\n<p>L\u00e9o GARCIA membre de la coordination nationale du MJCF<\/p>\n<p>Fabien GAY s\u00e9nateur de Seine-Saint-Denis (CRCE)<\/p>\n<p>Olivier GEBUHRER co-animateur d&rsquo;Une Autre Voix Juive<\/p>\n<p>Pierre GETZLER<\/p>\n<p>Marcel GHESQUIERE citoyen engag\u00e9 pour la Palestine, membre de l&rsquo;UJFP et de EuroPalestine<\/p>\n<p>Marc GICQUEL militant de la solidarit\u00e9 internationale<\/p>\n<p>G\u00e9rard GUERIN ing\u00e9nieur agronome, retrait\u00e9<\/p>\n<p>Bertrand HEILBRONN pr\u00e9sident de l&rsquo;Association France Palestine Solidarit\u00e9 (AFPS)<\/p>\n<p>Adrien HELARY membre de la coordination nationale du MJCF<\/p>\n<p>Fran\u00e7oise HILY membre de la section PCF de Nangis<\/p>\n<p>Yves JARDIN professeur retrait\u00e9, militant de la cause palestinienne<\/p>\n<p>Jean-Pierre JOUSSANT cellule Bossel-Riou du PCF, quartier ch\u00e2teau-rouge Paris 18<\/p>\n<p>Denise KARNAOUCH<\/p>\n<p>Theo KECECIOGLU membre de la coordination nationale du MJCF<\/p>\n<p>Mohammed KHATIB r\u00e9sistance populaire et non violente palestinienne<\/p>\n<p>Jacqueline KISSOUS responsable associative AFPS<\/p>\n<p>Robert KISSOUS \u00e9conomiste<\/p>\n<p>Danielle LAMBERT retrait\u00e9e de l&rsquo;assurance<\/p>\n<p>Fran\u00e7oise LAPIERRE ATHON retrait\u00e9e, compagnon de route du PCF<\/p>\n<p>Pierre LAURENT s\u00e9nateur de Paris, vice-pr\u00e9sident de la commission des Affaires \u00e9trang\u00e8res au S\u00e9nat<\/p>\n<p>Ivan LAVALLEE docteur d&rsquo;\u00e9tat es sciences, pupille de la Nation<\/p>\n<p>Cl\u00e9mentine LE DUEY membre de la coordination nationale du MJCF<\/p>\n<p>M\u00e9line LE GOURRIEREC membre du collectif Palestine du PCF<\/p>\n<p>Christian LE GOURRIEREC responsable de l&rsquo;AFPS Montreuil<\/p>\n<p>Patrick LE HYARIC directeur du journal L&rsquo;Humanit\u00e9<\/p>\n<p>Aur\u00e9lie LE MEUR membre du collectif Palestine du PCF<\/p>\n<p>Ren\u00e9e LE MIGNOT co-pr\u00e9sidente du MRAP<\/p>\n<p>Patrice LECLERC maire de Gennevilliers<\/p>\n<p>Jean-Paul LECOQ d\u00e9put\u00e9 de Seine-Maritime, membre de la commission des Affaires \u00e9trang\u00e8res<\/p>\n<p>Pascal LEDERER physicien, co-animateur d&rsquo;Une Autre Voix Juive<\/p>\n<p>Jean-Claude LEFORT d\u00e9put\u00e9 honoraire<\/p>\n<p>L\u00e9onard LEMA membre de la coordination nationale du MJCF<\/p>\n<p>Daniel LESAGE<\/p>\n<p>Jacques LEWKOWICZ Union des juifs pour la r\u00e9sistance et l&rsquo;entraide (UJRE)<\/p>\n<p>Nathalie L&rsquo;HOPITAULT membre du collectif Palestine du PCF<\/p>\n<p>M\u00e9lanie LUCE pr\u00e9sidente de l&rsquo;Unef, syndicat \u00e9tudiant<\/p>\n<p>Paulina MACIAS GONZALEZ psychanalyste<\/p>\n<p>Patrick MARGATE militant du PCF<\/p>\n<p>Claude et Simone MAZAURIC historien et philosophe, professeurs honoraires des universit\u00e9s<\/p>\n<p>Fabienne MESSICA secr\u00e9taire g\u00e9n\u00e9rale adjointe de la LDH<\/p>\n<p>Michel MULLER ancien agent diplomatique, journaliste retrait\u00e9<\/p>\n<p>Camille NAGET<\/p>\n<p>Roland NIVET porte-parole national du Mouvement de la Paix<\/p>\n<p>Josette PAC<\/p>\n<p>Jeanne PECHON membre de la coordination nationale du MJCF<\/p>\n<p>Gilles PERRAULT \u00e9crivain<\/p>\n<p>Pierre PETER retrait\u00e9<\/p>\n<p>St\u00e9phane PEU d\u00e9put\u00e9 de Seine-Saint-Denis<\/p>\n<p>Ernest PIGNON-ERNEST&nbsp; artiste plasticien<\/p>\n<p>Boris PLAZZI secr\u00e9taire conf\u00e9d\u00e9ral de la CGT charg\u00e9 de l&rsquo;International<\/p>\n<p>Rapha\u00ebl PORTEILLA enseignant, Universit\u00e9 de Bourgogne<\/p>\n<p>Fran\u00e7oise POTEAU retrait\u00e9e de l&rsquo;Education nationale et \u00e9lue<\/p>\n<p>Christine PRUNAUD s\u00e9natrice des C\u00f4tes-d&rsquo;Armor<\/p>\n<p>Bernard RAVENEL historien<\/p>\n<p>Michel RIZZI cadre \u00e0 la RATP<\/p>\n<p>Fabien ROUSSEL d\u00e9put\u00e9 du Nord, secr\u00e9taire national du PCF<\/p>\n<p>Alain ROUXEL<\/p>\n<p>Alain RUSCIO historien<\/p>\n<p>Laurent RUSSIER maire de Saint-Denis<\/p>\n<p>Lydia SAMARBAKHSH responsable des relations internationales du PCF<\/p>\n<p>Claude SARCEY<\/p>\n<p>Aurore SARDA retrait\u00e9e de l&rsquo;Education national, syndicaliste dans la FSU et le SNUipp<\/p>\n<p>Leila SHAHID ex D\u00e9l\u00e9gu\u00e9e G\u00e9n\u00e9rale de Palestine en France et aupr\u00e8s de l&rsquo;Union europ\u00e9enne<\/p>\n<p>Kobi SNITZ militant anticolonialiste isra\u00e9lien<\/p>\n<p>Tauba-Raymonde STAROSWIECKI<\/p>\n<p>Annie STASSE<\/p>\n<p>Taoufiq TAHANI universitaire<\/p>\n<p>Pierre TARTAKOWSKY pr\u00e9sident honoraire de la LDH<\/p>\n<p>Jacques TESTART biologiste et essayiste<\/p>\n<p>Eric THOUZEAU conseiller r\u00e9gional GDS des Pays de la Loire<\/p>\n<p>Mathilde TRACLET membre de la coordination nationale du MJCF<\/p>\n<p>Marie-Claude TREILHOU cin\u00e9aste<\/p>\n<p>Dominique VIDAL journaliste et historien<\/p>\n<p>Francis WURTZ d\u00e9put\u00e9 europ\u00e9en PCF honoraire<\/p>\n<p>Natale ZICCHINA<\/p>\n<p>Henriette ZOUGHEBI collectif 93 pour la lib\u00e9ration des enfants palestiniens<\/p>\n<p>&nbsp;<\/p>\n<p>&nbsp;<\/p>\n","protected":false},"excerpt":{"rendered":"<p>Lettre ouverte, texte collectif Nos voix pour la paix s\u2019adressent \u00e0 Emmanuel Macron, pr\u00e9sident de la R\u00e9publique fran\u00e7aise, et Josep Borrell, haut repr\u00e9sentant de l\u2019Union europ\u00e9enne pour les Affaires ext\u00e9rieures et la politique de s\u00e9curit\u00e9.&nbsp;Texte collectif. L\u2019annonce du plan Trump et la constitution du nouveau gouvernement isra\u00e9lien cr\u00e9ent une situation nouvelle. Benyamin Netanyahou s\u2019appr\u00eate \u00e0 divulguer sa feuille de route le 1 er juillet en vue d\u2019annexer la vall\u00e9e du Jourdain et les colonies implant\u00e9es, soit la moiti\u00e9 de la Cisjordanie. &#8230; <a title=\"Cisjordanie : \u00ab L\u2019occupation c\u2019est la terreur\u2009; l\u2019annexion c\u2019est l\u2019apartheid \u00bb\" class=\"read-more\" href=\"https:\/\/www.gastonballiot.fr\/?p=8660\" aria-label=\"Plus sur Cisjordanie : \u00ab L\u2019occupation c\u2019est la terreur\u2009; l\u2019annexion c\u2019est l\u2019apartheid \u00bb\">Lire la suite&#8230;<\/a><\/p>\n","protected":false},"author":1,"featured_media":8662,"comment_status":"open","ping_status":"closed","sticky":false,"template":"","format":"standard","meta":{"ngg_post_thumbnail":0,"jetpack_post_was_ever_published":false,"_jetpack_newsletter_access":"","_jetpack_dont_email_post_to_subs":false,"_jetpack_newsletter_tier_id":0,"_jetpack_memberships_contains_paywalled_content":false,"_jetpack_memberships_contains_paid_content":false,"footnotes":"","jetpack_publicize_message":"","jetpack_publicize_feature_enabled":true,"jetpack_social_post_already_shared":false,"jetpack_social_options":{"image_generator_settings":{"template":"highway","enabled":false},"version":2}},"categories":[2,5,12,11],"tags":[29,104],"class_list":["post-8660","post","type-post","status-publish","format-standard","has-post-thumbnail","hentry","category-a-la-une","category-democratie","category-paix-desarmement","category-moyen-orient","tag-apartheid","tag-palestine","infinite-scroll-item","masonry-post","generate-columns","tablet-grid-50","mobile-grid-100","grid-parent","grid-33"],"jetpack_publicize_connections":[],"yoast_head":"<!-- This site is optimized with the Yoast SEO plugin v27.5 - https:\/\/yoast.com\/product\/yoast-seo-wordpress\/ -->\n<title>Cisjordanie : \u00ab L\u2019occupation c\u2019est la terreur\u2009; l\u2019annexion c\u2019est l\u2019apartheid \u00bb - Le blog politique de Gaston<\/title>\n<meta name=\"robots\" content=\"index, follow, max-snippet:-1, max-image-preview:large, max-video-preview:-1\" \/>\n<link rel=\"canonical\" href=\"https:\/\/www.gastonballiot.fr\/?p=8660\" \/>\n<meta property=\"og:locale\" content=\"fr_FR\" \/>\n<meta property=\"og:type\" content=\"article\" \/>\n<meta property=\"og:title\" content=\"Cisjordanie : \u00ab L\u2019occupation c\u2019est la terreur\u2009; l\u2019annexion c\u2019est l\u2019apartheid \u00bb - Le blog politique de Gaston\" \/>\n<meta property=\"og:description\" content=\"Lettre ouverte, texte collectif Nos voix pour la paix s\u2019adressent \u00e0 Emmanuel Macron, pr\u00e9sident de la R\u00e9publique fran\u00e7aise, et Josep Borrell, haut repr\u00e9sentant de l\u2019Union europ\u00e9enne pour les Affaires ext\u00e9rieures et la politique de s\u00e9curit\u00e9.&nbsp;Texte collectif. L\u2019annonce du plan Trump et la constitution du nouveau gouvernement isra\u00e9lien cr\u00e9ent une situation nouvelle. Benyamin Netanyahou s\u2019appr\u00eate \u00e0 divulguer sa feuille de route le 1 er juillet en vue d\u2019annexer la vall\u00e9e du Jourdain et les colonies implant\u00e9es, soit la moiti\u00e9 de la Cisjordanie. ... Lire la suite...\" \/>\n<meta property=\"og:url\" content=\"https:\/\/www.gastonballiot.fr\/?p=8660\" \/>\n<meta property=\"og:site_name\" content=\"Le blog politique de Gaston\" \/>\n<meta property=\"article:publisher\" content=\"https:\/\/www.facebook.com\/gaston.balliot\/\" \/>\n<meta property=\"article:author\" content=\"https:\/\/www.facebook.com\/gaston.balliot\/\" \/>\n<meta property=\"article:published_time\" content=\"2020-06-28T16:43:46+00:00\" \/>\n<meta property=\"article:modified_time\" content=\"2020-07-02T09:18:42+00:00\" \/>\n<meta property=\"og:image\" content=\"https:\/\/www.gastonballiot.fr\/wp-content\/uploads\/2020\/06\/NonAnnexionPalestine.jpg\" \/>\n\t<meta property=\"og:image:width\" content=\"770\" \/>\n\t<meta property=\"og:image:height\" content=\"500\" \/>\n\t<meta property=\"og:image:type\" content=\"image\/jpeg\" \/>\n<meta name=\"author\" content=\"gb\" \/>\n<meta name=\"twitter:card\" content=\"summary_large_image\" \/>\n<meta name=\"twitter:label1\" content=\"\u00c9crit par\" \/>\n\t<meta name=\"twitter:data1\" content=\"gb\" \/>\n\t<meta name=\"twitter:label2\" content=\"Dur\u00e9e de lecture estim\u00e9e\" \/>\n\t<meta name=\"twitter:data2\" content=\"8 minutes\" \/>\n<script type=\"application\/ld+json\" class=\"yoast-schema-graph\">{\"@context\":\"https:\\\/\\\/schema.org\",\"@graph\":[{\"@type\":\"Article\",\"@id\":\"https:\\\/\\\/www.gastonballiot.fr\\\/?p=8660#article\",\"isPartOf\":{\"@id\":\"https:\\\/\\\/www.gastonballiot.fr\\\/?p=8660\"},\"author\":{\"name\":\"gb\",\"@id\":\"https:\\\/\\\/www.gastonballiot.fr\\\/#\\\/schema\\\/person\\\/244a5e02696abd8a65c5b1bebdb948ca\"},\"headline\":\"Cisjordanie : \u00ab L\u2019occupation c\u2019est la terreur\u2009; l\u2019annexion c\u2019est l\u2019apartheid \u00bb\",\"datePublished\":\"2020-06-28T16:43:46+00:00\",\"dateModified\":\"2020-07-02T09:18:42+00:00\",\"mainEntityOfPage\":{\"@id\":\"https:\\\/\\\/www.gastonballiot.fr\\\/?p=8660\"},\"wordCount\":1600,\"commentCount\":0,\"publisher\":{\"@id\":\"https:\\\/\\\/www.gastonballiot.fr\\\/#\\\/schema\\\/person\\\/244a5e02696abd8a65c5b1bebdb948ca\"},\"image\":{\"@id\":\"https:\\\/\\\/www.gastonballiot.fr\\\/?p=8660#primaryimage\"},\"thumbnailUrl\":\"https:\\\/\\\/i0.wp.com\\\/www.gastonballiot.fr\\\/wp-content\\\/uploads\\\/2020\\\/06\\\/NonAnnexionPalestine.jpg?fit=770%2C500&ssl=1\",\"keywords\":[\"apartheid\",\"Palestine\"],\"articleSection\":[\"A la une\",\"D\u00e9mocratie\",\"Paix-D\u00e9sarmement\",\"Proche Orient\"],\"inLanguage\":\"fr-FR\",\"potentialAction\":[{\"@type\":\"CommentAction\",\"name\":\"Comment\",\"target\":[\"https:\\\/\\\/www.gastonballiot.fr\\\/?p=8660#respond\"]}]},{\"@type\":\"WebPage\",\"@id\":\"https:\\\/\\\/www.gastonballiot.fr\\\/?p=8660\",\"url\":\"https:\\\/\\\/www.gastonballiot.fr\\\/?p=8660\",\"name\":\"Cisjordanie : \u00ab L\u2019occupation c\u2019est la terreur\u2009; l\u2019annexion c\u2019est l\u2019apartheid \u00bb - Le blog politique de Gaston\",\"isPartOf\":{\"@id\":\"https:\\\/\\\/www.gastonballiot.fr\\\/#website\"},\"primaryImageOfPage\":{\"@id\":\"https:\\\/\\\/www.gastonballiot.fr\\\/?p=8660#primaryimage\"},\"image\":{\"@id\":\"https:\\\/\\\/www.gastonballiot.fr\\\/?p=8660#primaryimage\"},\"thumbnailUrl\":\"https:\\\/\\\/i0.wp.com\\\/www.gastonballiot.fr\\\/wp-content\\\/uploads\\\/2020\\\/06\\\/NonAnnexionPalestine.jpg?fit=770%2C500&ssl=1\",\"datePublished\":\"2020-06-28T16:43:46+00:00\",\"dateModified\":\"2020-07-02T09:18:42+00:00\",\"breadcrumb\":{\"@id\":\"https:\\\/\\\/www.gastonballiot.fr\\\/?p=8660#breadcrumb\"},\"inLanguage\":\"fr-FR\",\"potentialAction\":[{\"@type\":\"ReadAction\",\"target\":[\"https:\\\/\\\/www.gastonballiot.fr\\\/?p=8660\"]}]},{\"@type\":\"ImageObject\",\"inLanguage\":\"fr-FR\",\"@id\":\"https:\\\/\\\/www.gastonballiot.fr\\\/?p=8660#primaryimage\",\"url\":\"https:\\\/\\\/i0.wp.com\\\/www.gastonballiot.fr\\\/wp-content\\\/uploads\\\/2020\\\/06\\\/NonAnnexionPalestine.jpg?fit=770%2C500&ssl=1\",\"contentUrl\":\"https:\\\/\\\/i0.wp.com\\\/www.gastonballiot.fr\\\/wp-content\\\/uploads\\\/2020\\\/06\\\/NonAnnexionPalestine.jpg?fit=770%2C500&ssl=1\",\"width\":770,\"height\":500},{\"@type\":\"BreadcrumbList\",\"@id\":\"https:\\\/\\\/www.gastonballiot.fr\\\/?p=8660#breadcrumb\",\"itemListElement\":[{\"@type\":\"ListItem\",\"position\":1,\"name\":\"Accueil\",\"item\":\"https:\\\/\\\/www.gastonballiot.fr\\\/\"},{\"@type\":\"ListItem\",\"position\":2,\"name\":\"Cisjordanie : \u00ab L\u2019occupation c\u2019est la terreur\u2009; l\u2019annexion c\u2019est l\u2019apartheid \u00bb\"}]},{\"@type\":\"WebSite\",\"@id\":\"https:\\\/\\\/www.gastonballiot.fr\\\/#website\",\"url\":\"https:\\\/\\\/www.gastonballiot.fr\\\/\",\"name\":\"Le blog politique de Gaston\",\"description\":\"L&#039;humain d&#039;abord, pas la finance !\",\"publisher\":{\"@id\":\"https:\\\/\\\/www.gastonballiot.fr\\\/#\\\/schema\\\/person\\\/244a5e02696abd8a65c5b1bebdb948ca\"},\"potentialAction\":[{\"@type\":\"SearchAction\",\"target\":{\"@type\":\"EntryPoint\",\"urlTemplate\":\"https:\\\/\\\/www.gastonballiot.fr\\\/?s={search_term_string}\"},\"query-input\":{\"@type\":\"PropertyValueSpecification\",\"valueRequired\":true,\"valueName\":\"search_term_string\"}}],\"inLanguage\":\"fr-FR\"},{\"@type\":[\"Person\",\"Organization\"],\"@id\":\"https:\\\/\\\/www.gastonballiot.fr\\\/#\\\/schema\\\/person\\\/244a5e02696abd8a65c5b1bebdb948ca\",\"name\":\"gb\",\"image\":{\"@type\":\"ImageObject\",\"inLanguage\":\"fr-FR\",\"@id\":\"https:\\\/\\\/i0.wp.com\\\/www.gastonballiot.fr\\\/wp-content\\\/uploads\\\/2017\\\/04\\\/cropped-Marianne-drapeau-rouge.gif?fit=512%2C512&ssl=1\",\"url\":\"https:\\\/\\\/i0.wp.com\\\/www.gastonballiot.fr\\\/wp-content\\\/uploads\\\/2017\\\/04\\\/cropped-Marianne-drapeau-rouge.gif?fit=512%2C512&ssl=1\",\"contentUrl\":\"https:\\\/\\\/i0.wp.com\\\/www.gastonballiot.fr\\\/wp-content\\\/uploads\\\/2017\\\/04\\\/cropped-Marianne-drapeau-rouge.gif?fit=512%2C512&ssl=1\",\"width\":512,\"height\":512,\"caption\":\"gb\"},\"logo\":{\"@id\":\"https:\\\/\\\/i0.wp.com\\\/www.gastonballiot.fr\\\/wp-content\\\/uploads\\\/2017\\\/04\\\/cropped-Marianne-drapeau-rouge.gif?fit=512%2C512&ssl=1\"},\"description\":\"Gaston Balliot, militant du Front de Gauche en pays bigouden - Pont L'Abb\u00e9 - Loctudy - Guilvinec - Penmarc'h - Ile Tudy - Combrit Ste Marine - Tr\u00e9meoc - Plon\u00e9our, p\u00eache tourisme\",\"sameAs\":[\"https:\\\/\\\/www.facebook.com\\\/gaston.balliot\\\/\"]}]}<\/script>\n<!-- \/ Yoast SEO plugin. -->","yoast_head_json":{"title":"Cisjordanie : \u00ab L\u2019occupation c\u2019est la terreur\u2009; l\u2019annexion c\u2019est l\u2019apartheid \u00bb - Le blog politique de Gaston","robots":{"index":"index","follow":"follow","max-snippet":"max-snippet:-1","max-image-preview":"max-image-preview:large","max-video-preview":"max-video-preview:-1"},"canonical":"https:\/\/www.gastonballiot.fr\/?p=8660","og_locale":"fr_FR","og_type":"article","og_title":"Cisjordanie : \u00ab L\u2019occupation c\u2019est la terreur\u2009; l\u2019annexion c\u2019est l\u2019apartheid \u00bb - Le blog politique de Gaston","og_description":"Lettre ouverte, texte collectif Nos voix pour la paix s\u2019adressent \u00e0 Emmanuel Macron, pr\u00e9sident de la R\u00e9publique fran\u00e7aise, et Josep Borrell, haut repr\u00e9sentant de l\u2019Union europ\u00e9enne pour les Affaires ext\u00e9rieures et la politique de s\u00e9curit\u00e9.&nbsp;Texte collectif. L\u2019annonce du plan Trump et la constitution du nouveau gouvernement isra\u00e9lien cr\u00e9ent une situation nouvelle. Benyamin Netanyahou s\u2019appr\u00eate \u00e0 divulguer sa feuille de route le 1 er juillet en vue d\u2019annexer la vall\u00e9e du Jourdain et les colonies implant\u00e9es, soit la moiti\u00e9 de la Cisjordanie. ... Lire la suite...","og_url":"https:\/\/www.gastonballiot.fr\/?p=8660","og_site_name":"Le blog politique de Gaston","article_publisher":"https:\/\/www.facebook.com\/gaston.balliot\/","article_author":"https:\/\/www.facebook.com\/gaston.balliot\/","article_published_time":"2020-06-28T16:43:46+00:00","article_modified_time":"2020-07-02T09:18:42+00:00","og_image":[{"width":770,"height":500,"url":"https:\/\/www.gastonballiot.fr\/wp-content\/uploads\/2020\/06\/NonAnnexionPalestine.jpg","type":"image\/jpeg"}],"author":"gb","twitter_card":"summary_large_image","twitter_misc":{"\u00c9crit par":"gb","Dur\u00e9e de lecture estim\u00e9e":"8 minutes"},"schema":{"@context":"https:\/\/schema.org","@graph":[{"@type":"Article","@id":"https:\/\/www.gastonballiot.fr\/?p=8660#article","isPartOf":{"@id":"https:\/\/www.gastonballiot.fr\/?p=8660"},"author":{"name":"gb","@id":"https:\/\/www.gastonballiot.fr\/#\/schema\/person\/244a5e02696abd8a65c5b1bebdb948ca"},"headline":"Cisjordanie : \u00ab L\u2019occupation c\u2019est la terreur\u2009; l\u2019annexion c\u2019est l\u2019apartheid \u00bb","datePublished":"2020-06-28T16:43:46+00:00","dateModified":"2020-07-02T09:18:42+00:00","mainEntityOfPage":{"@id":"https:\/\/www.gastonballiot.fr\/?p=8660"},"wordCount":1600,"commentCount":0,"publisher":{"@id":"https:\/\/www.gastonballiot.fr\/#\/schema\/person\/244a5e02696abd8a65c5b1bebdb948ca"},"image":{"@id":"https:\/\/www.gastonballiot.fr\/?p=8660#primaryimage"},"thumbnailUrl":"https:\/\/i0.wp.com\/www.gastonballiot.fr\/wp-content\/uploads\/2020\/06\/NonAnnexionPalestine.jpg?fit=770%2C500&ssl=1","keywords":["apartheid","Palestine"],"articleSection":["A la une","D\u00e9mocratie","Paix-D\u00e9sarmement","Proche Orient"],"inLanguage":"fr-FR","potentialAction":[{"@type":"CommentAction","name":"Comment","target":["https:\/\/www.gastonballiot.fr\/?p=8660#respond"]}]},{"@type":"WebPage","@id":"https:\/\/www.gastonballiot.fr\/?p=8660","url":"https:\/\/www.gastonballiot.fr\/?p=8660","name":"Cisjordanie : \u00ab L\u2019occupation c\u2019est la terreur\u2009; l\u2019annexion c\u2019est l\u2019apartheid \u00bb - Le blog politique de Gaston","isPartOf":{"@id":"https:\/\/www.gastonballiot.fr\/#website"},"primaryImageOfPage":{"@id":"https:\/\/www.gastonballiot.fr\/?p=8660#primaryimage"},"image":{"@id":"https:\/\/www.gastonballiot.fr\/?p=8660#primaryimage"},"thumbnailUrl":"https:\/\/i0.wp.com\/www.gastonballiot.fr\/wp-content\/uploads\/2020\/06\/NonAnnexionPalestine.jpg?fit=770%2C500&ssl=1","datePublished":"2020-06-28T16:43:46+00:00","dateModified":"2020-07-02T09:18:42+00:00","breadcrumb":{"@id":"https:\/\/www.gastonballiot.fr\/?p=8660#breadcrumb"},"inLanguage":"fr-FR","potentialAction":[{"@type":"ReadAction","target":["https:\/\/www.gastonballiot.fr\/?p=8660"]}]},{"@type":"ImageObject","inLanguage":"fr-FR","@id":"https:\/\/www.gastonballiot.fr\/?p=8660#primaryimage","url":"https:\/\/i0.wp.com\/www.gastonballiot.fr\/wp-content\/uploads\/2020\/06\/NonAnnexionPalestine.jpg?fit=770%2C500&ssl=1","contentUrl":"https:\/\/i0.wp.com\/www.gastonballiot.fr\/wp-content\/uploads\/2020\/06\/NonAnnexionPalestine.jpg?fit=770%2C500&ssl=1","width":770,"height":500},{"@type":"BreadcrumbList","@id":"https:\/\/www.gastonballiot.fr\/?p=8660#breadcrumb","itemListElement":[{"@type":"ListItem","position":1,"name":"Accueil","item":"https:\/\/www.gastonballiot.fr\/"},{"@type":"ListItem","position":2,"name":"Cisjordanie : \u00ab L\u2019occupation c\u2019est la terreur\u2009; l\u2019annexion c\u2019est l\u2019apartheid \u00bb"}]},{"@type":"WebSite","@id":"https:\/\/www.gastonballiot.fr\/#website","url":"https:\/\/www.gastonballiot.fr\/","name":"Le blog politique de Gaston","description":"L&#039;humain d&#039;abord, pas la finance !","publisher":{"@id":"https:\/\/www.gastonballiot.fr\/#\/schema\/person\/244a5e02696abd8a65c5b1bebdb948ca"},"potentialAction":[{"@type":"SearchAction","target":{"@type":"EntryPoint","urlTemplate":"https:\/\/www.gastonballiot.fr\/?s={search_term_string}"},"query-input":{"@type":"PropertyValueSpecification","valueRequired":true,"valueName":"search_term_string"}}],"inLanguage":"fr-FR"},{"@type":["Person","Organization"],"@id":"https:\/\/www.gastonballiot.fr\/#\/schema\/person\/244a5e02696abd8a65c5b1bebdb948ca","name":"gb","image":{"@type":"ImageObject","inLanguage":"fr-FR","@id":"https:\/\/i0.wp.com\/www.gastonballiot.fr\/wp-content\/uploads\/2017\/04\/cropped-Marianne-drapeau-rouge.gif?fit=512%2C512&ssl=1","url":"https:\/\/i0.wp.com\/www.gastonballiot.fr\/wp-content\/uploads\/2017\/04\/cropped-Marianne-drapeau-rouge.gif?fit=512%2C512&ssl=1","contentUrl":"https:\/\/i0.wp.com\/www.gastonballiot.fr\/wp-content\/uploads\/2017\/04\/cropped-Marianne-drapeau-rouge.gif?fit=512%2C512&ssl=1","width":512,"height":512,"caption":"gb"},"logo":{"@id":"https:\/\/i0.wp.com\/www.gastonballiot.fr\/wp-content\/uploads\/2017\/04\/cropped-Marianne-drapeau-rouge.gif?fit=512%2C512&ssl=1"},"description":"Gaston Balliot, militant du Front de Gauche en pays bigouden - Pont L'Abb\u00e9 - Loctudy - Guilvinec - Penmarc'h - Ile Tudy - Combrit Ste Marine - Tr\u00e9meoc - Plon\u00e9our, p\u00eache tourisme","sameAs":["https:\/\/www.facebook.com\/gaston.balliot\/"]}]}},"jetpack_featured_media_url":"https:\/\/i0.wp.com\/www.gastonballiot.fr\/wp-content\/uploads\/2020\/06\/NonAnnexionPalestine.jpg?fit=770%2C500&ssl=1","jetpack_shortlink":"https:\/\/wp.me\/p5UTaD-2fG","jetpack-related-posts":[],"jetpack_likes_enabled":true,"jetpack_sharing_enabled":true,"_links":{"self":[{"href":"https:\/\/www.gastonballiot.fr\/index.php?rest_route=\/wp\/v2\/posts\/8660","targetHints":{"allow":["GET"]}}],"collection":[{"href":"https:\/\/www.gastonballiot.fr\/index.php?rest_route=\/wp\/v2\/posts"}],"about":[{"href":"https:\/\/www.gastonballiot.fr\/index.php?rest_route=\/wp\/v2\/types\/post"}],"author":[{"embeddable":true,"href":"https:\/\/www.gastonballiot.fr\/index.php?rest_route=\/wp\/v2\/users\/1"}],"replies":[{"embeddable":true,"href":"https:\/\/www.gastonballiot.fr\/index.php?rest_route=%2Fwp%2Fv2%2Fcomments&post=8660"}],"version-history":[{"count":0,"href":"https:\/\/www.gastonballiot.fr\/index.php?rest_route=\/wp\/v2\/posts\/8660\/revisions"}],"wp:featuredmedia":[{"embeddable":true,"href":"https:\/\/www.gastonballiot.fr\/index.php?rest_route=\/wp\/v2\/media\/8662"}],"wp:attachment":[{"href":"https:\/\/www.gastonballiot.fr\/index.php?rest_route=%2Fwp%2Fv2%2Fmedia&parent=8660"}],"wp:term":[{"taxonomy":"category","embeddable":true,"href":"https:\/\/www.gastonballiot.fr\/index.php?rest_route=%2Fwp%2Fv2%2Fcategories&post=8660"},{"taxonomy":"post_tag","embeddable":true,"href":"https:\/\/www.gastonballiot.fr\/index.php?rest_route=%2Fwp%2Fv2%2Ftags&post=8660"}],"curies":[{"name":"wp","href":"https:\/\/api.w.org\/{rel}","templated":true}]}}