{"id":8782,"date":"2020-10-16T09:40:44","date_gmt":"2020-10-16T07:40:44","guid":{"rendered":"https:\/\/www.gastonballiot.fr\/?p=8782"},"modified":"2020-10-16T15:10:53","modified_gmt":"2020-10-16T13:10:53","slug":"les-francais-payent-lechec-de-la-politique-sanitaire-demmanuel-macron","status":"publish","type":"post","link":"https:\/\/www.gastonballiot.fr\/?p=8782","title":{"rendered":"Les Fran\u00e7ais payent l&rsquo;\u00e9chec de la politique sanitaire d&rsquo;Emmanuel Macron"},"content":{"rendered":"<p><a href=\"https:\/\/i0.wp.com\/www.gastonballiot.fr\/wp-content\/uploads\/2020\/10\/CyniqueEtAbsurde.jpg?ssl=1\"><img data-recalc-dims=\"1\" loading=\"lazy\" decoding=\"async\" data-attachment-id=\"8783\" data-permalink=\"https:\/\/www.gastonballiot.fr\/?attachment_id=8783#main\" data-orig-file=\"https:\/\/i0.wp.com\/www.gastonballiot.fr\/wp-content\/uploads\/2020\/10\/CyniqueEtAbsurde.jpg?fit=526%2C526&amp;ssl=1\" data-orig-size=\"526,526\" data-comments-opened=\"1\" data-image-meta=\"{&quot;aperture&quot;:&quot;0&quot;,&quot;credit&quot;:&quot;&quot;,&quot;camera&quot;:&quot;&quot;,&quot;caption&quot;:&quot;&quot;,&quot;created_timestamp&quot;:&quot;0&quot;,&quot;copyright&quot;:&quot;&quot;,&quot;focal_length&quot;:&quot;0&quot;,&quot;iso&quot;:&quot;0&quot;,&quot;shutter_speed&quot;:&quot;0&quot;,&quot;title&quot;:&quot;&quot;,&quot;orientation&quot;:&quot;0&quot;}\" data-image-title=\"CyniqueEtAbsurde\" data-image-description=\"\" data-image-caption=\"\" data-medium-file=\"https:\/\/i0.wp.com\/www.gastonballiot.fr\/wp-content\/uploads\/2020\/10\/CyniqueEtAbsurde.jpg?fit=300%2C300&amp;ssl=1\" data-large-file=\"https:\/\/i0.wp.com\/www.gastonballiot.fr\/wp-content\/uploads\/2020\/10\/CyniqueEtAbsurde.jpg?fit=526%2C526&amp;ssl=1\" class=\"aligncenter wp-image-8783 size-full\" src=\"https:\/\/i0.wp.com\/www.gastonballiot.fr\/wp-content\/uploads\/2020\/10\/CyniqueEtAbsurde.jpg?resize=526%2C526&#038;ssl=1\" alt=\"\" width=\"526\" height=\"526\" srcset=\"https:\/\/i0.wp.com\/www.gastonballiot.fr\/wp-content\/uploads\/2020\/10\/CyniqueEtAbsurde.jpg?w=526&amp;ssl=1 526w, https:\/\/i0.wp.com\/www.gastonballiot.fr\/wp-content\/uploads\/2020\/10\/CyniqueEtAbsurde.jpg?resize=300%2C300&amp;ssl=1 300w, https:\/\/i0.wp.com\/www.gastonballiot.fr\/wp-content\/uploads\/2020\/10\/CyniqueEtAbsurde.jpg?resize=150%2C150&amp;ssl=1 150w\" sizes=\"auto, (max-width: 526px) 100vw, 526px\" \/><\/a><\/p>\n<p>Lien vers une r\u00e9action du PCF apr\u00e8s le discours du pr\u00e9sident :<\/p>\n<p><a href=\"https:\/\/www.pcf.fr\/actualite_covid_19_annonces_les_fran_ais_payent_l_chec_de_la_politique_sanitaire_d_emmanuel_macron?fbclid=IwAR1rFx_FL17PZA5CGRokaD-iRrJTbh57hjExlQuVm6V4RYQWlez7BQ4q5hU\" target=\"_blank\" rel=\"noopener noreferrer\">https:\/\/www.pcf.fr\/actualite_covid_19_annonces_les_fran_ais_payent_l_chec_de_la_politique_sanitaire_d_emmanuel_macron?fbclid=IwAR1rFx_FL17PZA5CGRokaD-iRrJTbh57hjExlQuVm6V4RYQWlez7BQ4q5hU<\/a><\/p>\n<p><img data-recalc-dims=\"1\" loading=\"lazy\" decoding=\"async\" data-attachment-id=\"8785\" data-permalink=\"https:\/\/www.gastonballiot.fr\/?attachment_id=8785#main\" data-orig-file=\"https:\/\/i0.wp.com\/www.gastonballiot.fr\/wp-content\/uploads\/2020\/10\/HopitalNbDeLits.png?fit=568%2C197&amp;ssl=1\" data-orig-size=\"568,197\" data-comments-opened=\"1\" data-image-meta=\"{&quot;aperture&quot;:&quot;0&quot;,&quot;credit&quot;:&quot;&quot;,&quot;camera&quot;:&quot;&quot;,&quot;caption&quot;:&quot;&quot;,&quot;created_timestamp&quot;:&quot;0&quot;,&quot;copyright&quot;:&quot;&quot;,&quot;focal_length&quot;:&quot;0&quot;,&quot;iso&quot;:&quot;0&quot;,&quot;shutter_speed&quot;:&quot;0&quot;,&quot;title&quot;:&quot;&quot;,&quot;orientation&quot;:&quot;0&quot;}\" data-image-title=\"HopitalNbDeLits\" data-image-description=\"\" data-image-caption=\"\" data-medium-file=\"https:\/\/i0.wp.com\/www.gastonballiot.fr\/wp-content\/uploads\/2020\/10\/HopitalNbDeLits.png?fit=300%2C104&amp;ssl=1\" data-large-file=\"https:\/\/i0.wp.com\/www.gastonballiot.fr\/wp-content\/uploads\/2020\/10\/HopitalNbDeLits.png?fit=568%2C197&amp;ssl=1\" class=\"aligncenter size-full wp-image-8785\" src=\"https:\/\/i0.wp.com\/www.gastonballiot.fr\/wp-content\/uploads\/2020\/10\/HopitalNbDeLits.png?resize=568%2C197&#038;ssl=1\" alt=\"\" width=\"568\" height=\"197\" srcset=\"https:\/\/i0.wp.com\/www.gastonballiot.fr\/wp-content\/uploads\/2020\/10\/HopitalNbDeLits.png?w=568&amp;ssl=1 568w, https:\/\/i0.wp.com\/www.gastonballiot.fr\/wp-content\/uploads\/2020\/10\/HopitalNbDeLits.png?resize=300%2C104&amp;ssl=1 300w\" sizes=\"auto, (max-width: 568px) 100vw, 568px\" \/><\/p>\n<p>La politique sanitaiire de Macron se situe dans la logique de casse de la Sant\u00e9 initi\u00e9e par Sarkozy puis Hollande : des restrictions successives et aucune vue \u00e0 long terme.<\/p>\n<p>Il est incroyable qu&rsquo;aucun des journalistes n&rsquo;ait pos\u00e9 la question de la situation des h\u00f4pitaux et du peu de cas que le pouvoir en fait.<\/p>\n<p><img data-recalc-dims=\"1\" loading=\"lazy\" decoding=\"async\" data-attachment-id=\"8786\" data-permalink=\"https:\/\/www.gastonballiot.fr\/?attachment_id=8786#main\" data-orig-file=\"https:\/\/i0.wp.com\/www.gastonballiot.fr\/wp-content\/uploads\/2020\/10\/ChienDeGarde.png?fit=504%2C234&amp;ssl=1\" data-orig-size=\"504,234\" data-comments-opened=\"1\" data-image-meta=\"{&quot;aperture&quot;:&quot;0&quot;,&quot;credit&quot;:&quot;&quot;,&quot;camera&quot;:&quot;&quot;,&quot;caption&quot;:&quot;&quot;,&quot;created_timestamp&quot;:&quot;0&quot;,&quot;copyright&quot;:&quot;&quot;,&quot;focal_length&quot;:&quot;0&quot;,&quot;iso&quot;:&quot;0&quot;,&quot;shutter_speed&quot;:&quot;0&quot;,&quot;title&quot;:&quot;&quot;,&quot;orientation&quot;:&quot;0&quot;}\" data-image-title=\"ChienDeGarde\" data-image-description=\"\" data-image-caption=\"\" data-medium-file=\"https:\/\/i0.wp.com\/www.gastonballiot.fr\/wp-content\/uploads\/2020\/10\/ChienDeGarde.png?fit=300%2C139&amp;ssl=1\" data-large-file=\"https:\/\/i0.wp.com\/www.gastonballiot.fr\/wp-content\/uploads\/2020\/10\/ChienDeGarde.png?fit=504%2C234&amp;ssl=1\" class=\"aligncenter size-full wp-image-8786\" src=\"https:\/\/i0.wp.com\/www.gastonballiot.fr\/wp-content\/uploads\/2020\/10\/ChienDeGarde.png?resize=504%2C234&#038;ssl=1\" alt=\"\" width=\"504\" height=\"234\" srcset=\"https:\/\/i0.wp.com\/www.gastonballiot.fr\/wp-content\/uploads\/2020\/10\/ChienDeGarde.png?w=504&amp;ssl=1 504w, https:\/\/i0.wp.com\/www.gastonballiot.fr\/wp-content\/uploads\/2020\/10\/ChienDeGarde.png?resize=300%2C139&amp;ssl=1 300w\" sizes=\"auto, (max-width: 504px) 100vw, 504px\" \/>Un exemple parmi tant d&rsquo;autres :<\/p>\n<h2 class=\"titre \"><a href=\"https:\/\/www.ouest-france.fr\/bretagne\/concarneau-29900\/concarneau-a-l-hopital-la-situation-est-effrayante-7014812?fbclid=IwAR3HxfHzo6FGvrgtH_d1pjJ63ZiVND_PbIaJP05ipGnovLUjzIIoNCmHgqE\" target=\"_blank\" rel=\"noopener noreferrer\">Concarneau : \u00c0 l\u2019h\u00f4pital, \u00ab la situation est effrayante \u00bb <\/a>un article de Ouest France<\/h2>\n<p style=\"text-align: center;\">A Quimper le personnel fait les frais du d\u00e9ficit colossal (12 M\u20ac cette ann\u00e9e)<\/p>\n<p><a href=\"https:\/\/i0.wp.com\/www.gastonballiot.fr\/wp-content\/uploads\/2020\/10\/Quimper.png?ssl=1\"><img data-recalc-dims=\"1\" loading=\"lazy\" decoding=\"async\" data-attachment-id=\"8790\" data-permalink=\"https:\/\/www.gastonballiot.fr\/?attachment_id=8790#main\" data-orig-file=\"https:\/\/i0.wp.com\/www.gastonballiot.fr\/wp-content\/uploads\/2020\/10\/Quimper.png?fit=828%2C649&amp;ssl=1\" data-orig-size=\"828,649\" data-comments-opened=\"1\" data-image-meta=\"{&quot;aperture&quot;:&quot;0&quot;,&quot;credit&quot;:&quot;&quot;,&quot;camera&quot;:&quot;&quot;,&quot;caption&quot;:&quot;&quot;,&quot;created_timestamp&quot;:&quot;0&quot;,&quot;copyright&quot;:&quot;&quot;,&quot;focal_length&quot;:&quot;0&quot;,&quot;iso&quot;:&quot;0&quot;,&quot;shutter_speed&quot;:&quot;0&quot;,&quot;title&quot;:&quot;&quot;,&quot;orientation&quot;:&quot;0&quot;}\" data-image-title=\"Quimper\" data-image-description=\"\" data-image-caption=\"\" data-medium-file=\"https:\/\/i0.wp.com\/www.gastonballiot.fr\/wp-content\/uploads\/2020\/10\/Quimper.png?fit=300%2C235&amp;ssl=1\" data-large-file=\"https:\/\/i0.wp.com\/www.gastonballiot.fr\/wp-content\/uploads\/2020\/10\/Quimper.png?fit=828%2C649&amp;ssl=1\" class=\"aligncenter size-full wp-image-8790\" src=\"https:\/\/i0.wp.com\/www.gastonballiot.fr\/wp-content\/uploads\/2020\/10\/Quimper.png?resize=828%2C649&#038;ssl=1\" alt=\"\" width=\"828\" height=\"649\" srcset=\"https:\/\/i0.wp.com\/www.gastonballiot.fr\/wp-content\/uploads\/2020\/10\/Quimper.png?w=828&amp;ssl=1 828w, https:\/\/i0.wp.com\/www.gastonballiot.fr\/wp-content\/uploads\/2020\/10\/Quimper.png?resize=300%2C235&amp;ssl=1 300w, https:\/\/i0.wp.com\/www.gastonballiot.fr\/wp-content\/uploads\/2020\/10\/Quimper.png?resize=768%2C602&amp;ssl=1 768w, https:\/\/i0.wp.com\/www.gastonballiot.fr\/wp-content\/uploads\/2020\/10\/Quimper.png?resize=600%2C470&amp;ssl=1 600w\" sizes=\"auto, (max-width: 828px) 100vw, 828px\" \/><\/a><\/p>\n<h3><a href=\"https:\/\/www.20minutes.fr\/societe\/2885451-20201014-coronavirus-paralyse-pays-parce-manque-place-hopitaux-deplore-patrick-pelloux?fbclid=IwAR3rMJxPDzeJkdnZcO0TDx-R1XLjW40kj0yPqgg-nvn9ObZdH1ZUur8syCA\" target=\"_blank\" rel=\"noopener noreferrer\">On paralyse le pays parce qu&rsquo;on manque de lits dans les h\u00f4pitaux d\u00e9nonce Patrick Pelloux pr\u00e9sident de l\u2019Association des m\u00e9decins urgentistes de France (Amuf)<\/a><\/h3>\n<p style=\"text-align: center;\"><span style=\"color: #993300;\">Macron aurait pu annoncer un grand plan Marshall pour l&rsquo;H\u00f4pital ! <strong>Vous r\u00eavez !<\/strong> Ses priorit\u00e9s sont bien ailleurs &#8230;<\/span><\/p>\n<p>Simultan\u00e9ment la pauvret\u00e9 explose, le d\u00e9sarroi, mais cela non plus ce n&rsquo;est pas un sujet important pour ce pouvoir. Les amis milliardaires voient leurs profits exploser.<\/p>\n<h3 style=\"text-align: center;\"><a href=\"https:\/\/www.gastonballiot.fr\/la-pauvrete-explose-cri-dalarme-du-secours-populaire\/\" target=\"_blank\" rel=\"noopener noreferrer\">voir mon article pr\u00e9c\u00e9dent<\/a><\/h3>\n<p><a href=\"https:\/\/i0.wp.com\/www.gastonballiot.fr\/wp-content\/uploads\/2020\/10\/NosViesLeursProfits.jpg?ssl=1\"><img data-recalc-dims=\"1\" loading=\"lazy\" decoding=\"async\" data-attachment-id=\"8794\" data-permalink=\"https:\/\/www.gastonballiot.fr\/?attachment_id=8794#main\" data-orig-file=\"https:\/\/i0.wp.com\/www.gastonballiot.fr\/wp-content\/uploads\/2020\/10\/NosViesLeursProfits.jpg?fit=676%2C380&amp;ssl=1\" data-orig-size=\"676,380\" data-comments-opened=\"1\" data-image-meta=\"{&quot;aperture&quot;:&quot;0&quot;,&quot;credit&quot;:&quot;&quot;,&quot;camera&quot;:&quot;&quot;,&quot;caption&quot;:&quot;&quot;,&quot;created_timestamp&quot;:&quot;0&quot;,&quot;copyright&quot;:&quot;&quot;,&quot;focal_length&quot;:&quot;0&quot;,&quot;iso&quot;:&quot;0&quot;,&quot;shutter_speed&quot;:&quot;0&quot;,&quot;title&quot;:&quot;&quot;,&quot;orientation&quot;:&quot;1&quot;}\" data-image-title=\"NosViesLeursProfits\" data-image-description=\"\" data-image-caption=\"\" data-medium-file=\"https:\/\/i0.wp.com\/www.gastonballiot.fr\/wp-content\/uploads\/2020\/10\/NosViesLeursProfits.jpg?fit=300%2C169&amp;ssl=1\" data-large-file=\"https:\/\/i0.wp.com\/www.gastonballiot.fr\/wp-content\/uploads\/2020\/10\/NosViesLeursProfits.jpg?fit=676%2C380&amp;ssl=1\" class=\"size-full wp-image-8794 alignleft\" src=\"https:\/\/i0.wp.com\/www.gastonballiot.fr\/wp-content\/uploads\/2020\/10\/NosViesLeursProfits.jpg?resize=676%2C380&#038;ssl=1\" alt=\"\" width=\"676\" height=\"380\" srcset=\"https:\/\/i0.wp.com\/www.gastonballiot.fr\/wp-content\/uploads\/2020\/10\/NosViesLeursProfits.jpg?w=676&amp;ssl=1 676w, https:\/\/i0.wp.com\/www.gastonballiot.fr\/wp-content\/uploads\/2020\/10\/NosViesLeursProfits.jpg?resize=300%2C169&amp;ssl=1 300w, https:\/\/i0.wp.com\/www.gastonballiot.fr\/wp-content\/uploads\/2020\/10\/NosViesLeursProfits.jpg?resize=600%2C337&amp;ssl=1 600w\" sizes=\"auto, (max-width: 676px) 100vw, 676px\" \/><\/a><\/p>\n<h3>&nbsp;<\/h3>\n<h3>De l\u2019argent pour l\u2019h\u00f4pital<br \/>\net pour le social,<br \/>\npas pour le capital ..<\/h3>\n<p>&nbsp;<\/p>\n<p>&nbsp;<\/p>\n<p>&nbsp;<\/p>\n<p>&nbsp;<\/p>\n<p>&nbsp;<\/p>\n<p>&nbsp;<\/p>\n<blockquote class=\"wp-embedded-content\" data-secret=\"cG5nywbRXw\"><p><a href=\"https:\/\/www.sudradio.fr\/societe\/couvre-feu-et-mesures-sanitaires-renforcees-laveugle-va-guider-le-paralytique\/\">Professeur Toussaint &#8211; \u00ab\u00a0L&rsquo;\u00c9tat d\u00e9truit m\u00e9thodiquement la soci\u00e9t\u00e9 et l&rsquo;avenir de la jeunesse\u00a0\u00bb<\/a><\/p><\/blockquote>\n<p><iframe loading=\"lazy\" class=\"wp-embedded-content\" sandbox=\"allow-scripts\" security=\"restricted\" style=\"position: absolute; clip: rect(1px, 1px, 1px, 1px);\" title=\"\u00ab\u00a0Professeur Toussaint - &quot;L&#039;\u00c9tat d\u00e9truit m\u00e9thodiquement la soci\u00e9t\u00e9 et l&#039;avenir de la jeunesse&quot;\u00a0\u00bb &#8212; Sud Radio\" src=\"https:\/\/www.sudradio.fr\/societe\/couvre-feu-et-mesures-sanitaires-renforcees-laveugle-va-guider-le-paralytique\/embed\/#?secret=cG5nywbRXw\" data-secret=\"cG5nywbRXw\" width=\"600\" height=\"338\" frameborder=\"0\" marginwidth=\"0\" marginheight=\"0\" scrolling=\"no\"><\/iframe><\/p>\n<p>&nbsp;<\/p>\n","protected":false},"excerpt":{"rendered":"<p>Lien vers une r\u00e9action du PCF apr\u00e8s le discours du pr\u00e9sident : https:\/\/www.pcf.fr\/actualite_covid_19_annonces_les_fran_ais_payent_l_chec_de_la_politique_sanitaire_d_emmanuel_macron?fbclid=IwAR1rFx_FL17PZA5CGRokaD-iRrJTbh57hjExlQuVm6V4RYQWlez7BQ4q5hU La politique sanitaiire de Macron se situe dans la logique de casse de la Sant\u00e9 initi\u00e9e par Sarkozy puis Hollande : des restrictions successives et aucune vue \u00e0 long terme. Il est incroyable qu&rsquo;aucun des journalistes n&rsquo;ait pos\u00e9 la question de la situation des h\u00f4pitaux et du peu de cas que le pouvoir en fait. Un exemple parmi tant d&rsquo;autres : Concarneau : \u00c0 l\u2019h\u00f4pital, \u00ab la situation &#8230; <a title=\"Les Fran\u00e7ais payent l&rsquo;\u00e9chec de la politique sanitaire d&rsquo;Emmanuel Macron\" class=\"read-more\" href=\"https:\/\/www.gastonballiot.fr\/?p=8782\" aria-label=\"Plus sur Les Fran\u00e7ais payent l&rsquo;\u00e9chec de la politique sanitaire d&rsquo;Emmanuel Macron\">Lire la suite&#8230;<\/a><\/p>\n","protected":false},"author":1,"featured_media":0,"comment_status":"open","ping_status":"closed","sticky":false,"template":"","format":"standard","meta":{"ngg_post_thumbnail":0,"jetpack_post_was_ever_published":false,"_jetpack_newsletter_access":"","_jetpack_dont_email_post_to_subs":false,"_jetpack_newsletter_tier_id":0,"_jetpack_memberships_contains_paywalled_content":false,"_jetpack_memberships_contains_paid_content":false,"footnotes":"","jetpack_publicize_message":"","jetpack_publicize_feature_enabled":true,"jetpack_social_post_already_shared":false,"jetpack_social_options":{"image_generator_settings":{"template":"highway","enabled":false},"version":2}},"categories":[2,5,6,21],"tags":[490,74,84,302,106,203],"class_list":["post-8782","post","type-post","status-publish","format-standard","hentry","category-a-la-une","category-democratie","category-economie","category-sante","tag-hopital","tag-inegalites","tag-liberte","tag-mensonge","tag-pauvrete","tag-sante","infinite-scroll-item","masonry-post","generate-columns","tablet-grid-50","mobile-grid-100","grid-parent","grid-33"],"jetpack_publicize_connections":[],"yoast_head":"<!-- This site is optimized with the Yoast SEO plugin v27.5 - https:\/\/yoast.com\/product\/yoast-seo-wordpress\/ -->\n<title>Les Fran\u00e7ais payent l&#039;\u00e9chec de la politique sanitaire d&#039;Emmanuel Macron - Le blog politique de Gaston<\/title>\n<meta name=\"robots\" content=\"index, follow, max-snippet:-1, max-image-preview:large, max-video-preview:-1\" \/>\n<link rel=\"canonical\" href=\"https:\/\/www.gastonballiot.fr\/?p=8782\" \/>\n<meta property=\"og:locale\" content=\"fr_FR\" \/>\n<meta property=\"og:type\" content=\"article\" \/>\n<meta property=\"og:title\" content=\"Les Fran\u00e7ais payent l&#039;\u00e9chec de la politique sanitaire d&#039;Emmanuel Macron - Le blog politique de Gaston\" \/>\n<meta property=\"og:description\" content=\"Lien vers une r\u00e9action du PCF apr\u00e8s le discours du pr\u00e9sident : https:\/\/www.pcf.fr\/actualite_covid_19_annonces_les_fran_ais_payent_l_chec_de_la_politique_sanitaire_d_emmanuel_macron?fbclid=IwAR1rFx_FL17PZA5CGRokaD-iRrJTbh57hjExlQuVm6V4RYQWlez7BQ4q5hU La politique sanitaiire de Macron se situe dans la logique de casse de la Sant\u00e9 initi\u00e9e par Sarkozy puis Hollande : des restrictions successives et aucune vue \u00e0 long terme. Il est incroyable qu&rsquo;aucun des journalistes n&rsquo;ait pos\u00e9 la question de la situation des h\u00f4pitaux et du peu de cas que le pouvoir en fait. Un exemple parmi tant d&rsquo;autres : Concarneau : \u00c0 l\u2019h\u00f4pital, \u00ab la situation ... Lire la suite...\" \/>\n<meta property=\"og:url\" content=\"https:\/\/www.gastonballiot.fr\/?p=8782\" \/>\n<meta property=\"og:site_name\" content=\"Le blog politique de Gaston\" \/>\n<meta property=\"article:publisher\" content=\"https:\/\/www.facebook.com\/gaston.balliot\/\" \/>\n<meta property=\"article:author\" content=\"https:\/\/www.facebook.com\/gaston.balliot\/\" \/>\n<meta property=\"article:published_time\" content=\"2020-10-16T07:40:44+00:00\" \/>\n<meta property=\"article:modified_time\" content=\"2020-10-16T13:10:53+00:00\" \/>\n<meta property=\"og:image\" content=\"https:\/\/www.gastonballiot.fr\/wp-content\/uploads\/2020\/10\/CyniqueEtAbsurde.jpg\" \/>\n<meta name=\"author\" content=\"gb\" \/>\n<meta name=\"twitter:card\" content=\"summary_large_image\" \/>\n<meta name=\"twitter:label1\" content=\"\u00c9crit par\" \/>\n\t<meta name=\"twitter:data1\" content=\"gb\" \/>\n\t<meta name=\"twitter:label2\" content=\"Dur\u00e9e de lecture estim\u00e9e\" \/>\n\t<meta name=\"twitter:data2\" content=\"1 minute\" \/>\n<script type=\"application\/ld+json\" class=\"yoast-schema-graph\">{\"@context\":\"https:\\\/\\\/schema.org\",\"@graph\":[{\"@type\":\"Article\",\"@id\":\"https:\\\/\\\/www.gastonballiot.fr\\\/?p=8782#article\",\"isPartOf\":{\"@id\":\"https:\\\/\\\/www.gastonballiot.fr\\\/?p=8782\"},\"author\":{\"name\":\"gb\",\"@id\":\"https:\\\/\\\/www.gastonballiot.fr\\\/#\\\/schema\\\/person\\\/244a5e02696abd8a65c5b1bebdb948ca\"},\"headline\":\"Les Fran\u00e7ais payent l&rsquo;\u00e9chec de la politique sanitaire d&rsquo;Emmanuel Macron\",\"datePublished\":\"2020-10-16T07:40:44+00:00\",\"dateModified\":\"2020-10-16T13:10:53+00:00\",\"mainEntityOfPage\":{\"@id\":\"https:\\\/\\\/www.gastonballiot.fr\\\/?p=8782\"},\"wordCount\":273,\"commentCount\":0,\"publisher\":{\"@id\":\"https:\\\/\\\/www.gastonballiot.fr\\\/#\\\/schema\\\/person\\\/244a5e02696abd8a65c5b1bebdb948ca\"},\"image\":{\"@id\":\"https:\\\/\\\/www.gastonballiot.fr\\\/?p=8782#primaryimage\"},\"thumbnailUrl\":\"https:\\\/\\\/www.gastonballiot.fr\\\/wp-content\\\/uploads\\\/2020\\\/10\\\/CyniqueEtAbsurde.jpg\",\"keywords\":[\"H\u00f4pital\",\"in\u00e9galit\u00e9s\",\"libert\u00e9\",\"mensonge\",\"pauvret\u00e9\",\"Sant\u00e9\"],\"articleSection\":[\"A la une\",\"D\u00e9mocratie\",\"Economie\",\"Sant\u00e9\"],\"inLanguage\":\"fr-FR\",\"potentialAction\":[{\"@type\":\"CommentAction\",\"name\":\"Comment\",\"target\":[\"https:\\\/\\\/www.gastonballiot.fr\\\/?p=8782#respond\"]}]},{\"@type\":\"WebPage\",\"@id\":\"https:\\\/\\\/www.gastonballiot.fr\\\/?p=8782\",\"url\":\"https:\\\/\\\/www.gastonballiot.fr\\\/?p=8782\",\"name\":\"Les Fran\u00e7ais payent l'\u00e9chec de la politique sanitaire d'Emmanuel Macron - Le blog politique de Gaston\",\"isPartOf\":{\"@id\":\"https:\\\/\\\/www.gastonballiot.fr\\\/#website\"},\"primaryImageOfPage\":{\"@id\":\"https:\\\/\\\/www.gastonballiot.fr\\\/?p=8782#primaryimage\"},\"image\":{\"@id\":\"https:\\\/\\\/www.gastonballiot.fr\\\/?p=8782#primaryimage\"},\"thumbnailUrl\":\"https:\\\/\\\/www.gastonballiot.fr\\\/wp-content\\\/uploads\\\/2020\\\/10\\\/CyniqueEtAbsurde.jpg\",\"datePublished\":\"2020-10-16T07:40:44+00:00\",\"dateModified\":\"2020-10-16T13:10:53+00:00\",\"breadcrumb\":{\"@id\":\"https:\\\/\\\/www.gastonballiot.fr\\\/?p=8782#breadcrumb\"},\"inLanguage\":\"fr-FR\",\"potentialAction\":[{\"@type\":\"ReadAction\",\"target\":[\"https:\\\/\\\/www.gastonballiot.fr\\\/?p=8782\"]}]},{\"@type\":\"ImageObject\",\"inLanguage\":\"fr-FR\",\"@id\":\"https:\\\/\\\/www.gastonballiot.fr\\\/?p=8782#primaryimage\",\"url\":\"https:\\\/\\\/i0.wp.com\\\/www.gastonballiot.fr\\\/wp-content\\\/uploads\\\/2020\\\/10\\\/CyniqueEtAbsurde.jpg?fit=526%2C526&ssl=1\",\"contentUrl\":\"https:\\\/\\\/i0.wp.com\\\/www.gastonballiot.fr\\\/wp-content\\\/uploads\\\/2020\\\/10\\\/CyniqueEtAbsurde.jpg?fit=526%2C526&ssl=1\",\"width\":526,\"height\":526},{\"@type\":\"BreadcrumbList\",\"@id\":\"https:\\\/\\\/www.gastonballiot.fr\\\/?p=8782#breadcrumb\",\"itemListElement\":[{\"@type\":\"ListItem\",\"position\":1,\"name\":\"Accueil\",\"item\":\"https:\\\/\\\/www.gastonballiot.fr\\\/\"},{\"@type\":\"ListItem\",\"position\":2,\"name\":\"Les Fran\u00e7ais payent l&#8217;\u00e9chec de la politique sanitaire d&#8217;Emmanuel Macron\"}]},{\"@type\":\"WebSite\",\"@id\":\"https:\\\/\\\/www.gastonballiot.fr\\\/#website\",\"url\":\"https:\\\/\\\/www.gastonballiot.fr\\\/\",\"name\":\"Le blog politique de Gaston\",\"description\":\"L&#039;humain d&#039;abord, pas la finance !\",\"publisher\":{\"@id\":\"https:\\\/\\\/www.gastonballiot.fr\\\/#\\\/schema\\\/person\\\/244a5e02696abd8a65c5b1bebdb948ca\"},\"potentialAction\":[{\"@type\":\"SearchAction\",\"target\":{\"@type\":\"EntryPoint\",\"urlTemplate\":\"https:\\\/\\\/www.gastonballiot.fr\\\/?s={search_term_string}\"},\"query-input\":{\"@type\":\"PropertyValueSpecification\",\"valueRequired\":true,\"valueName\":\"search_term_string\"}}],\"inLanguage\":\"fr-FR\"},{\"@type\":[\"Person\",\"Organization\"],\"@id\":\"https:\\\/\\\/www.gastonballiot.fr\\\/#\\\/schema\\\/person\\\/244a5e02696abd8a65c5b1bebdb948ca\",\"name\":\"gb\",\"image\":{\"@type\":\"ImageObject\",\"inLanguage\":\"fr-FR\",\"@id\":\"https:\\\/\\\/i0.wp.com\\\/www.gastonballiot.fr\\\/wp-content\\\/uploads\\\/2017\\\/04\\\/cropped-Marianne-drapeau-rouge.gif?fit=512%2C512&ssl=1\",\"url\":\"https:\\\/\\\/i0.wp.com\\\/www.gastonballiot.fr\\\/wp-content\\\/uploads\\\/2017\\\/04\\\/cropped-Marianne-drapeau-rouge.gif?fit=512%2C512&ssl=1\",\"contentUrl\":\"https:\\\/\\\/i0.wp.com\\\/www.gastonballiot.fr\\\/wp-content\\\/uploads\\\/2017\\\/04\\\/cropped-Marianne-drapeau-rouge.gif?fit=512%2C512&ssl=1\",\"width\":512,\"height\":512,\"caption\":\"gb\"},\"logo\":{\"@id\":\"https:\\\/\\\/i0.wp.com\\\/www.gastonballiot.fr\\\/wp-content\\\/uploads\\\/2017\\\/04\\\/cropped-Marianne-drapeau-rouge.gif?fit=512%2C512&ssl=1\"},\"description\":\"Gaston Balliot, militant du Front de Gauche en pays bigouden - Pont L'Abb\u00e9 - Loctudy - Guilvinec - Penmarc'h - Ile Tudy - Combrit Ste Marine - Tr\u00e9meoc - Plon\u00e9our, p\u00eache tourisme\",\"sameAs\":[\"https:\\\/\\\/www.facebook.com\\\/gaston.balliot\\\/\"]}]}<\/script>\n<!-- \/ Yoast SEO plugin. -->","yoast_head_json":{"title":"Les Fran\u00e7ais payent l'\u00e9chec de la politique sanitaire d'Emmanuel Macron - Le blog politique de Gaston","robots":{"index":"index","follow":"follow","max-snippet":"max-snippet:-1","max-image-preview":"max-image-preview:large","max-video-preview":"max-video-preview:-1"},"canonical":"https:\/\/www.gastonballiot.fr\/?p=8782","og_locale":"fr_FR","og_type":"article","og_title":"Les Fran\u00e7ais payent l'\u00e9chec de la politique sanitaire d'Emmanuel Macron - Le blog politique de Gaston","og_description":"Lien vers une r\u00e9action du PCF apr\u00e8s le discours du pr\u00e9sident : https:\/\/www.pcf.fr\/actualite_covid_19_annonces_les_fran_ais_payent_l_chec_de_la_politique_sanitaire_d_emmanuel_macron?fbclid=IwAR1rFx_FL17PZA5CGRokaD-iRrJTbh57hjExlQuVm6V4RYQWlez7BQ4q5hU La politique sanitaiire de Macron se situe dans la logique de casse de la Sant\u00e9 initi\u00e9e par Sarkozy puis Hollande : des restrictions successives et aucune vue \u00e0 long terme. Il est incroyable qu&rsquo;aucun des journalistes n&rsquo;ait pos\u00e9 la question de la situation des h\u00f4pitaux et du peu de cas que le pouvoir en fait. Un exemple parmi tant d&rsquo;autres : Concarneau : \u00c0 l\u2019h\u00f4pital, \u00ab la situation ... Lire la suite...","og_url":"https:\/\/www.gastonballiot.fr\/?p=8782","og_site_name":"Le blog politique de Gaston","article_publisher":"https:\/\/www.facebook.com\/gaston.balliot\/","article_author":"https:\/\/www.facebook.com\/gaston.balliot\/","article_published_time":"2020-10-16T07:40:44+00:00","article_modified_time":"2020-10-16T13:10:53+00:00","og_image":[{"url":"https:\/\/www.gastonballiot.fr\/wp-content\/uploads\/2020\/10\/CyniqueEtAbsurde.jpg","type":"","width":"","height":""}],"author":"gb","twitter_card":"summary_large_image","twitter_misc":{"\u00c9crit par":"gb","Dur\u00e9e de lecture estim\u00e9e":"1 minute"},"schema":{"@context":"https:\/\/schema.org","@graph":[{"@type":"Article","@id":"https:\/\/www.gastonballiot.fr\/?p=8782#article","isPartOf":{"@id":"https:\/\/www.gastonballiot.fr\/?p=8782"},"author":{"name":"gb","@id":"https:\/\/www.gastonballiot.fr\/#\/schema\/person\/244a5e02696abd8a65c5b1bebdb948ca"},"headline":"Les Fran\u00e7ais payent l&rsquo;\u00e9chec de la politique sanitaire d&rsquo;Emmanuel Macron","datePublished":"2020-10-16T07:40:44+00:00","dateModified":"2020-10-16T13:10:53+00:00","mainEntityOfPage":{"@id":"https:\/\/www.gastonballiot.fr\/?p=8782"},"wordCount":273,"commentCount":0,"publisher":{"@id":"https:\/\/www.gastonballiot.fr\/#\/schema\/person\/244a5e02696abd8a65c5b1bebdb948ca"},"image":{"@id":"https:\/\/www.gastonballiot.fr\/?p=8782#primaryimage"},"thumbnailUrl":"https:\/\/www.gastonballiot.fr\/wp-content\/uploads\/2020\/10\/CyniqueEtAbsurde.jpg","keywords":["H\u00f4pital","in\u00e9galit\u00e9s","libert\u00e9","mensonge","pauvret\u00e9","Sant\u00e9"],"articleSection":["A la une","D\u00e9mocratie","Economie","Sant\u00e9"],"inLanguage":"fr-FR","potentialAction":[{"@type":"CommentAction","name":"Comment","target":["https:\/\/www.gastonballiot.fr\/?p=8782#respond"]}]},{"@type":"WebPage","@id":"https:\/\/www.gastonballiot.fr\/?p=8782","url":"https:\/\/www.gastonballiot.fr\/?p=8782","name":"Les Fran\u00e7ais payent l'\u00e9chec de la politique sanitaire d'Emmanuel Macron - Le blog politique de Gaston","isPartOf":{"@id":"https:\/\/www.gastonballiot.fr\/#website"},"primaryImageOfPage":{"@id":"https:\/\/www.gastonballiot.fr\/?p=8782#primaryimage"},"image":{"@id":"https:\/\/www.gastonballiot.fr\/?p=8782#primaryimage"},"thumbnailUrl":"https:\/\/www.gastonballiot.fr\/wp-content\/uploads\/2020\/10\/CyniqueEtAbsurde.jpg","datePublished":"2020-10-16T07:40:44+00:00","dateModified":"2020-10-16T13:10:53+00:00","breadcrumb":{"@id":"https:\/\/www.gastonballiot.fr\/?p=8782#breadcrumb"},"inLanguage":"fr-FR","potentialAction":[{"@type":"ReadAction","target":["https:\/\/www.gastonballiot.fr\/?p=8782"]}]},{"@type":"ImageObject","inLanguage":"fr-FR","@id":"https:\/\/www.gastonballiot.fr\/?p=8782#primaryimage","url":"https:\/\/i0.wp.com\/www.gastonballiot.fr\/wp-content\/uploads\/2020\/10\/CyniqueEtAbsurde.jpg?fit=526%2C526&ssl=1","contentUrl":"https:\/\/i0.wp.com\/www.gastonballiot.fr\/wp-content\/uploads\/2020\/10\/CyniqueEtAbsurde.jpg?fit=526%2C526&ssl=1","width":526,"height":526},{"@type":"BreadcrumbList","@id":"https:\/\/www.gastonballiot.fr\/?p=8782#breadcrumb","itemListElement":[{"@type":"ListItem","position":1,"name":"Accueil","item":"https:\/\/www.gastonballiot.fr\/"},{"@type":"ListItem","position":2,"name":"Les Fran\u00e7ais payent l&#8217;\u00e9chec de la politique sanitaire d&#8217;Emmanuel Macron"}]},{"@type":"WebSite","@id":"https:\/\/www.gastonballiot.fr\/#website","url":"https:\/\/www.gastonballiot.fr\/","name":"Le blog politique de Gaston","description":"L&#039;humain d&#039;abord, pas la finance !","publisher":{"@id":"https:\/\/www.gastonballiot.fr\/#\/schema\/person\/244a5e02696abd8a65c5b1bebdb948ca"},"potentialAction":[{"@type":"SearchAction","target":{"@type":"EntryPoint","urlTemplate":"https:\/\/www.gastonballiot.fr\/?s={search_term_string}"},"query-input":{"@type":"PropertyValueSpecification","valueRequired":true,"valueName":"search_term_string"}}],"inLanguage":"fr-FR"},{"@type":["Person","Organization"],"@id":"https:\/\/www.gastonballiot.fr\/#\/schema\/person\/244a5e02696abd8a65c5b1bebdb948ca","name":"gb","image":{"@type":"ImageObject","inLanguage":"fr-FR","@id":"https:\/\/i0.wp.com\/www.gastonballiot.fr\/wp-content\/uploads\/2017\/04\/cropped-Marianne-drapeau-rouge.gif?fit=512%2C512&ssl=1","url":"https:\/\/i0.wp.com\/www.gastonballiot.fr\/wp-content\/uploads\/2017\/04\/cropped-Marianne-drapeau-rouge.gif?fit=512%2C512&ssl=1","contentUrl":"https:\/\/i0.wp.com\/www.gastonballiot.fr\/wp-content\/uploads\/2017\/04\/cropped-Marianne-drapeau-rouge.gif?fit=512%2C512&ssl=1","width":512,"height":512,"caption":"gb"},"logo":{"@id":"https:\/\/i0.wp.com\/www.gastonballiot.fr\/wp-content\/uploads\/2017\/04\/cropped-Marianne-drapeau-rouge.gif?fit=512%2C512&ssl=1"},"description":"Gaston Balliot, militant du Front de Gauche en pays bigouden - Pont L'Abb\u00e9 - Loctudy - Guilvinec - Penmarc'h - Ile Tudy - Combrit Ste Marine - Tr\u00e9meoc - Plon\u00e9our, p\u00eache tourisme","sameAs":["https:\/\/www.facebook.com\/gaston.balliot\/"]}]}},"jetpack_featured_media_url":"","jetpack_shortlink":"https:\/\/wp.me\/p5UTaD-2hE","jetpack-related-posts":[],"jetpack_likes_enabled":true,"jetpack_sharing_enabled":true,"_links":{"self":[{"href":"https:\/\/www.gastonballiot.fr\/index.php?rest_route=\/wp\/v2\/posts\/8782","targetHints":{"allow":["GET"]}}],"collection":[{"href":"https:\/\/www.gastonballiot.fr\/index.php?rest_route=\/wp\/v2\/posts"}],"about":[{"href":"https:\/\/www.gastonballiot.fr\/index.php?rest_route=\/wp\/v2\/types\/post"}],"author":[{"embeddable":true,"href":"https:\/\/www.gastonballiot.fr\/index.php?rest_route=\/wp\/v2\/users\/1"}],"replies":[{"embeddable":true,"href":"https:\/\/www.gastonballiot.fr\/index.php?rest_route=%2Fwp%2Fv2%2Fcomments&post=8782"}],"version-history":[{"count":0,"href":"https:\/\/www.gastonballiot.fr\/index.php?rest_route=\/wp\/v2\/posts\/8782\/revisions"}],"wp:attachment":[{"href":"https:\/\/www.gastonballiot.fr\/index.php?rest_route=%2Fwp%2Fv2%2Fmedia&parent=8782"}],"wp:term":[{"taxonomy":"category","embeddable":true,"href":"https:\/\/www.gastonballiot.fr\/index.php?rest_route=%2Fwp%2Fv2%2Fcategories&post=8782"},{"taxonomy":"post_tag","embeddable":true,"href":"https:\/\/www.gastonballiot.fr\/index.php?rest_route=%2Fwp%2Fv2%2Ftags&post=8782"}],"curies":[{"name":"wp","href":"https:\/\/api.w.org\/{rel}","templated":true}]}}