{"id":9210,"date":"2021-05-13T10:25:41","date_gmt":"2021-05-13T08:25:41","guid":{"rendered":"https:\/\/www.gastonballiot.fr\/?p=9210"},"modified":"2021-05-19T18:35:46","modified_gmt":"2021-05-19T16:35:46","slug":"palestine-gaza-lignoble-au-quotidien-netanyahou-doit-etre-juge-pour-crimes-contre-lhumanite","status":"publish","type":"post","link":"https:\/\/www.gastonballiot.fr\/?p=9210","title":{"rendered":"Palestine &#8211; Gaza &#8211; l&rsquo;ignoble au quotidien ! Netanyahou doit \u00eatre jug\u00e9 pour crimes de guerre"},"content":{"rendered":"<p>Aiguillonn\u00e9 par Trump, encourag\u00e9 par le silence coupable de nombreux dirigeants occidentaux et la paralysie de l&rsquo;ONU, le gouvernement d&rsquo;extr\u00eame droite de Netanyahou poursuit son ignoble travail : occupation, colonisation, apartheid, r\u00e9pression, terreur&#8230;<\/p>\n<p>La population palestinienne est chass\u00e9e de chez elle, agress\u00e9e, emp\u00each\u00e9e de circuler. Un mur de la honte a \u00e9t\u00e9 construit en territoire palestinien, des postes de contr\u00f4le \u00e9rig\u00e9s partout&#8230;<\/p>\n<p>Gaza est bombard\u00e9. Des habitations sont d\u00e9truites, des habitants expuls\u00e9s.<\/p>\n<p>Ces derniers jours des centaines de personnes ont \u00e9t\u00e9 bless\u00e9es, des dizaines de morts dont beaucoup d&rsquo;enfants.<\/p>\n<p>Face \u00e0 cette situation insupportable la jeunesse palestinienne se r\u00e9volte, r\u00e9siste, dans un combat in\u00e9gal (de nombreuses photos montrent des jeunes mains nues, ou avec un d\u00e9risoire caillou, face \u00e0 des soldats hyper arm\u00e9s et arrogants).<\/p>\n<p>Actuellement Isra\u00ebl bombarde Gaza dans le but de le rendre inhabitable, au m\u00e9pris de toute sa population d\u00e9j\u00e0 \u00e9puis\u00e9e par des ann\u00e9es d&rsquo;agressions.<\/p>\n<p><a href=\"https:\/\/i0.wp.com\/www.gastonballiot.fr\/wp-content\/uploads\/2021\/05\/GazaBombarde.jpg?ssl=1\"><img data-recalc-dims=\"1\" loading=\"lazy\" decoding=\"async\" data-attachment-id=\"9212\" data-permalink=\"https:\/\/www.gastonballiot.fr\/?attachment_id=9212#main\" data-orig-file=\"https:\/\/i0.wp.com\/www.gastonballiot.fr\/wp-content\/uploads\/2021\/05\/GazaBombarde.jpg?fit=571%2C380&amp;ssl=1\" data-orig-size=\"571,380\" data-comments-opened=\"1\" data-image-meta=\"{&quot;aperture&quot;:&quot;0&quot;,&quot;credit&quot;:&quot;&quot;,&quot;camera&quot;:&quot;&quot;,&quot;caption&quot;:&quot;&quot;,&quot;created_timestamp&quot;:&quot;0&quot;,&quot;copyright&quot;:&quot;&quot;,&quot;focal_length&quot;:&quot;0&quot;,&quot;iso&quot;:&quot;0&quot;,&quot;shutter_speed&quot;:&quot;0&quot;,&quot;title&quot;:&quot;&quot;,&quot;orientation&quot;:&quot;1&quot;}\" data-image-title=\"GazaBombarde\" data-image-description=\"\" data-image-caption=\"\" data-medium-file=\"https:\/\/i0.wp.com\/www.gastonballiot.fr\/wp-content\/uploads\/2021\/05\/GazaBombarde.jpg?fit=300%2C200&amp;ssl=1\" data-large-file=\"https:\/\/i0.wp.com\/www.gastonballiot.fr\/wp-content\/uploads\/2021\/05\/GazaBombarde.jpg?fit=571%2C380&amp;ssl=1\" class=\"aligncenter size-full wp-image-9212\" src=\"https:\/\/i0.wp.com\/www.gastonballiot.fr\/wp-content\/uploads\/2021\/05\/GazaBombarde.jpg?resize=571%2C380&#038;ssl=1\" alt=\"\" width=\"571\" height=\"380\" srcset=\"https:\/\/i0.wp.com\/www.gastonballiot.fr\/wp-content\/uploads\/2021\/05\/GazaBombarde.jpg?w=571&amp;ssl=1 571w, https:\/\/i0.wp.com\/www.gastonballiot.fr\/wp-content\/uploads\/2021\/05\/GazaBombarde.jpg?resize=300%2C200&amp;ssl=1 300w\" sizes=\"auto, (max-width: 571px) 100vw, 571px\" \/><\/a><\/p>\n<p>Une vid\u00e9o tourn\u00e9e ces jours-ci montre une foule d&rsquo;int\u00e9gristes isra\u00e9liens dansant de joie devant l&rsquo;incendie d&rsquo;un immeuble \u00e0 Gaza !<\/p>\n<p><a href=\"https:\/\/i0.wp.com\/www.gastonballiot.fr\/wp-content\/uploads\/2021\/05\/DanseIncendie.jpg?ssl=1\"><img data-recalc-dims=\"1\" loading=\"lazy\" decoding=\"async\" data-attachment-id=\"9213\" data-permalink=\"https:\/\/www.gastonballiot.fr\/?attachment_id=9213#main\" data-orig-file=\"https:\/\/i0.wp.com\/www.gastonballiot.fr\/wp-content\/uploads\/2021\/05\/DanseIncendie.jpg?fit=509%2C483&amp;ssl=1\" data-orig-size=\"509,483\" data-comments-opened=\"1\" data-image-meta=\"{&quot;aperture&quot;:&quot;0&quot;,&quot;credit&quot;:&quot;&quot;,&quot;camera&quot;:&quot;&quot;,&quot;caption&quot;:&quot;&quot;,&quot;created_timestamp&quot;:&quot;0&quot;,&quot;copyright&quot;:&quot;&quot;,&quot;focal_length&quot;:&quot;0&quot;,&quot;iso&quot;:&quot;0&quot;,&quot;shutter_speed&quot;:&quot;0&quot;,&quot;title&quot;:&quot;&quot;,&quot;orientation&quot;:&quot;0&quot;}\" data-image-title=\"DanseIncendie\" data-image-description=\"\" data-image-caption=\"\" data-medium-file=\"https:\/\/i0.wp.com\/www.gastonballiot.fr\/wp-content\/uploads\/2021\/05\/DanseIncendie.jpg?fit=300%2C285&amp;ssl=1\" data-large-file=\"https:\/\/i0.wp.com\/www.gastonballiot.fr\/wp-content\/uploads\/2021\/05\/DanseIncendie.jpg?fit=509%2C483&amp;ssl=1\" class=\"aligncenter size-full wp-image-9213\" src=\"https:\/\/i0.wp.com\/www.gastonballiot.fr\/wp-content\/uploads\/2021\/05\/DanseIncendie.jpg?resize=509%2C483&#038;ssl=1\" alt=\"\" width=\"509\" height=\"483\" srcset=\"https:\/\/i0.wp.com\/www.gastonballiot.fr\/wp-content\/uploads\/2021\/05\/DanseIncendie.jpg?w=509&amp;ssl=1 509w, https:\/\/i0.wp.com\/www.gastonballiot.fr\/wp-content\/uploads\/2021\/05\/DanseIncendie.jpg?resize=300%2C285&amp;ssl=1 300w\" sizes=\"auto, (max-width: 509px) 100vw, 509px\" \/><\/a>L\u2019\u00e9volution de la Palestine au cours des ans, une carte anim\u00e9e qui en dit long sur ce que subit son peuple<\/p>\n<p><a href=\"https:\/\/i0.wp.com\/www.gastonballiot.fr\/wp-content\/uploads\/2020\/06\/Loss-of-Land-Palestine-Israel_2000.gif?ssl=1\"><img data-recalc-dims=\"1\" loading=\"lazy\" decoding=\"async\" data-attachment-id=\"8663\" data-permalink=\"https:\/\/www.gastonballiot.fr\/?attachment_id=8663#main\" data-orig-file=\"https:\/\/i0.wp.com\/www.gastonballiot.fr\/wp-content\/uploads\/2020\/06\/Loss-of-Land-Palestine-Israel_2000.gif?fit=620%2C579&amp;ssl=1\" data-orig-size=\"620,579\" data-comments-opened=\"1\" data-image-meta=\"{&quot;aperture&quot;:&quot;0&quot;,&quot;credit&quot;:&quot;&quot;,&quot;camera&quot;:&quot;&quot;,&quot;caption&quot;:&quot;&quot;,&quot;created_timestamp&quot;:&quot;0&quot;,&quot;copyright&quot;:&quot;&quot;,&quot;focal_length&quot;:&quot;0&quot;,&quot;iso&quot;:&quot;0&quot;,&quot;shutter_speed&quot;:&quot;0&quot;,&quot;title&quot;:&quot;&quot;,&quot;orientation&quot;:&quot;0&quot;}\" data-image-title=\"Loss of Land Palestine Israel_2000\" data-image-description=\"\" data-image-caption=\"\" data-medium-file=\"https:\/\/i0.wp.com\/www.gastonballiot.fr\/wp-content\/uploads\/2020\/06\/Loss-of-Land-Palestine-Israel_2000.gif?fit=300%2C280&amp;ssl=1\" data-large-file=\"https:\/\/i0.wp.com\/www.gastonballiot.fr\/wp-content\/uploads\/2020\/06\/Loss-of-Land-Palestine-Israel_2000.gif?fit=620%2C579&amp;ssl=1\" class=\"aligncenter size-full wp-image-8663\" src=\"https:\/\/i0.wp.com\/www.gastonballiot.fr\/wp-content\/uploads\/2020\/06\/Loss-of-Land-Palestine-Israel_2000.gif?resize=620%2C579&#038;ssl=1\" alt=\"\" width=\"620\" height=\"579\"><\/a>L&rsquo;attidude des gouvernements \u00ab\u00a0occidentaux\u00a0\u00bb et de leurs m\u00e9dias est scandaleuse dans son silence g\u00ean\u00e9 et son ambiguit\u00e9 coupable.<\/p>\n<p>Imaginez si de tels \u00e9v\u00e9nements se passaient en Russie ou en Chine le d\u00e9ferlement m\u00e9diatique auquel nous assisterions ! Mais le fasciste Netanyahou est \u00ab\u00a0dans leur camp\u00a0\u00bb&#8230;.<\/p>\n<figure id=\"attachment_9230\" aria-describedby=\"caption-attachment-9230\" style=\"width: 1479px\" class=\"wp-caption aligncenter\"><img data-recalc-dims=\"1\" loading=\"lazy\" decoding=\"async\" data-attachment-id=\"9230\" data-permalink=\"https:\/\/www.gastonballiot.fr\/?attachment_id=9230#main\" data-orig-file=\"https:\/\/i0.wp.com\/www.gastonballiot.fr\/wp-content\/uploads\/2021\/05\/Ulrich12mai21.jpg?fit=1489%2C479&amp;ssl=1\" data-orig-size=\"1489,479\" data-comments-opened=\"1\" data-image-meta=\"{&quot;aperture&quot;:&quot;0&quot;,&quot;credit&quot;:&quot;&quot;,&quot;camera&quot;:&quot;&quot;,&quot;caption&quot;:&quot;&quot;,&quot;created_timestamp&quot;:&quot;0&quot;,&quot;copyright&quot;:&quot;&quot;,&quot;focal_length&quot;:&quot;0&quot;,&quot;iso&quot;:&quot;0&quot;,&quot;shutter_speed&quot;:&quot;0&quot;,&quot;title&quot;:&quot;&quot;,&quot;orientation&quot;:&quot;0&quot;}\" data-image-title=\"Ulrich12mai21\" data-image-description=\"\" data-image-caption=\"\" data-medium-file=\"https:\/\/i0.wp.com\/www.gastonballiot.fr\/wp-content\/uploads\/2021\/05\/Ulrich12mai21.jpg?fit=300%2C97&amp;ssl=1\" data-large-file=\"https:\/\/i0.wp.com\/www.gastonballiot.fr\/wp-content\/uploads\/2021\/05\/Ulrich12mai21.jpg?fit=1024%2C329&amp;ssl=1\" class=\"wp-image-9230 size-full\" src=\"https:\/\/i0.wp.com\/www.gastonballiot.fr\/wp-content\/uploads\/2021\/05\/Ulrich12mai21.jpg?resize=1200%2C386&#038;ssl=1\" alt=\"\" width=\"1200\" height=\"386\" srcset=\"https:\/\/i0.wp.com\/www.gastonballiot.fr\/wp-content\/uploads\/2021\/05\/Ulrich12mai21.jpg?w=1489&amp;ssl=1 1489w, https:\/\/i0.wp.com\/www.gastonballiot.fr\/wp-content\/uploads\/2021\/05\/Ulrich12mai21.jpg?resize=300%2C97&amp;ssl=1 300w, https:\/\/i0.wp.com\/www.gastonballiot.fr\/wp-content\/uploads\/2021\/05\/Ulrich12mai21.jpg?resize=1024%2C329&amp;ssl=1 1024w, https:\/\/i0.wp.com\/www.gastonballiot.fr\/wp-content\/uploads\/2021\/05\/Ulrich12mai21.jpg?resize=768%2C247&amp;ssl=1 768w, https:\/\/i0.wp.com\/www.gastonballiot.fr\/wp-content\/uploads\/2021\/05\/Ulrich12mai21.jpg?resize=600%2C193&amp;ssl=1 600w\" sizes=\"auto, (max-width: 1200px) 100vw, 1200px\" \/><figcaption id=\"caption-attachment-9230\" class=\"wp-caption-text\">\u00e9dito de l&rsquo;Humanit\u00e9 du 12 mai 2021<\/figcaption><\/figure>\n<p data-wp-editing=\"1\"><a href=\"https:\/\/i0.wp.com\/www.gastonballiot.fr\/wp-content\/uploads\/2021\/05\/JoseFort.jpg?ssl=1\"><img data-recalc-dims=\"1\" loading=\"lazy\" decoding=\"async\" data-attachment-id=\"9214\" data-permalink=\"https:\/\/www.gastonballiot.fr\/?attachment_id=9214#main\" data-orig-file=\"https:\/\/i0.wp.com\/www.gastonballiot.fr\/wp-content\/uploads\/2021\/05\/JoseFort.jpg?fit=489%2C383&amp;ssl=1\" data-orig-size=\"489,383\" data-comments-opened=\"1\" data-image-meta=\"{&quot;aperture&quot;:&quot;0&quot;,&quot;credit&quot;:&quot;&quot;,&quot;camera&quot;:&quot;&quot;,&quot;caption&quot;:&quot;&quot;,&quot;created_timestamp&quot;:&quot;0&quot;,&quot;copyright&quot;:&quot;&quot;,&quot;focal_length&quot;:&quot;0&quot;,&quot;iso&quot;:&quot;0&quot;,&quot;shutter_speed&quot;:&quot;0&quot;,&quot;title&quot;:&quot;&quot;,&quot;orientation&quot;:&quot;0&quot;}\" data-image-title=\"JoseFort\" data-image-description=\"\" data-image-caption=\"\" data-medium-file=\"https:\/\/i0.wp.com\/www.gastonballiot.fr\/wp-content\/uploads\/2021\/05\/JoseFort.jpg?fit=300%2C235&amp;ssl=1\" data-large-file=\"https:\/\/i0.wp.com\/www.gastonballiot.fr\/wp-content\/uploads\/2021\/05\/JoseFort.jpg?fit=489%2C383&amp;ssl=1\" class=\"aligncenter size-full wp-image-9214\" src=\"https:\/\/i0.wp.com\/www.gastonballiot.fr\/wp-content\/uploads\/2021\/05\/JoseFort.jpg?resize=489%2C383&#038;ssl=1\" alt=\"\" width=\"489\" height=\"383\" srcset=\"https:\/\/i0.wp.com\/www.gastonballiot.fr\/wp-content\/uploads\/2021\/05\/JoseFort.jpg?w=489&amp;ssl=1 489w, https:\/\/i0.wp.com\/www.gastonballiot.fr\/wp-content\/uploads\/2021\/05\/JoseFort.jpg?resize=300%2C235&amp;ssl=1 300w\" sizes=\"auto, (max-width: 489px) 100vw, 489px\" \/><\/a><\/p>\n<p><a href=\"https:\/\/i0.wp.com\/www.gastonballiot.fr\/wp-content\/uploads\/2015\/01\/Israel_colons.jpg?ssl=1\"><img data-recalc-dims=\"1\" loading=\"lazy\" decoding=\"async\" data-attachment-id=\"1023\" data-permalink=\"https:\/\/www.gastonballiot.fr\/?attachment_id=1023#main\" data-orig-file=\"https:\/\/i0.wp.com\/www.gastonballiot.fr\/wp-content\/uploads\/2015\/01\/Israel_colons.jpg?fit=572%2C720&amp;ssl=1\" data-orig-size=\"572,720\" data-comments-opened=\"1\" data-image-meta=\"{&quot;aperture&quot;:&quot;0&quot;,&quot;credit&quot;:&quot;&quot;,&quot;camera&quot;:&quot;&quot;,&quot;caption&quot;:&quot;&quot;,&quot;created_timestamp&quot;:&quot;0&quot;,&quot;copyright&quot;:&quot;&quot;,&quot;focal_length&quot;:&quot;0&quot;,&quot;iso&quot;:&quot;0&quot;,&quot;shutter_speed&quot;:&quot;0&quot;,&quot;title&quot;:&quot;&quot;,&quot;orientation&quot;:&quot;0&quot;}\" data-image-title=\"Israel_colons\" data-image-description=\"\" data-image-caption=\"\" data-medium-file=\"https:\/\/i0.wp.com\/www.gastonballiot.fr\/wp-content\/uploads\/2015\/01\/Israel_colons.jpg?fit=238%2C300&amp;ssl=1\" data-large-file=\"https:\/\/i0.wp.com\/www.gastonballiot.fr\/wp-content\/uploads\/2015\/01\/Israel_colons.jpg?fit=572%2C720&amp;ssl=1\" class=\"aligncenter size-full wp-image-1023\" src=\"https:\/\/i0.wp.com\/www.gastonballiot.fr\/wp-content\/uploads\/2015\/01\/Israel_colons.jpg?resize=572%2C720&#038;ssl=1\" alt=\"\" width=\"572\" height=\"720\" srcset=\"https:\/\/i0.wp.com\/www.gastonballiot.fr\/wp-content\/uploads\/2015\/01\/Israel_colons.jpg?w=572&amp;ssl=1 572w, https:\/\/i0.wp.com\/www.gastonballiot.fr\/wp-content\/uploads\/2015\/01\/Israel_colons.jpg?resize=238%2C300&amp;ssl=1 238w\" sizes=\"auto, (max-width: 572px) 100vw, 572px\" \/><\/a><\/p>\n<p><img data-recalc-dims=\"1\" loading=\"lazy\" decoding=\"async\" data-attachment-id=\"3816\" data-permalink=\"https:\/\/www.gastonballiot.fr\/?attachment_id=3816#main\" data-orig-file=\"https:\/\/i0.wp.com\/www.gastonballiot.fr\/wp-content\/uploads\/2017\/06\/FrancePalestineSolidarit%C3%A9.png?fit=591%2C598&amp;ssl=1\" data-orig-size=\"591,598\" data-comments-opened=\"1\" data-image-meta=\"{&quot;aperture&quot;:&quot;0&quot;,&quot;credit&quot;:&quot;&quot;,&quot;camera&quot;:&quot;&quot;,&quot;caption&quot;:&quot;&quot;,&quot;created_timestamp&quot;:&quot;0&quot;,&quot;copyright&quot;:&quot;&quot;,&quot;focal_length&quot;:&quot;0&quot;,&quot;iso&quot;:&quot;0&quot;,&quot;shutter_speed&quot;:&quot;0&quot;,&quot;title&quot;:&quot;&quot;,&quot;orientation&quot;:&quot;0&quot;}\" data-image-title=\"FrancePalestineSolidarit\u00e9\" data-image-description=\"\" data-image-caption=\"\" data-medium-file=\"https:\/\/i0.wp.com\/www.gastonballiot.fr\/wp-content\/uploads\/2017\/06\/FrancePalestineSolidarit%C3%A9.png?fit=296%2C300&amp;ssl=1\" data-large-file=\"https:\/\/i0.wp.com\/www.gastonballiot.fr\/wp-content\/uploads\/2017\/06\/FrancePalestineSolidarit%C3%A9.png?fit=591%2C598&amp;ssl=1\" class=\"alignleft wp-image-3816 size-medium\" src=\"https:\/\/i0.wp.com\/www.gastonballiot.fr\/wp-content\/uploads\/2017\/06\/FrancePalestineSolidarit%C3%A9.png?resize=296%2C300&#038;ssl=1\" alt=\"\" width=\"296\" height=\"300\" srcset=\"https:\/\/i0.wp.com\/www.gastonballiot.fr\/wp-content\/uploads\/2017\/06\/FrancePalestineSolidarit%C3%A9.png?resize=296%2C300&amp;ssl=1 296w, https:\/\/i0.wp.com\/www.gastonballiot.fr\/wp-content\/uploads\/2017\/06\/FrancePalestineSolidarit%C3%A9.png?w=591&amp;ssl=1 591w\" sizes=\"auto, (max-width: 296px) 100vw, 296px\" \/>Encore mieux, le 12 mai, hier, la police de Macron et du sinistre pr\u00e9fet Lallement vient d&rsquo;arr\u00eater le pr\u00e9sident de l&rsquo;association France Palestine Solidarit\u00e9 qui lutte pour la paix dans cette r\u00e9gion, au motif qu&rsquo;il a appel\u00e9 \u00e0 protester et \u00e0 manifester.<\/p>\n<p style=\"padding-left: 40px;\"><a href=\"https:\/\/www.france-palestine.org\/\" target=\"_blank\" rel=\"noopener\">https:\/\/www.france-palestine.org\/<\/a><\/p>\n<p>&nbsp;<\/p>\n<p>Et que dire de <strong>Marwan Barghouti,<\/strong> le Mandela palestinien emprisonn\u00e9 dans les ge\u00f4les isra\u00e9liennes depuis 20 ans. L\u00e0 encore les m\u00e9dias du \u00ab\u00a0monde libre\u00a0\u00bb se montrent bien silencieuses&#8230; Ah, s&rsquo;il \u00e9tait emprisonn\u00e9 ailleurs ??? On en parlerait toutes les heures.<\/p>\n<p><img data-recalc-dims=\"1\" loading=\"lazy\" decoding=\"async\" data-attachment-id=\"9222\" data-permalink=\"https:\/\/www.gastonballiot.fr\/?attachment_id=9222#main\" data-orig-file=\"https:\/\/i0.wp.com\/www.gastonballiot.fr\/wp-content\/uploads\/2021\/05\/apartheid.jpg?fit=1200%2C640&amp;ssl=1\" data-orig-size=\"1200,640\" data-comments-opened=\"1\" data-image-meta=\"{&quot;aperture&quot;:&quot;0&quot;,&quot;credit&quot;:&quot;&quot;,&quot;camera&quot;:&quot;&quot;,&quot;caption&quot;:&quot;&quot;,&quot;created_timestamp&quot;:&quot;0&quot;,&quot;copyright&quot;:&quot;&quot;,&quot;focal_length&quot;:&quot;0&quot;,&quot;iso&quot;:&quot;0&quot;,&quot;shutter_speed&quot;:&quot;0&quot;,&quot;title&quot;:&quot;&quot;,&quot;orientation&quot;:&quot;0&quot;}\" data-image-title=\"apartheid\" data-image-description=\"\" data-image-caption=\"\" data-medium-file=\"https:\/\/i0.wp.com\/www.gastonballiot.fr\/wp-content\/uploads\/2021\/05\/apartheid.jpg?fit=300%2C160&amp;ssl=1\" data-large-file=\"https:\/\/i0.wp.com\/www.gastonballiot.fr\/wp-content\/uploads\/2021\/05\/apartheid.jpg?fit=1024%2C546&amp;ssl=1\" class=\"aligncenter wp-image-9222 size-large\" src=\"https:\/\/i0.wp.com\/www.gastonballiot.fr\/wp-content\/uploads\/2021\/05\/apartheid.jpg?resize=1024%2C546&#038;ssl=1\" alt=\"\" width=\"1024\" height=\"546\" srcset=\"https:\/\/i0.wp.com\/www.gastonballiot.fr\/wp-content\/uploads\/2021\/05\/apartheid.jpg?resize=1024%2C546&amp;ssl=1 1024w, https:\/\/i0.wp.com\/www.gastonballiot.fr\/wp-content\/uploads\/2021\/05\/apartheid.jpg?resize=300%2C160&amp;ssl=1 300w, https:\/\/i0.wp.com\/www.gastonballiot.fr\/wp-content\/uploads\/2021\/05\/apartheid.jpg?resize=768%2C410&amp;ssl=1 768w, https:\/\/i0.wp.com\/www.gastonballiot.fr\/wp-content\/uploads\/2021\/05\/apartheid.jpg?resize=600%2C320&amp;ssl=1 600w, https:\/\/i0.wp.com\/www.gastonballiot.fr\/wp-content\/uploads\/2021\/05\/apartheid.jpg?w=1200&amp;ssl=1 1200w\" sizes=\"auto, (max-width: 1024px) 100vw, 1024px\" \/><\/p>\n<p><a href=\"https:\/\/i0.wp.com\/www.gastonballiot.fr\/wp-content\/uploads\/2021\/05\/BonsTermes.jpg?ssl=1\"><img data-recalc-dims=\"1\" loading=\"lazy\" decoding=\"async\" data-attachment-id=\"9223\" data-permalink=\"https:\/\/www.gastonballiot.fr\/?attachment_id=9223#main\" data-orig-file=\"https:\/\/i0.wp.com\/www.gastonballiot.fr\/wp-content\/uploads\/2021\/05\/BonsTermes.jpg?fit=904%2C904&amp;ssl=1\" data-orig-size=\"904,904\" data-comments-opened=\"1\" data-image-meta=\"{&quot;aperture&quot;:&quot;0&quot;,&quot;credit&quot;:&quot;&quot;,&quot;camera&quot;:&quot;&quot;,&quot;caption&quot;:&quot;&quot;,&quot;created_timestamp&quot;:&quot;0&quot;,&quot;copyright&quot;:&quot;&quot;,&quot;focal_length&quot;:&quot;0&quot;,&quot;iso&quot;:&quot;0&quot;,&quot;shutter_speed&quot;:&quot;0&quot;,&quot;title&quot;:&quot;&quot;,&quot;orientation&quot;:&quot;0&quot;}\" data-image-title=\"BonsTermes\" data-image-description=\"\" data-image-caption=\"\" data-medium-file=\"https:\/\/i0.wp.com\/www.gastonballiot.fr\/wp-content\/uploads\/2021\/05\/BonsTermes.jpg?fit=300%2C300&amp;ssl=1\" data-large-file=\"https:\/\/i0.wp.com\/www.gastonballiot.fr\/wp-content\/uploads\/2021\/05\/BonsTermes.jpg?fit=904%2C904&amp;ssl=1\" class=\"aligncenter size-large wp-image-9223\" src=\"https:\/\/i0.wp.com\/www.gastonballiot.fr\/wp-content\/uploads\/2021\/05\/BonsTermes.jpg?resize=904%2C904&#038;ssl=1\" alt=\"\" width=\"904\" height=\"904\" srcset=\"https:\/\/i0.wp.com\/www.gastonballiot.fr\/wp-content\/uploads\/2021\/05\/BonsTermes.jpg?w=904&amp;ssl=1 904w, https:\/\/i0.wp.com\/www.gastonballiot.fr\/wp-content\/uploads\/2021\/05\/BonsTermes.jpg?resize=300%2C300&amp;ssl=1 300w, https:\/\/i0.wp.com\/www.gastonballiot.fr\/wp-content\/uploads\/2021\/05\/BonsTermes.jpg?resize=150%2C150&amp;ssl=1 150w, https:\/\/i0.wp.com\/www.gastonballiot.fr\/wp-content\/uploads\/2021\/05\/BonsTermes.jpg?resize=768%2C768&amp;ssl=1 768w, https:\/\/i0.wp.com\/www.gastonballiot.fr\/wp-content\/uploads\/2021\/05\/BonsTermes.jpg?resize=600%2C600&amp;ssl=1 600w\" sizes=\"auto, (max-width: 904px) 100vw, 904px\" \/><\/a><\/p>\n<p>&nbsp;<\/p>\n<h2 style=\"text-align: center;\"><a href=\"https:\/\/www.gastonballiot.fr\/palestine\/\" target=\"_blank\" rel=\"noopener\">Lien vers mon petit dossier sur la Palestine r\u00e9alis\u00e9 il y a plusieurs mois mais h\u00e9las encore d&rsquo;actualit\u00e9<\/a><\/h2>\n<div class=\"buofh1pr\">\n<div class=\"j83agx80 cbu4d94t ew0dbk1b irj2b8pg\">\n<div class=\"qzhwtbm6 knvmm38d\">\n<hr>\n<h4 id=\"jsc_c_e\" class=\"gmql0nx0 l94mrbxd p1ri9a11 lzcic4wl aahdfvyu hzawbc8m\" dir=\"auto\"><span class=\"nc684nl6\"><strong>Bruno Guigue :<\/strong><\/span><\/h4>\n<\/div>\n<\/div>\n<\/div>\n<div class=\"\" dir=\"auto\">\n<div id=\"jsc_c_g\" class=\"ecm0bbzt hv4rvrfc ihqw7lf3 dati1w0a\" data-ad-comet-preview=\"message\" data-ad-preview=\"message\">\n<div class=\"j83agx80 cbu4d94t ew0dbk1b irj2b8pg\">\n<div class=\"qzhwtbm6 knvmm38d\">\n<div class=\"kvgmc6g5 cxmmr5t8 oygrvhab hcukyx3x c1et5uql ii04i59q\">\n<div dir=\"auto\">HONNEUR AUX R\u00c9SISTANTS !<\/div>\n<\/div>\n<div class=\"o9v6fnle cxmmr5t8 oygrvhab hcukyx3x c1et5uql ii04i59q\">\n<div dir=\"auto\">Le plus r\u00e9voltant, dans le drame palestinien, c&rsquo;est, bien s\u00fbr, la brutalit\u00e9 de l&rsquo;occupant, sa morgue coloniale, son m\u00e9pris pour la vie des autres, son aplomb dans le meurtre, son arrogance de vainqueur \u00e0 la victoire facile, sa bonne conscience lorsqu&rsquo;il appuie sur la g\u00e2chette, sa l\u00e2chet\u00e9 lorsqu&rsquo;il assassine des civils, son accoutumance au crime. Mais c&rsquo;est aussi cette mauvaise foi abyssale, cette hypocrisie de l&rsquo;agresseur qui joue \u00e0 l&rsquo;agress\u00e9, ce mensonge qui sort de sa bouche lorsqu&rsquo;il pr\u00e9tend se d\u00e9fendre, lorsqu&rsquo;il condamne le terrorisme, lorsqu&rsquo;il ose invoquer la l\u00e9gitime d\u00e9fense, lorsqu&rsquo;il parle d&rsquo;antis\u00e9mitisme.<\/div>\n<\/div>\n<div class=\"o9v6fnle cxmmr5t8 oygrvhab hcukyx3x c1et5uql ii04i59q\">\n<div dir=\"auto\">Des terroristes, les combattants palestiniens ? Non, ce sont des r\u00e9sistants, des vrais, de ceux qui se battent pour la patrie, pour la terre de leurs anc\u00eatres, pour vivre en paix, un jour, dans cette Palestine dont l&rsquo;envahisseur veut les spolier, pour cette Palestine dont l\u2019\u00c9tat-colon se croit d\u00e9positaire, alors qu&rsquo;il n&rsquo;est qu&rsquo;un occupant ill\u00e9gitime, un usurpateur. La l\u00e9gitime d\u00e9fense d&rsquo;Isra\u00ebl ? Soyons s\u00e9rieux : la seule l\u00e9gitime d\u00e9fense qui vaille, c&rsquo;est celle du peuple palestinien, pas celle de la soldatesque coloniale ; celle de l&rsquo;occup\u00e9 qui r\u00e9siste, pas celle de l&rsquo;occupant qui opprime. Des r\u00e9sistants qui ont raison de se battre, et qui savent que si l&rsquo;honneur est de leur c\u00f4t\u00e9, le d\u00e9shonneur est dans le camp adverse.<\/div>\n<\/div>\n<div class=\"o9v6fnle cxmmr5t8 oygrvhab hcukyx3x c1et5uql ii04i59q\">\n<div dir=\"auto\">On nous raconte que l&rsquo;affrontement actuel est d\u00fb \u00e0 l&rsquo;intransigeance des extr\u00e9mistes des deux camps. Mais ce renvoi dos-\u00e0-dos de l&rsquo;occupant et de l&rsquo;occup\u00e9 est grotesque, c&rsquo;est une supercherie. Depuis quand la r\u00e9sistance est-elle extr\u00e9miste ? C&rsquo;est l&rsquo;occupation qui est extr\u00e9miste, avec sa violence de tous les instants, cette humiliation permanente inflig\u00e9e aux populations, cette domination structurelle, cette insupportable chape de plomb qui p\u00e8se sur un peuple meurtri, et dont les sursauts de r\u00e9volte, heureusement, montrent qu&rsquo;il n&rsquo;est pas vaincu. Non, la responsabilit\u00e9 ultime de la violence, en Palestine, n&rsquo;est pas partag\u00e9e, ce n&rsquo;est pas 50\/50, car cette violence est le fruit de l&rsquo;occupation et de la colonisation, et les Palestiniens ne sont pas responsables de l&rsquo;injustice qu&rsquo;on leur fait subir.<\/div>\n<\/div>\n<div class=\"o9v6fnle cxmmr5t8 oygrvhab hcukyx3x c1et5uql ii04i59q\">\n<div dir=\"auto\">Il y a des morts des deux c\u00f4t\u00e9s, oui, et aucune victime civile n&rsquo;est justifi\u00e9e. Mais lorsque le rapport des victimes est de 1 \u00e0 30, il est scandaleux de faire comme s&rsquo;il s&rsquo;agissait d&rsquo;une guerre classique opposant deux arm\u00e9es dans une bataille rang\u00e9e. Car cette guerre n&rsquo;a pas commenc\u00e9 aujourd&rsquo;hui, c&rsquo;est un ethnocide, une tentative d&rsquo;effacement des Palestiniens que l&rsquo;on veut parquer dans les bantoustans de l&rsquo;apartheid sioniste. Cette guerre n&rsquo;est pas une guerre ordinaire, c&rsquo;est la lutte entre une puissance occupante et une r\u00e9sistance arm\u00e9e, et il ne suffira pas d&rsquo;appeler \u00e0 la cessation des violences pour y mettre fin. Ce qui est \u00e0 la fois odieux et ridicule, dans les d\u00e9clamations de la diplomatie occidentale, c&rsquo;est cet appel implicite au d\u00e9sarmement des Palestiniens. On leur demande de baisser les bras, de se r\u00e9signer, d&rsquo;accepter le joug, en feignant d&rsquo;ignorer les raisons pour lesquelles ils ne le feront pas, ni aujourd&rsquo;hui ni demain.<\/div>\n<\/div>\n<div class=\"o9v6fnle cxmmr5t8 oygrvhab hcukyx3x c1et5uql ii04i59q\">\n<div dir=\"auto\">Reste, bien s\u00fbr, cette accusation d&rsquo;antis\u00e9mitisme, ind\u00e9finiment reconduite, pavlovienne, path\u00e9tique de b\u00eatise et r\u00e9pugnante d&rsquo;hypocrisie, que l&rsquo;on jette \u00e0 la figure de tous ceux qui soutiennent la lutte des Palestiniens. Et pourtant, s&rsquo;ils savaient, ces imposteurs, \u00e0 quel point l&rsquo;antisionisme nous suffit, \u00e0 quel point il exprime avec assez de clart\u00e9 ce qu&rsquo;il s&rsquo;agit de d\u00e9fendre. L&rsquo;antis\u00e9mitisme, lorsqu&rsquo;il est av\u00e9r\u00e9, est une souillure pour celui qui l&rsquo;\u00e9prouve. Mais lorsqu&rsquo;il sert \u00e0 accuser l&rsquo;antisionisme, c&rsquo;est une souillure pour celui qui prof\u00e8re cette accusation mensong\u00e8re. Vous pouvez toujours brandir cette calomnie, mais prenez garde, elle risque de vous revenir un jour sur la figure.<\/div>\n<\/div>\n<div class=\"o9v6fnle cxmmr5t8 oygrvhab hcukyx3x c1et5uql ii04i59q\">\n<div dir=\"auto\">Force incoercible de la propagande, lorsqu&rsquo;elle provoque le passage insidieux d\u2019un terme \u00e0 l\u2019autre, qu&rsquo;elle g\u00e9n\u00e8re l\u2019inversion maligne par laquelle le bourreau se fait victime, et l\u2019antisionisme est qualifi\u00e9 d&rsquo;antis\u00e9mitisme. Cette accusation, on l&rsquo;a compris, est une arme d&rsquo;intimidation massive, qui permet \u00e0 des gouvernements serviles, tout heureux de servir l&rsquo;imp\u00e9rialisme et le sionisme, de s&rsquo;acheter une pseudo-bonne conscience. Pitoyable diplomatie, complicit\u00e9 avec le crime qui se pare de toutes les vertus, et qui n&rsquo;en finit plus de toucher le fond. Les Palestiniens, eux, ont compris depuis longtemps qu&rsquo;ils n&rsquo;avaient rien \u00e0 attendre de ces Europ\u00e9ens qu&rsquo;\u00e9touffera un jour leur l\u00e2chet\u00e9.<\/div>\n<\/div>\n<div dir=\"auto\" style=\"text-align: center;\">\n<hr>\n<p><strong>Et pour ceux qui utilisent l&rsquo;argument tr\u00e8s malhonn\u00eate de l&rsquo;antis\u00e9mitisme, une r\u00e9ponse de Philippe Jumeau, trouv\u00e9e sur Facebook, et que je partage pleinement :<\/strong><\/p>\n<\/div>\n<div dir=\"auto\">&nbsp;<\/div>\n<div dir=\"auto\">\n<div class=\"f10w8fjw\" dir=\"auto\">\n<div class=\"\" dir=\"auto\">\n<div class=\"ecm0bbzt hv4rvrfc e5nlhep0 dati1w0a\" data-ad-comet-preview=\"message\" data-ad-preview=\"message\">\n<div class=\"j83agx80 cbu4d94t ew0dbk1b irj2b8pg\">\n<div class=\"qzhwtbm6 knvmm38d\">\n<div class=\"kvgmc6g5 cxmmr5t8 oygrvhab hcukyx3x c1et5uql ii04i59q\">\n<div dir=\"auto\" style=\"text-align: left;\"><em>\u00ab\u00a0Quand De Gaulle condamnait \u00e0 juste titre la guerre des 6 jours en 67 \u00e9tait il antis\u00e9mite ?<\/em><\/div>\n<div dir=\"auto\"><em>Quand nous appelions au boycott des vacances en Espagne ou en Gr\u00e8ce sous les r\u00e9gimes facho de ces pays \u00e9tions-nous anti je ne sais quoi ?<\/em><\/div>\n<div dir=\"auto\"><em>Quand Mitterrand ou Chirac recevaient, \u00e0 juste titre, le repr\u00e9sentant de l&rsquo;OLP Yasser Arafat \u00e9taient ils antis\u00e9mites ?<\/em><\/div>\n<div dir=\"auto\"><em>Quand nous appelions au boycott des produits Chiliens sous Pinochet ou des produits et manifestations argentines sous la dictature \u00e9tions-nous anti latinos?<\/em><\/div>\n<div dir=\"auto\"><em>Quand nous appelions au boycott des produits sud africains pendant l&rsquo;apartheid \u00e9tions-nous anti blancs ?<\/em><\/div>\n<div dir=\"auto\"><em>Alors qu&rsquo;on nous f&#8230;. la paix avec cet argument \u00e0 la noix&#8230;.<\/em><\/div>\n<div dir=\"auto\"><em>Il y a une v\u00e9rit\u00e9, une seule.<\/em><\/div>\n<div dir=\"auto\"><em>Un pays s&rsquo;attribue le droit depuis 1948 de s&rsquo;\u00e9tendre sur les terres d&rsquo;un peuple dont il pique les maisons, la production, la culture&#8230;Un gouvernement d&rsquo;extr\u00eame-droite qui a favoris\u00e9 l&rsquo;installation du Hamas pour mieux le combattre et surtout \u00e9liminer le Fatah s&rsquo;attribue la totalit\u00e9 de la ville de J\u00e9rusalem en violant l&rsquo;esplanade des Mosqu\u00e9es et ce seraient les Palestiniens martyrs qui seraient les m\u00e9chants ?<\/em><\/div>\n<div dir=\"auto\"><em>Un peu faciles et surtout scandaleuses les accusations d&rsquo;antis\u00e9mitisme qui rejoignent quelque part celles d&rsquo;islamo-gauchisme.<\/em><\/div>\n<div dir=\"auto\"><em>Je suis aux c\u00f4t\u00e9s des Palestiniens comme toute ma vie j&rsquo;ai \u00e9t\u00e9 aux c\u00f4t\u00e9s de ceux qui souffrent, comme toute ma vie j&rsquo;ai \u00e9t\u00e9 aux c\u00f4t\u00e9s des peuples opprim\u00e9s et je combat le gouvernement d&rsquo;extr\u00eame droite d\u2019Isra\u00ebl comme je combat cette engeance inacceptable partout o\u00f9 elle se trouve.<\/em><\/div>\n<div dir=\"auto\"><em>Vous pouvez me traiter de tous les noms, je ne changerai pas sur ce point&#8230;\u00a0\u00bb<\/em><\/div>\n<\/div>\n<\/div>\n<\/div>\n<\/div>\n<\/div>\n<\/div>\n<\/div>\n<\/div>\n<\/div>\n<\/div>\n<\/div>\n","protected":false},"excerpt":{"rendered":"<p>Aiguillonn\u00e9 par Trump, encourag\u00e9 par le silence coupable de nombreux dirigeants occidentaux et la paralysie de l&rsquo;ONU, le gouvernement d&rsquo;extr\u00eame droite de Netanyahou poursuit son ignoble travail : occupation, colonisation, apartheid, r\u00e9pression, terreur&#8230; La population palestinienne est chass\u00e9e de chez elle, agress\u00e9e, emp\u00each\u00e9e de circuler. Un mur de la honte a \u00e9t\u00e9 construit en territoire palestinien, des postes de contr\u00f4le \u00e9rig\u00e9s partout&#8230; Gaza est bombard\u00e9. Des habitations sont d\u00e9truites, des habitants expuls\u00e9s. Ces derniers jours des centaines de personnes ont \u00e9t\u00e9 &#8230; <a title=\"Palestine &#8211; Gaza &#8211; l&rsquo;ignoble au quotidien ! Netanyahou doit \u00eatre jug\u00e9 pour crimes de guerre\" class=\"read-more\" href=\"https:\/\/www.gastonballiot.fr\/?p=9210\" aria-label=\"Plus sur Palestine &#8211; Gaza &#8211; l&rsquo;ignoble au quotidien ! Netanyahou doit \u00eatre jug\u00e9 pour crimes de guerre\">Lire la suite&#8230;<\/a><\/p>\n","protected":false},"author":1,"featured_media":56,"comment_status":"open","ping_status":"closed","sticky":false,"template":"","format":"standard","meta":{"ngg_post_thumbnail":0,"jetpack_post_was_ever_published":false,"_jetpack_newsletter_access":"","_jetpack_dont_email_post_to_subs":false,"_jetpack_newsletter_tier_id":0,"_jetpack_memberships_contains_paywalled_content":false,"_jetpack_memberships_contains_paid_content":false,"footnotes":"","jetpack_publicize_message":"","jetpack_publicize_feature_enabled":true,"jetpack_social_post_already_shared":false,"jetpack_social_options":{"image_generator_settings":{"template":"highway","enabled":false},"version":2}},"categories":[2,5,12,11],"tags":[43,68,78,322,104],"class_list":["post-9210","post","type-post","status-publish","format-standard","has-post-thumbnail","hentry","category-a-la-une","category-democratie","category-paix-desarmement","category-moyen-orient","tag-colonies","tag-gaza","tag-israel","tag-netanyahou","tag-palestine","infinite-scroll-item","masonry-post","generate-columns","tablet-grid-50","mobile-grid-100","grid-parent","grid-33"],"jetpack_publicize_connections":[],"yoast_head":"<!-- This site is optimized with the Yoast SEO plugin v27.5 - https:\/\/yoast.com\/product\/yoast-seo-wordpress\/ -->\n<title>Palestine - Gaza - l&#039;ignoble au quotidien ! Netanyahou doit \u00eatre jug\u00e9 pour crimes de guerre - Le blog politique de Gaston<\/title>\n<meta name=\"robots\" content=\"index, follow, max-snippet:-1, max-image-preview:large, max-video-preview:-1\" \/>\n<link rel=\"canonical\" href=\"https:\/\/www.gastonballiot.fr\/?p=9210\" \/>\n<meta property=\"og:locale\" content=\"fr_FR\" \/>\n<meta property=\"og:type\" content=\"article\" \/>\n<meta property=\"og:title\" content=\"Palestine - Gaza - l&#039;ignoble au quotidien ! Netanyahou doit \u00eatre jug\u00e9 pour crimes de guerre - Le blog politique de Gaston\" \/>\n<meta property=\"og:description\" content=\"Aiguillonn\u00e9 par Trump, encourag\u00e9 par le silence coupable de nombreux dirigeants occidentaux et la paralysie de l&rsquo;ONU, le gouvernement d&rsquo;extr\u00eame droite de Netanyahou poursuit son ignoble travail : occupation, colonisation, apartheid, r\u00e9pression, terreur&#8230; La population palestinienne est chass\u00e9e de chez elle, agress\u00e9e, emp\u00each\u00e9e de circuler. Un mur de la honte a \u00e9t\u00e9 construit en territoire palestinien, des postes de contr\u00f4le \u00e9rig\u00e9s partout&#8230; Gaza est bombard\u00e9. Des habitations sont d\u00e9truites, des habitants expuls\u00e9s. Ces derniers jours des centaines de personnes ont \u00e9t\u00e9 ... Lire la suite...\" \/>\n<meta property=\"og:url\" content=\"https:\/\/www.gastonballiot.fr\/?p=9210\" \/>\n<meta property=\"og:site_name\" content=\"Le blog politique de Gaston\" \/>\n<meta property=\"article:publisher\" content=\"https:\/\/www.facebook.com\/gaston.balliot\/\" \/>\n<meta property=\"article:author\" content=\"https:\/\/www.facebook.com\/gaston.balliot\/\" \/>\n<meta property=\"article:published_time\" content=\"2021-05-13T08:25:41+00:00\" \/>\n<meta property=\"article:modified_time\" content=\"2021-05-19T16:35:46+00:00\" \/>\n<meta property=\"og:image\" content=\"https:\/\/www.gastonballiot.fr\/wp-content\/uploads\/2015\/01\/ed5cb-gaza2014.jpg\" \/>\n\t<meta property=\"og:image:width\" content=\"369\" \/>\n\t<meta property=\"og:image:height\" content=\"562\" \/>\n\t<meta property=\"og:image:type\" content=\"image\/jpeg\" \/>\n<meta name=\"author\" content=\"gb\" \/>\n<meta name=\"twitter:card\" content=\"summary_large_image\" \/>\n<meta name=\"twitter:label1\" content=\"\u00c9crit par\" \/>\n\t<meta name=\"twitter:data1\" content=\"gb\" \/>\n\t<meta name=\"twitter:label2\" content=\"Dur\u00e9e de lecture estim\u00e9e\" \/>\n\t<meta name=\"twitter:data2\" content=\"7 minutes\" \/>\n<script type=\"application\/ld+json\" class=\"yoast-schema-graph\">{\"@context\":\"https:\\\/\\\/schema.org\",\"@graph\":[{\"@type\":\"Article\",\"@id\":\"https:\\\/\\\/www.gastonballiot.fr\\\/?p=9210#article\",\"isPartOf\":{\"@id\":\"https:\\\/\\\/www.gastonballiot.fr\\\/?p=9210\"},\"author\":{\"name\":\"gb\",\"@id\":\"https:\\\/\\\/www.gastonballiot.fr\\\/#\\\/schema\\\/person\\\/244a5e02696abd8a65c5b1bebdb948ca\"},\"headline\":\"Palestine &#8211; Gaza &#8211; l&rsquo;ignoble au quotidien ! Netanyahou doit \u00eatre jug\u00e9 pour crimes de guerre\",\"datePublished\":\"2021-05-13T08:25:41+00:00\",\"dateModified\":\"2021-05-19T16:35:46+00:00\",\"mainEntityOfPage\":{\"@id\":\"https:\\\/\\\/www.gastonballiot.fr\\\/?p=9210\"},\"wordCount\":1547,\"commentCount\":0,\"publisher\":{\"@id\":\"https:\\\/\\\/www.gastonballiot.fr\\\/#\\\/schema\\\/person\\\/244a5e02696abd8a65c5b1bebdb948ca\"},\"image\":{\"@id\":\"https:\\\/\\\/www.gastonballiot.fr\\\/?p=9210#primaryimage\"},\"thumbnailUrl\":\"https:\\\/\\\/i0.wp.com\\\/www.gastonballiot.fr\\\/wp-content\\\/uploads\\\/2015\\\/01\\\/ed5cb-gaza2014.jpg?fit=369%2C562&ssl=1\",\"keywords\":[\"colonies\",\"Gaza\",\"Isra\u00ebl\",\"Netanyahou\",\"Palestine\"],\"articleSection\":[\"A la une\",\"D\u00e9mocratie\",\"Paix-D\u00e9sarmement\",\"Proche Orient\"],\"inLanguage\":\"fr-FR\",\"potentialAction\":[{\"@type\":\"CommentAction\",\"name\":\"Comment\",\"target\":[\"https:\\\/\\\/www.gastonballiot.fr\\\/?p=9210#respond\"]}]},{\"@type\":\"WebPage\",\"@id\":\"https:\\\/\\\/www.gastonballiot.fr\\\/?p=9210\",\"url\":\"https:\\\/\\\/www.gastonballiot.fr\\\/?p=9210\",\"name\":\"Palestine - Gaza - l'ignoble au quotidien ! Netanyahou doit \u00eatre jug\u00e9 pour crimes de guerre - Le blog politique de Gaston\",\"isPartOf\":{\"@id\":\"https:\\\/\\\/www.gastonballiot.fr\\\/#website\"},\"primaryImageOfPage\":{\"@id\":\"https:\\\/\\\/www.gastonballiot.fr\\\/?p=9210#primaryimage\"},\"image\":{\"@id\":\"https:\\\/\\\/www.gastonballiot.fr\\\/?p=9210#primaryimage\"},\"thumbnailUrl\":\"https:\\\/\\\/i0.wp.com\\\/www.gastonballiot.fr\\\/wp-content\\\/uploads\\\/2015\\\/01\\\/ed5cb-gaza2014.jpg?fit=369%2C562&ssl=1\",\"datePublished\":\"2021-05-13T08:25:41+00:00\",\"dateModified\":\"2021-05-19T16:35:46+00:00\",\"breadcrumb\":{\"@id\":\"https:\\\/\\\/www.gastonballiot.fr\\\/?p=9210#breadcrumb\"},\"inLanguage\":\"fr-FR\",\"potentialAction\":[{\"@type\":\"ReadAction\",\"target\":[\"https:\\\/\\\/www.gastonballiot.fr\\\/?p=9210\"]}]},{\"@type\":\"ImageObject\",\"inLanguage\":\"fr-FR\",\"@id\":\"https:\\\/\\\/www.gastonballiot.fr\\\/?p=9210#primaryimage\",\"url\":\"https:\\\/\\\/i0.wp.com\\\/www.gastonballiot.fr\\\/wp-content\\\/uploads\\\/2015\\\/01\\\/ed5cb-gaza2014.jpg?fit=369%2C562&ssl=1\",\"contentUrl\":\"https:\\\/\\\/i0.wp.com\\\/www.gastonballiot.fr\\\/wp-content\\\/uploads\\\/2015\\\/01\\\/ed5cb-gaza2014.jpg?fit=369%2C562&ssl=1\",\"width\":369,\"height\":562},{\"@type\":\"BreadcrumbList\",\"@id\":\"https:\\\/\\\/www.gastonballiot.fr\\\/?p=9210#breadcrumb\",\"itemListElement\":[{\"@type\":\"ListItem\",\"position\":1,\"name\":\"Accueil\",\"item\":\"https:\\\/\\\/www.gastonballiot.fr\\\/\"},{\"@type\":\"ListItem\",\"position\":2,\"name\":\"Palestine &#8211; Gaza &#8211; l&#8217;ignoble au quotidien ! Netanyahou doit \u00eatre jug\u00e9 pour crimes de guerre\"}]},{\"@type\":\"WebSite\",\"@id\":\"https:\\\/\\\/www.gastonballiot.fr\\\/#website\",\"url\":\"https:\\\/\\\/www.gastonballiot.fr\\\/\",\"name\":\"Le blog politique de Gaston\",\"description\":\"L&#039;humain d&#039;abord, pas la finance !\",\"publisher\":{\"@id\":\"https:\\\/\\\/www.gastonballiot.fr\\\/#\\\/schema\\\/person\\\/244a5e02696abd8a65c5b1bebdb948ca\"},\"potentialAction\":[{\"@type\":\"SearchAction\",\"target\":{\"@type\":\"EntryPoint\",\"urlTemplate\":\"https:\\\/\\\/www.gastonballiot.fr\\\/?s={search_term_string}\"},\"query-input\":{\"@type\":\"PropertyValueSpecification\",\"valueRequired\":true,\"valueName\":\"search_term_string\"}}],\"inLanguage\":\"fr-FR\"},{\"@type\":[\"Person\",\"Organization\"],\"@id\":\"https:\\\/\\\/www.gastonballiot.fr\\\/#\\\/schema\\\/person\\\/244a5e02696abd8a65c5b1bebdb948ca\",\"name\":\"gb\",\"image\":{\"@type\":\"ImageObject\",\"inLanguage\":\"fr-FR\",\"@id\":\"https:\\\/\\\/i0.wp.com\\\/www.gastonballiot.fr\\\/wp-content\\\/uploads\\\/2017\\\/04\\\/cropped-Marianne-drapeau-rouge.gif?fit=512%2C512&ssl=1\",\"url\":\"https:\\\/\\\/i0.wp.com\\\/www.gastonballiot.fr\\\/wp-content\\\/uploads\\\/2017\\\/04\\\/cropped-Marianne-drapeau-rouge.gif?fit=512%2C512&ssl=1\",\"contentUrl\":\"https:\\\/\\\/i0.wp.com\\\/www.gastonballiot.fr\\\/wp-content\\\/uploads\\\/2017\\\/04\\\/cropped-Marianne-drapeau-rouge.gif?fit=512%2C512&ssl=1\",\"width\":512,\"height\":512,\"caption\":\"gb\"},\"logo\":{\"@id\":\"https:\\\/\\\/i0.wp.com\\\/www.gastonballiot.fr\\\/wp-content\\\/uploads\\\/2017\\\/04\\\/cropped-Marianne-drapeau-rouge.gif?fit=512%2C512&ssl=1\"},\"description\":\"Gaston Balliot, militant du Front de Gauche en pays bigouden - Pont L'Abb\u00e9 - Loctudy - Guilvinec - Penmarc'h - Ile Tudy - Combrit Ste Marine - Tr\u00e9meoc - Plon\u00e9our, p\u00eache tourisme\",\"sameAs\":[\"https:\\\/\\\/www.facebook.com\\\/gaston.balliot\\\/\"]}]}<\/script>\n<!-- \/ Yoast SEO plugin. -->","yoast_head_json":{"title":"Palestine - Gaza - l'ignoble au quotidien ! Netanyahou doit \u00eatre jug\u00e9 pour crimes de guerre - Le blog politique de Gaston","robots":{"index":"index","follow":"follow","max-snippet":"max-snippet:-1","max-image-preview":"max-image-preview:large","max-video-preview":"max-video-preview:-1"},"canonical":"https:\/\/www.gastonballiot.fr\/?p=9210","og_locale":"fr_FR","og_type":"article","og_title":"Palestine - Gaza - l'ignoble au quotidien ! Netanyahou doit \u00eatre jug\u00e9 pour crimes de guerre - Le blog politique de Gaston","og_description":"Aiguillonn\u00e9 par Trump, encourag\u00e9 par le silence coupable de nombreux dirigeants occidentaux et la paralysie de l&rsquo;ONU, le gouvernement d&rsquo;extr\u00eame droite de Netanyahou poursuit son ignoble travail : occupation, colonisation, apartheid, r\u00e9pression, terreur&#8230; La population palestinienne est chass\u00e9e de chez elle, agress\u00e9e, emp\u00each\u00e9e de circuler. Un mur de la honte a \u00e9t\u00e9 construit en territoire palestinien, des postes de contr\u00f4le \u00e9rig\u00e9s partout&#8230; Gaza est bombard\u00e9. Des habitations sont d\u00e9truites, des habitants expuls\u00e9s. Ces derniers jours des centaines de personnes ont \u00e9t\u00e9 ... Lire la suite...","og_url":"https:\/\/www.gastonballiot.fr\/?p=9210","og_site_name":"Le blog politique de Gaston","article_publisher":"https:\/\/www.facebook.com\/gaston.balliot\/","article_author":"https:\/\/www.facebook.com\/gaston.balliot\/","article_published_time":"2021-05-13T08:25:41+00:00","article_modified_time":"2021-05-19T16:35:46+00:00","og_image":[{"width":369,"height":562,"url":"https:\/\/www.gastonballiot.fr\/wp-content\/uploads\/2015\/01\/ed5cb-gaza2014.jpg","type":"image\/jpeg"}],"author":"gb","twitter_card":"summary_large_image","twitter_misc":{"\u00c9crit par":"gb","Dur\u00e9e de lecture estim\u00e9e":"7 minutes"},"schema":{"@context":"https:\/\/schema.org","@graph":[{"@type":"Article","@id":"https:\/\/www.gastonballiot.fr\/?p=9210#article","isPartOf":{"@id":"https:\/\/www.gastonballiot.fr\/?p=9210"},"author":{"name":"gb","@id":"https:\/\/www.gastonballiot.fr\/#\/schema\/person\/244a5e02696abd8a65c5b1bebdb948ca"},"headline":"Palestine &#8211; Gaza &#8211; l&rsquo;ignoble au quotidien ! Netanyahou doit \u00eatre jug\u00e9 pour crimes de guerre","datePublished":"2021-05-13T08:25:41+00:00","dateModified":"2021-05-19T16:35:46+00:00","mainEntityOfPage":{"@id":"https:\/\/www.gastonballiot.fr\/?p=9210"},"wordCount":1547,"commentCount":0,"publisher":{"@id":"https:\/\/www.gastonballiot.fr\/#\/schema\/person\/244a5e02696abd8a65c5b1bebdb948ca"},"image":{"@id":"https:\/\/www.gastonballiot.fr\/?p=9210#primaryimage"},"thumbnailUrl":"https:\/\/i0.wp.com\/www.gastonballiot.fr\/wp-content\/uploads\/2015\/01\/ed5cb-gaza2014.jpg?fit=369%2C562&ssl=1","keywords":["colonies","Gaza","Isra\u00ebl","Netanyahou","Palestine"],"articleSection":["A la une","D\u00e9mocratie","Paix-D\u00e9sarmement","Proche Orient"],"inLanguage":"fr-FR","potentialAction":[{"@type":"CommentAction","name":"Comment","target":["https:\/\/www.gastonballiot.fr\/?p=9210#respond"]}]},{"@type":"WebPage","@id":"https:\/\/www.gastonballiot.fr\/?p=9210","url":"https:\/\/www.gastonballiot.fr\/?p=9210","name":"Palestine - Gaza - l'ignoble au quotidien ! Netanyahou doit \u00eatre jug\u00e9 pour crimes de guerre - Le blog politique de Gaston","isPartOf":{"@id":"https:\/\/www.gastonballiot.fr\/#website"},"primaryImageOfPage":{"@id":"https:\/\/www.gastonballiot.fr\/?p=9210#primaryimage"},"image":{"@id":"https:\/\/www.gastonballiot.fr\/?p=9210#primaryimage"},"thumbnailUrl":"https:\/\/i0.wp.com\/www.gastonballiot.fr\/wp-content\/uploads\/2015\/01\/ed5cb-gaza2014.jpg?fit=369%2C562&ssl=1","datePublished":"2021-05-13T08:25:41+00:00","dateModified":"2021-05-19T16:35:46+00:00","breadcrumb":{"@id":"https:\/\/www.gastonballiot.fr\/?p=9210#breadcrumb"},"inLanguage":"fr-FR","potentialAction":[{"@type":"ReadAction","target":["https:\/\/www.gastonballiot.fr\/?p=9210"]}]},{"@type":"ImageObject","inLanguage":"fr-FR","@id":"https:\/\/www.gastonballiot.fr\/?p=9210#primaryimage","url":"https:\/\/i0.wp.com\/www.gastonballiot.fr\/wp-content\/uploads\/2015\/01\/ed5cb-gaza2014.jpg?fit=369%2C562&ssl=1","contentUrl":"https:\/\/i0.wp.com\/www.gastonballiot.fr\/wp-content\/uploads\/2015\/01\/ed5cb-gaza2014.jpg?fit=369%2C562&ssl=1","width":369,"height":562},{"@type":"BreadcrumbList","@id":"https:\/\/www.gastonballiot.fr\/?p=9210#breadcrumb","itemListElement":[{"@type":"ListItem","position":1,"name":"Accueil","item":"https:\/\/www.gastonballiot.fr\/"},{"@type":"ListItem","position":2,"name":"Palestine &#8211; Gaza &#8211; l&#8217;ignoble au quotidien ! Netanyahou doit \u00eatre jug\u00e9 pour crimes de guerre"}]},{"@type":"WebSite","@id":"https:\/\/www.gastonballiot.fr\/#website","url":"https:\/\/www.gastonballiot.fr\/","name":"Le blog politique de Gaston","description":"L&#039;humain d&#039;abord, pas la finance !","publisher":{"@id":"https:\/\/www.gastonballiot.fr\/#\/schema\/person\/244a5e02696abd8a65c5b1bebdb948ca"},"potentialAction":[{"@type":"SearchAction","target":{"@type":"EntryPoint","urlTemplate":"https:\/\/www.gastonballiot.fr\/?s={search_term_string}"},"query-input":{"@type":"PropertyValueSpecification","valueRequired":true,"valueName":"search_term_string"}}],"inLanguage":"fr-FR"},{"@type":["Person","Organization"],"@id":"https:\/\/www.gastonballiot.fr\/#\/schema\/person\/244a5e02696abd8a65c5b1bebdb948ca","name":"gb","image":{"@type":"ImageObject","inLanguage":"fr-FR","@id":"https:\/\/i0.wp.com\/www.gastonballiot.fr\/wp-content\/uploads\/2017\/04\/cropped-Marianne-drapeau-rouge.gif?fit=512%2C512&ssl=1","url":"https:\/\/i0.wp.com\/www.gastonballiot.fr\/wp-content\/uploads\/2017\/04\/cropped-Marianne-drapeau-rouge.gif?fit=512%2C512&ssl=1","contentUrl":"https:\/\/i0.wp.com\/www.gastonballiot.fr\/wp-content\/uploads\/2017\/04\/cropped-Marianne-drapeau-rouge.gif?fit=512%2C512&ssl=1","width":512,"height":512,"caption":"gb"},"logo":{"@id":"https:\/\/i0.wp.com\/www.gastonballiot.fr\/wp-content\/uploads\/2017\/04\/cropped-Marianne-drapeau-rouge.gif?fit=512%2C512&ssl=1"},"description":"Gaston Balliot, militant du Front de Gauche en pays bigouden - Pont L'Abb\u00e9 - Loctudy - Guilvinec - Penmarc'h - Ile Tudy - Combrit Ste Marine - Tr\u00e9meoc - Plon\u00e9our, p\u00eache tourisme","sameAs":["https:\/\/www.facebook.com\/gaston.balliot\/"]}]}},"jetpack_featured_media_url":"https:\/\/i0.wp.com\/www.gastonballiot.fr\/wp-content\/uploads\/2015\/01\/ed5cb-gaza2014.jpg?fit=369%2C562&ssl=1","jetpack_shortlink":"https:\/\/wp.me\/p5UTaD-2oy","jetpack-related-posts":[],"jetpack_likes_enabled":true,"jetpack_sharing_enabled":true,"_links":{"self":[{"href":"https:\/\/www.gastonballiot.fr\/index.php?rest_route=\/wp\/v2\/posts\/9210","targetHints":{"allow":["GET"]}}],"collection":[{"href":"https:\/\/www.gastonballiot.fr\/index.php?rest_route=\/wp\/v2\/posts"}],"about":[{"href":"https:\/\/www.gastonballiot.fr\/index.php?rest_route=\/wp\/v2\/types\/post"}],"author":[{"embeddable":true,"href":"https:\/\/www.gastonballiot.fr\/index.php?rest_route=\/wp\/v2\/users\/1"}],"replies":[{"embeddable":true,"href":"https:\/\/www.gastonballiot.fr\/index.php?rest_route=%2Fwp%2Fv2%2Fcomments&post=9210"}],"version-history":[{"count":0,"href":"https:\/\/www.gastonballiot.fr\/index.php?rest_route=\/wp\/v2\/posts\/9210\/revisions"}],"wp:featuredmedia":[{"embeddable":true,"href":"https:\/\/www.gastonballiot.fr\/index.php?rest_route=\/wp\/v2\/media\/56"}],"wp:attachment":[{"href":"https:\/\/www.gastonballiot.fr\/index.php?rest_route=%2Fwp%2Fv2%2Fmedia&parent=9210"}],"wp:term":[{"taxonomy":"category","embeddable":true,"href":"https:\/\/www.gastonballiot.fr\/index.php?rest_route=%2Fwp%2Fv2%2Fcategories&post=9210"},{"taxonomy":"post_tag","embeddable":true,"href":"https:\/\/www.gastonballiot.fr\/index.php?rest_route=%2Fwp%2Fv2%2Ftags&post=9210"}],"curies":[{"name":"wp","href":"https:\/\/api.w.org\/{rel}","templated":true}]}}