{"id":9347,"date":"2021-06-24T16:21:25","date_gmt":"2021-06-24T14:21:25","guid":{"rendered":"https:\/\/www.gastonballiot.fr\/?p=9347"},"modified":"2021-07-17T15:35:14","modified_gmt":"2021-07-17T13:35:14","slug":"onu-vote-presque-unanime-pour-la-levee-du-scandaleux-blocus-de-cuba-par-les-usa","status":"publish","type":"post","link":"https:\/\/www.gastonballiot.fr\/?p=9347","title":{"rendered":"ONU : vote presque unanime pour la lev\u00e9e du scandaleux blocus de Cuba par les USA"},"content":{"rendered":"<div class=\"\" dir=\"auto\">\n<div id=\"jsc_c_8k\" class=\"ecm0bbzt hv4rvrfc ihqw7lf3 dati1w0a\" data-ad-comet-preview=\"message\" data-ad-preview=\"message\">\n<div class=\"j83agx80 cbu4d94t ew0dbk1b irj2b8pg\">\n<div class=\"qzhwtbm6 knvmm38d\">\n<div class=\"kvgmc6g5 cxmmr5t8 oygrvhab hcukyx3x c1et5uql ii04i59q\">\n<div dir=\"auto\" style=\"text-align: center;\"><strong>STOP BLOCUS : L&rsquo;\u00c9CRASANTE MAJORIT\u00c9 DE LA PLAN\u00c8TE EXIGE LA FIN DU BLOCUS DE CUBA PAR LES \u00c9TATS-UNIS<\/strong><\/div>\n<\/div>\n<div class=\"o9v6fnle cxmmr5t8 oygrvhab hcukyx3x c1et5uql ii04i59q\">\n<div dir=\"auto\">ONU, 23 juin 2021 :&nbsp; R\u00e9sultats du vote : 184 pour la lev\u00e9e du blocus, 2 contre (USA et Isra\u00ebl), 3 abstentions (Colombie, Ukraine et \u00c9mirats arabes unis).<\/div>\n<\/div>\n<div class=\"o9v6fnle cxmmr5t8 oygrvhab hcukyx3x c1et5uql ii04i59q\">\n<div dir=\"auto\">Sur les 193 membres des Nations Unies, 184 pays ont vot\u00e9 pour la condamnation du blocus, 3 pays se sont abstenus et une demi-douzaine de pays n\u2019ont pas vot\u00e9, parmi lesquels figurent le Br\u00e9sil et l\u2019\u00c9quateur.<\/div>\n<div dir=\"auto\"><a href=\"https:\/\/www.facebook.com\/groups\/CubaSiFranceInfos\/\" target=\"_blank\" rel=\"noopener\"><strong>https:\/\/www.facebook.com\/groups\/CubaSiFranceInfos\/<\/strong><\/a><\/div>\n<div dir=\"auto\">\n<div class=\"field field-name-title field-type-ds field-label-hidden\">\n<div class=\"field-items\">\n<div class=\"field-item even\">\n<h1 style=\"text-align: center;\">ONU. Le monde s\u2019\u00e9l\u00e8ve contre le blocus impos\u00e9 \u00e0 Cuba<\/h1>\n<\/div>\n<\/div>\n<\/div>\n<div class=\"group-ft-auteur-date-media field-group-div\">\n<div class=\"field field-name-field-news-date-publication\" style=\"text-align: right;\"><span class=\"date-display-single\">Jeudi 24 Juin 2021 par <\/span>Rosa Moussaoui dans l&rsquo;Humanit\u00e9<\/div>\n<\/div>\n<div class=\"group-texte-long field-group-div\">\n<div class=\"field field-name-field-news-chapo field-type-text-long field-label-hidden\">\n<div class=\"field-items\">\n<div class=\"field-item even\">\n<p>L\u2019Assembl\u00e9e g\u00e9n\u00e9rale des Nations unies a adopt\u00e9, mercredi, \u00e0 la quasi-unanimit\u00e9, une r\u00e9solution demandant la lev\u00e9e des sanctions impos\u00e9es depuis 1962 par Washington \u00e0 La Havane.<\/p>\n<\/div>\n<\/div>\n<\/div>\n<div class=\"qiota_reserve\">\n<div class=\"field field-name-field-news-text field-type-text-long field-label-hidden\">\n<div class=\"field-items\">\n<div class=\"field-item even\">\n<p class=\"TX\">Comme les 28 pr\u00e9c\u00e9dentes, la r\u00e9solution adopt\u00e9e mercredi par l\u2019Assembl\u00e9e g\u00e9n\u00e9\u00adrale des Nations unies sur la&nbsp;<em>\u00ab\u2009n\u00e9cessit\u00e9 de mettre fin \u00e0 l\u2019embargo \u00e9conomique, commercial et&nbsp;<\/em><em>\u00ad<\/em>&nbsp;<em>financier impos\u00e9 par les \u00c9tats-Unis&nbsp;<\/em><em>\u00e0<\/em>&nbsp;<em>Cuba\u2009\u00bb<\/em>&nbsp;a recueilli le soutien de&nbsp; 184 pays.&nbsp;Sans surprise, seuls Washington et Tel Aviv ont vot\u00e9&nbsp;contre&nbsp;ce texte r\u00e9affirmant, entre autres principes,&nbsp;<em>\u00ab\u2009l\u2019\u00e9galit\u00e9 souveraine des \u00c9tats, la non-ing\u00e9rence dans leurs affaires int\u00e9rieures et la libert\u00e9 du commerce international\u2009\u00bb.&nbsp;<\/em>Trois pays se sont abstenus : L&rsquo;Ukraine et la Colombie, comme en 2019, et le Br\u00e9sil, qui avait vot\u00e9 contre la r\u00e9solution adopt\u00e9e voil\u00e0 deux ans.&nbsp;<\/p>\n<p class=\"TX\">Cette r\u00e9solution onusienne exhorte l\u2019adminis\u00adtration am\u00e9ricaine <em>\u00ab\u2009\u00e0 prendre les mesures n\u00e9cessaires pour abroger ou invalider dans les meilleurs d\u00e9lais\u2009\u00bb<\/em> les lois et r\u00e8glements perp\u00e9tuant un r\u00e9gime de sanctions <em>\u00ab\u2009dont les effets extraterritoriaux affectent la souverainet\u00e9 d\u2019autres \u00c9tats, les int\u00e9r\u00eats l\u00e9gitimes des entit\u00e9s ou des personnes relevant de leur juridiction et la libert\u00e9 du commerce et de la navigation\u2009\u00bb.<\/em><\/p>\n<h2 class=\"IT\">\u00ab\u2009Des entraves au d\u00e9veloppement\u2009\u00bb<\/h2>\n<p class=\"TX\"><a href=\"https:\/\/www.humanite.fr\/etiquettes\/embargo-cuba-0\" target=\"_blank\" rel=\"noopener\">Le blocus d\u00e9cr\u00e9t\u00e9 par les \u00c9tats-Unis contre Cuba perdure depuis le 3&nbsp;f\u00e9vrier 1962<\/a>. Si les dommages humains li\u00e9s \u00e0 ces mesures arbitraires sont inquantifiables, La Havane \u00e9value \u00e0 plus de 144&nbsp;milliards de dollars les pertes caus\u00e9es, depuis six d\u00e9cennies, \u00e0 l\u2019\u00e9conomie cubaine. Entre avril 2019 et mars 2020, le pr\u00e9judice \u00e9conomique du blocus s\u2019\u00e9levait, pour l\u2019\u00eele, \u00e0 5&nbsp;milliards de dollars. <em>\u00ab\u2009Aucun citoyen cubain, aucun secteur de l\u2019\u00e9conomie cubaine n\u2019\u00e9chappe aux effets du blocus, qui entrave le d\u00e9veloppement que tout pays souverain est en droit de poursuivre\u2009\u00bb<\/em>, font valoir les autorit\u00e9s cubaines. Cette politique unilat\u00e9rale, insistent-elles, constitue le principal obstacle au d\u00e9ploiement des r\u00e9formes \u00e9conomiques engag\u00e9es depuis 2008.<\/p>\n<p class=\"TX\">Pour le peuple cubain, les effets d\u00e9sastreux et m\u00eame criminels de ces sanctions se font ressentir plus cruellement encore dans le contexte de la pand\u00e9mie de \u00adCovid-19, puisqu\u2019elles n\u2019\u00e9pargnent ni les denr\u00e9es de base, ni les m\u00e9dicaments, ni le mat\u00e9riel et les mati\u00e8res premi\u00e8res dont le pays a besoin pour d\u00e9velopper et produire les vaccins qu\u2019il a mis au point contre le nouveau coronavirus. \u00ab\u2009Comme le virus, le blocus asphyxie et tue. Cela doit cesser !\u2009\u00bb a lanc\u00e9 \u00e0 la tribune de l\u2019ONU le chef de la diplomatie cubaine, Bruno Rodriguez Parrilla.<\/p>\n<h2 class=\"IT\">L\u2019ultime coup tordu\u2009de Trump<\/h2>\n<p class=\"TX\">Il faut rappeler qu\u2019apr\u00e8s la relative ouverture initi\u00e9e par l\u2019administration Obama, Donald Trump avait consid\u00e9rablement durci ce blocus avec un attirail kafka\u00efen de 243&nbsp;nouvelles mesures. Un pas suppl\u00e9mentaire avait d\u00e9j\u00e0 \u00e9t\u00e9 franchi avec l\u2019activation pour la premi\u00e8re fois, en mai 2019, du titre&nbsp;III de la loi Helms-Burton, une clause qui ouvre la voie \u00e0 des poursuites en justice contre les entreprises \u00e9trang\u00e8res pr\u00e9sentes \u00e0 Cuba. Cette loi, promulgu\u00e9e en 1996 sous la pr\u00e9sidence de Bill Clinton apr\u00e8s sa r\u00e9daction par des \u00adavocats du producteur de rhum exil\u00e9 aux \u00c9tats-Unis, Bacardi, tient, avec ce volet, les \u00adinvestisseurs \u00e9trangers pour des <em>\u00ab\u2009trafiquants\u2009\u00bb<\/em> susceptibles de tirer profit des biens ayant appartenu \u00e0 des ressortissants am\u00e9ricains (ou \u00e0 des exil\u00e9s cubains ayant acquis la nationalit\u00e9 am\u00e9ricaine) et nationalis\u00e9s par le gouvernement apr\u00e8s la r\u00e9volution de 1959.<\/p>\n<p class=\"TX\">Donald Trump est all\u00e9 jusqu\u2019\u00e0 clore son mandat avec un ultime coup tordu\u2009: la r\u00e9inscription de Cuba sur la liste dress\u00e9e par Washington des \u00c9tats soutenant le terrorisme.&nbsp;Comble du cynisme, quand on sait que&nbsp;les attentats perp\u00e9tr\u00e9s en territoire cubain sous parapluie \u00e9tats-unien ont fait, au total,\u20093\u2009478 victimes d\u00e9c\u00e9d\u00e9es et 2\u2009099 infirmes.&nbsp;La r\u00e9int\u00e9gration de La Havane&nbsp;dans&nbsp;cette liste implique des entraves aux aides \u00e9conomiques, l\u2019interdiction faite aux institutions internationales d\u2019y financer des projets, ainsi que des mesures de r\u00e9torsion fiscale et douani\u00e8re contre les \u00adentreprises et les personnes y d\u00e9veloppant des activit\u00e9s.<\/p>\n<h2 class=\"IT\">La France plut\u00f4t discr\u00e8te<\/h2>\n<p class=\"TX\">L\u2019incertitude demeure quant aux orientations qui seront celles de l\u2019administration Biden mais jusque-l\u00e0, le nouveau pr\u00e9sident des \u00c9tats-Unis n\u2019a jamais affich\u00e9 l\u2019intention de mettre un terme \u00e0 la guerre \u00e9conomique, politique et strat\u00e9gique livr\u00e9e \u00e0 Cuba. Son plan\u2009? <em> \u00ab\u2009Suivre une politique qui donne au peuple cubain le pouvoir de d\u00e9terminer librement son propre avenir.\u2009\u00bb<\/em><\/p>\n<p class=\"TX\">Comme les ann\u00e9es pr\u00e9c\u00e9dentes, la France a vot\u00e9 en faveur de la r\u00e9solution onusienne pour la lev\u00e9e du blocus. Mais son action diplomatique, sur ce terrain, s\u2019est faite, sous le mandat d\u2019Emmanuel Macron, plut\u00f4t discr\u00e8te. Loin des propos de son pr\u00e9d\u00e9cesseur, qui, lors d\u2019une visite dans la Grande \u00cele, en 2015, qualifiait ce blocus de <em>\u00ab\u2009vestige de la guerre froide\u2009\u00bb<\/em>.<\/p>\n<div class=\"field field-name-field-news-encadre field-type-text-long field-label-hidden\">\n<div class=\"field-items\">\n<div class=\"field-item even\">\n<h3 class=\"encadre-title\" style=\"text-align: center;\"><span style=\"background-color: #ffffff; color: #ff0000;\">Sanctions \u00ab\u2009inacceptables\u2009\u00bb<\/span><\/h3>\n<p class=\"TX\" style=\"padding-left: 40px;\">Hier 23 juin, lors d\u2019une conf\u00e9rence de presse au Palais Bourbon, les d\u00e9put\u00e9s <span style=\"background-color: #ffffff; color: #ff0000;\">F<span style=\"color: #000000;\">ran\u00e7ois-Michel<\/span><\/span> Lambert (ex-LaREM), St\u00e9phane Viry (LR), Andr\u00e9 Chassaigne (PCF) et \u00c9ric Coquerel (FI) ont appel\u00e9 l\u2019ex\u00e9cutif \u00e0 une action r\u00e9solue en faveur de la lev\u00e9e du blocus \u00e9tats-unien contre Cuba, qui a d\u00e9j\u00e0 caus\u00e9 aux entreprises fran\u00e7aises des milliards de dollars de pr\u00e9judice, depuis 2008, entre amendes et investissements bloqu\u00e9s. Avec leur port\u00e9e extraterritoriale, ces sanctions <em>\u00ab\u2009inacceptables\u2009\u00bb<\/em> portent atteinte \u00e0 l\u2019ind\u00e9pendance de l\u2019\u00eele et \u00e0 la souverainet\u00e9 fran\u00e7aise, ont-ils estim\u00e9, d\u00e9non\u00e7ant leurs effets tragiques sur le peuple cubain, dans un contexte de crise sanitaire mondiale.<\/p>\n<p style=\"text-align: center;\"><span style=\"font-size: 14pt;\"><strong>Le point sur l&rsquo;aberrant blocus de Cuba par les USA depuis des d\u00e9cennies :<br \/>\n<\/strong><\/span><\/p>\n<p><a href=\"https:\/\/fdgpierrebe.over-blog.com\/2021\/07\/1962-2021-comment-les-etats-unis-etranglent-cuba-avec-un-embargo-total-economique-commercial-et-financier.html?utm_campaign=_ob_pushmail&amp;utm_medium=_ob_notification&amp;utm_source=_ob_email\" target=\"_blank\" rel=\"noopener\">https:\/\/fdgpierrebe.over-blog.com\/2021\/07\/1962-2021-comment-les-etats-unis-etranglent-cuba-avec-un-embargo-total-economique-commercial-et-financier.html?utm_campaign=_ob_pushmail&amp;utm_medium=_ob_notification&amp;utm_source=_ob_email<\/a><\/p>\n<\/div>\n<\/div>\n<\/div>\n<\/div>\n<\/div>\n<\/div>\n<\/div>\n<\/div>\n<\/div>\n<\/div>\n<\/div>\n<\/div>\n<\/div>\n<\/div>\n","protected":false},"excerpt":{"rendered":"<p>STOP BLOCUS : L&rsquo;\u00c9CRASANTE MAJORIT\u00c9 DE LA PLAN\u00c8TE EXIGE LA FIN DU BLOCUS DE CUBA PAR LES \u00c9TATS-UNIS ONU, 23 juin 2021 :&nbsp; R\u00e9sultats du vote : 184 pour la lev\u00e9e du blocus, 2 contre (USA et Isra\u00ebl), 3 abstentions (Colombie, Ukraine et \u00c9mirats arabes unis). Sur les 193 membres des Nations Unies, 184 pays ont vot\u00e9 pour la condamnation du blocus, 3 pays se sont abstenus et une demi-douzaine de pays n\u2019ont pas vot\u00e9, parmi lesquels figurent le Br\u00e9sil et &#8230; <a title=\"ONU : vote presque unanime pour la lev\u00e9e du scandaleux blocus de Cuba par les USA\" class=\"read-more\" href=\"https:\/\/www.gastonballiot.fr\/?p=9347\" aria-label=\"Plus sur ONU : vote presque unanime pour la lev\u00e9e du scandaleux blocus de Cuba par les USA\">Lire la suite&#8230;<\/a><\/p>\n","protected":false},"author":1,"featured_media":9348,"comment_status":"open","ping_status":"closed","sticky":false,"template":"","format":"standard","meta":{"ngg_post_thumbnail":0,"jetpack_post_was_ever_published":false,"_jetpack_newsletter_access":"","_jetpack_dont_email_post_to_subs":false,"_jetpack_newsletter_tier_id":0,"_jetpack_memberships_contains_paywalled_content":false,"_jetpack_memberships_contains_paid_content":false,"footnotes":"","jetpack_publicize_message":"","jetpack_publicize_feature_enabled":true,"jetpack_social_post_already_shared":true,"jetpack_social_options":{"image_generator_settings":{"template":"highway","enabled":false},"version":2}},"categories":[2,4,443,5],"tags":[521,171,101,199],"class_list":["post-9347","post","type-post","status-publish","format-standard","has-post-thumbnail","hentry","category-a-la-une","category-amerique-latine","category-asie","category-democratie","tag-blocus","tag-cuba","tag-onu","tag-usa","infinite-scroll-item","masonry-post","generate-columns","tablet-grid-50","mobile-grid-100","grid-parent","grid-33"],"jetpack_publicize_connections":[],"yoast_head":"<!-- This site is optimized with the Yoast SEO plugin v27.5 - https:\/\/yoast.com\/product\/yoast-seo-wordpress\/ -->\n<title>ONU : vote presque unanime pour la lev\u00e9e du scandaleux blocus de Cuba par les USA - Le blog politique de Gaston<\/title>\n<meta name=\"robots\" content=\"index, follow, max-snippet:-1, max-image-preview:large, max-video-preview:-1\" \/>\n<link rel=\"canonical\" href=\"https:\/\/www.gastonballiot.fr\/?p=9347\" \/>\n<meta property=\"og:locale\" content=\"fr_FR\" \/>\n<meta property=\"og:type\" content=\"article\" \/>\n<meta property=\"og:title\" content=\"ONU : vote presque unanime pour la lev\u00e9e du scandaleux blocus de Cuba par les USA - Le blog politique de Gaston\" \/>\n<meta property=\"og:description\" content=\"STOP BLOCUS : L&rsquo;\u00c9CRASANTE MAJORIT\u00c9 DE LA PLAN\u00c8TE EXIGE LA FIN DU BLOCUS DE CUBA PAR LES \u00c9TATS-UNIS ONU, 23 juin 2021 :&nbsp; R\u00e9sultats du vote : 184 pour la lev\u00e9e du blocus, 2 contre (USA et Isra\u00ebl), 3 abstentions (Colombie, Ukraine et \u00c9mirats arabes unis). Sur les 193 membres des Nations Unies, 184 pays ont vot\u00e9 pour la condamnation du blocus, 3 pays se sont abstenus et une demi-douzaine de pays n\u2019ont pas vot\u00e9, parmi lesquels figurent le Br\u00e9sil et ... Lire la suite...\" \/>\n<meta property=\"og:url\" content=\"https:\/\/www.gastonballiot.fr\/?p=9347\" \/>\n<meta property=\"og:site_name\" content=\"Le blog politique de Gaston\" \/>\n<meta property=\"article:publisher\" content=\"https:\/\/www.facebook.com\/gaston.balliot\/\" \/>\n<meta property=\"article:author\" content=\"https:\/\/www.facebook.com\/gaston.balliot\/\" \/>\n<meta property=\"article:published_time\" content=\"2021-06-24T14:21:25+00:00\" \/>\n<meta property=\"article:modified_time\" content=\"2021-07-17T13:35:14+00:00\" \/>\n<meta property=\"og:image\" content=\"https:\/\/www.gastonballiot.fr\/wp-content\/uploads\/2021\/06\/VoteONU_Cuba.jpg\" \/>\n\t<meta property=\"og:image:width\" content=\"872\" \/>\n\t<meta property=\"og:image:height\" content=\"492\" \/>\n\t<meta property=\"og:image:type\" content=\"image\/jpeg\" \/>\n<meta name=\"author\" content=\"gb\" \/>\n<meta name=\"twitter:card\" content=\"summary_large_image\" \/>\n<meta name=\"twitter:label1\" content=\"\u00c9crit par\" \/>\n\t<meta name=\"twitter:data1\" content=\"gb\" \/>\n\t<meta name=\"twitter:label2\" content=\"Dur\u00e9e de lecture estim\u00e9e\" \/>\n\t<meta name=\"twitter:data2\" content=\"6 minutes\" \/>\n<script type=\"application\/ld+json\" class=\"yoast-schema-graph\">{\"@context\":\"https:\\\/\\\/schema.org\",\"@graph\":[{\"@type\":\"Article\",\"@id\":\"https:\\\/\\\/www.gastonballiot.fr\\\/?p=9347#article\",\"isPartOf\":{\"@id\":\"https:\\\/\\\/www.gastonballiot.fr\\\/?p=9347\"},\"author\":{\"name\":\"gb\",\"@id\":\"https:\\\/\\\/www.gastonballiot.fr\\\/#\\\/schema\\\/person\\\/244a5e02696abd8a65c5b1bebdb948ca\"},\"headline\":\"ONU : vote presque unanime pour la lev\u00e9e du scandaleux blocus de Cuba par les USA\",\"datePublished\":\"2021-06-24T14:21:25+00:00\",\"dateModified\":\"2021-07-17T13:35:14+00:00\",\"mainEntityOfPage\":{\"@id\":\"https:\\\/\\\/www.gastonballiot.fr\\\/?p=9347\"},\"wordCount\":1131,\"commentCount\":0,\"publisher\":{\"@id\":\"https:\\\/\\\/www.gastonballiot.fr\\\/#\\\/schema\\\/person\\\/244a5e02696abd8a65c5b1bebdb948ca\"},\"image\":{\"@id\":\"https:\\\/\\\/www.gastonballiot.fr\\\/?p=9347#primaryimage\"},\"thumbnailUrl\":\"https:\\\/\\\/i0.wp.com\\\/www.gastonballiot.fr\\\/wp-content\\\/uploads\\\/2021\\\/06\\\/VoteONU_Cuba.jpg?fit=872%2C492&ssl=1\",\"keywords\":[\"blocus\",\"Cuba\",\"ONU\",\"USA\"],\"articleSection\":[\"A la une\",\"Am\u00e9rique Latine\",\"Asie\",\"D\u00e9mocratie\"],\"inLanguage\":\"fr-FR\",\"potentialAction\":[{\"@type\":\"CommentAction\",\"name\":\"Comment\",\"target\":[\"https:\\\/\\\/www.gastonballiot.fr\\\/?p=9347#respond\"]}]},{\"@type\":\"WebPage\",\"@id\":\"https:\\\/\\\/www.gastonballiot.fr\\\/?p=9347\",\"url\":\"https:\\\/\\\/www.gastonballiot.fr\\\/?p=9347\",\"name\":\"ONU : vote presque unanime pour la lev\u00e9e du scandaleux blocus de Cuba par les USA - Le blog politique de Gaston\",\"isPartOf\":{\"@id\":\"https:\\\/\\\/www.gastonballiot.fr\\\/#website\"},\"primaryImageOfPage\":{\"@id\":\"https:\\\/\\\/www.gastonballiot.fr\\\/?p=9347#primaryimage\"},\"image\":{\"@id\":\"https:\\\/\\\/www.gastonballiot.fr\\\/?p=9347#primaryimage\"},\"thumbnailUrl\":\"https:\\\/\\\/i0.wp.com\\\/www.gastonballiot.fr\\\/wp-content\\\/uploads\\\/2021\\\/06\\\/VoteONU_Cuba.jpg?fit=872%2C492&ssl=1\",\"datePublished\":\"2021-06-24T14:21:25+00:00\",\"dateModified\":\"2021-07-17T13:35:14+00:00\",\"breadcrumb\":{\"@id\":\"https:\\\/\\\/www.gastonballiot.fr\\\/?p=9347#breadcrumb\"},\"inLanguage\":\"fr-FR\",\"potentialAction\":[{\"@type\":\"ReadAction\",\"target\":[\"https:\\\/\\\/www.gastonballiot.fr\\\/?p=9347\"]}]},{\"@type\":\"ImageObject\",\"inLanguage\":\"fr-FR\",\"@id\":\"https:\\\/\\\/www.gastonballiot.fr\\\/?p=9347#primaryimage\",\"url\":\"https:\\\/\\\/i0.wp.com\\\/www.gastonballiot.fr\\\/wp-content\\\/uploads\\\/2021\\\/06\\\/VoteONU_Cuba.jpg?fit=872%2C492&ssl=1\",\"contentUrl\":\"https:\\\/\\\/i0.wp.com\\\/www.gastonballiot.fr\\\/wp-content\\\/uploads\\\/2021\\\/06\\\/VoteONU_Cuba.jpg?fit=872%2C492&ssl=1\",\"width\":872,\"height\":492},{\"@type\":\"BreadcrumbList\",\"@id\":\"https:\\\/\\\/www.gastonballiot.fr\\\/?p=9347#breadcrumb\",\"itemListElement\":[{\"@type\":\"ListItem\",\"position\":1,\"name\":\"Accueil\",\"item\":\"https:\\\/\\\/www.gastonballiot.fr\\\/\"},{\"@type\":\"ListItem\",\"position\":2,\"name\":\"ONU : vote presque unanime pour la lev\u00e9e du scandaleux blocus de Cuba par les USA\"}]},{\"@type\":\"WebSite\",\"@id\":\"https:\\\/\\\/www.gastonballiot.fr\\\/#website\",\"url\":\"https:\\\/\\\/www.gastonballiot.fr\\\/\",\"name\":\"Le blog politique de Gaston\",\"description\":\"L&#039;humain d&#039;abord, pas la finance !\",\"publisher\":{\"@id\":\"https:\\\/\\\/www.gastonballiot.fr\\\/#\\\/schema\\\/person\\\/244a5e02696abd8a65c5b1bebdb948ca\"},\"potentialAction\":[{\"@type\":\"SearchAction\",\"target\":{\"@type\":\"EntryPoint\",\"urlTemplate\":\"https:\\\/\\\/www.gastonballiot.fr\\\/?s={search_term_string}\"},\"query-input\":{\"@type\":\"PropertyValueSpecification\",\"valueRequired\":true,\"valueName\":\"search_term_string\"}}],\"inLanguage\":\"fr-FR\"},{\"@type\":[\"Person\",\"Organization\"],\"@id\":\"https:\\\/\\\/www.gastonballiot.fr\\\/#\\\/schema\\\/person\\\/244a5e02696abd8a65c5b1bebdb948ca\",\"name\":\"gb\",\"image\":{\"@type\":\"ImageObject\",\"inLanguage\":\"fr-FR\",\"@id\":\"https:\\\/\\\/i0.wp.com\\\/www.gastonballiot.fr\\\/wp-content\\\/uploads\\\/2017\\\/04\\\/cropped-Marianne-drapeau-rouge.gif?fit=512%2C512&ssl=1\",\"url\":\"https:\\\/\\\/i0.wp.com\\\/www.gastonballiot.fr\\\/wp-content\\\/uploads\\\/2017\\\/04\\\/cropped-Marianne-drapeau-rouge.gif?fit=512%2C512&ssl=1\",\"contentUrl\":\"https:\\\/\\\/i0.wp.com\\\/www.gastonballiot.fr\\\/wp-content\\\/uploads\\\/2017\\\/04\\\/cropped-Marianne-drapeau-rouge.gif?fit=512%2C512&ssl=1\",\"width\":512,\"height\":512,\"caption\":\"gb\"},\"logo\":{\"@id\":\"https:\\\/\\\/i0.wp.com\\\/www.gastonballiot.fr\\\/wp-content\\\/uploads\\\/2017\\\/04\\\/cropped-Marianne-drapeau-rouge.gif?fit=512%2C512&ssl=1\"},\"description\":\"Gaston Balliot, militant du Front de Gauche en pays bigouden - Pont L'Abb\u00e9 - Loctudy - Guilvinec - Penmarc'h - Ile Tudy - Combrit Ste Marine - Tr\u00e9meoc - Plon\u00e9our, p\u00eache tourisme\",\"sameAs\":[\"https:\\\/\\\/www.facebook.com\\\/gaston.balliot\\\/\"]}]}<\/script>\n<!-- \/ Yoast SEO plugin. -->","yoast_head_json":{"title":"ONU : vote presque unanime pour la lev\u00e9e du scandaleux blocus de Cuba par les USA - Le blog politique de Gaston","robots":{"index":"index","follow":"follow","max-snippet":"max-snippet:-1","max-image-preview":"max-image-preview:large","max-video-preview":"max-video-preview:-1"},"canonical":"https:\/\/www.gastonballiot.fr\/?p=9347","og_locale":"fr_FR","og_type":"article","og_title":"ONU : vote presque unanime pour la lev\u00e9e du scandaleux blocus de Cuba par les USA - Le blog politique de Gaston","og_description":"STOP BLOCUS : L&rsquo;\u00c9CRASANTE MAJORIT\u00c9 DE LA PLAN\u00c8TE EXIGE LA FIN DU BLOCUS DE CUBA PAR LES \u00c9TATS-UNIS ONU, 23 juin 2021 :&nbsp; R\u00e9sultats du vote : 184 pour la lev\u00e9e du blocus, 2 contre (USA et Isra\u00ebl), 3 abstentions (Colombie, Ukraine et \u00c9mirats arabes unis). Sur les 193 membres des Nations Unies, 184 pays ont vot\u00e9 pour la condamnation du blocus, 3 pays se sont abstenus et une demi-douzaine de pays n\u2019ont pas vot\u00e9, parmi lesquels figurent le Br\u00e9sil et ... Lire la suite...","og_url":"https:\/\/www.gastonballiot.fr\/?p=9347","og_site_name":"Le blog politique de Gaston","article_publisher":"https:\/\/www.facebook.com\/gaston.balliot\/","article_author":"https:\/\/www.facebook.com\/gaston.balliot\/","article_published_time":"2021-06-24T14:21:25+00:00","article_modified_time":"2021-07-17T13:35:14+00:00","og_image":[{"width":872,"height":492,"url":"https:\/\/www.gastonballiot.fr\/wp-content\/uploads\/2021\/06\/VoteONU_Cuba.jpg","type":"image\/jpeg"}],"author":"gb","twitter_card":"summary_large_image","twitter_misc":{"\u00c9crit par":"gb","Dur\u00e9e de lecture estim\u00e9e":"6 minutes"},"schema":{"@context":"https:\/\/schema.org","@graph":[{"@type":"Article","@id":"https:\/\/www.gastonballiot.fr\/?p=9347#article","isPartOf":{"@id":"https:\/\/www.gastonballiot.fr\/?p=9347"},"author":{"name":"gb","@id":"https:\/\/www.gastonballiot.fr\/#\/schema\/person\/244a5e02696abd8a65c5b1bebdb948ca"},"headline":"ONU : vote presque unanime pour la lev\u00e9e du scandaleux blocus de Cuba par les USA","datePublished":"2021-06-24T14:21:25+00:00","dateModified":"2021-07-17T13:35:14+00:00","mainEntityOfPage":{"@id":"https:\/\/www.gastonballiot.fr\/?p=9347"},"wordCount":1131,"commentCount":0,"publisher":{"@id":"https:\/\/www.gastonballiot.fr\/#\/schema\/person\/244a5e02696abd8a65c5b1bebdb948ca"},"image":{"@id":"https:\/\/www.gastonballiot.fr\/?p=9347#primaryimage"},"thumbnailUrl":"https:\/\/i0.wp.com\/www.gastonballiot.fr\/wp-content\/uploads\/2021\/06\/VoteONU_Cuba.jpg?fit=872%2C492&ssl=1","keywords":["blocus","Cuba","ONU","USA"],"articleSection":["A la une","Am\u00e9rique Latine","Asie","D\u00e9mocratie"],"inLanguage":"fr-FR","potentialAction":[{"@type":"CommentAction","name":"Comment","target":["https:\/\/www.gastonballiot.fr\/?p=9347#respond"]}]},{"@type":"WebPage","@id":"https:\/\/www.gastonballiot.fr\/?p=9347","url":"https:\/\/www.gastonballiot.fr\/?p=9347","name":"ONU : vote presque unanime pour la lev\u00e9e du scandaleux blocus de Cuba par les USA - Le blog politique de Gaston","isPartOf":{"@id":"https:\/\/www.gastonballiot.fr\/#website"},"primaryImageOfPage":{"@id":"https:\/\/www.gastonballiot.fr\/?p=9347#primaryimage"},"image":{"@id":"https:\/\/www.gastonballiot.fr\/?p=9347#primaryimage"},"thumbnailUrl":"https:\/\/i0.wp.com\/www.gastonballiot.fr\/wp-content\/uploads\/2021\/06\/VoteONU_Cuba.jpg?fit=872%2C492&ssl=1","datePublished":"2021-06-24T14:21:25+00:00","dateModified":"2021-07-17T13:35:14+00:00","breadcrumb":{"@id":"https:\/\/www.gastonballiot.fr\/?p=9347#breadcrumb"},"inLanguage":"fr-FR","potentialAction":[{"@type":"ReadAction","target":["https:\/\/www.gastonballiot.fr\/?p=9347"]}]},{"@type":"ImageObject","inLanguage":"fr-FR","@id":"https:\/\/www.gastonballiot.fr\/?p=9347#primaryimage","url":"https:\/\/i0.wp.com\/www.gastonballiot.fr\/wp-content\/uploads\/2021\/06\/VoteONU_Cuba.jpg?fit=872%2C492&ssl=1","contentUrl":"https:\/\/i0.wp.com\/www.gastonballiot.fr\/wp-content\/uploads\/2021\/06\/VoteONU_Cuba.jpg?fit=872%2C492&ssl=1","width":872,"height":492},{"@type":"BreadcrumbList","@id":"https:\/\/www.gastonballiot.fr\/?p=9347#breadcrumb","itemListElement":[{"@type":"ListItem","position":1,"name":"Accueil","item":"https:\/\/www.gastonballiot.fr\/"},{"@type":"ListItem","position":2,"name":"ONU : vote presque unanime pour la lev\u00e9e du scandaleux blocus de Cuba par les USA"}]},{"@type":"WebSite","@id":"https:\/\/www.gastonballiot.fr\/#website","url":"https:\/\/www.gastonballiot.fr\/","name":"Le blog politique de Gaston","description":"L&#039;humain d&#039;abord, pas la finance !","publisher":{"@id":"https:\/\/www.gastonballiot.fr\/#\/schema\/person\/244a5e02696abd8a65c5b1bebdb948ca"},"potentialAction":[{"@type":"SearchAction","target":{"@type":"EntryPoint","urlTemplate":"https:\/\/www.gastonballiot.fr\/?s={search_term_string}"},"query-input":{"@type":"PropertyValueSpecification","valueRequired":true,"valueName":"search_term_string"}}],"inLanguage":"fr-FR"},{"@type":["Person","Organization"],"@id":"https:\/\/www.gastonballiot.fr\/#\/schema\/person\/244a5e02696abd8a65c5b1bebdb948ca","name":"gb","image":{"@type":"ImageObject","inLanguage":"fr-FR","@id":"https:\/\/i0.wp.com\/www.gastonballiot.fr\/wp-content\/uploads\/2017\/04\/cropped-Marianne-drapeau-rouge.gif?fit=512%2C512&ssl=1","url":"https:\/\/i0.wp.com\/www.gastonballiot.fr\/wp-content\/uploads\/2017\/04\/cropped-Marianne-drapeau-rouge.gif?fit=512%2C512&ssl=1","contentUrl":"https:\/\/i0.wp.com\/www.gastonballiot.fr\/wp-content\/uploads\/2017\/04\/cropped-Marianne-drapeau-rouge.gif?fit=512%2C512&ssl=1","width":512,"height":512,"caption":"gb"},"logo":{"@id":"https:\/\/i0.wp.com\/www.gastonballiot.fr\/wp-content\/uploads\/2017\/04\/cropped-Marianne-drapeau-rouge.gif?fit=512%2C512&ssl=1"},"description":"Gaston Balliot, militant du Front de Gauche en pays bigouden - Pont L'Abb\u00e9 - Loctudy - Guilvinec - Penmarc'h - Ile Tudy - Combrit Ste Marine - Tr\u00e9meoc - Plon\u00e9our, p\u00eache tourisme","sameAs":["https:\/\/www.facebook.com\/gaston.balliot\/"]}]}},"jetpack_featured_media_url":"https:\/\/i0.wp.com\/www.gastonballiot.fr\/wp-content\/uploads\/2021\/06\/VoteONU_Cuba.jpg?fit=872%2C492&ssl=1","jetpack_shortlink":"https:\/\/wp.me\/p5UTaD-2qL","jetpack-related-posts":[],"jetpack_likes_enabled":true,"jetpack_sharing_enabled":true,"_links":{"self":[{"href":"https:\/\/www.gastonballiot.fr\/index.php?rest_route=\/wp\/v2\/posts\/9347","targetHints":{"allow":["GET"]}}],"collection":[{"href":"https:\/\/www.gastonballiot.fr\/index.php?rest_route=\/wp\/v2\/posts"}],"about":[{"href":"https:\/\/www.gastonballiot.fr\/index.php?rest_route=\/wp\/v2\/types\/post"}],"author":[{"embeddable":true,"href":"https:\/\/www.gastonballiot.fr\/index.php?rest_route=\/wp\/v2\/users\/1"}],"replies":[{"embeddable":true,"href":"https:\/\/www.gastonballiot.fr\/index.php?rest_route=%2Fwp%2Fv2%2Fcomments&post=9347"}],"version-history":[{"count":0,"href":"https:\/\/www.gastonballiot.fr\/index.php?rest_route=\/wp\/v2\/posts\/9347\/revisions"}],"wp:featuredmedia":[{"embeddable":true,"href":"https:\/\/www.gastonballiot.fr\/index.php?rest_route=\/wp\/v2\/media\/9348"}],"wp:attachment":[{"href":"https:\/\/www.gastonballiot.fr\/index.php?rest_route=%2Fwp%2Fv2%2Fmedia&parent=9347"}],"wp:term":[{"taxonomy":"category","embeddable":true,"href":"https:\/\/www.gastonballiot.fr\/index.php?rest_route=%2Fwp%2Fv2%2Fcategories&post=9347"},{"taxonomy":"post_tag","embeddable":true,"href":"https:\/\/www.gastonballiot.fr\/index.php?rest_route=%2Fwp%2Fv2%2Ftags&post=9347"}],"curies":[{"name":"wp","href":"https:\/\/api.w.org\/{rel}","templated":true}]}}