{"id":9442,"date":"2021-08-02T09:59:17","date_gmt":"2021-08-02T07:59:17","guid":{"rendered":"https:\/\/www.gastonballiot.fr\/?p=9442"},"modified":"2021-09-09T09:50:01","modified_gmt":"2021-09-09T07:50:01","slug":"edf-le-projet-de-demantelement-hercule-vaincu-par-la-mobilisation","status":"publish","type":"post","link":"https:\/\/www.gastonballiot.fr\/?p=9442","title":{"rendered":"EDF : Le projet de d\u00e9mant\u00e8lement Hercule vaincu par la mobilisation !"},"content":{"rendered":"<h2>\u00c9NERGIE Le gouvernement renonce \u00e0 sa r\u00e9forme avant la pr\u00e9sidentielle. Une premi\u00e8re victoire.<\/h2>\n<p style=\"text-align: center;\"><em><strong>La lutte exemplaire des syndicats de l&rsquo;\u00e9nergie et la p\u00e9tition PourUneEnergiePublique ont eu un effet certain dans cette d\u00e9cision<\/strong><\/em><\/p>\n<p><em>Vendredi 30 Juillet 2021, Loan Nguyen, dans l&rsquo;Humanit\u00e9 :<\/em><\/p>\n<h3 style=\"text-align: center;\">Hercule : le projet de d\u00e9mant\u00e8lement d\u2019EDF vaincu par des mois de mobilisation<\/h3>\n<p>Le projet que l\u2019\u00c9tat cherchait \u00e0 mettre en \u0153uvre depuis deux ans a pris du plomb dans l\u2019aile au fil des mois. Son abandon, m\u00eame temporaire, signe un aveu d\u2019\u00e9chec pour l\u2019ex\u00e9cutif et une victoire pour les syndicats.<\/p>\n<p>Il aura fallu pr\u00e8s de deux ans de lutte pour terrasser ce g\u00e9ant aux allures d\u2019anti-h\u00e9ros\u2009: Hercule, d\u00e9j\u00e0 rebaptis\u00e9 \u00ab&nbsp;Grand EDF\u2009\u00bb en avril dernier, avait cristallis\u00e9 trop d\u2019opposition de tous bords au fil des mois. Si le projet n\u2019est que report\u00e9, Emmanuel Macron ayant d\u2019ores et d\u00e9j\u00e0 pr\u00e9venu que la scission d\u2019EDF resterait \u00e0 l\u2019ordre du jour d\u2019un \u00e9ventuel prochain quinquennat, cet abandon m\u00eame temporaire signe un aveu d\u2019\u00e9chec pour l\u2019ex\u00e9cutif et une victoire pour les syndicats.<\/p>\n<p>C\u2019est mi-avril 2019 que ceux-ci apprenaient par la presse l\u2019existence du projet au nom pompeux tir\u00e9 de la mythologie grecque. V\u00e9ritable entreprise de d\u00e9mant\u00e8lement du service public de l\u2019\u00e9nergie, Hercule reposait sur la s\u00e9paration du nucl\u00e9aire \u2013 EDF bleu \u2013, qui serait rest\u00e9 dans le giron \u00e9tatique,&nbsp;des activit\u00e9s rentables du groupe \u2013&nbsp;EDF vert pour la distribution et les \u00e9nergies renouvelables et EDF azur pour les barrages hydro\u00e9lectriques \u2013, vou\u00e9es \u00e0 \u00eatre privatis\u00e9es. Un \u00e9clatement qui risquait de mettre en p\u00e9ril la situation financi\u00e8re d\u2019EDF, destin\u00e9e \u00e0 assumer les co\u00fbts astronomiques d\u2019investissement pour entretenir le parc nucl\u00e9aire, alors que le groupe \u00e9tait d\u00e9j\u00e0 plomb\u00e9 par une dette de 42&nbsp;milliards d\u2019euros.<\/p>\n<p><strong>Un bras de fer avec l\u2019\u00c9tat<\/strong><br \/>\nJourn\u00e9e de mobilisation apr\u00e8s journ\u00e9e de mobilisation, l\u2019intersyndicale CGT, CFDT, FO, CFE-CGC a donc r\u00e9ussi petit \u00e0 petit \u00e0 gagner des soutiens \u00e0 sa cause. En f\u00e9vrier, 80 d\u00e9put\u00e9s de droite et de gauche s\u2019\u00e9taient \u00e9mus aupr\u00e8s du premier ministre, Jean Castex, de l\u2019opacit\u00e9 dans laquelle l\u2019ex\u00e9cutif entendait mener \u00e0 bien cette entreprise de d\u00e9molition du service public de l\u2019\u00e9nergie. D\u00e9but juin, c\u2019\u00e9tait plus de 90 syndicalistes, \u00e9lus, chercheurs et militants associatifs qui se fendaient d\u2019une tribune dans le Monde pour exiger \u00ab\u2009la construction d\u2019un v\u00e9ritable service public de l\u2019\u00e9nergie sous contr\u00f4le citoyen\u2009\u00bb, aux antipodes du projet Hercule. Si la mobilisation citoyenne a sans conteste pes\u00e9 dans ce bras de fer avec l\u2019\u00c9tat et la direction d\u2019EDF, le deuxi\u00e8me front ouvert par la Commission europ\u00e9enne aura sans doute donn\u00e9 le coup de gr\u00e2ce au projet. Tentant de m\u00e9nager la ch\u00e8vre et le chou, le gouvernement fran\u00e7ais avait tent\u00e9 de plaider aupr\u00e8s de Bruxelles pour qu\u2019EDF reste un groupe int\u00e9gr\u00e9 avec une strat\u00e9gie unique et des flux financiers entre les diff\u00e9rentes activit\u00e9s, tandis que la Commission exigeait de son c\u00f4t\u00e9 l\u2019\u00e9rection de v\u00e9ritables \u00ab\u2009murailles de Chine\u2009\u00bb, donc une mise en concurrence de ces activit\u00e9s. Pris en \u00e9tau, l\u2019ex\u00e9cutif a fini par jeter l\u2019\u00e9ponge. Si les opposants \u00e0 Hercule ont gagn\u00e9 une bataille, pas s\u00fbr pour autant qu\u2019ils aient gagn\u00e9 la guerre. Jugeant la r\u00e9forme \u00ab\u2009indispensable\u2009\u00bb, le PDG d\u2019EDF, Jean-Bernard L\u00e9vy, a estim\u00e9, jeudi, que \u00ab\u2009le sujet de fond reste entier\u2009\u00bb.<\/p>\n<hr>\n<h3>Projet Hercule. Fabrice Coudour de la CGT mines-\u00e9nergie : \u00ab\u2009C\u2019est une premi\u00e8re victoire, mais on veut rester vigilants\u2009\u00bb<\/h3>\n<p>Vendredi 30 Juillet 2021 interview par Juliette Barot<\/p>\n<p><strong>Le projet de d\u00e9mant\u00e8lement d\u2019EDF par le gouvernement ne devrait pas voir le jour avant la prochaine \u00e9lection pr\u00e9sidentielle. Pour la CGT, cette victoire ne doit pas suspendre le combat pour un v\u00e9ritable service public. Entretien avec Fabrice Coudour Secr\u00e9taire f\u00e9d\u00e9ral de la CGT mines-\u00e9nergie<\/strong><\/p>\n<p>L\u2019ancien projet Hercule devenu \u00ab\u2009Grand EDF\u2009\u00bb, scindant le g\u00e9ant de l\u2019\u00e9lectricit\u00e9 en trois entit\u00e9s distinctes, est suspendu jusqu\u2019au prochain suffrage pr\u00e9sidentiel, d\u2019apr\u00e8s des sources gouvernementales. Une d\u00e9cision qui intervient apr\u00e8s des mois de mobilisation, mais ne rassure pas d\u00e9finitivement. D\u00e9cryptage avec Fabrice Coudour, le secr\u00e9taire f\u00e9d\u00e9ral de la CGT mines- \u00e9nergie.<\/p>\n<p><strong>Comment accueillez-vous la d\u00e9cision de reporter la r\u00e9forme d\u2019EDF\u2009?<\/strong><\/p>\n<p><strong>Fabrice Coudour<\/strong> C\u2019est un dossier qui patine tellement depuis des mois que c\u2019est une surprise sans en \u00eatre une. On se doutait que le contexte de n\u00e9gociation avec la Commission europ\u00e9enne pouvait suspendre les volont\u00e9s du gouvernement. Par rapport aux luttes qu\u2019on a men\u00e9es \u00e0 la fois en intersyndicale mais aussi seuls avec la CGT, comme lors de la mobilisation (de l\u2019\u00e9nergie et de la SNCF \u2013 NDRL) du 22&nbsp;juin \u00e0 Paris qui a rassembl\u00e9 plus de 13\u2009000 personnes, c\u2019est une victoire pour nous. Tous les mouvements d\u2019associations, des syndicats, les interventions des groupes politiques ont \u00e9galement eu une influence. Mais on n\u2019oublie pas que cette victoire intervient dans le contexte d\u2019une \u00e9ni\u00e8me augmentation du tarif de l\u2019\u00e9lectricit\u00e9 au 1er ao\u00fbt et de nombreux abandons de projets en interne. Cela reste donc une victoire temporaire. Nous ne sommes pas encore sur un abandon total, que nous revendiquons.<\/p>\n<p><strong>Quels points de tension entre Paris et Bruxelles ont pu pousser \u00e0 cette d\u00e9cision\u2009?<\/strong><\/p>\n<p><strong>Fabrice Coudour<\/strong> C\u2019est un probl\u00e8me de lignes rouges, qui sont d\u00e9fendues de part et d\u2019autre. Elles sont autour de l\u2019\u00e9tanch\u00e9it\u00e9 entre les structures de l\u2019entreprise, pas assez importante selon Bruxelles, mais aussi des garanties financi\u00e8res \u00e0 apporter \u00e0 la Commission europ\u00e9enne. Discuter de ces points probl\u00e9matiques, c\u2019est d\u00e9j\u00e0 accepter ce projet, ce qu\u2019on ne voudra jamais puisque c\u2019est une r\u00e9gression compl\u00e8te du service public de l\u2019\u00e9nergie.<\/p>\n<p><strong>En quoi le \u00ab\u2009Grand EDF\u2009\u00bb est-il r\u00e9gressif\u2009?<\/strong><\/p>\n<p><strong>Fabrice Coudour<\/strong> C\u2019est un d\u00e9mant\u00e8lement de l\u2019entreprise telle qu\u2019on la conna\u00eet, qui a d\u00e9j\u00e0 subi beaucoup de transformations depuis 2004. C\u2019est un saucissonnage des activit\u00e9s et qui dit saucissonnage dit une multiplication des acteurs, des augmentations de factures pour les usagers, des plans sociaux potentiels, des difficult\u00e9s de gestion de l\u2019outil de production, de distribution et de transport.&nbsp;On ne peut pas se satisfaire d\u2019un syst\u00e8me qui r\u00e9affirme l\u2019importance du march\u00e9 sur le service public. Dans ce projet, on est, notamment, totalement oppos\u00e9s au fait de mettre Enedis dans une filiale EDF vert pour r\u00e9cup\u00e9rer de l\u2019argent sur une ouverture potentielle au secteur priv\u00e9. Les r\u00e9seaux ont \u00e9t\u00e9 pay\u00e9s par le contribuable, ils doivent \u00eatre g\u00e9r\u00e9s par les collectivit\u00e9s. De m\u00eame, d\u00e9tacher les barrages hydrauliques dans un EDF azur, c\u2019est une h\u00e9r\u00e9sie qui n\u2019a rien d\u2019une garantie pour sauver le patrimoine et les concessions hydrauliques.<\/p>\n<p><strong>En quoi consiste le contre-projet con\u00e7u par la CGT pour EDF et l\u2019\u00e9nergie\u2009?<\/strong><\/p>\n<p><strong>Fabrice Coudour<\/strong> C\u2019est un programme progressiste de l\u2019\u00e9nergie qui s\u2019organiserait autour de deux Epic (\u00e9tablissements publics \u00e0 caract\u00e8re industriel et commercial), un pour le gaz et un pour l\u2019\u00e9lectricit\u00e9. Il y aurait un service commun pens\u00e9 autour de l\u2019efficacit\u00e9 et de la performance \u00e9nerg\u00e9tiques, parce que c\u2019est un enjeu de demain. Le gaz et l\u2019\u00e9lectricit\u00e9 seraient g\u00e9r\u00e9s comme des biens d\u2019int\u00e9r\u00eat g\u00e9n\u00e9ral, d\u00e9corr\u00e9l\u00e9s du march\u00e9, avec des grandes ambitions sur la r\u00e9duction de la facture. Ce service commun permettrait aussi une lutte autour de la pr\u00e9carit\u00e9 \u00e9nerg\u00e9tique.<\/p>\n<p><strong>Comment envisagez-vous la suite du combat\u2009?<\/strong><\/p>\n<p><strong>Fabrice Coudour<\/strong> On veut rester vigilants parce qu\u2019on nous a d\u00e9j\u00e0 dit que le projet Hercule \u00e9tait abandonn\u00e9 avant de mettre la r\u00e9forme \u00ab\u2009Grand EDF\u2009\u00bb sur la table. C\u2019est une premi\u00e8re victoire, mais on n\u2019a pas gagn\u00e9 la bataille pour l\u2019int\u00e9r\u00eat g\u00e9n\u00e9ral. L\u2019\u00e9nergie sera un vrai sujet de la prochaine campagne pr\u00e9sidentielle et on en sera acteurs pour revendiquer un vrai service public dans ce secteur. D\u00e8s la rentr\u00e9e, on va faire monter le rapport de forces et on sera mobilis\u00e9s d\u00e8s le 16&nbsp;septembre, dans le cadre des Journ\u00e9es de l\u2019industrie.<\/p>\n<p style=\"text-align: center;\"><span style=\"font-size: 14pt;\"><a href=\"https:\/\/www.gastonballiot.fr\/jupiter-lance-hercule-suite-de-larticle-precedent\/\" target=\"_blank\" rel=\"noopener\">Voir mon article pr\u00e9c\u00e9dent (f\u00e9vrier 21) explications sur le projet Hercule<\/a><\/span><\/p>\n<h2 style=\"text-align: center;\">Continuons \u00e0 agir pour une v\u00e9ritable \u00e9nergie publique<\/h2>\n<p><a href=\"https:\/\/i0.wp.com\/www.gastonballiot.fr\/wp-content\/uploads\/2021\/08\/electriciteFirmesPrivees.jpg?ssl=1\"><img data-recalc-dims=\"1\" loading=\"lazy\" decoding=\"async\" data-attachment-id=\"9512\" data-permalink=\"https:\/\/www.gastonballiot.fr\/?attachment_id=9512#main\" data-orig-file=\"https:\/\/i0.wp.com\/www.gastonballiot.fr\/wp-content\/uploads\/2021\/08\/electriciteFirmesPrivees.jpg?fit=729%2C845&amp;ssl=1\" data-orig-size=\"729,845\" data-comments-opened=\"1\" data-image-meta=\"{&quot;aperture&quot;:&quot;0&quot;,&quot;credit&quot;:&quot;&quot;,&quot;camera&quot;:&quot;&quot;,&quot;caption&quot;:&quot;&quot;,&quot;created_timestamp&quot;:&quot;0&quot;,&quot;copyright&quot;:&quot;&quot;,&quot;focal_length&quot;:&quot;0&quot;,&quot;iso&quot;:&quot;0&quot;,&quot;shutter_speed&quot;:&quot;0&quot;,&quot;title&quot;:&quot;&quot;,&quot;orientation&quot;:&quot;0&quot;}\" data-image-title=\"electriciteFirmesPrivees\" data-image-description=\"\" data-image-caption=\"\" data-medium-file=\"https:\/\/i0.wp.com\/www.gastonballiot.fr\/wp-content\/uploads\/2021\/08\/electriciteFirmesPrivees.jpg?fit=259%2C300&amp;ssl=1\" data-large-file=\"https:\/\/i0.wp.com\/www.gastonballiot.fr\/wp-content\/uploads\/2021\/08\/electriciteFirmesPrivees.jpg?fit=729%2C845&amp;ssl=1\" class=\"aligncenter size-full wp-image-9512\" src=\"https:\/\/i0.wp.com\/www.gastonballiot.fr\/wp-content\/uploads\/2021\/08\/electriciteFirmesPrivees.jpg?resize=729%2C845&#038;ssl=1\" alt=\"\" width=\"729\" height=\"845\" srcset=\"https:\/\/i0.wp.com\/www.gastonballiot.fr\/wp-content\/uploads\/2021\/08\/electriciteFirmesPrivees.jpg?w=729&amp;ssl=1 729w, https:\/\/i0.wp.com\/www.gastonballiot.fr\/wp-content\/uploads\/2021\/08\/electriciteFirmesPrivees.jpg?resize=259%2C300&amp;ssl=1 259w\" sizes=\"auto, (max-width: 729px) 100vw, 729px\" \/><\/a><br \/>\nA propos de la concurrence, ce dogme lib\u00e9ral qui devait \u00ab\u00a0faire baisser les prix\u00a0\u00bb&#8230; Comme si engraisser des actionnaires pouvait avoir un effet b\u00e9n\u00e9fique ! Le r\u00e9sultat est l\u00e0. Cela suffit !<\/p>\n<p><img data-recalc-dims=\"1\" loading=\"lazy\" decoding=\"async\" data-attachment-id=\"9547\" data-permalink=\"https:\/\/www.gastonballiot.fr\/?attachment_id=9547#main\" data-orig-file=\"https:\/\/i0.wp.com\/www.gastonballiot.fr\/wp-content\/uploads\/2021\/08\/EnergieEtConcurrence.jpg?fit=1080%2C1597&amp;ssl=1\" data-orig-size=\"1080,1597\" data-comments-opened=\"1\" data-image-meta=\"{&quot;aperture&quot;:&quot;0&quot;,&quot;credit&quot;:&quot;&quot;,&quot;camera&quot;:&quot;&quot;,&quot;caption&quot;:&quot;&quot;,&quot;created_timestamp&quot;:&quot;0&quot;,&quot;copyright&quot;:&quot;&quot;,&quot;focal_length&quot;:&quot;0&quot;,&quot;iso&quot;:&quot;0&quot;,&quot;shutter_speed&quot;:&quot;0&quot;,&quot;title&quot;:&quot;&quot;,&quot;orientation&quot;:&quot;0&quot;}\" data-image-title=\"EnergieEtConcurrence\" data-image-description=\"\" data-image-caption=\"\" data-medium-file=\"https:\/\/i0.wp.com\/www.gastonballiot.fr\/wp-content\/uploads\/2021\/08\/EnergieEtConcurrence.jpg?fit=203%2C300&amp;ssl=1\" data-large-file=\"https:\/\/i0.wp.com\/www.gastonballiot.fr\/wp-content\/uploads\/2021\/08\/EnergieEtConcurrence.jpg?fit=692%2C1024&amp;ssl=1\" class=\"aligncenter wp-image-9547 size-large\" src=\"https:\/\/i0.wp.com\/www.gastonballiot.fr\/wp-content\/uploads\/2021\/08\/EnergieEtConcurrence.jpg?resize=692%2C1024&#038;ssl=1\" alt=\"\" width=\"692\" height=\"1024\" srcset=\"https:\/\/i0.wp.com\/www.gastonballiot.fr\/wp-content\/uploads\/2021\/08\/EnergieEtConcurrence.jpg?resize=692%2C1024&amp;ssl=1 692w, https:\/\/i0.wp.com\/www.gastonballiot.fr\/wp-content\/uploads\/2021\/08\/EnergieEtConcurrence.jpg?resize=203%2C300&amp;ssl=1 203w, https:\/\/i0.wp.com\/www.gastonballiot.fr\/wp-content\/uploads\/2021\/08\/EnergieEtConcurrence.jpg?resize=768%2C1136&amp;ssl=1 768w, https:\/\/i0.wp.com\/www.gastonballiot.fr\/wp-content\/uploads\/2021\/08\/EnergieEtConcurrence.jpg?resize=1039%2C1536&amp;ssl=1 1039w, https:\/\/i0.wp.com\/www.gastonballiot.fr\/wp-content\/uploads\/2021\/08\/EnergieEtConcurrence.jpg?w=1080&amp;ssl=1 1080w\" sizes=\"auto, (max-width: 692px) 100vw, 692px\" \/><\/p>\n","protected":false},"excerpt":{"rendered":"<p>\u00c9NERGIE Le gouvernement renonce \u00e0 sa r\u00e9forme avant la pr\u00e9sidentielle. Une premi\u00e8re victoire. La lutte exemplaire des syndicats de l&rsquo;\u00e9nergie et la p\u00e9tition PourUneEnergiePublique ont eu un effet certain dans cette d\u00e9cision Vendredi 30 Juillet 2021, Loan Nguyen, dans l&rsquo;Humanit\u00e9 : Hercule : le projet de d\u00e9mant\u00e8lement d\u2019EDF vaincu par des mois de mobilisation Le projet que l\u2019\u00c9tat cherchait \u00e0 mettre en \u0153uvre depuis deux ans a pris du plomb dans l\u2019aile au fil des mois. Son abandon, m\u00eame temporaire, signe &#8230; <a title=\"EDF : Le projet de d\u00e9mant\u00e8lement Hercule vaincu par la mobilisation !\" class=\"read-more\" href=\"https:\/\/www.gastonballiot.fr\/?p=9442\" aria-label=\"Plus sur EDF : Le projet de d\u00e9mant\u00e8lement Hercule vaincu par la mobilisation !\">Lire la suite&#8230;<\/a><\/p>\n","protected":false},"author":1,"featured_media":9443,"comment_status":"open","ping_status":"closed","sticky":false,"template":"","format":"standard","meta":{"ngg_post_thumbnail":0,"jetpack_post_was_ever_published":false,"_jetpack_newsletter_access":"","_jetpack_dont_email_post_to_subs":false,"_jetpack_newsletter_tier_id":0,"_jetpack_memberships_contains_paywalled_content":false,"_jetpack_memberships_contains_paid_content":false,"footnotes":"","jetpack_publicize_message":"","jetpack_publicize_feature_enabled":true,"jetpack_social_post_already_shared":true,"jetpack_social_options":{"image_generator_settings":{"template":"highway","enabled":false},"version":2}},"categories":[2,6,361,7,15],"tags":[535,251,500,83,125],"class_list":["post-9442","post","type-post","status-publish","format-standard","has-post-thumbnail","hentry","category-a-la-une","category-economie","category-energie","category-environnement","category-services-publics","tag-concurrence","tag-edf","tag-hercule","tag-liberalisme","tag-service-public","infinite-scroll-item","masonry-post","generate-columns","tablet-grid-50","mobile-grid-100","grid-parent","grid-33"],"jetpack_publicize_connections":[],"yoast_head":"<!-- This site is optimized with the Yoast SEO plugin v27.5 - https:\/\/yoast.com\/product\/yoast-seo-wordpress\/ -->\n<title>EDF : Le projet de d\u00e9mant\u00e8lement Hercule vaincu par la mobilisation ! - Le blog politique de Gaston<\/title>\n<meta name=\"robots\" content=\"index, follow, max-snippet:-1, max-image-preview:large, max-video-preview:-1\" \/>\n<link rel=\"canonical\" href=\"https:\/\/www.gastonballiot.fr\/?p=9442\" \/>\n<meta property=\"og:locale\" content=\"fr_FR\" \/>\n<meta property=\"og:type\" content=\"article\" \/>\n<meta property=\"og:title\" content=\"EDF : Le projet de d\u00e9mant\u00e8lement Hercule vaincu par la mobilisation ! - Le blog politique de Gaston\" \/>\n<meta property=\"og:description\" content=\"\u00c9NERGIE Le gouvernement renonce \u00e0 sa r\u00e9forme avant la pr\u00e9sidentielle. Une premi\u00e8re victoire. La lutte exemplaire des syndicats de l&rsquo;\u00e9nergie et la p\u00e9tition PourUneEnergiePublique ont eu un effet certain dans cette d\u00e9cision Vendredi 30 Juillet 2021, Loan Nguyen, dans l&rsquo;Humanit\u00e9 : Hercule : le projet de d\u00e9mant\u00e8lement d\u2019EDF vaincu par des mois de mobilisation Le projet que l\u2019\u00c9tat cherchait \u00e0 mettre en \u0153uvre depuis deux ans a pris du plomb dans l\u2019aile au fil des mois. Son abandon, m\u00eame temporaire, signe ... Lire la suite...\" \/>\n<meta property=\"og:url\" content=\"https:\/\/www.gastonballiot.fr\/?p=9442\" \/>\n<meta property=\"og:site_name\" content=\"Le blog politique de Gaston\" \/>\n<meta property=\"article:publisher\" content=\"https:\/\/www.facebook.com\/gaston.balliot\/\" \/>\n<meta property=\"article:author\" content=\"https:\/\/www.facebook.com\/gaston.balliot\/\" \/>\n<meta property=\"article:published_time\" content=\"2021-08-02T07:59:17+00:00\" \/>\n<meta property=\"article:modified_time\" content=\"2021-09-09T07:50:01+00:00\" \/>\n<meta property=\"og:image\" content=\"https:\/\/www.gastonballiot.fr\/wp-content\/uploads\/2021\/08\/NonHercule.jpg\" \/>\n\t<meta property=\"og:image:width\" content=\"1200\" \/>\n\t<meta property=\"og:image:height\" content=\"801\" \/>\n\t<meta property=\"og:image:type\" content=\"image\/jpeg\" \/>\n<meta name=\"author\" content=\"gb\" \/>\n<meta name=\"twitter:card\" content=\"summary_large_image\" \/>\n<meta name=\"twitter:label1\" content=\"\u00c9crit par\" \/>\n\t<meta name=\"twitter:data1\" content=\"gb\" \/>\n\t<meta name=\"twitter:label2\" content=\"Dur\u00e9e de lecture estim\u00e9e\" \/>\n\t<meta name=\"twitter:data2\" content=\"8 minutes\" \/>\n<script type=\"application\/ld+json\" class=\"yoast-schema-graph\">{\"@context\":\"https:\\\/\\\/schema.org\",\"@graph\":[{\"@type\":\"Article\",\"@id\":\"https:\\\/\\\/www.gastonballiot.fr\\\/?p=9442#article\",\"isPartOf\":{\"@id\":\"https:\\\/\\\/www.gastonballiot.fr\\\/?p=9442\"},\"author\":{\"name\":\"gb\",\"@id\":\"https:\\\/\\\/www.gastonballiot.fr\\\/#\\\/schema\\\/person\\\/244a5e02696abd8a65c5b1bebdb948ca\"},\"headline\":\"EDF : Le projet de d\u00e9mant\u00e8lement Hercule vaincu par la mobilisation !\",\"datePublished\":\"2021-08-02T07:59:17+00:00\",\"dateModified\":\"2021-09-09T07:50:01+00:00\",\"mainEntityOfPage\":{\"@id\":\"https:\\\/\\\/www.gastonballiot.fr\\\/?p=9442\"},\"wordCount\":1514,\"commentCount\":0,\"publisher\":{\"@id\":\"https:\\\/\\\/www.gastonballiot.fr\\\/#\\\/schema\\\/person\\\/244a5e02696abd8a65c5b1bebdb948ca\"},\"image\":{\"@id\":\"https:\\\/\\\/www.gastonballiot.fr\\\/?p=9442#primaryimage\"},\"thumbnailUrl\":\"https:\\\/\\\/i0.wp.com\\\/www.gastonballiot.fr\\\/wp-content\\\/uploads\\\/2021\\\/08\\\/NonHercule.jpg?fit=1200%2C801&ssl=1\",\"keywords\":[\"concurrence\",\"EDF\",\"Hercule\",\"lib\u00e9ralisme\",\"service public\"],\"articleSection\":[\"A la une\",\"Economie\",\"Energie\",\"Environnement\",\"Services Publics\"],\"inLanguage\":\"fr-FR\",\"potentialAction\":[{\"@type\":\"CommentAction\",\"name\":\"Comment\",\"target\":[\"https:\\\/\\\/www.gastonballiot.fr\\\/?p=9442#respond\"]}]},{\"@type\":\"WebPage\",\"@id\":\"https:\\\/\\\/www.gastonballiot.fr\\\/?p=9442\",\"url\":\"https:\\\/\\\/www.gastonballiot.fr\\\/?p=9442\",\"name\":\"EDF : Le projet de d\u00e9mant\u00e8lement Hercule vaincu par la mobilisation ! - Le blog politique de Gaston\",\"isPartOf\":{\"@id\":\"https:\\\/\\\/www.gastonballiot.fr\\\/#website\"},\"primaryImageOfPage\":{\"@id\":\"https:\\\/\\\/www.gastonballiot.fr\\\/?p=9442#primaryimage\"},\"image\":{\"@id\":\"https:\\\/\\\/www.gastonballiot.fr\\\/?p=9442#primaryimage\"},\"thumbnailUrl\":\"https:\\\/\\\/i0.wp.com\\\/www.gastonballiot.fr\\\/wp-content\\\/uploads\\\/2021\\\/08\\\/NonHercule.jpg?fit=1200%2C801&ssl=1\",\"datePublished\":\"2021-08-02T07:59:17+00:00\",\"dateModified\":\"2021-09-09T07:50:01+00:00\",\"breadcrumb\":{\"@id\":\"https:\\\/\\\/www.gastonballiot.fr\\\/?p=9442#breadcrumb\"},\"inLanguage\":\"fr-FR\",\"potentialAction\":[{\"@type\":\"ReadAction\",\"target\":[\"https:\\\/\\\/www.gastonballiot.fr\\\/?p=9442\"]}]},{\"@type\":\"ImageObject\",\"inLanguage\":\"fr-FR\",\"@id\":\"https:\\\/\\\/www.gastonballiot.fr\\\/?p=9442#primaryimage\",\"url\":\"https:\\\/\\\/i0.wp.com\\\/www.gastonballiot.fr\\\/wp-content\\\/uploads\\\/2021\\\/08\\\/NonHercule.jpg?fit=1200%2C801&ssl=1\",\"contentUrl\":\"https:\\\/\\\/i0.wp.com\\\/www.gastonballiot.fr\\\/wp-content\\\/uploads\\\/2021\\\/08\\\/NonHercule.jpg?fit=1200%2C801&ssl=1\",\"width\":1200,\"height\":801,\"caption\":\"Rencontre avec les salari\u00e9s d'EDF en gr\u00e8ve contre le projet Hercule. Site Enedis. Celine Brulin, S\u00e9natrice de la Seine Maritime. Photographie par Nicolas Cleuet \\\/ Hans Lucas. 19\\\/1\\\/21\"},{\"@type\":\"BreadcrumbList\",\"@id\":\"https:\\\/\\\/www.gastonballiot.fr\\\/?p=9442#breadcrumb\",\"itemListElement\":[{\"@type\":\"ListItem\",\"position\":1,\"name\":\"Accueil\",\"item\":\"https:\\\/\\\/www.gastonballiot.fr\\\/\"},{\"@type\":\"ListItem\",\"position\":2,\"name\":\"EDF : Le projet de d\u00e9mant\u00e8lement Hercule vaincu par la mobilisation !\"}]},{\"@type\":\"WebSite\",\"@id\":\"https:\\\/\\\/www.gastonballiot.fr\\\/#website\",\"url\":\"https:\\\/\\\/www.gastonballiot.fr\\\/\",\"name\":\"Le blog politique de Gaston\",\"description\":\"L&#039;humain d&#039;abord, pas la finance !\",\"publisher\":{\"@id\":\"https:\\\/\\\/www.gastonballiot.fr\\\/#\\\/schema\\\/person\\\/244a5e02696abd8a65c5b1bebdb948ca\"},\"potentialAction\":[{\"@type\":\"SearchAction\",\"target\":{\"@type\":\"EntryPoint\",\"urlTemplate\":\"https:\\\/\\\/www.gastonballiot.fr\\\/?s={search_term_string}\"},\"query-input\":{\"@type\":\"PropertyValueSpecification\",\"valueRequired\":true,\"valueName\":\"search_term_string\"}}],\"inLanguage\":\"fr-FR\"},{\"@type\":[\"Person\",\"Organization\"],\"@id\":\"https:\\\/\\\/www.gastonballiot.fr\\\/#\\\/schema\\\/person\\\/244a5e02696abd8a65c5b1bebdb948ca\",\"name\":\"gb\",\"image\":{\"@type\":\"ImageObject\",\"inLanguage\":\"fr-FR\",\"@id\":\"https:\\\/\\\/i0.wp.com\\\/www.gastonballiot.fr\\\/wp-content\\\/uploads\\\/2017\\\/04\\\/cropped-Marianne-drapeau-rouge.gif?fit=512%2C512&ssl=1\",\"url\":\"https:\\\/\\\/i0.wp.com\\\/www.gastonballiot.fr\\\/wp-content\\\/uploads\\\/2017\\\/04\\\/cropped-Marianne-drapeau-rouge.gif?fit=512%2C512&ssl=1\",\"contentUrl\":\"https:\\\/\\\/i0.wp.com\\\/www.gastonballiot.fr\\\/wp-content\\\/uploads\\\/2017\\\/04\\\/cropped-Marianne-drapeau-rouge.gif?fit=512%2C512&ssl=1\",\"width\":512,\"height\":512,\"caption\":\"gb\"},\"logo\":{\"@id\":\"https:\\\/\\\/i0.wp.com\\\/www.gastonballiot.fr\\\/wp-content\\\/uploads\\\/2017\\\/04\\\/cropped-Marianne-drapeau-rouge.gif?fit=512%2C512&ssl=1\"},\"description\":\"Gaston Balliot, militant du Front de Gauche en pays bigouden - Pont L'Abb\u00e9 - Loctudy - Guilvinec - Penmarc'h - Ile Tudy - Combrit Ste Marine - Tr\u00e9meoc - Plon\u00e9our, p\u00eache tourisme\",\"sameAs\":[\"https:\\\/\\\/www.facebook.com\\\/gaston.balliot\\\/\"]}]}<\/script>\n<!-- \/ Yoast SEO plugin. -->","yoast_head_json":{"title":"EDF : Le projet de d\u00e9mant\u00e8lement Hercule vaincu par la mobilisation ! - Le blog politique de Gaston","robots":{"index":"index","follow":"follow","max-snippet":"max-snippet:-1","max-image-preview":"max-image-preview:large","max-video-preview":"max-video-preview:-1"},"canonical":"https:\/\/www.gastonballiot.fr\/?p=9442","og_locale":"fr_FR","og_type":"article","og_title":"EDF : Le projet de d\u00e9mant\u00e8lement Hercule vaincu par la mobilisation ! - Le blog politique de Gaston","og_description":"\u00c9NERGIE Le gouvernement renonce \u00e0 sa r\u00e9forme avant la pr\u00e9sidentielle. Une premi\u00e8re victoire. La lutte exemplaire des syndicats de l&rsquo;\u00e9nergie et la p\u00e9tition PourUneEnergiePublique ont eu un effet certain dans cette d\u00e9cision Vendredi 30 Juillet 2021, Loan Nguyen, dans l&rsquo;Humanit\u00e9 : Hercule : le projet de d\u00e9mant\u00e8lement d\u2019EDF vaincu par des mois de mobilisation Le projet que l\u2019\u00c9tat cherchait \u00e0 mettre en \u0153uvre depuis deux ans a pris du plomb dans l\u2019aile au fil des mois. Son abandon, m\u00eame temporaire, signe ... Lire la suite...","og_url":"https:\/\/www.gastonballiot.fr\/?p=9442","og_site_name":"Le blog politique de Gaston","article_publisher":"https:\/\/www.facebook.com\/gaston.balliot\/","article_author":"https:\/\/www.facebook.com\/gaston.balliot\/","article_published_time":"2021-08-02T07:59:17+00:00","article_modified_time":"2021-09-09T07:50:01+00:00","og_image":[{"width":1200,"height":801,"url":"https:\/\/www.gastonballiot.fr\/wp-content\/uploads\/2021\/08\/NonHercule.jpg","type":"image\/jpeg"}],"author":"gb","twitter_card":"summary_large_image","twitter_misc":{"\u00c9crit par":"gb","Dur\u00e9e de lecture estim\u00e9e":"8 minutes"},"schema":{"@context":"https:\/\/schema.org","@graph":[{"@type":"Article","@id":"https:\/\/www.gastonballiot.fr\/?p=9442#article","isPartOf":{"@id":"https:\/\/www.gastonballiot.fr\/?p=9442"},"author":{"name":"gb","@id":"https:\/\/www.gastonballiot.fr\/#\/schema\/person\/244a5e02696abd8a65c5b1bebdb948ca"},"headline":"EDF : Le projet de d\u00e9mant\u00e8lement Hercule vaincu par la mobilisation !","datePublished":"2021-08-02T07:59:17+00:00","dateModified":"2021-09-09T07:50:01+00:00","mainEntityOfPage":{"@id":"https:\/\/www.gastonballiot.fr\/?p=9442"},"wordCount":1514,"commentCount":0,"publisher":{"@id":"https:\/\/www.gastonballiot.fr\/#\/schema\/person\/244a5e02696abd8a65c5b1bebdb948ca"},"image":{"@id":"https:\/\/www.gastonballiot.fr\/?p=9442#primaryimage"},"thumbnailUrl":"https:\/\/i0.wp.com\/www.gastonballiot.fr\/wp-content\/uploads\/2021\/08\/NonHercule.jpg?fit=1200%2C801&ssl=1","keywords":["concurrence","EDF","Hercule","lib\u00e9ralisme","service public"],"articleSection":["A la une","Economie","Energie","Environnement","Services Publics"],"inLanguage":"fr-FR","potentialAction":[{"@type":"CommentAction","name":"Comment","target":["https:\/\/www.gastonballiot.fr\/?p=9442#respond"]}]},{"@type":"WebPage","@id":"https:\/\/www.gastonballiot.fr\/?p=9442","url":"https:\/\/www.gastonballiot.fr\/?p=9442","name":"EDF : Le projet de d\u00e9mant\u00e8lement Hercule vaincu par la mobilisation ! - Le blog politique de Gaston","isPartOf":{"@id":"https:\/\/www.gastonballiot.fr\/#website"},"primaryImageOfPage":{"@id":"https:\/\/www.gastonballiot.fr\/?p=9442#primaryimage"},"image":{"@id":"https:\/\/www.gastonballiot.fr\/?p=9442#primaryimage"},"thumbnailUrl":"https:\/\/i0.wp.com\/www.gastonballiot.fr\/wp-content\/uploads\/2021\/08\/NonHercule.jpg?fit=1200%2C801&ssl=1","datePublished":"2021-08-02T07:59:17+00:00","dateModified":"2021-09-09T07:50:01+00:00","breadcrumb":{"@id":"https:\/\/www.gastonballiot.fr\/?p=9442#breadcrumb"},"inLanguage":"fr-FR","potentialAction":[{"@type":"ReadAction","target":["https:\/\/www.gastonballiot.fr\/?p=9442"]}]},{"@type":"ImageObject","inLanguage":"fr-FR","@id":"https:\/\/www.gastonballiot.fr\/?p=9442#primaryimage","url":"https:\/\/i0.wp.com\/www.gastonballiot.fr\/wp-content\/uploads\/2021\/08\/NonHercule.jpg?fit=1200%2C801&ssl=1","contentUrl":"https:\/\/i0.wp.com\/www.gastonballiot.fr\/wp-content\/uploads\/2021\/08\/NonHercule.jpg?fit=1200%2C801&ssl=1","width":1200,"height":801,"caption":"Rencontre avec les salari\u00e9s d'EDF en gr\u00e8ve contre le projet Hercule. Site Enedis. Celine Brulin, S\u00e9natrice de la Seine Maritime. Photographie par Nicolas Cleuet \/ Hans Lucas. 19\/1\/21"},{"@type":"BreadcrumbList","@id":"https:\/\/www.gastonballiot.fr\/?p=9442#breadcrumb","itemListElement":[{"@type":"ListItem","position":1,"name":"Accueil","item":"https:\/\/www.gastonballiot.fr\/"},{"@type":"ListItem","position":2,"name":"EDF : Le projet de d\u00e9mant\u00e8lement Hercule vaincu par la mobilisation !"}]},{"@type":"WebSite","@id":"https:\/\/www.gastonballiot.fr\/#website","url":"https:\/\/www.gastonballiot.fr\/","name":"Le blog politique de Gaston","description":"L&#039;humain d&#039;abord, pas la finance !","publisher":{"@id":"https:\/\/www.gastonballiot.fr\/#\/schema\/person\/244a5e02696abd8a65c5b1bebdb948ca"},"potentialAction":[{"@type":"SearchAction","target":{"@type":"EntryPoint","urlTemplate":"https:\/\/www.gastonballiot.fr\/?s={search_term_string}"},"query-input":{"@type":"PropertyValueSpecification","valueRequired":true,"valueName":"search_term_string"}}],"inLanguage":"fr-FR"},{"@type":["Person","Organization"],"@id":"https:\/\/www.gastonballiot.fr\/#\/schema\/person\/244a5e02696abd8a65c5b1bebdb948ca","name":"gb","image":{"@type":"ImageObject","inLanguage":"fr-FR","@id":"https:\/\/i0.wp.com\/www.gastonballiot.fr\/wp-content\/uploads\/2017\/04\/cropped-Marianne-drapeau-rouge.gif?fit=512%2C512&ssl=1","url":"https:\/\/i0.wp.com\/www.gastonballiot.fr\/wp-content\/uploads\/2017\/04\/cropped-Marianne-drapeau-rouge.gif?fit=512%2C512&ssl=1","contentUrl":"https:\/\/i0.wp.com\/www.gastonballiot.fr\/wp-content\/uploads\/2017\/04\/cropped-Marianne-drapeau-rouge.gif?fit=512%2C512&ssl=1","width":512,"height":512,"caption":"gb"},"logo":{"@id":"https:\/\/i0.wp.com\/www.gastonballiot.fr\/wp-content\/uploads\/2017\/04\/cropped-Marianne-drapeau-rouge.gif?fit=512%2C512&ssl=1"},"description":"Gaston Balliot, militant du Front de Gauche en pays bigouden - Pont L'Abb\u00e9 - Loctudy - Guilvinec - Penmarc'h - Ile Tudy - Combrit Ste Marine - Tr\u00e9meoc - Plon\u00e9our, p\u00eache tourisme","sameAs":["https:\/\/www.facebook.com\/gaston.balliot\/"]}]}},"jetpack_featured_media_url":"https:\/\/i0.wp.com\/www.gastonballiot.fr\/wp-content\/uploads\/2021\/08\/NonHercule.jpg?fit=1200%2C801&ssl=1","jetpack_shortlink":"https:\/\/wp.me\/p5UTaD-2si","jetpack-related-posts":[],"jetpack_likes_enabled":true,"jetpack_sharing_enabled":true,"_links":{"self":[{"href":"https:\/\/www.gastonballiot.fr\/index.php?rest_route=\/wp\/v2\/posts\/9442","targetHints":{"allow":["GET"]}}],"collection":[{"href":"https:\/\/www.gastonballiot.fr\/index.php?rest_route=\/wp\/v2\/posts"}],"about":[{"href":"https:\/\/www.gastonballiot.fr\/index.php?rest_route=\/wp\/v2\/types\/post"}],"author":[{"embeddable":true,"href":"https:\/\/www.gastonballiot.fr\/index.php?rest_route=\/wp\/v2\/users\/1"}],"replies":[{"embeddable":true,"href":"https:\/\/www.gastonballiot.fr\/index.php?rest_route=%2Fwp%2Fv2%2Fcomments&post=9442"}],"version-history":[{"count":0,"href":"https:\/\/www.gastonballiot.fr\/index.php?rest_route=\/wp\/v2\/posts\/9442\/revisions"}],"wp:featuredmedia":[{"embeddable":true,"href":"https:\/\/www.gastonballiot.fr\/index.php?rest_route=\/wp\/v2\/media\/9443"}],"wp:attachment":[{"href":"https:\/\/www.gastonballiot.fr\/index.php?rest_route=%2Fwp%2Fv2%2Fmedia&parent=9442"}],"wp:term":[{"taxonomy":"category","embeddable":true,"href":"https:\/\/www.gastonballiot.fr\/index.php?rest_route=%2Fwp%2Fv2%2Fcategories&post=9442"},{"taxonomy":"post_tag","embeddable":true,"href":"https:\/\/www.gastonballiot.fr\/index.php?rest_route=%2Fwp%2Fv2%2Ftags&post=9442"}],"curies":[{"name":"wp","href":"https:\/\/api.w.org\/{rel}","templated":true}]}}