{"id":9519,"date":"2021-09-03T16:28:58","date_gmt":"2021-09-03T14:28:58","guid":{"rendered":"https:\/\/www.gastonballiot.fr\/?p=9519"},"modified":"2021-10-01T08:40:06","modified_gmt":"2021-10-01T06:40:06","slug":"la-pauvrete-dans-un-pays-riche-est-un-scandale","status":"publish","type":"post","link":"https:\/\/www.gastonballiot.fr\/?p=9519","title":{"rendered":"L&rsquo;existence de la pauvret\u00e9 est un scandale."},"content":{"rendered":"<figure id=\"attachment_9520\" aria-describedby=\"caption-attachment-9520\" style=\"width: 943px\" class=\"wp-caption aligncenter\"><img data-recalc-dims=\"1\" loading=\"lazy\" decoding=\"async\" data-attachment-id=\"9520\" data-permalink=\"https:\/\/www.gastonballiot.fr\/?attachment_id=9520#main\" data-orig-file=\"https:\/\/i0.wp.com\/www.gastonballiot.fr\/wp-content\/uploads\/2021\/09\/pauvrete1sur5OF2sept21.jpg?fit=953%2C522&amp;ssl=1\" data-orig-size=\"953,522\" data-comments-opened=\"1\" data-image-meta=\"{&quot;aperture&quot;:&quot;0&quot;,&quot;credit&quot;:&quot;&quot;,&quot;camera&quot;:&quot;&quot;,&quot;caption&quot;:&quot;&quot;,&quot;created_timestamp&quot;:&quot;0&quot;,&quot;copyright&quot;:&quot;&quot;,&quot;focal_length&quot;:&quot;0&quot;,&quot;iso&quot;:&quot;0&quot;,&quot;shutter_speed&quot;:&quot;0&quot;,&quot;title&quot;:&quot;&quot;,&quot;orientation&quot;:&quot;0&quot;}\" data-image-title=\"pauvret\u00e91sur5OF2sept21\" data-image-description=\"\" data-image-caption=\"\" data-medium-file=\"https:\/\/i0.wp.com\/www.gastonballiot.fr\/wp-content\/uploads\/2021\/09\/pauvrete1sur5OF2sept21.jpg?fit=300%2C164&amp;ssl=1\" data-large-file=\"https:\/\/i0.wp.com\/www.gastonballiot.fr\/wp-content\/uploads\/2021\/09\/pauvrete1sur5OF2sept21.jpg?fit=953%2C522&amp;ssl=1\" class=\"wp-image-9520 size-full\" src=\"https:\/\/i0.wp.com\/www.gastonballiot.fr\/wp-content\/uploads\/2021\/09\/pauvrete1sur5OF2sept21.jpg?resize=953%2C522&#038;ssl=1\" alt=\"\" width=\"953\" height=\"522\" srcset=\"https:\/\/i0.wp.com\/www.gastonballiot.fr\/wp-content\/uploads\/2021\/09\/pauvrete1sur5OF2sept21.jpg?w=953&amp;ssl=1 953w, https:\/\/i0.wp.com\/www.gastonballiot.fr\/wp-content\/uploads\/2021\/09\/pauvrete1sur5OF2sept21.jpg?resize=300%2C164&amp;ssl=1 300w, https:\/\/i0.wp.com\/www.gastonballiot.fr\/wp-content\/uploads\/2021\/09\/pauvrete1sur5OF2sept21.jpg?resize=768%2C421&amp;ssl=1 768w\" sizes=\"auto, (max-width: 953px) 100vw, 953px\" \/><figcaption id=\"caption-attachment-9520\" class=\"wp-caption-text\">Ouest France du 02\/09\/2021<\/figcaption><\/figure>\n<p>&nbsp;<\/p>\n<p><strong>Juliette<\/strong>, chanteuse&nbsp;: <em>\u201cSans partage des richesses, la d\u00e9mocratie n\u2019a aucun sens.\u201d<\/em><\/p>\n<p><strong>Nelson Mandela<\/strong> : <em>\u201cVaincre la pauvret\u00e9 n\u2019est pas un geste de charit\u00e9. C\u2019est un acte de justice. Comme l\u2019esclavage ou l\u2019apartheid, la pauvret\u00e9 n\u2019est pas naturelle. Ce sont les hommes qui la cr\u00e9ent et la tol\u00e8rent, et ce sont les hommes qui la vaincront. \u201c<\/em><\/p>\n<p><strong>Desmond Tutu<\/strong> : <em>\u201cSi tu est neutre en situation d\u2019injustice, alors tu as choisi le c\u00f4t\u00e9 de l\u2019oppresseur.\u201d<\/em><\/p>\n<p><a href=\"https:\/\/fr.wikipedia.org\/wiki\/Jean_Ziegler\" target=\"_blank\" rel=\"noopener\"><strong>J<\/strong><strong>ean Ziegler<\/strong><\/a> , expert \u00e0 l&rsquo;ONU sur les questions de la faim dans le monde : <em>\u201d Des enfants meurent \u00e0 cause des gangsters de la Bourse \u201c.<\/em><\/p>\n<p><strong>Jean Ziegler<\/strong> :&nbsp;<em>\u00ab&nbsp;Les 500 plus puissantes entreprises transcontinentales priv\u00e9es ont contr\u00f4l\u00e9 l\u2019an pass\u00e9 52&nbsp;% du produit mondial brut, c\u2019est-\u00e0-dire de toutes les richesses produites sur la plan\u00e8te. Nous allons vers une ref\u00e9odalisation du monde ;\u00bb<\/em>. (l\u2019Empire de la Honte. \u00c9ditions Fayard).<\/p>\n<figure id=\"attachment_9521\" aria-describedby=\"caption-attachment-9521\" style=\"width: 697px\" class=\"wp-caption aligncenter\"><a href=\"https:\/\/i0.wp.com\/www.gastonballiot.fr\/wp-content\/uploads\/2021\/09\/inegalites.jpg?ssl=1\"><img data-recalc-dims=\"1\" loading=\"lazy\" decoding=\"async\" data-attachment-id=\"9521\" data-permalink=\"https:\/\/www.gastonballiot.fr\/?attachment_id=9521#main\" data-orig-file=\"https:\/\/i0.wp.com\/www.gastonballiot.fr\/wp-content\/uploads\/2021\/09\/inegalites.jpg?fit=828%2C1200&amp;ssl=1\" data-orig-size=\"828,1200\" data-comments-opened=\"1\" data-image-meta=\"{&quot;aperture&quot;:&quot;0&quot;,&quot;credit&quot;:&quot;&quot;,&quot;camera&quot;:&quot;&quot;,&quot;caption&quot;:&quot;&quot;,&quot;created_timestamp&quot;:&quot;0&quot;,&quot;copyright&quot;:&quot;&quot;,&quot;focal_length&quot;:&quot;0&quot;,&quot;iso&quot;:&quot;0&quot;,&quot;shutter_speed&quot;:&quot;0&quot;,&quot;title&quot;:&quot;&quot;,&quot;orientation&quot;:&quot;0&quot;}\" data-image-title=\"inegalites\" data-image-description=\"\" data-image-caption=\"&lt;p&gt;source : Observatoire des in\u00e9galit\u00e9s. inegalites.fr&lt;\/p&gt;\n\" data-medium-file=\"https:\/\/i0.wp.com\/www.gastonballiot.fr\/wp-content\/uploads\/2021\/09\/inegalites.jpg?fit=207%2C300&amp;ssl=1\" data-large-file=\"https:\/\/i0.wp.com\/www.gastonballiot.fr\/wp-content\/uploads\/2021\/09\/inegalites.jpg?fit=707%2C1024&amp;ssl=1\" class=\"wp-image-9521 size-large\" src=\"https:\/\/i0.wp.com\/www.gastonballiot.fr\/wp-content\/uploads\/2021\/09\/inegalites.jpg?resize=707%2C1024&#038;ssl=1\" alt=\"\" width=\"707\" height=\"1024\" srcset=\"https:\/\/i0.wp.com\/www.gastonballiot.fr\/wp-content\/uploads\/2021\/09\/inegalites.jpg?resize=707%2C1024&amp;ssl=1 707w, https:\/\/i0.wp.com\/www.gastonballiot.fr\/wp-content\/uploads\/2021\/09\/inegalites.jpg?resize=207%2C300&amp;ssl=1 207w, https:\/\/i0.wp.com\/www.gastonballiot.fr\/wp-content\/uploads\/2021\/09\/inegalites.jpg?resize=768%2C1113&amp;ssl=1 768w, https:\/\/i0.wp.com\/www.gastonballiot.fr\/wp-content\/uploads\/2021\/09\/inegalites.jpg?w=828&amp;ssl=1 828w\" sizes=\"auto, (max-width: 707px) 100vw, 707px\" \/><\/a><figcaption id=\"caption-attachment-9521\" class=\"wp-caption-text\">source : Observatoire des in\u00e9galit\u00e9s. www.inegalites.fr<\/figcaption><\/figure>\n<p>&nbsp;<\/p>\n<p>De l&rsquo;argent il y en a&#8230; Beaucoup m\u00eame..<img data-recalc-dims=\"1\" loading=\"lazy\" decoding=\"async\" data-attachment-id=\"9523\" data-permalink=\"https:\/\/www.gastonballiot.fr\/?attachment_id=9523#main\" data-orig-file=\"https:\/\/i0.wp.com\/www.gastonballiot.fr\/wp-content\/uploads\/2021\/09\/CICE.jpg?fit=720%2C460&amp;ssl=1\" data-orig-size=\"720,460\" data-comments-opened=\"1\" data-image-meta=\"{&quot;aperture&quot;:&quot;0&quot;,&quot;credit&quot;:&quot;&quot;,&quot;camera&quot;:&quot;&quot;,&quot;caption&quot;:&quot;&quot;,&quot;created_timestamp&quot;:&quot;0&quot;,&quot;copyright&quot;:&quot;&quot;,&quot;focal_length&quot;:&quot;0&quot;,&quot;iso&quot;:&quot;0&quot;,&quot;shutter_speed&quot;:&quot;0&quot;,&quot;title&quot;:&quot;&quot;,&quot;orientation&quot;:&quot;0&quot;}\" data-image-title=\"CICE\" data-image-description=\"\" data-image-caption=\"\" data-medium-file=\"https:\/\/i0.wp.com\/www.gastonballiot.fr\/wp-content\/uploads\/2021\/09\/CICE.jpg?fit=300%2C192&amp;ssl=1\" data-large-file=\"https:\/\/i0.wp.com\/www.gastonballiot.fr\/wp-content\/uploads\/2021\/09\/CICE.jpg?fit=720%2C460&amp;ssl=1\" class=\"aligncenter size-full wp-image-9523\" src=\"https:\/\/i0.wp.com\/www.gastonballiot.fr\/wp-content\/uploads\/2021\/09\/CICE.jpg?resize=720%2C460&#038;ssl=1\" alt=\"\" width=\"720\" height=\"460\" srcset=\"https:\/\/i0.wp.com\/www.gastonballiot.fr\/wp-content\/uploads\/2021\/09\/CICE.jpg?w=720&amp;ssl=1 720w, https:\/\/i0.wp.com\/www.gastonballiot.fr\/wp-content\/uploads\/2021\/09\/CICE.jpg?resize=300%2C192&amp;ssl=1 300w\" sizes=\"auto, (max-width: 720px) 100vw, 720px\" \/><\/p>\n<p>&nbsp;<\/p>\n<p>La France est un pays riche, tr\u00e8s tr\u00e8s riche&#8230;<br \/>\nLe magazine Challenges a r\u00e9cemment montr\u00e9 que les 500 familles les plus fortun\u00e9es et les plus puissantes de France ont doubl\u00e9 leur patrimoine pendant le quinquennat Macron pour atteindre 1000 milliards d&rsquo;euros.<br \/>\nLes profits du CAC40 ont bondi durant ces derniers mois, un record a \u00e9t\u00e9 battu avec 57 milliards d&rsquo;euros de b\u00e9n\u00e9fice sur 6 mois.<br \/>\nL&rsquo;exil fiscal bat son plein.<\/p>\n<h3><img data-recalc-dims=\"1\" loading=\"lazy\" decoding=\"async\" data-attachment-id=\"9524\" data-permalink=\"https:\/\/www.gastonballiot.fr\/?attachment_id=9524#main\" data-orig-file=\"https:\/\/i0.wp.com\/www.gastonballiot.fr\/wp-content\/uploads\/2021\/09\/MilliardairesFrancais.jpg?fit=750%2C747&amp;ssl=1\" data-orig-size=\"750,747\" data-comments-opened=\"1\" data-image-meta=\"{&quot;aperture&quot;:&quot;0&quot;,&quot;credit&quot;:&quot;&quot;,&quot;camera&quot;:&quot;&quot;,&quot;caption&quot;:&quot;&quot;,&quot;created_timestamp&quot;:&quot;0&quot;,&quot;copyright&quot;:&quot;&quot;,&quot;focal_length&quot;:&quot;0&quot;,&quot;iso&quot;:&quot;0&quot;,&quot;shutter_speed&quot;:&quot;0&quot;,&quot;title&quot;:&quot;&quot;,&quot;orientation&quot;:&quot;0&quot;}\" data-image-title=\"MilliardairesFrancais\" data-image-description=\"\" data-image-caption=\"\" data-medium-file=\"https:\/\/i0.wp.com\/www.gastonballiot.fr\/wp-content\/uploads\/2021\/09\/MilliardairesFrancais.jpg?fit=300%2C300&amp;ssl=1\" data-large-file=\"https:\/\/i0.wp.com\/www.gastonballiot.fr\/wp-content\/uploads\/2021\/09\/MilliardairesFrancais.jpg?fit=750%2C747&amp;ssl=1\" class=\"aligncenter size-full wp-image-9524\" src=\"https:\/\/i0.wp.com\/www.gastonballiot.fr\/wp-content\/uploads\/2021\/09\/MilliardairesFrancais.jpg?resize=750%2C747&#038;ssl=1\" alt=\"\" width=\"750\" height=\"747\" srcset=\"https:\/\/i0.wp.com\/www.gastonballiot.fr\/wp-content\/uploads\/2021\/09\/MilliardairesFrancais.jpg?w=750&amp;ssl=1 750w, https:\/\/i0.wp.com\/www.gastonballiot.fr\/wp-content\/uploads\/2021\/09\/MilliardairesFrancais.jpg?resize=300%2C300&amp;ssl=1 300w, https:\/\/i0.wp.com\/www.gastonballiot.fr\/wp-content\/uploads\/2021\/09\/MilliardairesFrancais.jpg?resize=150%2C150&amp;ssl=1 150w\" sizes=\"auto, (max-width: 750px) 100vw, 750px\" \/><\/h3>\n<h3><a href=\"https:\/\/i0.wp.com\/www.gastonballiot.fr\/wp-content\/uploads\/2021\/09\/UnTiersFrancaisEnDifficulte.jpg?ssl=1\"><img data-recalc-dims=\"1\" loading=\"lazy\" decoding=\"async\" data-attachment-id=\"9553\" data-permalink=\"https:\/\/www.gastonballiot.fr\/?attachment_id=9553#main\" data-orig-file=\"https:\/\/i0.wp.com\/www.gastonballiot.fr\/wp-content\/uploads\/2021\/09\/UnTiersFrancaisEnDifficulte.jpg?fit=625%2C334&amp;ssl=1\" data-orig-size=\"625,334\" data-comments-opened=\"1\" data-image-meta=\"{&quot;aperture&quot;:&quot;0&quot;,&quot;credit&quot;:&quot;&quot;,&quot;camera&quot;:&quot;&quot;,&quot;caption&quot;:&quot;&quot;,&quot;created_timestamp&quot;:&quot;0&quot;,&quot;copyright&quot;:&quot;&quot;,&quot;focal_length&quot;:&quot;0&quot;,&quot;iso&quot;:&quot;0&quot;,&quot;shutter_speed&quot;:&quot;0&quot;,&quot;title&quot;:&quot;&quot;,&quot;orientation&quot;:&quot;0&quot;}\" data-image-title=\"UnTiersFrancaisEnDifficulte\" data-image-description=\"\" data-image-caption=\"\" data-medium-file=\"https:\/\/i0.wp.com\/www.gastonballiot.fr\/wp-content\/uploads\/2021\/09\/UnTiersFrancaisEnDifficulte.jpg?fit=300%2C160&amp;ssl=1\" data-large-file=\"https:\/\/i0.wp.com\/www.gastonballiot.fr\/wp-content\/uploads\/2021\/09\/UnTiersFrancaisEnDifficulte.jpg?fit=625%2C334&amp;ssl=1\" class=\"aligncenter size-full wp-image-9553\" src=\"https:\/\/i0.wp.com\/www.gastonballiot.fr\/wp-content\/uploads\/2021\/09\/UnTiersFrancaisEnDifficulte.jpg?resize=625%2C334&#038;ssl=1\" alt=\"\" width=\"625\" height=\"334\" srcset=\"https:\/\/i0.wp.com\/www.gastonballiot.fr\/wp-content\/uploads\/2021\/09\/UnTiersFrancaisEnDifficulte.jpg?w=625&amp;ssl=1 625w, https:\/\/i0.wp.com\/www.gastonballiot.fr\/wp-content\/uploads\/2021\/09\/UnTiersFrancaisEnDifficulte.jpg?resize=300%2C160&amp;ssl=1 300w\" sizes=\"auto, (max-width: 625px) 100vw, 625px\" \/><\/a>Une \u00e9tude du Secours Populaire Fran\u00e7ais, publi\u00e9e le 9 septembre 2021 r\u00e9v\u00e8le la hausse de la pr\u00e9carit\u00e9 et la difficult\u00e9 de vie d&rsquo;un tiers des Fran\u00e7ais<\/h3>\n<p><a href=\"https:\/\/i0.wp.com\/www.gastonballiot.fr\/wp-content\/uploads\/2021\/09\/PrecariteSecoursPopulaire2021.jpg?ssl=1\"><img data-recalc-dims=\"1\" loading=\"lazy\" decoding=\"async\" data-attachment-id=\"9554\" data-permalink=\"https:\/\/www.gastonballiot.fr\/?attachment_id=9554#main\" data-orig-file=\"https:\/\/i0.wp.com\/www.gastonballiot.fr\/wp-content\/uploads\/2021\/09\/PrecariteSecoursPopulaire2021.jpg?fit=1363%2C790&amp;ssl=1\" data-orig-size=\"1363,790\" data-comments-opened=\"1\" data-image-meta=\"{&quot;aperture&quot;:&quot;0&quot;,&quot;credit&quot;:&quot;&quot;,&quot;camera&quot;:&quot;&quot;,&quot;caption&quot;:&quot;&quot;,&quot;created_timestamp&quot;:&quot;0&quot;,&quot;copyright&quot;:&quot;&quot;,&quot;focal_length&quot;:&quot;0&quot;,&quot;iso&quot;:&quot;0&quot;,&quot;shutter_speed&quot;:&quot;0&quot;,&quot;title&quot;:&quot;&quot;,&quot;orientation&quot;:&quot;0&quot;}\" data-image-title=\"Precarit\u00e9SecoursPopulaire2021\" data-image-description=\"\" data-image-caption=\"\" data-medium-file=\"https:\/\/i0.wp.com\/www.gastonballiot.fr\/wp-content\/uploads\/2021\/09\/PrecariteSecoursPopulaire2021.jpg?fit=300%2C174&amp;ssl=1\" data-large-file=\"https:\/\/i0.wp.com\/www.gastonballiot.fr\/wp-content\/uploads\/2021\/09\/PrecariteSecoursPopulaire2021.jpg?fit=1024%2C594&amp;ssl=1\" class=\"aligncenter size-full wp-image-9554\" src=\"https:\/\/i0.wp.com\/www.gastonballiot.fr\/wp-content\/uploads\/2021\/09\/PrecariteSecoursPopulaire2021.jpg?resize=1200%2C696&#038;ssl=1\" alt=\"\" width=\"1200\" height=\"696\" srcset=\"https:\/\/i0.wp.com\/www.gastonballiot.fr\/wp-content\/uploads\/2021\/09\/PrecariteSecoursPopulaire2021.jpg?w=1363&amp;ssl=1 1363w, https:\/\/i0.wp.com\/www.gastonballiot.fr\/wp-content\/uploads\/2021\/09\/PrecariteSecoursPopulaire2021.jpg?resize=300%2C174&amp;ssl=1 300w, https:\/\/i0.wp.com\/www.gastonballiot.fr\/wp-content\/uploads\/2021\/09\/PrecariteSecoursPopulaire2021.jpg?resize=1024%2C594&amp;ssl=1 1024w, https:\/\/i0.wp.com\/www.gastonballiot.fr\/wp-content\/uploads\/2021\/09\/PrecariteSecoursPopulaire2021.jpg?resize=768%2C445&amp;ssl=1 768w, https:\/\/i0.wp.com\/www.gastonballiot.fr\/wp-content\/uploads\/2021\/09\/PrecariteSecoursPopulaire2021.jpg?resize=1320%2C765&amp;ssl=1 1320w\" sizes=\"auto, (max-width: 1200px) 100vw, 1200px\" \/><\/a><\/p>\n<h3 style=\"text-align: center;\"><a href=\"https:\/\/www.humanite.fr\/pauvrete-la-vie-au-bord-du-gouffre-une-realite-qui-setend-719675\" target=\"_blank\" rel=\"noopener\">L&rsquo;article \u00e0 ce sujet dans le journal l&rsquo;Humanit\u00e9 du 09\/09\/21<\/a><\/h3>\n<h3 style=\"text-align: center;\"><a href=\"https:\/\/www.gastonballiot.fr\/wp-content\/uploads\/2021\/09\/PauvreteHuma9sept21.pdf\" target=\"_blank\" rel=\"noopener\">Le m\u00eame article en fichier PDF<\/a><\/h3>\n<h3>Un fait insupportable : de plus en plus d&rsquo;\u00e9tudiants sont oblig\u00e9s de faire appel \u00e0 des associations humanitaires, en 2021, dans un pays riche et soi-disant civilis\u00e9, sans parler de ceux qui doivent tout simplement renoncer.<\/h3>\n<p><img data-recalc-dims=\"1\" loading=\"lazy\" decoding=\"async\" data-attachment-id=\"9557\" data-permalink=\"https:\/\/www.gastonballiot.fr\/?attachment_id=9557#main\" data-orig-file=\"https:\/\/i0.wp.com\/www.gastonballiot.fr\/wp-content\/uploads\/2021\/09\/EtudiantsEvolution.png?fit=1080%2C1080&amp;ssl=1\" data-orig-size=\"1080,1080\" data-comments-opened=\"1\" data-image-meta=\"{&quot;aperture&quot;:&quot;0&quot;,&quot;credit&quot;:&quot;&quot;,&quot;camera&quot;:&quot;&quot;,&quot;caption&quot;:&quot;&quot;,&quot;created_timestamp&quot;:&quot;0&quot;,&quot;copyright&quot;:&quot;&quot;,&quot;focal_length&quot;:&quot;0&quot;,&quot;iso&quot;:&quot;0&quot;,&quot;shutter_speed&quot;:&quot;0&quot;,&quot;title&quot;:&quot;&quot;,&quot;orientation&quot;:&quot;0&quot;}\" data-image-title=\"EtudiantsEvolution\" data-image-description=\"\" data-image-caption=\"\" data-medium-file=\"https:\/\/i0.wp.com\/www.gastonballiot.fr\/wp-content\/uploads\/2021\/09\/EtudiantsEvolution.png?fit=300%2C300&amp;ssl=1\" data-large-file=\"https:\/\/i0.wp.com\/www.gastonballiot.fr\/wp-content\/uploads\/2021\/09\/EtudiantsEvolution.png?fit=1024%2C1024&amp;ssl=1\" class=\"aligncenter wp-image-9557 size-large\" src=\"https:\/\/i0.wp.com\/www.gastonballiot.fr\/wp-content\/uploads\/2021\/09\/EtudiantsEvolution.png?resize=1024%2C1024&#038;ssl=1\" alt=\"\" width=\"1024\" height=\"1024\" srcset=\"https:\/\/i0.wp.com\/www.gastonballiot.fr\/wp-content\/uploads\/2021\/09\/EtudiantsEvolution.png?resize=1024%2C1024&amp;ssl=1 1024w, https:\/\/i0.wp.com\/www.gastonballiot.fr\/wp-content\/uploads\/2021\/09\/EtudiantsEvolution.png?resize=300%2C300&amp;ssl=1 300w, https:\/\/i0.wp.com\/www.gastonballiot.fr\/wp-content\/uploads\/2021\/09\/EtudiantsEvolution.png?resize=150%2C150&amp;ssl=1 150w, https:\/\/i0.wp.com\/www.gastonballiot.fr\/wp-content\/uploads\/2021\/09\/EtudiantsEvolution.png?resize=768%2C768&amp;ssl=1 768w, https:\/\/i0.wp.com\/www.gastonballiot.fr\/wp-content\/uploads\/2021\/09\/EtudiantsEvolution.png?w=1080&amp;ssl=1 1080w\" sizes=\"auto, (max-width: 1024px) 100vw, 1024px\" \/><\/p>\n<p style=\"text-align: center;\"><strong>Une soci\u00e9t\u00e9 qui maltraite sa jeunesse est une soci\u00e9t\u00e9 malade. C&rsquo;est \u00e0 cela que m\u00e8ne le lib\u00e9ralisme. Un virage radical est n\u00e9cessaire.<\/strong><\/p>\n<h3 style=\"text-align: center;\"><a href=\"https:\/\/i0.wp.com\/www.gastonballiot.fr\/wp-content\/uploads\/2021\/09\/SecoursPopulaire.jpg?ssl=1\"><img data-recalc-dims=\"1\" loading=\"lazy\" decoding=\"async\" data-attachment-id=\"9560\" data-permalink=\"https:\/\/www.gastonballiot.fr\/?attachment_id=9560#main\" data-orig-file=\"https:\/\/i0.wp.com\/www.gastonballiot.fr\/wp-content\/uploads\/2021\/09\/SecoursPopulaire.jpg?fit=800%2C1672&amp;ssl=1\" data-orig-size=\"800,1672\" data-comments-opened=\"1\" data-image-meta=\"{&quot;aperture&quot;:&quot;0&quot;,&quot;credit&quot;:&quot;&quot;,&quot;camera&quot;:&quot;Canon TS6300 series Network&quot;,&quot;caption&quot;:&quot;&quot;,&quot;created_timestamp&quot;:&quot;&quot;,&quot;copyright&quot;:&quot;&quot;,&quot;focal_length&quot;:&quot;0&quot;,&quot;iso&quot;:&quot;0&quot;,&quot;shutter_speed&quot;:&quot;0&quot;,&quot;title&quot;:&quot;&quot;,&quot;orientation&quot;:&quot;1&quot;}\" data-image-title=\"SecoursPopulaire\" data-image-description=\"\" data-image-caption=\"\" data-medium-file=\"https:\/\/i0.wp.com\/www.gastonballiot.fr\/wp-content\/uploads\/2021\/09\/SecoursPopulaire.jpg?fit=144%2C300&amp;ssl=1\" data-large-file=\"https:\/\/i0.wp.com\/www.gastonballiot.fr\/wp-content\/uploads\/2021\/09\/SecoursPopulaire.jpg?fit=490%2C1024&amp;ssl=1\" class=\"aligncenter size-full wp-image-9560\" src=\"https:\/\/i0.wp.com\/www.gastonballiot.fr\/wp-content\/uploads\/2021\/09\/SecoursPopulaire.jpg?resize=800%2C1672&#038;ssl=1\" alt=\"\" width=\"800\" height=\"1672\" srcset=\"https:\/\/i0.wp.com\/www.gastonballiot.fr\/wp-content\/uploads\/2021\/09\/SecoursPopulaire.jpg?w=800&amp;ssl=1 800w, https:\/\/i0.wp.com\/www.gastonballiot.fr\/wp-content\/uploads\/2021\/09\/SecoursPopulaire.jpg?resize=144%2C300&amp;ssl=1 144w, https:\/\/i0.wp.com\/www.gastonballiot.fr\/wp-content\/uploads\/2021\/09\/SecoursPopulaire.jpg?resize=490%2C1024&amp;ssl=1 490w, https:\/\/i0.wp.com\/www.gastonballiot.fr\/wp-content\/uploads\/2021\/09\/SecoursPopulaire.jpg?resize=768%2C1605&amp;ssl=1 768w, https:\/\/i0.wp.com\/www.gastonballiot.fr\/wp-content\/uploads\/2021\/09\/SecoursPopulaire.jpg?resize=735%2C1536&amp;ssl=1 735w\" sizes=\"auto, (max-width: 800px) 100vw, 800px\" \/><\/a><span style=\"font-size: 18pt;\"><a href=\"https:\/\/www.secourspopulaire.fr\/\" target=\"_blank\" rel=\"noopener\">https:\/\/www.secourspopulaire.fr\/<\/a><\/span><\/h3>\n<h3>Des propositions il y en a :<\/h3>\n<ul>\n<li>SMIC \u00e0 1800\u20ac brut.<\/li>\n<li>Suppression de la CSG pour les retraites.<\/li>\n<li>1200\u20ac de pension minimum.<\/li>\n<li>Un revenu \u00e9tudiant au dessus du seuil de pauvret\u00e9, 850 euros.<\/li>\n<li>R\u00e9tablissement de l&rsquo;ISF<\/li>\n<li>Suppression du CICE<\/li>\n<li>Taxation de la finance<\/li>\n<li>Mise en place d&rsquo;un imp\u00f4t progressif sur le revenu<\/li>\n<li>Lutte contre l&rsquo;\u00e9vasion fiscale<\/li>\n<li>Peines plancher pour les fraudeurs fiscaux, les d\u00e9linquants en col blanc<\/li>\n<li>R\u00e9duction du prix du gaz et de l&rsquo;\u00e9lectricit\u00e9 avec nationalisation d&rsquo;EDF et de GDF<\/li>\n<\/ul>\n<p>Ce sont quelques unes des propositions d&rsquo;un candidat \u00e0 la pr\u00e9sidence de la R\u00e9publique en 2022. Devinez lequel ? :<\/p>\n<ol>\n<li>Fabien Roussel<\/li>\n<li>Jean-Luc M\u00e9lenchon<\/li>\n<li>Anne Hidalgo<\/li>\n<li>Emmanuel Macron<\/li>\n<\/ol>\n<p>(r\u00e9ponse en bas de page)<\/p>\n<p>&nbsp;<\/p>\n<div class=\"dati1w0a f10w8fjw hv4rvrfc pybr56ya\">\n<div class=\"kbf60n1y btwxx1t3 j83agx80 cwj9ozl2\">\n<div class=\"buofh1pr\">\n<div class=\"j83agx80 cbu4d94t ew0dbk1b irj2b8pg\">\n<div class=\"qzhwtbm6 knvmm38d\">\n<h3 class=\"gmql0nx0 l94mrbxd p1ri9a11 lzcic4wl aahdfvyu hzawbc8m\" dir=\"auto\" style=\"padding-left: 40px;\"><em><span class=\"nc684nl6\"><strong>Segundo Cimbron<\/strong> :<\/span><\/em><\/h3>\n<\/div>\n<\/div>\n<\/div>\n<\/div>\n<\/div>\n<div class=\"f10w8fjw\" dir=\"auto\" style=\"padding-left: 40px;\">\n<div class=\"\" dir=\"auto\" style=\"padding-left: 40px;\">\n<div class=\"ecm0bbzt hv4rvrfc e5nlhep0 dati1w0a\" style=\"padding-left: 40px;\" data-ad-comet-preview=\"message\" data-ad-preview=\"message\">\n<div class=\"j83agx80 cbu4d94t ew0dbk1b irj2b8pg\" style=\"padding-left: 40px;\">\n<div class=\"qzhwtbm6 knvmm38d\" style=\"padding-left: 40px;\">\n<div class=\"kvgmc6g5 cxmmr5t8 oygrvhab hcukyx3x c1et5uql ii04i59q\" style=\"padding-left: 40px;\">\n<div dir=\"auto\" style=\"padding-left: 40px;\"><em>Une r\u00e9flexion, en passant.<\/em><\/div>\n<\/div>\n<div class=\"o9v6fnle cxmmr5t8 oygrvhab hcukyx3x c1et5uql ii04i59q\" style=\"padding-left: 40px;\">\n<div dir=\"auto\" style=\"padding-left: 40px;\"><em>Interrog\u00e9 sur le financement de son programme pour les pr\u00e9sidentielles, Fabien Roussel r\u00e9pond qu&rsquo;il faut mettre davantage \u00e0 contribution les milliardaires comme Bernard Arnault.<\/em><\/div>\n<div dir=\"auto\" style=\"padding-left: 40px;\"><em>R\u00e9action imm\u00e9diate de la journaliste : \u00ab\u00a0Mais\u2026 Il donne du travail \u00e0 des milliers de personnes !!&#8230;\u00a0\u00bb<\/em><\/div>\n<\/div>\n<div class=\"o9v6fnle cxmmr5t8 oygrvhab hcukyx3x c1et5uql ii04i59q\" style=\"padding-left: 40px;\">\n<div dir=\"auto\" style=\"padding-left: 40px;\"><em>On peut faire remarquer \u00e0 la journaliste que le verbe \u00ab\u00a0donner\u00a0\u00bb est peu pertinent s&rsquo;agissant de quelqu&rsquo;un qui r\u00e9cup\u00e8re \u00e0 son profit l&rsquo;essentiel de la plus-value cr\u00e9\u00e9e par ce travail qu&rsquo;il \u00ab\u00a0donne\u00a0\u00bb si g\u00e9n\u00e9reusement\u2026<\/em><\/div>\n<div dir=\"auto\" style=\"padding-left: 40px;\"><em>Lui faire remarquer qu&rsquo;on peut aussi bien formuler la situation \u00ab\u00a0\u00e0 l&rsquo;endroit\u00a0\u00bb en disant qu&rsquo;il y a des milliers de personnes qui lui \u00ab\u00a0donnent\u00a0\u00bb les richesses que leur travail cr\u00e9e, dont des enfants qui devraient \u00eatre \u00e0 l&rsquo;\u00e9cole et des parents qui se br\u00fblent les poumons \u00e0 petits feux avec les produits n\u00e9cessaires pour donner \u00e0 ses produits de luxe la patine qui pla\u00eet tant aux bourses assez joufflues pour se les payer\u2026<\/em><\/div>\n<\/div>\n<div class=\"o9v6fnle cxmmr5t8 oygrvhab hcukyx3x c1et5uql ii04i59q\" style=\"padding-left: 40px;\">\n<div dir=\"auto\" style=\"padding-left: 40px;\"><em>Que cette journaliste r\u00e9agisse aussi spontan\u00e9ment \u00e0 la moindre remise en cause des ma\u00eetres du monde et \u00e2nonne comme un perroquet tous les poncifs de l&rsquo;id\u00e9ologie capitaliste dominante, quoi d&rsquo;\u00e9tonnant ? : Son cerveau a \u00e9t\u00e9 form\u00e9 pour cela et les m\u00e9dias actuels, d\u00e9tenus ultra-majoritairement par les milliardaires en question ou par leurs repr\u00e9sentants gouvernementaux ne les recrutent que sur ce seul crit\u00e8re.<\/em><\/div>\n<\/div>\n<div class=\"o9v6fnle cxmmr5t8 oygrvhab hcukyx3x c1et5uql ii04i59q\" style=\"padding-left: 40px;\">\n<div dir=\"auto\" style=\"padding-left: 40px;\"><em>Le probl\u00e8me, qui ne se combattra pas seulement dans les m\u00e9dias (sur lesquels il faut interdire la mainmise priv\u00e9e pour r\u00e9tablir le pluralisme des points de vue qui s&rsquo;y expriment), le probl\u00e8me, c&rsquo;est qu&rsquo;en disant cela, elle n&rsquo;exprime pas tant une id\u00e9e majoritaire dans les m\u00e9dias, qu&rsquo;une id\u00e9e majoritaire dans le pays.<\/em><\/div>\n<\/div>\n<div class=\"o9v6fnle cxmmr5t8 oygrvhab hcukyx3x c1et5uql ii04i59q\" style=\"padding-left: 40px;\">\n<div dir=\"auto\" style=\"padding-left: 40px;\"><em>Car aujourd&rsquo;hui &#8211; m\u00eame lorsque c&rsquo;est v\u00e9cu douloureusement &#8211; la sup\u00e9riorit\u00e9 et la domination de ceux qui poss\u00e8dent les richesses sur ceux qui les ont cr\u00e9\u00e9es est v\u00e9cu comme aussi \u00ab\u00a0naturelle\u00a0\u00bb que l&rsquo;\u00e9tait, il y a 230 ans, la sup\u00e9riorit\u00e9 et la domination de la noblesse parasite sur la soci\u00e9t\u00e9, avant que celle-ci fasse perdre la t\u00eate \u00e0 un roi serrurier, pour l&rsquo;exemple.<\/em><\/div>\n<\/div>\n<div class=\"o9v6fnle cxmmr5t8 oygrvhab hcukyx3x c1et5uql ii04i59q\" style=\"padding-left: 40px;\">\n<div dir=\"auto\" style=\"padding-left: 40px;\"><em>Et ces id\u00e9es dominantes-l\u00e0, \u00e7a se combat partout :<\/em><\/div>\n<div dir=\"auto\" style=\"padding-left: 40px;\"><em>Dans les entreprises d&rsquo;abord puisque c&rsquo;est l\u00e0 qu&rsquo;elles naissent, dans la rue, dans les cages d&rsquo;escalier, dans les discussions de la vie de tous les jours, partout, tout le temps.<\/em><\/div>\n<div dir=\"auto\" style=\"padding-left: 40px;\"><em>Et dans les m\u00e9dias pour ceux qui y ont acc\u00e8s.<\/em><\/div>\n<\/div>\n<div class=\"o9v6fnle cxmmr5t8 oygrvhab hcukyx3x c1et5uql ii04i59q\">\n<div dir=\"auto\" style=\"padding-left: 80px;\"><em>Parce qu&rsquo;aucun tribun politique n&rsquo;abrogera la domination du capital sur la soci\u00e9t\u00e9 si la soci\u00e9t\u00e9 n&rsquo;est pas convaincue qu&rsquo;il faut l&rsquo;abroger.<\/em><\/div>\n<div dir=\"auto\" style=\"padding-left: 80px;\"><em>Et si la soci\u00e9t\u00e9 en est suffisamment convaincue, elle n&rsquo;aura pas besoin de tribun pour le faire.<\/em><\/div>\n<\/div>\n<\/div>\n<\/div>\n<\/div>\n<\/div>\n<\/div>\n<div dir=\"auto\">&nbsp;<\/div>\n<div dir=\"auto\" style=\"text-align: left;\">Bien s\u00fbr ici je ne parle que de la France, la pauvret\u00e9 est un probl\u00e8me mondial, comme le capitalisme est mondial&#8230;<\/div>\n<div dir=\"auto\">**********************<\/div>\n<div dir=\"auto\">R\u00e9ponse \u00e0 la devinette : c&rsquo;est \u00e9videmment le premier, ce n&rsquo;\u00e9tait difficile&#8230;<\/div>\n<div dir=\"auto\"><a href=\"https:\/\/www.gastonballiot.fr\/levasion-fiscale-et-la-fraude-fiscale-un-scandale-lie-au-systeme-et-maintenu-avec-complaisance-par-nos-dirigeants-successifs\/\" target=\"_blank\" rel=\"noopener\">Lien vers un article d&rsquo;avril 2021 sur l&rsquo;\u00e9vasion fiscale tol\u00e9r\u00e9e<\/a><\/div>\n<div dir=\"auto\"><a href=\"https:\/\/www.gastonballiot.fr\/evasion-fiscale\/\" target=\"_blank\" rel=\"noopener\">Lien vers ma page sur l&rsquo;\u00e9vasion fiscale<\/a><\/div>\n<div dir=\"auto\" style=\"text-align: center;\">Un livre qui vient de sortir : \u00ab\u00a0<strong>Milliards en fuite\u00a0\u00bb<\/strong> par Eric et Alain Bocquet<br \/>\n<a href=\"https:\/\/i0.wp.com\/www.gastonballiot.fr\/wp-content\/uploads\/2021\/09\/Milliards-en-fuite.jpg?ssl=1\"><img data-recalc-dims=\"1\" loading=\"lazy\" decoding=\"async\" data-attachment-id=\"9530\" data-permalink=\"https:\/\/www.gastonballiot.fr\/?attachment_id=9530#main\" data-orig-file=\"https:\/\/i0.wp.com\/www.gastonballiot.fr\/wp-content\/uploads\/2021\/09\/Milliards-en-fuite.jpg?fit=340%2C340&amp;ssl=1\" data-orig-size=\"340,340\" data-comments-opened=\"1\" data-image-meta=\"{&quot;aperture&quot;:&quot;0&quot;,&quot;credit&quot;:&quot;&quot;,&quot;camera&quot;:&quot;&quot;,&quot;caption&quot;:&quot;&quot;,&quot;created_timestamp&quot;:&quot;0&quot;,&quot;copyright&quot;:&quot;&quot;,&quot;focal_length&quot;:&quot;0&quot;,&quot;iso&quot;:&quot;0&quot;,&quot;shutter_speed&quot;:&quot;0&quot;,&quot;title&quot;:&quot;&quot;,&quot;orientation&quot;:&quot;0&quot;}\" data-image-title=\"Milliards-en-fuite\" data-image-description=\"\" data-image-caption=\"\" data-medium-file=\"https:\/\/i0.wp.com\/www.gastonballiot.fr\/wp-content\/uploads\/2021\/09\/Milliards-en-fuite.jpg?fit=300%2C300&amp;ssl=1\" data-large-file=\"https:\/\/i0.wp.com\/www.gastonballiot.fr\/wp-content\/uploads\/2021\/09\/Milliards-en-fuite.jpg?fit=340%2C340&amp;ssl=1\" class=\"aligncenter size-full wp-image-9530\" src=\"https:\/\/i0.wp.com\/www.gastonballiot.fr\/wp-content\/uploads\/2021\/09\/Milliards-en-fuite.jpg?resize=340%2C340&#038;ssl=1\" alt=\"\" width=\"340\" height=\"340\" srcset=\"https:\/\/i0.wp.com\/www.gastonballiot.fr\/wp-content\/uploads\/2021\/09\/Milliards-en-fuite.jpg?w=340&amp;ssl=1 340w, https:\/\/i0.wp.com\/www.gastonballiot.fr\/wp-content\/uploads\/2021\/09\/Milliards-en-fuite.jpg?resize=300%2C300&amp;ssl=1 300w, https:\/\/i0.wp.com\/www.gastonballiot.fr\/wp-content\/uploads\/2021\/09\/Milliards-en-fuite.jpg?resize=150%2C150&amp;ssl=1 150w\" sizes=\"auto, (max-width: 340px) 100vw, 340px\" \/><\/a><\/div>\n","protected":false},"excerpt":{"rendered":"<p>&nbsp; Juliette, chanteuse&nbsp;: \u201cSans partage des richesses, la d\u00e9mocratie n\u2019a aucun sens.\u201d Nelson Mandela : \u201cVaincre la pauvret\u00e9 n\u2019est pas un geste de charit\u00e9. C\u2019est un acte de justice. Comme l\u2019esclavage ou l\u2019apartheid, la pauvret\u00e9 n\u2019est pas naturelle. Ce sont les hommes qui la cr\u00e9ent et la tol\u00e8rent, et ce sont les hommes qui la vaincront. \u201c Desmond Tutu : \u201cSi tu est neutre en situation d\u2019injustice, alors tu as choisi le c\u00f4t\u00e9 de l\u2019oppresseur.\u201d Jean Ziegler , expert \u00e0 l&rsquo;ONU &#8230; <a title=\"L&rsquo;existence de la pauvret\u00e9 est un scandale.\" class=\"read-more\" href=\"https:\/\/www.gastonballiot.fr\/?p=9519\" aria-label=\"Plus sur L&rsquo;existence de la pauvret\u00e9 est un scandale.\">Lire la suite&#8230;<\/a><\/p>\n","protected":false},"author":1,"featured_media":0,"comment_status":"open","ping_status":"closed","sticky":false,"template":"","format":"standard","meta":{"ngg_post_thumbnail":0,"jetpack_post_was_ever_published":false,"_jetpack_newsletter_access":"","_jetpack_dont_email_post_to_subs":false,"_jetpack_newsletter_tier_id":0,"_jetpack_memberships_contains_paywalled_content":false,"_jetpack_memberships_contains_paid_content":false,"footnotes":"","jetpack_publicize_message":"","jetpack_publicize_feature_enabled":true,"jetpack_social_post_already_shared":true,"jetpack_social_options":{"image_generator_settings":{"template":"highway","enabled":false},"version":2}},"categories":[2,5,6,19,14,16],"tags":[39,312,532,414,537,83,278,106,536],"class_list":["post-9519","post","type-post","status-publish","format-standard","hentry","category-a-la-une","category-democratie","category-economie","category-pouvoir-dachat","category-propositions","category-social","tag-capitalisme","tag-evasion-fiscale","tag-faim","tag-injustice","tag-jeunesse","tag-liberalisme","tag-misere","tag-pauvrete","tag-secours-populaire","infinite-scroll-item","masonry-post","generate-columns","tablet-grid-50","mobile-grid-100","grid-parent","grid-33"],"jetpack_publicize_connections":[],"yoast_head":"<!-- This site is optimized with the Yoast SEO plugin v27.5 - https:\/\/yoast.com\/product\/yoast-seo-wordpress\/ -->\n<title>L&#039;existence de la pauvret\u00e9 est un scandale. - Le blog politique de Gaston<\/title>\n<meta name=\"robots\" content=\"index, follow, max-snippet:-1, max-image-preview:large, max-video-preview:-1\" \/>\n<link rel=\"canonical\" href=\"https:\/\/www.gastonballiot.fr\/?p=9519\" \/>\n<meta property=\"og:locale\" content=\"fr_FR\" \/>\n<meta property=\"og:type\" content=\"article\" \/>\n<meta property=\"og:title\" content=\"L&#039;existence de la pauvret\u00e9 est un scandale. - Le blog politique de Gaston\" \/>\n<meta property=\"og:description\" content=\"&nbsp; Juliette, chanteuse&nbsp;: \u201cSans partage des richesses, la d\u00e9mocratie n\u2019a aucun sens.\u201d Nelson Mandela : \u201cVaincre la pauvret\u00e9 n\u2019est pas un geste de charit\u00e9. C\u2019est un acte de justice. Comme l\u2019esclavage ou l\u2019apartheid, la pauvret\u00e9 n\u2019est pas naturelle. Ce sont les hommes qui la cr\u00e9ent et la tol\u00e8rent, et ce sont les hommes qui la vaincront. \u201c Desmond Tutu : \u201cSi tu est neutre en situation d\u2019injustice, alors tu as choisi le c\u00f4t\u00e9 de l\u2019oppresseur.\u201d Jean Ziegler , expert \u00e0 l&rsquo;ONU ... Lire la suite...\" \/>\n<meta property=\"og:url\" content=\"https:\/\/www.gastonballiot.fr\/?p=9519\" \/>\n<meta property=\"og:site_name\" content=\"Le blog politique de Gaston\" \/>\n<meta property=\"article:publisher\" content=\"https:\/\/www.facebook.com\/gaston.balliot\/\" \/>\n<meta property=\"article:author\" content=\"https:\/\/www.facebook.com\/gaston.balliot\/\" \/>\n<meta property=\"article:published_time\" content=\"2021-09-03T14:28:58+00:00\" \/>\n<meta property=\"article:modified_time\" content=\"2021-10-01T06:40:06+00:00\" \/>\n<meta property=\"og:image\" content=\"https:\/\/www.gastonballiot.fr\/wp-content\/uploads\/2021\/09\/pauvrete1sur5OF2sept21.jpg\" \/>\n<meta name=\"author\" content=\"gb\" \/>\n<meta name=\"twitter:card\" content=\"summary_large_image\" \/>\n<meta name=\"twitter:label1\" content=\"\u00c9crit par\" \/>\n\t<meta name=\"twitter:data1\" content=\"gb\" \/>\n\t<meta name=\"twitter:label2\" content=\"Dur\u00e9e de lecture estim\u00e9e\" \/>\n\t<meta name=\"twitter:data2\" content=\"5 minutes\" \/>\n<script type=\"application\/ld+json\" class=\"yoast-schema-graph\">{\"@context\":\"https:\\\/\\\/schema.org\",\"@graph\":[{\"@type\":\"Article\",\"@id\":\"https:\\\/\\\/www.gastonballiot.fr\\\/?p=9519#article\",\"isPartOf\":{\"@id\":\"https:\\\/\\\/www.gastonballiot.fr\\\/?p=9519\"},\"author\":{\"name\":\"gb\",\"@id\":\"https:\\\/\\\/www.gastonballiot.fr\\\/#\\\/schema\\\/person\\\/244a5e02696abd8a65c5b1bebdb948ca\"},\"headline\":\"L&rsquo;existence de la pauvret\u00e9 est un scandale.\",\"datePublished\":\"2021-09-03T14:28:58+00:00\",\"dateModified\":\"2021-10-01T06:40:06+00:00\",\"mainEntityOfPage\":{\"@id\":\"https:\\\/\\\/www.gastonballiot.fr\\\/?p=9519\"},\"wordCount\":1063,\"commentCount\":0,\"publisher\":{\"@id\":\"https:\\\/\\\/www.gastonballiot.fr\\\/#\\\/schema\\\/person\\\/244a5e02696abd8a65c5b1bebdb948ca\"},\"image\":{\"@id\":\"https:\\\/\\\/www.gastonballiot.fr\\\/?p=9519#primaryimage\"},\"thumbnailUrl\":\"https:\\\/\\\/www.gastonballiot.fr\\\/wp-content\\\/uploads\\\/2021\\\/09\\\/pauvrete1sur5OF2sept21.jpg\",\"keywords\":[\"capitalisme\",\"\u00e9vasion fiscale\",\"faim\",\"injustice\",\"jeunesse\",\"lib\u00e9ralisme\",\"mis\u00e8re\",\"pauvret\u00e9\",\"Secours Populaire\"],\"articleSection\":[\"A la une\",\"D\u00e9mocratie\",\"Economie\",\"Pouvoir d'achat\",\"Propositions\",\"Social\"],\"inLanguage\":\"fr-FR\",\"potentialAction\":[{\"@type\":\"CommentAction\",\"name\":\"Comment\",\"target\":[\"https:\\\/\\\/www.gastonballiot.fr\\\/?p=9519#respond\"]}]},{\"@type\":\"WebPage\",\"@id\":\"https:\\\/\\\/www.gastonballiot.fr\\\/?p=9519\",\"url\":\"https:\\\/\\\/www.gastonballiot.fr\\\/?p=9519\",\"name\":\"L'existence de la pauvret\u00e9 est un scandale. - Le blog politique de Gaston\",\"isPartOf\":{\"@id\":\"https:\\\/\\\/www.gastonballiot.fr\\\/#website\"},\"primaryImageOfPage\":{\"@id\":\"https:\\\/\\\/www.gastonballiot.fr\\\/?p=9519#primaryimage\"},\"image\":{\"@id\":\"https:\\\/\\\/www.gastonballiot.fr\\\/?p=9519#primaryimage\"},\"thumbnailUrl\":\"https:\\\/\\\/www.gastonballiot.fr\\\/wp-content\\\/uploads\\\/2021\\\/09\\\/pauvrete1sur5OF2sept21.jpg\",\"datePublished\":\"2021-09-03T14:28:58+00:00\",\"dateModified\":\"2021-10-01T06:40:06+00:00\",\"breadcrumb\":{\"@id\":\"https:\\\/\\\/www.gastonballiot.fr\\\/?p=9519#breadcrumb\"},\"inLanguage\":\"fr-FR\",\"potentialAction\":[{\"@type\":\"ReadAction\",\"target\":[\"https:\\\/\\\/www.gastonballiot.fr\\\/?p=9519\"]}]},{\"@type\":\"ImageObject\",\"inLanguage\":\"fr-FR\",\"@id\":\"https:\\\/\\\/www.gastonballiot.fr\\\/?p=9519#primaryimage\",\"url\":\"https:\\\/\\\/i0.wp.com\\\/www.gastonballiot.fr\\\/wp-content\\\/uploads\\\/2021\\\/09\\\/pauvrete1sur5OF2sept21.jpg?fit=953%2C522&ssl=1\",\"contentUrl\":\"https:\\\/\\\/i0.wp.com\\\/www.gastonballiot.fr\\\/wp-content\\\/uploads\\\/2021\\\/09\\\/pauvrete1sur5OF2sept21.jpg?fit=953%2C522&ssl=1\",\"width\":953,\"height\":522},{\"@type\":\"BreadcrumbList\",\"@id\":\"https:\\\/\\\/www.gastonballiot.fr\\\/?p=9519#breadcrumb\",\"itemListElement\":[{\"@type\":\"ListItem\",\"position\":1,\"name\":\"Accueil\",\"item\":\"https:\\\/\\\/www.gastonballiot.fr\\\/\"},{\"@type\":\"ListItem\",\"position\":2,\"name\":\"L&#8217;existence de la pauvret\u00e9 est un scandale.\"}]},{\"@type\":\"WebSite\",\"@id\":\"https:\\\/\\\/www.gastonballiot.fr\\\/#website\",\"url\":\"https:\\\/\\\/www.gastonballiot.fr\\\/\",\"name\":\"Le blog politique de Gaston\",\"description\":\"L&#039;humain d&#039;abord, pas la finance !\",\"publisher\":{\"@id\":\"https:\\\/\\\/www.gastonballiot.fr\\\/#\\\/schema\\\/person\\\/244a5e02696abd8a65c5b1bebdb948ca\"},\"potentialAction\":[{\"@type\":\"SearchAction\",\"target\":{\"@type\":\"EntryPoint\",\"urlTemplate\":\"https:\\\/\\\/www.gastonballiot.fr\\\/?s={search_term_string}\"},\"query-input\":{\"@type\":\"PropertyValueSpecification\",\"valueRequired\":true,\"valueName\":\"search_term_string\"}}],\"inLanguage\":\"fr-FR\"},{\"@type\":[\"Person\",\"Organization\"],\"@id\":\"https:\\\/\\\/www.gastonballiot.fr\\\/#\\\/schema\\\/person\\\/244a5e02696abd8a65c5b1bebdb948ca\",\"name\":\"gb\",\"image\":{\"@type\":\"ImageObject\",\"inLanguage\":\"fr-FR\",\"@id\":\"https:\\\/\\\/i0.wp.com\\\/www.gastonballiot.fr\\\/wp-content\\\/uploads\\\/2017\\\/04\\\/cropped-Marianne-drapeau-rouge.gif?fit=512%2C512&ssl=1\",\"url\":\"https:\\\/\\\/i0.wp.com\\\/www.gastonballiot.fr\\\/wp-content\\\/uploads\\\/2017\\\/04\\\/cropped-Marianne-drapeau-rouge.gif?fit=512%2C512&ssl=1\",\"contentUrl\":\"https:\\\/\\\/i0.wp.com\\\/www.gastonballiot.fr\\\/wp-content\\\/uploads\\\/2017\\\/04\\\/cropped-Marianne-drapeau-rouge.gif?fit=512%2C512&ssl=1\",\"width\":512,\"height\":512,\"caption\":\"gb\"},\"logo\":{\"@id\":\"https:\\\/\\\/i0.wp.com\\\/www.gastonballiot.fr\\\/wp-content\\\/uploads\\\/2017\\\/04\\\/cropped-Marianne-drapeau-rouge.gif?fit=512%2C512&ssl=1\"},\"description\":\"Gaston Balliot, militant du Front de Gauche en pays bigouden - Pont L'Abb\u00e9 - Loctudy - Guilvinec - Penmarc'h - Ile Tudy - Combrit Ste Marine - Tr\u00e9meoc - Plon\u00e9our, p\u00eache tourisme\",\"sameAs\":[\"https:\\\/\\\/www.facebook.com\\\/gaston.balliot\\\/\"]}]}<\/script>\n<!-- \/ Yoast SEO plugin. -->","yoast_head_json":{"title":"L'existence de la pauvret\u00e9 est un scandale. - Le blog politique de Gaston","robots":{"index":"index","follow":"follow","max-snippet":"max-snippet:-1","max-image-preview":"max-image-preview:large","max-video-preview":"max-video-preview:-1"},"canonical":"https:\/\/www.gastonballiot.fr\/?p=9519","og_locale":"fr_FR","og_type":"article","og_title":"L'existence de la pauvret\u00e9 est un scandale. - Le blog politique de Gaston","og_description":"&nbsp; Juliette, chanteuse&nbsp;: \u201cSans partage des richesses, la d\u00e9mocratie n\u2019a aucun sens.\u201d Nelson Mandela : \u201cVaincre la pauvret\u00e9 n\u2019est pas un geste de charit\u00e9. C\u2019est un acte de justice. Comme l\u2019esclavage ou l\u2019apartheid, la pauvret\u00e9 n\u2019est pas naturelle. Ce sont les hommes qui la cr\u00e9ent et la tol\u00e8rent, et ce sont les hommes qui la vaincront. \u201c Desmond Tutu : \u201cSi tu est neutre en situation d\u2019injustice, alors tu as choisi le c\u00f4t\u00e9 de l\u2019oppresseur.\u201d Jean Ziegler , expert \u00e0 l&rsquo;ONU ... Lire la suite...","og_url":"https:\/\/www.gastonballiot.fr\/?p=9519","og_site_name":"Le blog politique de Gaston","article_publisher":"https:\/\/www.facebook.com\/gaston.balliot\/","article_author":"https:\/\/www.facebook.com\/gaston.balliot\/","article_published_time":"2021-09-03T14:28:58+00:00","article_modified_time":"2021-10-01T06:40:06+00:00","og_image":[{"url":"https:\/\/www.gastonballiot.fr\/wp-content\/uploads\/2021\/09\/pauvrete1sur5OF2sept21.jpg","type":"","width":"","height":""}],"author":"gb","twitter_card":"summary_large_image","twitter_misc":{"\u00c9crit par":"gb","Dur\u00e9e de lecture estim\u00e9e":"5 minutes"},"schema":{"@context":"https:\/\/schema.org","@graph":[{"@type":"Article","@id":"https:\/\/www.gastonballiot.fr\/?p=9519#article","isPartOf":{"@id":"https:\/\/www.gastonballiot.fr\/?p=9519"},"author":{"name":"gb","@id":"https:\/\/www.gastonballiot.fr\/#\/schema\/person\/244a5e02696abd8a65c5b1bebdb948ca"},"headline":"L&rsquo;existence de la pauvret\u00e9 est un scandale.","datePublished":"2021-09-03T14:28:58+00:00","dateModified":"2021-10-01T06:40:06+00:00","mainEntityOfPage":{"@id":"https:\/\/www.gastonballiot.fr\/?p=9519"},"wordCount":1063,"commentCount":0,"publisher":{"@id":"https:\/\/www.gastonballiot.fr\/#\/schema\/person\/244a5e02696abd8a65c5b1bebdb948ca"},"image":{"@id":"https:\/\/www.gastonballiot.fr\/?p=9519#primaryimage"},"thumbnailUrl":"https:\/\/www.gastonballiot.fr\/wp-content\/uploads\/2021\/09\/pauvrete1sur5OF2sept21.jpg","keywords":["capitalisme","\u00e9vasion fiscale","faim","injustice","jeunesse","lib\u00e9ralisme","mis\u00e8re","pauvret\u00e9","Secours Populaire"],"articleSection":["A la une","D\u00e9mocratie","Economie","Pouvoir d'achat","Propositions","Social"],"inLanguage":"fr-FR","potentialAction":[{"@type":"CommentAction","name":"Comment","target":["https:\/\/www.gastonballiot.fr\/?p=9519#respond"]}]},{"@type":"WebPage","@id":"https:\/\/www.gastonballiot.fr\/?p=9519","url":"https:\/\/www.gastonballiot.fr\/?p=9519","name":"L'existence de la pauvret\u00e9 est un scandale. - Le blog politique de Gaston","isPartOf":{"@id":"https:\/\/www.gastonballiot.fr\/#website"},"primaryImageOfPage":{"@id":"https:\/\/www.gastonballiot.fr\/?p=9519#primaryimage"},"image":{"@id":"https:\/\/www.gastonballiot.fr\/?p=9519#primaryimage"},"thumbnailUrl":"https:\/\/www.gastonballiot.fr\/wp-content\/uploads\/2021\/09\/pauvrete1sur5OF2sept21.jpg","datePublished":"2021-09-03T14:28:58+00:00","dateModified":"2021-10-01T06:40:06+00:00","breadcrumb":{"@id":"https:\/\/www.gastonballiot.fr\/?p=9519#breadcrumb"},"inLanguage":"fr-FR","potentialAction":[{"@type":"ReadAction","target":["https:\/\/www.gastonballiot.fr\/?p=9519"]}]},{"@type":"ImageObject","inLanguage":"fr-FR","@id":"https:\/\/www.gastonballiot.fr\/?p=9519#primaryimage","url":"https:\/\/i0.wp.com\/www.gastonballiot.fr\/wp-content\/uploads\/2021\/09\/pauvrete1sur5OF2sept21.jpg?fit=953%2C522&ssl=1","contentUrl":"https:\/\/i0.wp.com\/www.gastonballiot.fr\/wp-content\/uploads\/2021\/09\/pauvrete1sur5OF2sept21.jpg?fit=953%2C522&ssl=1","width":953,"height":522},{"@type":"BreadcrumbList","@id":"https:\/\/www.gastonballiot.fr\/?p=9519#breadcrumb","itemListElement":[{"@type":"ListItem","position":1,"name":"Accueil","item":"https:\/\/www.gastonballiot.fr\/"},{"@type":"ListItem","position":2,"name":"L&#8217;existence de la pauvret\u00e9 est un scandale."}]},{"@type":"WebSite","@id":"https:\/\/www.gastonballiot.fr\/#website","url":"https:\/\/www.gastonballiot.fr\/","name":"Le blog politique de Gaston","description":"L&#039;humain d&#039;abord, pas la finance !","publisher":{"@id":"https:\/\/www.gastonballiot.fr\/#\/schema\/person\/244a5e02696abd8a65c5b1bebdb948ca"},"potentialAction":[{"@type":"SearchAction","target":{"@type":"EntryPoint","urlTemplate":"https:\/\/www.gastonballiot.fr\/?s={search_term_string}"},"query-input":{"@type":"PropertyValueSpecification","valueRequired":true,"valueName":"search_term_string"}}],"inLanguage":"fr-FR"},{"@type":["Person","Organization"],"@id":"https:\/\/www.gastonballiot.fr\/#\/schema\/person\/244a5e02696abd8a65c5b1bebdb948ca","name":"gb","image":{"@type":"ImageObject","inLanguage":"fr-FR","@id":"https:\/\/i0.wp.com\/www.gastonballiot.fr\/wp-content\/uploads\/2017\/04\/cropped-Marianne-drapeau-rouge.gif?fit=512%2C512&ssl=1","url":"https:\/\/i0.wp.com\/www.gastonballiot.fr\/wp-content\/uploads\/2017\/04\/cropped-Marianne-drapeau-rouge.gif?fit=512%2C512&ssl=1","contentUrl":"https:\/\/i0.wp.com\/www.gastonballiot.fr\/wp-content\/uploads\/2017\/04\/cropped-Marianne-drapeau-rouge.gif?fit=512%2C512&ssl=1","width":512,"height":512,"caption":"gb"},"logo":{"@id":"https:\/\/i0.wp.com\/www.gastonballiot.fr\/wp-content\/uploads\/2017\/04\/cropped-Marianne-drapeau-rouge.gif?fit=512%2C512&ssl=1"},"description":"Gaston Balliot, militant du Front de Gauche en pays bigouden - Pont L'Abb\u00e9 - Loctudy - Guilvinec - Penmarc'h - Ile Tudy - Combrit Ste Marine - Tr\u00e9meoc - Plon\u00e9our, p\u00eache tourisme","sameAs":["https:\/\/www.facebook.com\/gaston.balliot\/"]}]}},"jetpack_featured_media_url":"","jetpack_shortlink":"https:\/\/wp.me\/p5UTaD-2tx","jetpack-related-posts":[],"jetpack_likes_enabled":true,"jetpack_sharing_enabled":true,"_links":{"self":[{"href":"https:\/\/www.gastonballiot.fr\/index.php?rest_route=\/wp\/v2\/posts\/9519","targetHints":{"allow":["GET"]}}],"collection":[{"href":"https:\/\/www.gastonballiot.fr\/index.php?rest_route=\/wp\/v2\/posts"}],"about":[{"href":"https:\/\/www.gastonballiot.fr\/index.php?rest_route=\/wp\/v2\/types\/post"}],"author":[{"embeddable":true,"href":"https:\/\/www.gastonballiot.fr\/index.php?rest_route=\/wp\/v2\/users\/1"}],"replies":[{"embeddable":true,"href":"https:\/\/www.gastonballiot.fr\/index.php?rest_route=%2Fwp%2Fv2%2Fcomments&post=9519"}],"version-history":[{"count":0,"href":"https:\/\/www.gastonballiot.fr\/index.php?rest_route=\/wp\/v2\/posts\/9519\/revisions"}],"wp:attachment":[{"href":"https:\/\/www.gastonballiot.fr\/index.php?rest_route=%2Fwp%2Fv2%2Fmedia&parent=9519"}],"wp:term":[{"taxonomy":"category","embeddable":true,"href":"https:\/\/www.gastonballiot.fr\/index.php?rest_route=%2Fwp%2Fv2%2Fcategories&post=9519"},{"taxonomy":"post_tag","embeddable":true,"href":"https:\/\/www.gastonballiot.fr\/index.php?rest_route=%2Fwp%2Fv2%2Ftags&post=9519"}],"curies":[{"name":"wp","href":"https:\/\/api.w.org\/{rel}","templated":true}]}}