{"id":9691,"date":"2021-12-11T10:05:32","date_gmt":"2021-12-11T09:05:32","guid":{"rendered":"https:\/\/www.gastonballiot.fr\/?p=9691"},"modified":"2021-12-11T10:36:06","modified_gmt":"2021-12-11T09:36:06","slug":"une-primaire-a-gauche-entre-des-personnages-ou-entre-des-programmes","status":"publish","type":"post","link":"https:\/\/www.gastonballiot.fr\/?p=9691","title":{"rendered":"Une primaire \u00e0 gauche\u00a0? Entre des personnages ou entre des programmes\u00a0?"},"content":{"rendered":"<p>Les sociaux d\u00e9mocrates Hidalgo et Montebourg, en difficult\u00e9 dans les sondages, proposent une \u00ab\u00a0primaire \u00e0 gauche\u00a0\u00bb pour la pr\u00e9sidentielle. Est ce bien s\u00e9rieux&nbsp;?<\/p>\n<p>On choisirait donc une personne cens\u00e9e repr\u00e9senter \u00ab\u00a0<strong>la<\/strong>\u00a0\u00bb gauche au sein \u00e0 la fois de la gauche d\u2019accompagnement du lib\u00e9ralisme et de la gauche qui combat ce lib\u00e9ralisme, donc pour appliquer quel programme&nbsp;?<\/p>\n<p>Il y a des le\u00e7ons \u00e0 tirer du pass\u00e9 r\u00e9cent&nbsp;:<\/p>\n<ul>\n<li>qui est responsable du d\u00e9couragement des gens de gauche (\u00ab\u00a0la gauche la droite c\u2019est pareil, on n\u2019y croit plus\u00a0\u00bb) sinon ceux qui se sont pr\u00e9tendus de gauche et ont fait une politique de droite&nbsp;? Le quinquennat Hollande en a \u00e9t\u00e9 h\u00e9las une preuve \u00e9clatante. <strong>Alors on recommence, et plus personne ne croira \u00e0 la gauche, ou on dit stop..<\/strong><\/li>\n<li>quant \u00e0 la loyaut\u00e9 lors d\u2019une primaire, souvenons nous comment le PS a l\u00e2ch\u00e9 en 2017 celui qui avait gagn\u00e9 la primaire de ce parti car il ne correspondait pas au r\u00e9sultat attendu par les organisateurs.<\/li>\n<\/ul>\n<p>Anne Hidalgo est \u00e9difiante \u00e0 ce sujet&nbsp;:<br \/>\n<em>\u00abIl faut \u00eatre honn\u00eate, je ne voterai ni pour M\u00e9lenchon, ni pour Jadot \u00e0 l\u2019\u00e9lection pr\u00e9sidentielle, ni l\u2019un ni l\u2019autre. Donc participer \u00e0 une primaire dont potentiellement je n\u2019accompagnerai pas les candidats qui pourraient \u00eatre qualifi\u00e9s ne serait pas honn\u00eate\u2026\u00bb<br \/>\n<\/em>.L&rsquo;honn\u00eatet\u00e9 a-t-elle une date de p\u00e9remption ?<br \/>\nHuit jours plus tard, au JT de TF1, Anne Hidalgo propose une primaire \u00ab\u00a0<em>dont elle n&rsquo;accompagnerai pas les candidats qui pourraient \u00eatre qualifi\u00e9s\u00a0\u00bb.<\/em><\/p>\n<p>Pour le communiste Fabien Roussel,\u00a0\u00bb<em>Ce n&rsquo;est pas la personne qu&rsquo;il faut trouver, mais un programme sur lequel nous nous unissons. Si la gauche va mal, c&rsquo;est parce que les socialistes au pouvoir ont tourn\u00e9 le dos au peuple\u00a0\u00bb<\/em>.<br \/>\nIl dit \u00e9galement : le probl\u00e8me n\u2019est pas tant que la gauche est divis\u00e9e, mais qu\u2019elle soit <em>\u00ab\u00a0en capacit\u00e9 de se rassembler sur un programme ambitieux pour la France, en rupture avec ce mod\u00e8le \u00e9conomique, sachant r\u00e9pondre autant aux urgences sociales qu\u2019aux urgences climatiques\u00a0\u00bb<\/em><\/p>\n<p><strong>Le choix est l\u00e0<\/strong> : une gauche de gestion du capitalisme ou une gauche de rupture s\u2019attaquant aux sources des in\u00e9galit\u00e9s sociales et \u00e0 une scandaleuse non-r\u00e9partition des richesses.<\/p>\n","protected":false},"excerpt":{"rendered":"<p>Les sociaux d\u00e9mocrates Hidalgo et Montebourg, en difficult\u00e9 dans les sondages, proposent une \u00ab\u00a0primaire \u00e0 gauche\u00a0\u00bb pour la pr\u00e9sidentielle. Est ce bien s\u00e9rieux&nbsp;? On choisirait donc une personne cens\u00e9e repr\u00e9senter \u00ab\u00a0la\u00a0\u00bb gauche au sein \u00e0 la fois de la gauche d\u2019accompagnement du lib\u00e9ralisme et de la gauche qui combat ce lib\u00e9ralisme, donc pour appliquer quel programme&nbsp;? Il y a des le\u00e7ons \u00e0 tirer du pass\u00e9 r\u00e9cent&nbsp;: qui est responsable du d\u00e9couragement des gens de gauche (\u00ab\u00a0la gauche la droite c\u2019est pareil, &#8230; <a title=\"Une primaire \u00e0 gauche\u00a0? Entre des personnages ou entre des programmes\u00a0?\" class=\"read-more\" href=\"https:\/\/www.gastonballiot.fr\/?p=9691\" aria-label=\"Plus sur Une primaire \u00e0 gauche\u00a0? Entre des personnages ou entre des programmes\u00a0?\">Lire la suite&#8230;<\/a><\/p>\n","protected":false},"author":1,"featured_media":0,"comment_status":"open","ping_status":"closed","sticky":false,"template":"","format":"standard","meta":{"ngg_post_thumbnail":0,"jetpack_post_was_ever_published":false,"_jetpack_newsletter_access":"","_jetpack_dont_email_post_to_subs":false,"_jetpack_newsletter_tier_id":0,"_jetpack_memberships_contains_paywalled_content":false,"_jetpack_memberships_contains_paid_content":false,"footnotes":"","jetpack_publicize_message":"","jetpack_publicize_feature_enabled":true,"jetpack_social_post_already_shared":true,"jetpack_social_options":{"image_generator_settings":{"template":"highway","enabled":false},"version":2}},"categories":[2,5,6,16],"tags":[502,67,280],"class_list":["post-9691","post","type-post","status-publish","format-standard","hentry","category-a-la-une","category-democratie","category-economie","category-social","tag-502","tag-gauche","tag-presidentielle","infinite-scroll-item","masonry-post","generate-columns","tablet-grid-50","mobile-grid-100","grid-parent","grid-33"],"jetpack_publicize_connections":[],"yoast_head":"<!-- This site is optimized with the Yoast SEO plugin v27.5 - https:\/\/yoast.com\/product\/yoast-seo-wordpress\/ -->\n<title>Une primaire \u00e0 gauche\u00a0? Entre des personnages ou entre des programmes\u00a0? - Le blog politique de Gaston<\/title>\n<meta name=\"robots\" content=\"index, follow, max-snippet:-1, max-image-preview:large, max-video-preview:-1\" \/>\n<link rel=\"canonical\" href=\"https:\/\/www.gastonballiot.fr\/?p=9691\" \/>\n<meta property=\"og:locale\" content=\"fr_FR\" \/>\n<meta property=\"og:type\" content=\"article\" \/>\n<meta property=\"og:title\" content=\"Une primaire \u00e0 gauche\u00a0? Entre des personnages ou entre des programmes\u00a0? - Le blog politique de Gaston\" \/>\n<meta property=\"og:description\" content=\"Les sociaux d\u00e9mocrates Hidalgo et Montebourg, en difficult\u00e9 dans les sondages, proposent une \u00ab\u00a0primaire \u00e0 gauche\u00a0\u00bb pour la pr\u00e9sidentielle. Est ce bien s\u00e9rieux&nbsp;? On choisirait donc une personne cens\u00e9e repr\u00e9senter \u00ab\u00a0la\u00a0\u00bb gauche au sein \u00e0 la fois de la gauche d\u2019accompagnement du lib\u00e9ralisme et de la gauche qui combat ce lib\u00e9ralisme, donc pour appliquer quel programme&nbsp;? Il y a des le\u00e7ons \u00e0 tirer du pass\u00e9 r\u00e9cent&nbsp;: qui est responsable du d\u00e9couragement des gens de gauche (\u00ab\u00a0la gauche la droite c\u2019est pareil, ... Lire la suite...\" \/>\n<meta property=\"og:url\" content=\"https:\/\/www.gastonballiot.fr\/?p=9691\" \/>\n<meta property=\"og:site_name\" content=\"Le blog politique de Gaston\" \/>\n<meta property=\"article:publisher\" content=\"https:\/\/www.facebook.com\/gaston.balliot\/\" \/>\n<meta property=\"article:author\" content=\"https:\/\/www.facebook.com\/gaston.balliot\/\" \/>\n<meta property=\"article:published_time\" content=\"2021-12-11T09:05:32+00:00\" \/>\n<meta property=\"article:modified_time\" content=\"2021-12-11T09:36:06+00:00\" \/>\n<meta name=\"author\" content=\"gb\" \/>\n<meta name=\"twitter:card\" content=\"summary_large_image\" \/>\n<meta name=\"twitter:label1\" content=\"\u00c9crit par\" \/>\n\t<meta name=\"twitter:data1\" content=\"gb\" \/>\n\t<meta name=\"twitter:label2\" content=\"Dur\u00e9e de lecture estim\u00e9e\" \/>\n\t<meta name=\"twitter:data2\" content=\"2 minutes\" \/>\n<script type=\"application\/ld+json\" class=\"yoast-schema-graph\">{\"@context\":\"https:\\\/\\\/schema.org\",\"@graph\":[{\"@type\":\"Article\",\"@id\":\"https:\\\/\\\/www.gastonballiot.fr\\\/?p=9691#article\",\"isPartOf\":{\"@id\":\"https:\\\/\\\/www.gastonballiot.fr\\\/?p=9691\"},\"author\":{\"name\":\"gb\",\"@id\":\"https:\\\/\\\/www.gastonballiot.fr\\\/#\\\/schema\\\/person\\\/244a5e02696abd8a65c5b1bebdb948ca\"},\"headline\":\"Une primaire \u00e0 gauche\u00a0? Entre des personnages ou entre des programmes\u00a0?\",\"datePublished\":\"2021-12-11T09:05:32+00:00\",\"dateModified\":\"2021-12-11T09:36:06+00:00\",\"mainEntityOfPage\":{\"@id\":\"https:\\\/\\\/www.gastonballiot.fr\\\/?p=9691\"},\"wordCount\":398,\"commentCount\":0,\"publisher\":{\"@id\":\"https:\\\/\\\/www.gastonballiot.fr\\\/#\\\/schema\\\/person\\\/244a5e02696abd8a65c5b1bebdb948ca\"},\"keywords\":[\"2022\",\"gauche\",\"pr\u00e9sidentielle\"],\"articleSection\":[\"A la une\",\"D\u00e9mocratie\",\"Economie\",\"Social\"],\"inLanguage\":\"fr-FR\",\"potentialAction\":[{\"@type\":\"CommentAction\",\"name\":\"Comment\",\"target\":[\"https:\\\/\\\/www.gastonballiot.fr\\\/?p=9691#respond\"]}]},{\"@type\":\"WebPage\",\"@id\":\"https:\\\/\\\/www.gastonballiot.fr\\\/?p=9691\",\"url\":\"https:\\\/\\\/www.gastonballiot.fr\\\/?p=9691\",\"name\":\"Une primaire \u00e0 gauche\u00a0? Entre des personnages ou entre des programmes\u00a0? - Le blog politique de Gaston\",\"isPartOf\":{\"@id\":\"https:\\\/\\\/www.gastonballiot.fr\\\/#website\"},\"datePublished\":\"2021-12-11T09:05:32+00:00\",\"dateModified\":\"2021-12-11T09:36:06+00:00\",\"breadcrumb\":{\"@id\":\"https:\\\/\\\/www.gastonballiot.fr\\\/?p=9691#breadcrumb\"},\"inLanguage\":\"fr-FR\",\"potentialAction\":[{\"@type\":\"ReadAction\",\"target\":[\"https:\\\/\\\/www.gastonballiot.fr\\\/?p=9691\"]}]},{\"@type\":\"BreadcrumbList\",\"@id\":\"https:\\\/\\\/www.gastonballiot.fr\\\/?p=9691#breadcrumb\",\"itemListElement\":[{\"@type\":\"ListItem\",\"position\":1,\"name\":\"Accueil\",\"item\":\"https:\\\/\\\/www.gastonballiot.fr\\\/\"},{\"@type\":\"ListItem\",\"position\":2,\"name\":\"Une primaire \u00e0 gauche\u00a0? Entre des personnages ou entre des programmes\u00a0?\"}]},{\"@type\":\"WebSite\",\"@id\":\"https:\\\/\\\/www.gastonballiot.fr\\\/#website\",\"url\":\"https:\\\/\\\/www.gastonballiot.fr\\\/\",\"name\":\"Le blog politique de Gaston\",\"description\":\"L&#039;humain d&#039;abord, pas la finance !\",\"publisher\":{\"@id\":\"https:\\\/\\\/www.gastonballiot.fr\\\/#\\\/schema\\\/person\\\/244a5e02696abd8a65c5b1bebdb948ca\"},\"potentialAction\":[{\"@type\":\"SearchAction\",\"target\":{\"@type\":\"EntryPoint\",\"urlTemplate\":\"https:\\\/\\\/www.gastonballiot.fr\\\/?s={search_term_string}\"},\"query-input\":{\"@type\":\"PropertyValueSpecification\",\"valueRequired\":true,\"valueName\":\"search_term_string\"}}],\"inLanguage\":\"fr-FR\"},{\"@type\":[\"Person\",\"Organization\"],\"@id\":\"https:\\\/\\\/www.gastonballiot.fr\\\/#\\\/schema\\\/person\\\/244a5e02696abd8a65c5b1bebdb948ca\",\"name\":\"gb\",\"image\":{\"@type\":\"ImageObject\",\"inLanguage\":\"fr-FR\",\"@id\":\"https:\\\/\\\/i0.wp.com\\\/www.gastonballiot.fr\\\/wp-content\\\/uploads\\\/2017\\\/04\\\/cropped-Marianne-drapeau-rouge.gif?fit=512%2C512&ssl=1\",\"url\":\"https:\\\/\\\/i0.wp.com\\\/www.gastonballiot.fr\\\/wp-content\\\/uploads\\\/2017\\\/04\\\/cropped-Marianne-drapeau-rouge.gif?fit=512%2C512&ssl=1\",\"contentUrl\":\"https:\\\/\\\/i0.wp.com\\\/www.gastonballiot.fr\\\/wp-content\\\/uploads\\\/2017\\\/04\\\/cropped-Marianne-drapeau-rouge.gif?fit=512%2C512&ssl=1\",\"width\":512,\"height\":512,\"caption\":\"gb\"},\"logo\":{\"@id\":\"https:\\\/\\\/i0.wp.com\\\/www.gastonballiot.fr\\\/wp-content\\\/uploads\\\/2017\\\/04\\\/cropped-Marianne-drapeau-rouge.gif?fit=512%2C512&ssl=1\"},\"description\":\"Gaston Balliot, militant du Front de Gauche en pays bigouden - Pont L'Abb\u00e9 - Loctudy - Guilvinec - Penmarc'h - Ile Tudy - Combrit Ste Marine - Tr\u00e9meoc - Plon\u00e9our, p\u00eache tourisme\",\"sameAs\":[\"https:\\\/\\\/www.facebook.com\\\/gaston.balliot\\\/\"]}]}<\/script>\n<!-- \/ Yoast SEO plugin. -->","yoast_head_json":{"title":"Une primaire \u00e0 gauche\u00a0? Entre des personnages ou entre des programmes\u00a0? - Le blog politique de Gaston","robots":{"index":"index","follow":"follow","max-snippet":"max-snippet:-1","max-image-preview":"max-image-preview:large","max-video-preview":"max-video-preview:-1"},"canonical":"https:\/\/www.gastonballiot.fr\/?p=9691","og_locale":"fr_FR","og_type":"article","og_title":"Une primaire \u00e0 gauche\u00a0? Entre des personnages ou entre des programmes\u00a0? - Le blog politique de Gaston","og_description":"Les sociaux d\u00e9mocrates Hidalgo et Montebourg, en difficult\u00e9 dans les sondages, proposent une \u00ab\u00a0primaire \u00e0 gauche\u00a0\u00bb pour la pr\u00e9sidentielle. Est ce bien s\u00e9rieux&nbsp;? On choisirait donc une personne cens\u00e9e repr\u00e9senter \u00ab\u00a0la\u00a0\u00bb gauche au sein \u00e0 la fois de la gauche d\u2019accompagnement du lib\u00e9ralisme et de la gauche qui combat ce lib\u00e9ralisme, donc pour appliquer quel programme&nbsp;? Il y a des le\u00e7ons \u00e0 tirer du pass\u00e9 r\u00e9cent&nbsp;: qui est responsable du d\u00e9couragement des gens de gauche (\u00ab\u00a0la gauche la droite c\u2019est pareil, ... Lire la suite...","og_url":"https:\/\/www.gastonballiot.fr\/?p=9691","og_site_name":"Le blog politique de Gaston","article_publisher":"https:\/\/www.facebook.com\/gaston.balliot\/","article_author":"https:\/\/www.facebook.com\/gaston.balliot\/","article_published_time":"2021-12-11T09:05:32+00:00","article_modified_time":"2021-12-11T09:36:06+00:00","author":"gb","twitter_card":"summary_large_image","twitter_misc":{"\u00c9crit par":"gb","Dur\u00e9e de lecture estim\u00e9e":"2 minutes"},"schema":{"@context":"https:\/\/schema.org","@graph":[{"@type":"Article","@id":"https:\/\/www.gastonballiot.fr\/?p=9691#article","isPartOf":{"@id":"https:\/\/www.gastonballiot.fr\/?p=9691"},"author":{"name":"gb","@id":"https:\/\/www.gastonballiot.fr\/#\/schema\/person\/244a5e02696abd8a65c5b1bebdb948ca"},"headline":"Une primaire \u00e0 gauche\u00a0? Entre des personnages ou entre des programmes\u00a0?","datePublished":"2021-12-11T09:05:32+00:00","dateModified":"2021-12-11T09:36:06+00:00","mainEntityOfPage":{"@id":"https:\/\/www.gastonballiot.fr\/?p=9691"},"wordCount":398,"commentCount":0,"publisher":{"@id":"https:\/\/www.gastonballiot.fr\/#\/schema\/person\/244a5e02696abd8a65c5b1bebdb948ca"},"keywords":["2022","gauche","pr\u00e9sidentielle"],"articleSection":["A la une","D\u00e9mocratie","Economie","Social"],"inLanguage":"fr-FR","potentialAction":[{"@type":"CommentAction","name":"Comment","target":["https:\/\/www.gastonballiot.fr\/?p=9691#respond"]}]},{"@type":"WebPage","@id":"https:\/\/www.gastonballiot.fr\/?p=9691","url":"https:\/\/www.gastonballiot.fr\/?p=9691","name":"Une primaire \u00e0 gauche\u00a0? Entre des personnages ou entre des programmes\u00a0? - Le blog politique de Gaston","isPartOf":{"@id":"https:\/\/www.gastonballiot.fr\/#website"},"datePublished":"2021-12-11T09:05:32+00:00","dateModified":"2021-12-11T09:36:06+00:00","breadcrumb":{"@id":"https:\/\/www.gastonballiot.fr\/?p=9691#breadcrumb"},"inLanguage":"fr-FR","potentialAction":[{"@type":"ReadAction","target":["https:\/\/www.gastonballiot.fr\/?p=9691"]}]},{"@type":"BreadcrumbList","@id":"https:\/\/www.gastonballiot.fr\/?p=9691#breadcrumb","itemListElement":[{"@type":"ListItem","position":1,"name":"Accueil","item":"https:\/\/www.gastonballiot.fr\/"},{"@type":"ListItem","position":2,"name":"Une primaire \u00e0 gauche\u00a0? Entre des personnages ou entre des programmes\u00a0?"}]},{"@type":"WebSite","@id":"https:\/\/www.gastonballiot.fr\/#website","url":"https:\/\/www.gastonballiot.fr\/","name":"Le blog politique de Gaston","description":"L&#039;humain d&#039;abord, pas la finance !","publisher":{"@id":"https:\/\/www.gastonballiot.fr\/#\/schema\/person\/244a5e02696abd8a65c5b1bebdb948ca"},"potentialAction":[{"@type":"SearchAction","target":{"@type":"EntryPoint","urlTemplate":"https:\/\/www.gastonballiot.fr\/?s={search_term_string}"},"query-input":{"@type":"PropertyValueSpecification","valueRequired":true,"valueName":"search_term_string"}}],"inLanguage":"fr-FR"},{"@type":["Person","Organization"],"@id":"https:\/\/www.gastonballiot.fr\/#\/schema\/person\/244a5e02696abd8a65c5b1bebdb948ca","name":"gb","image":{"@type":"ImageObject","inLanguage":"fr-FR","@id":"https:\/\/i0.wp.com\/www.gastonballiot.fr\/wp-content\/uploads\/2017\/04\/cropped-Marianne-drapeau-rouge.gif?fit=512%2C512&ssl=1","url":"https:\/\/i0.wp.com\/www.gastonballiot.fr\/wp-content\/uploads\/2017\/04\/cropped-Marianne-drapeau-rouge.gif?fit=512%2C512&ssl=1","contentUrl":"https:\/\/i0.wp.com\/www.gastonballiot.fr\/wp-content\/uploads\/2017\/04\/cropped-Marianne-drapeau-rouge.gif?fit=512%2C512&ssl=1","width":512,"height":512,"caption":"gb"},"logo":{"@id":"https:\/\/i0.wp.com\/www.gastonballiot.fr\/wp-content\/uploads\/2017\/04\/cropped-Marianne-drapeau-rouge.gif?fit=512%2C512&ssl=1"},"description":"Gaston Balliot, militant du Front de Gauche en pays bigouden - Pont L'Abb\u00e9 - Loctudy - Guilvinec - Penmarc'h - Ile Tudy - Combrit Ste Marine - Tr\u00e9meoc - Plon\u00e9our, p\u00eache tourisme","sameAs":["https:\/\/www.facebook.com\/gaston.balliot\/"]}]}},"jetpack_featured_media_url":"","jetpack_shortlink":"https:\/\/wp.me\/p5UTaD-2wj","jetpack-related-posts":[],"jetpack_likes_enabled":true,"jetpack_sharing_enabled":true,"_links":{"self":[{"href":"https:\/\/www.gastonballiot.fr\/index.php?rest_route=\/wp\/v2\/posts\/9691","targetHints":{"allow":["GET"]}}],"collection":[{"href":"https:\/\/www.gastonballiot.fr\/index.php?rest_route=\/wp\/v2\/posts"}],"about":[{"href":"https:\/\/www.gastonballiot.fr\/index.php?rest_route=\/wp\/v2\/types\/post"}],"author":[{"embeddable":true,"href":"https:\/\/www.gastonballiot.fr\/index.php?rest_route=\/wp\/v2\/users\/1"}],"replies":[{"embeddable":true,"href":"https:\/\/www.gastonballiot.fr\/index.php?rest_route=%2Fwp%2Fv2%2Fcomments&post=9691"}],"version-history":[{"count":0,"href":"https:\/\/www.gastonballiot.fr\/index.php?rest_route=\/wp\/v2\/posts\/9691\/revisions"}],"wp:attachment":[{"href":"https:\/\/www.gastonballiot.fr\/index.php?rest_route=%2Fwp%2Fv2%2Fmedia&parent=9691"}],"wp:term":[{"taxonomy":"category","embeddable":true,"href":"https:\/\/www.gastonballiot.fr\/index.php?rest_route=%2Fwp%2Fv2%2Fcategories&post=9691"},{"taxonomy":"post_tag","embeddable":true,"href":"https:\/\/www.gastonballiot.fr\/index.php?rest_route=%2Fwp%2Fv2%2Ftags&post=9691"}],"curies":[{"name":"wp","href":"https:\/\/api.w.org\/{rel}","templated":true}]}}